{"id":74367,"date":"2024-01-22T22:02:53","date_gmt":"2024-01-23T02:02:53","guid":{"rendered":"https:\/\/lasprimeras.com.do\/?p=74367"},"modified":"2024-01-22T22:02:54","modified_gmt":"2024-01-23T02:02:54","slug":"periodista-observa-escasa-publicidad-del-candidato-presidencial-pld","status":"publish","type":"post","link":"https:\/\/lasprimeras.com.do\/index.php\/2024\/01\/22\/periodista-observa-escasa-publicidad-del-candidato-presidencial-pld\/","title":{"rendered":"Per\u00edodista observa escasa publicidad del candidato presidencial PLD"},"content":{"rendered":"\n<p>Por Vicente Balbuena<\/p>\n\n\n\n<p>New Jersey.- El destacado y reconocido periodista Miguel Gonell Jackson, observ\u00f3 una escasa difusi\u00f3n publicitaria, en torno a la figura del candidato presidencial, Abel Mart\u00ednez del Partido de la Liberaci\u00f3n Dominicana, PLD, y organizaciones pol\u00edticas de oposici\u00f3n aliadas.<\/p>\n\n\n\n<p>Apreci\u00f3, que siendo la Circunscripci\u00f3n n\u00famero uno, un basti\u00f3n poblacional electoral de dominicanos, la publicidad de Mart\u00ednez, es pr\u00e1cticamente nula en bodegas, mini market, s\u00faper market, restaurantes, ferreter\u00edas y otros propiedades de criollos.<\/p>\n\n\n\n<p>Estim\u00f3 urgente hacer las inversiones necesarias en los medios de comunicaci\u00f3n, a fin de dar a conocer las importante propuestas que tiene en su carpeta de agenda el potente candidato presidencial del segundo partido mayoritario de oposici\u00f3n de Rep\u00fablica Dominicana.<\/p>\n\n\n\n<p>El veterano profesional de la comunicaci\u00f3n social, con m\u00e1s de cinco d\u00e9cadas residiendo en Estados Unidos, puso c\u00f3mo ejemplo la ciudad de Paterson, poblada mayormente por dominicanos, d\u00f3nde los afiches de Mart\u00ednez brillan por su ausencia.<\/p>\n\n\n\n<p>Cuestiono la dejadez que muestran dirigentes del PLD para asumir el compromiso de posesionar a Mart\u00ednez en una buena posici\u00f3n electoral a pocos meses de las elecciones del pr\u00f3ximo 19 de mayo del a\u00f1o en curso.<\/p>\n\n\n\n<p>Reconoci\u00f3 que dentro del PLD hay muchas ex autoridades y funcionarios, que lograron fortunas econ\u00f3micas, &#8220;y que a pesar que dicen ser peledeistas no quieren gastar en la publicidad y difusi\u00f3n de su candidato presidencial para provocar su real crecimiento&#8221;.<\/p>\n\n\n\n<p>Precis\u00f3, qu\u00e9 Abel Mart\u00ednez ha sido uno de los pol\u00edticos m\u00e1s exitoso en su carrera, desempe\u00f1ando con transparencia y honestidad los diferentes cargos que ha ocupado en la administraci\u00f3n p\u00fablica.<\/p>\n\n\n\n<p>Calific\u00f3 de mal gusto el p\u00e9simo trabajo de promoci\u00f3n de su candidatura para los comicios venideros, por lo que advirti\u00f3 que los resultados de \u00e9ste son responsabilidad \u00fanica y exclusivamente de sus dirigentes.<\/p>\n","protected":false},"excerpt":{"rendered":"<p>Por Vicente Balbuena New Jersey.- El destacado y reconocido periodista Miguel Gonell Jackson, observ\u00f3 una escasa difusi\u00f3n publicitaria, en torno a la figura del candidato presidencial, Abel Mart\u00ednez del Partido&hellip;<\/p>\n","protected":false},"author":2,"featured_media":74368,"comment_status":"open","ping_status":"open","sticky":false,"template":"","format":"standard","meta":{"content-type":"","jetpack_post_was_ever_published":false,"_jetpack_newsletter_access":"","_jetpack_dont_email_post_to_subs":false,"_jetpack_newsletter_tier_id":0,"_jetpack_memberships_contains_paywalled_content":false,"_jetpack_memberships_contains_paid_content":false,"footnotes":""},"categories":[1],"tags":[1526,11193,11192,269,2588,1460],"class_list":["post-74367","post","type-post","status-publish","format-standard","has-post-thumbnail","hentry","category-sin-categoria","tag-candidato","tag-escasa","tag-periodista-2","tag-pld","tag-presidencial","tag-publicidad"],"jetpack_featured_media_url":"https:\/\/lasprimeras.com.do\/wp-content\/uploads\/2024\/01\/Miguel-A.-Gonell-Jackson.jpg","jetpack-related-posts":[{"id":104762,"url":"https:\/\/lasprimeras.com.do\/index.php\/2025\/07\/27\/abel-martinez-dice-sera-proclamado-candidato-presidencial-en-2027\/","url_meta":{"origin":74367,"position":0},"title":"Abel Mart\u00ednez dice ser\u00e1 proclamado candidato presidencial en 2027","author":"Nelson Feliz","date":"27 de julio de 2025","format":false,"excerpt":"En un encuentro con l\u00edderes del Partido de la Liberaci\u00f3n Dominicana (PLD), dirigentes comunitarios y ciudadanos comprometidos, Abel Mart\u00ednez reafirm\u00f3 su determinaci\u00f3n de trabajar por un \u00abnuevo comienzo\u00bb para la Rep\u00fablica Dominicana. El exalcalde de Santiago estuvo acompa\u00f1ado por su esposa, la comunicadora Nahiony Reyes. Anunci\u00f3 que en 2027 ser\u00e1\u2026","rel":"","context":"En \u00abPOLITICA\u00bb","block_context":{"text":"POLITICA","link":"https:\/\/lasprimeras.com.do\/index.php\/category\/politica\/"},"img":{"alt_text":"Abel Mart\u00ednez","src":"https:\/\/i0.wp.com\/lasprimeras.com.do\/wp-content\/uploads\/2024\/05\/Abel-Martinez-4.jpg?resize=350%2C200&ssl=1","width":350,"height":200,"srcset":"https:\/\/i0.wp.com\/lasprimeras.com.do\/wp-content\/uploads\/2024\/05\/Abel-Martinez-4.jpg?resize=350%2C200&ssl=1 1x, https:\/\/i0.wp.com\/lasprimeras.com.do\/wp-content\/uploads\/2024\/05\/Abel-Martinez-4.jpg?resize=525%2C300&ssl=1 1.5x, https:\/\/i0.wp.com\/lasprimeras.com.do\/wp-content\/uploads\/2024\/05\/Abel-Martinez-4.jpg?resize=700%2C400&ssl=1 2x"},"classes":[]},{"id":113297,"url":"https:\/\/lasprimeras.com.do\/index.php\/2025\/10\/31\/comision-del-pld-se-reune-con-abel-martinez\/","url_meta":{"origin":74367,"position":1},"title":"Comision del PLD se reune con Abel Martinez","author":"Nelson Feliz","date":"31 de octubre de 2025","format":false,"excerpt":"La Comisi\u00f3n del PLD conformada para trabajar el Protocolo de Aspirantes Presidenciales se re\u00fane con Abel Mart\u00ednez. La comisi\u00f3n encargada de trabajar el Protocolo de Aspirantes Presidenciales del Partido de la Liberaci\u00f3n Dominicana (PLD) sostuvo un encuentro con Abel Mart\u00ednez, pasado candidato presidencial pelede\u00edsta en el que se intercambiaron ideas\u2026","rel":"","context":"En \u00abPOLITICA\u00bb","block_context":{"text":"POLITICA","link":"https:\/\/lasprimeras.com.do\/index.php\/category\/politica\/"},"img":{"alt_text":"","src":"https:\/\/i0.wp.com\/lasprimeras.com.do\/wp-content\/uploads\/2025\/10\/COMISION-CON-ABEL-2.jpg?resize=350%2C200&ssl=1","width":350,"height":200,"srcset":"https:\/\/i0.wp.com\/lasprimeras.com.do\/wp-content\/uploads\/2025\/10\/COMISION-CON-ABEL-2.jpg?resize=350%2C200&ssl=1 1x, https:\/\/i0.wp.com\/lasprimeras.com.do\/wp-content\/uploads\/2025\/10\/COMISION-CON-ABEL-2.jpg?resize=525%2C300&ssl=1 1.5x, https:\/\/i0.wp.com\/lasprimeras.com.do\/wp-content\/uploads\/2025\/10\/COMISION-CON-ABEL-2.jpg?resize=700%2C400&ssl=1 2x"},"classes":[]},{"id":83432,"url":"https:\/\/lasprimeras.com.do\/index.php\/2024\/05\/16\/reuniones-del-pld-con-observadores-electorales-internacionales\/","url_meta":{"origin":74367,"position":2},"title":"Reuniones del PLD con Observadores Electorales Internacionales","author":"Nelson Feliz","date":"16 de mayo de 2024","format":false,"excerpt":"Respaldo y disposici\u00f3n de colaboraci\u00f3n con las diferentes misiones de observaci\u00f3n electoral. El ex vicepresidente de la Rep\u00fablica, Jaime David Fern\u00e1ndez Mirabal, en su calidad de titular de la Secretar\u00eda de Relaciones Internacionales del Partido de la Liberaci\u00f3n Dominicana (PLD), confirm\u00f3 que la direcci\u00f3n de esa organizaci\u00f3n, as\u00ed como el\u2026","rel":"","context":"En \u00abPORTADA\u00bb","block_context":{"text":"PORTADA","link":"https:\/\/lasprimeras.com.do\/index.php\/category\/portada\/"},"img":{"alt_text":"Jaime David Fern\u00e1ndez Mirabal","src":"https:\/\/i0.wp.com\/lasprimeras.com.do\/wp-content\/uploads\/2024\/05\/Jaime-David-Fernandez-Mirabal.jpg?resize=350%2C200&ssl=1","width":350,"height":200,"srcset":"https:\/\/i0.wp.com\/lasprimeras.com.do\/wp-content\/uploads\/2024\/05\/Jaime-David-Fernandez-Mirabal.jpg?resize=350%2C200&ssl=1 1x, https:\/\/i0.wp.com\/lasprimeras.com.do\/wp-content\/uploads\/2024\/05\/Jaime-David-Fernandez-Mirabal.jpg?resize=525%2C300&ssl=1 1.5x"},"classes":[]},{"id":53299,"url":"https:\/\/lasprimeras.com.do\/index.php\/2023\/06\/25\/abel-martinez-liberaremos-a-republica-dominicana-de-este-mal-gobierno\/","url_meta":{"origin":74367,"position":3},"title":"Abel Mart\u00ednez: \u00abLiberaremos a Rep\u00fablica Dominicana de este mal gobierno\u00bb","author":"Nelson Feliz","date":"25 de junio de 2023","format":false,"excerpt":"El candidato presidencial por el Partido de la Liberaci\u00f3n Dominicana (PLD), Abel Mart\u00ednez, encabez\u00f3 una marcha en Santo Domingo Este junto al candidato a la alcald\u00eda de este municipio, Luis Alberto Tejeda. Desde los balcones, techos, aceras y calles; los vecinos de SDE vociferaban las penurias que a diario viven\u2026","rel":"","context":"En \u00abPORTADA\u00bb","block_context":{"text":"PORTADA","link":"https:\/\/lasprimeras.com.do\/index.php\/category\/portada\/"},"img":{"alt_text":"Abel Mart\u00ednez","src":"https:\/\/i0.wp.com\/lasprimeras.com.do\/wp-content\/uploads\/2023\/06\/Abel-Martinez.jpeg?resize=350%2C200&ssl=1","width":350,"height":200,"srcset":"https:\/\/i0.wp.com\/lasprimeras.com.do\/wp-content\/uploads\/2023\/06\/Abel-Martinez.jpeg?resize=350%2C200&ssl=1 1x, https:\/\/i0.wp.com\/lasprimeras.com.do\/wp-content\/uploads\/2023\/06\/Abel-Martinez.jpeg?resize=525%2C300&ssl=1 1.5x, https:\/\/i0.wp.com\/lasprimeras.com.do\/wp-content\/uploads\/2023\/06\/Abel-Martinez.jpeg?resize=700%2C400&ssl=1 2x, https:\/\/i0.wp.com\/lasprimeras.com.do\/wp-content\/uploads\/2023\/06\/Abel-Martinez.jpeg?resize=1050%2C600&ssl=1 3x"},"classes":[]},{"id":114480,"url":"https:\/\/lasprimeras.com.do\/index.php\/2025\/11\/14\/en-ny-senalan-a-javier-garcia-como-preferido-candidato-presidencial-pld\/","url_meta":{"origin":74367,"position":4},"title":"En NY se\u00f1alan a Javier Garc\u00eda como preferido candidato presidencial PLD","author":"Nelson Feliz","date":"14 de noviembre de 2025","format":false,"excerpt":"Por Ram\u00f3n Mercedes NUEVA YORK.- La mayor\u00eda de los dominicanos residentes en la Gran Manzana prefieren a Francisco Javier Garc\u00eda como el candidato presidencial del PLD para el 2028, seg\u00fan refleja un sondeo realizado los d\u00edas 10, 11 y 12 del presente mes en los condados de El Bronx y\u2026","rel":"","context":"En \u00abPOLITICA\u00bb","block_context":{"text":"POLITICA","link":"https:\/\/lasprimeras.com.do\/index.php\/category\/politica\/"},"img":{"alt_text":"","src":"https:\/\/i0.wp.com\/lasprimeras.com.do\/wp-content\/uploads\/2025\/11\/WhatsApp-Image-2025-11-14-at-8.14.06-AM-2.jpeg?resize=350%2C200&ssl=1","width":350,"height":200},"classes":[]},{"id":113680,"url":"https:\/\/lasprimeras.com.do\/index.php\/2025\/11\/05\/johnny-pujols-el-pld-por-definir-las-aspiraciones-presidenciales\/","url_meta":{"origin":74367,"position":5},"title":"Johnny Pujols: El PLD por definir las aspiraciones presidenciales","author":"Nelson Feliz","date":"5 de noviembre de 2025","format":false,"excerpt":"La Comisi\u00f3n del PLD conformada para trabajar el Protocolo de Aspirantes Presidenciales se re\u00fane con Francisco Dom\u00ednguez Brito. La comisi\u00f3n encargada de trabajar el Protocolo de Aspirantes Presidenciales del Partido de la Liberaci\u00f3n Dominicana (PLD) contin\u00fao este d\u00eda con los encuentros programados con los dirigentes de la organizaci\u00f3n, quienes han\u2026","rel":"","context":"En \u00abPOLITICA\u00bb","block_context":{"text":"POLITICA","link":"https:\/\/lasprimeras.com.do\/index.php\/category\/politica\/"},"img":{"alt_text":"","src":"https:\/\/i0.wp.com\/lasprimeras.com.do\/wp-content\/uploads\/2025\/11\/Comision-del-PLD.jpg?resize=350%2C200&ssl=1","width":350,"height":200,"srcset":"https:\/\/i0.wp.com\/lasprimeras.com.do\/wp-content\/uploads\/2025\/11\/Comision-del-PLD.jpg?resize=350%2C200&ssl=1 1x, https:\/\/i0.wp.com\/lasprimeras.com.do\/wp-content\/uploads\/2025\/11\/Comision-del-PLD.jpg?resize=525%2C300&ssl=1 1.5x, https:\/\/i0.wp.com\/lasprimeras.com.do\/wp-content\/uploads\/2025\/11\/Comision-del-PLD.jpg?resize=700%2C400&ssl=1 2x"},"classes":[]}],"jetpack_sharing_enabled":true,"_links":{"self":[{"href":"https:\/\/lasprimeras.com.do\/index.php\/wp-json\/wp\/v2\/posts\/74367","targetHints":{"allow":["GET"]}}],"collection":[{"href":"https:\/\/lasprimeras.com.do\/index.php\/wp-json\/wp\/v2\/posts"}],"about":[{"href":"https:\/\/lasprimeras.com.do\/index.php\/wp-json\/wp\/v2\/types\/post"}],"author":[{"embeddable":true,"href":"https:\/\/lasprimeras.com.do\/index.php\/wp-json\/wp\/v2\/users\/2"}],"replies":[{"embeddable":true,"href":"https:\/\/lasprimeras.com.do\/index.php\/wp-json\/wp\/v2\/comments?post=74367"}],"version-history":[{"count":1,"href":"https:\/\/lasprimeras.com.do\/index.php\/wp-json\/wp\/v2\/posts\/74367\/revisions"}],"predecessor-version":[{"id":74369,"href":"https:\/\/lasprimeras.com.do\/index.php\/wp-json\/wp\/v2\/posts\/74367\/revisions\/74369"}],"wp:featuredmedia":[{"embeddable":true,"href":"https:\/\/lasprimeras.com.do\/index.php\/wp-json\/wp\/v2\/media\/74368"}],"wp:attachment":[{"href":"https:\/\/lasprimeras.com.do\/index.php\/wp-json\/wp\/v2\/media?parent=74367"}],"wp:term":[{"taxonomy":"category","embeddable":true,"href":"https:\/\/lasprimeras.com.do\/index.php\/wp-json\/wp\/v2\/categories?post=74367"},{"taxonomy":"post_tag","embeddable":true,"href":"https:\/\/lasprimeras.com.do\/index.php\/wp-json\/wp\/v2\/tags?post=74367"}],"curies":[{"name":"wp","href":"https:\/\/api.w.org\/{rel}","templated":true}]}}