{"id":74370,"date":"2024-01-22T22:18:19","date_gmt":"2024-01-23T02:18:19","guid":{"rendered":"https:\/\/lasprimeras.com.do\/?p=74370"},"modified":"2024-01-22T22:18:20","modified_gmt":"2024-01-23T02:18:20","slug":"juramentan-direccion-sector-externo-de-new-jersey-con-abinader","status":"publish","type":"post","link":"https:\/\/lasprimeras.com.do\/index.php\/2024\/01\/22\/juramentan-direccion-sector-externo-de-new-jersey-con-abinader\/","title":{"rendered":"Juramentan direcci\u00f3n sector externo de New Jersey con Abinader"},"content":{"rendered":"\n<p>Por Vicente Balbuena<\/p>\n\n\n\n<p>Paterson, New Jersey.- Desafiando las g\u00e9lidas temperaturas, con una masiva asistencia, se llev\u00f3 a cabo el juramento de los integrantes de la directiva del sector externo con el presidente Luis Abinader en el estado de New Jersey.<\/p>\n\n\n\n<p>La actividad fue encabezada por el c\u00f3nsul dominicano en Colombia, Juan Pe\u00f1a, quien durante su alocuci\u00f3n, detall\u00f3 ampliamente la obra de gobierno desarrollada por el presidente Luis Abinader.<\/p>\n\n\n\n<p>Pe\u00f1a, dijo que el mandatario criollo ha ido cumpliendo cabalmente todas sus promesas de campa\u00f1a.<\/p>\n\n\n\n<p>Record\u00f3, que la justicia independiente que prometi\u00f3, es un logro y una realidad del &nbsp;gobierno presente.<\/p>\n\n\n\n<p>Precis\u00f3, que el turismo de Rep\u00fablica Dominicana, ocupa un lugar privilegiado, d\u00f3nde ha recibido la visita de m\u00e1s de 10 millones de turistas, lo que atribuy\u00f3 al empe\u00f1o del gobierno y el jefe del estado, por mantener en \u00f3ptimas condiciones las infraestructuras hoteleras, junto al sector privado.<\/p>\n\n\n\n<p>Advirti\u00f3, que aunque todas las encuestas dan como favorito al presidente Abinader para ganar en primera vuelta, hay que seguir trabajando sin tregua, captando los votos indecisos, con el objetivo de potencializar el voto electoral en el pa\u00eds y el exterior.<\/p>\n\n\n\n<p>De su lado, Rafael Marte, juramentado presidente del sector externo con Luis Abinader en New Jersey, jur\u00f3 trabajar junto a sus directivos por la reelecci\u00f3n del gobernante dominicano.<\/p>\n\n\n\n<p>Marte, reconoci\u00f3 los avances &nbsp;logrados por el pa\u00eds, lo que atribuy\u00f3 a la visi\u00f3n de la actual administraci\u00f3n del Partido Revolucionario Moderno, PRM.<br><br>&#8220;El presidente Luis Abinader, requiere de 4 a\u00f1os m\u00e1s en el poder para continuar cumpliendo su ampl\u00eda agenda en beneficio del &nbsp;desarrollo de nuestro pa\u00eds&#8221;, sostuvo.<\/p>\n\n\n\n<p>En el acto hablaron adem\u00e1s, el c\u00f3nsul \u00c1ngel Pichardo de New Jersey, la diputada Kenia Bid\u00f3 Parra, Lucilo Santos, presidente de la Seccional del Partido Revolucionario Moderno en el estado jard\u00edn, Ra\u00fal Castillo, Winston Parra y otros.<\/p>\n","protected":false},"excerpt":{"rendered":"<p>Por Vicente Balbuena Paterson, New Jersey.- Desafiando las g\u00e9lidas temperaturas, con una masiva asistencia, se llev\u00f3 a cabo el juramento de los integrantes de la directiva del sector externo con&hellip;<\/p>\n","protected":false},"author":2,"featured_media":74371,"comment_status":"open","ping_status":"open","sticky":false,"template":"","format":"standard","meta":{"content-type":"","jetpack_post_was_ever_published":false,"_jetpack_newsletter_access":"","_jetpack_dont_email_post_to_subs":false,"_jetpack_newsletter_tier_id":0,"_jetpack_memberships_contains_paywalled_content":false,"_jetpack_memberships_contains_paid_content":false,"footnotes":""},"categories":[1],"tags":[150,67,4123,4766],"class_list":["post-74370","post","type-post","status-publish","format-standard","has-post-thumbnail","hentry","category-sin-categoria","tag-juramentan","tag-luis-abinader","tag-new-jersey","tag-sector-externo"],"jetpack_featured_media_url":"https:\/\/lasprimeras.com.do\/wp-content\/uploads\/2024\/01\/Juan-Pena.jpg","jetpack-related-posts":[{"id":60128,"url":"https:\/\/lasprimeras.com.do\/index.php\/2023\/09\/11\/coordinador-sector-externo-el-problema-de-haiti-es-de-las-grandes-potencias\/","url_meta":{"origin":74370,"position":0},"title":"Coordinador Sector Externo: &#8220;El problema de Hait\u00ed es de las grandes potencias&#8221;","author":"Nelson Feliz","date":"11 de septiembre de 2023","format":false,"excerpt":"El coordinador nacional del Sector Externo de Luis Abinader, doctor Santiago Hazim dijo que el problema de Hait\u00ed no es de la Rep\u00fablica Dominicana; \"es un problema de las grandes potencias del mundo quienes han abandonado a esa naci\u00f3n y no es responsabilidad de nosotros por compartir una isla\". El\u2026","rel":"","context":"En \u00abSin categor\u00eda\u00bb","block_context":{"text":"Sin categor\u00eda","link":"https:\/\/lasprimeras.com.do\/index.php\/category\/sin-categoria\/"},"img":{"alt_text":"Sector Externo","src":"https:\/\/i0.wp.com\/lasprimeras.com.do\/wp-content\/uploads\/2023\/09\/Sector-Externo.jpg?resize=350%2C200&ssl=1","width":350,"height":200,"srcset":"https:\/\/i0.wp.com\/lasprimeras.com.do\/wp-content\/uploads\/2023\/09\/Sector-Externo.jpg?resize=350%2C200&ssl=1 1x, https:\/\/i0.wp.com\/lasprimeras.com.do\/wp-content\/uploads\/2023\/09\/Sector-Externo.jpg?resize=525%2C300&ssl=1 1.5x, https:\/\/i0.wp.com\/lasprimeras.com.do\/wp-content\/uploads\/2023\/09\/Sector-Externo.jpg?resize=700%2C400&ssl=1 2x"},"classes":[]},{"id":82799,"url":"https:\/\/lasprimeras.com.do\/index.php\/2024\/05\/07\/juramentan-nuevos-miembros-de-movimiento-poder-pal-pueblo-en-nueva-jersey\/","url_meta":{"origin":74370,"position":1},"title":"Juramentan nuevos miembros de movimiento Poder Pal\u2019 Pueblo en Nueva Jersey","author":"Esteffany Vargas","date":"7 de mayo de 2024","format":false,"excerpt":"-Corriente oficialista que encabeza\u00a0 Tom\u00e1s Hern\u00e1ndez Alberto Por \u00a0Aquiles Rojas NUEVA JERSEY. - Los coordinadores federal y estatal del movimiento Poder Pal\u2019 Pueblo, Albert Hern\u00e1ndez y Ramo G\u00f3mez, juramentaron en este Estado de los nuevos miembros de la corriente oficialista que preside Tom\u00e1s Hern\u00e1ndez Alberto. \u201cLevanten su mano derecha, juramos\u2026","rel":"","context":"En \u00abSin categor\u00eda\u00bb","block_context":{"text":"Sin categor\u00eda","link":"https:\/\/lasprimeras.com.do\/index.php\/category\/sin-categoria\/"},"img":{"alt_text":"Tom\u00e1s Hern\u00e1ndez Alberto","src":"https:\/\/i0.wp.com\/lasprimeras.com.do\/wp-content\/uploads\/2024\/05\/Tomas-Hernandez-Alberto-1.jpg?resize=350%2C200&ssl=1","width":350,"height":200,"srcset":"https:\/\/i0.wp.com\/lasprimeras.com.do\/wp-content\/uploads\/2024\/05\/Tomas-Hernandez-Alberto-1.jpg?resize=350%2C200&ssl=1 1x, https:\/\/i0.wp.com\/lasprimeras.com.do\/wp-content\/uploads\/2024\/05\/Tomas-Hernandez-Alberto-1.jpg?resize=525%2C300&ssl=1 1.5x, https:\/\/i0.wp.com\/lasprimeras.com.do\/wp-content\/uploads\/2024\/05\/Tomas-Hernandez-Alberto-1.jpg?resize=700%2C400&ssl=1 2x"},"classes":[]},{"id":61490,"url":"https:\/\/lasprimeras.com.do\/index.php\/2023\/09\/27\/roberto-angel-juramenta-en-la-cuaba-112-dirigentes-coordinadores-del-pld-en-unidad-externa\/","url_meta":{"origin":74370,"position":2},"title":"Roberto \u00c1ngel juramenta en La Cuaba 112 dirigentes coordinadores del PLD en Unidad Externa","author":"Nelson Feliz","date":"27 de septiembre de 2023","format":false,"excerpt":"El miembro de la Direcci\u00f3n Ejecutiva del Partido Revolucionario Moderno (PRM), Roberto \u00c1ngel Salcedo, jurament\u00f3 este mi\u00e9rcoles a 112 expresidentes y coordinadores zonales del Partido de la Liberaci\u00f3n Dominicana (PLD) en el Distrito Municipal La Cuaba, Pedro Brand, en la Unidad Externa con Luis, para respaldar la reelecci\u00f3n del presidente\u2026","rel":"","context":"En \u00abPORTADA\u00bb","block_context":{"text":"PORTADA","link":"https:\/\/lasprimeras.com.do\/index.php\/category\/portada\/"},"img":{"alt_text":"Roberto \u00c1ngel Salcedo","src":"https:\/\/i0.wp.com\/lasprimeras.com.do\/wp-content\/uploads\/2023\/09\/Roberto-Angel-Salcedo-4.jpg?resize=350%2C200&ssl=1","width":350,"height":200,"srcset":"https:\/\/i0.wp.com\/lasprimeras.com.do\/wp-content\/uploads\/2023\/09\/Roberto-Angel-Salcedo-4.jpg?resize=350%2C200&ssl=1 1x, https:\/\/i0.wp.com\/lasprimeras.com.do\/wp-content\/uploads\/2023\/09\/Roberto-Angel-Salcedo-4.jpg?resize=525%2C300&ssl=1 1.5x, https:\/\/i0.wp.com\/lasprimeras.com.do\/wp-content\/uploads\/2023\/09\/Roberto-Angel-Salcedo-4.jpg?resize=700%2C400&ssl=1 2x"},"classes":[]},{"id":111241,"url":"https:\/\/lasprimeras.com.do\/index.php\/2025\/10\/06\/el-pld-en-pennsylvania-denuncia-el-abandono-del-gobierno-a-la-diaspora\/","url_meta":{"origin":74370,"position":3},"title":"El PLD en Pennsylvania, denuncia el abandono del Gobierno a la di\u00e1spora","author":"Nelson Feliz","date":"6 de octubre de 2025","format":false,"excerpt":"El Partido de la Liberaci\u00f3n Dominicano en la seccional Pennsylvania, Delaware y el Sur de New Jersey de los Estados Unidos, denunci\u00f3 que el Gobierno del PRM tambi\u00e9n tiene abandonada a su suerte a los residentes en el exterior. \u201cLa falta de representaci\u00f3n y facilidades en los servicios a los\u2026","rel":"","context":"En \u00abPOLITICA\u00bb","block_context":{"text":"POLITICA","link":"https:\/\/lasprimeras.com.do\/index.php\/category\/politica\/"},"img":{"alt_text":"","src":"https:\/\/i0.wp.com\/lasprimeras.com.do\/wp-content\/uploads\/2025\/10\/DIRI.jpg?resize=350%2C200&ssl=1","width":350,"height":200,"srcset":"https:\/\/i0.wp.com\/lasprimeras.com.do\/wp-content\/uploads\/2025\/10\/DIRI.jpg?resize=350%2C200&ssl=1 1x, https:\/\/i0.wp.com\/lasprimeras.com.do\/wp-content\/uploads\/2025\/10\/DIRI.jpg?resize=525%2C300&ssl=1 1.5x, https:\/\/i0.wp.com\/lasprimeras.com.do\/wp-content\/uploads\/2025\/10\/DIRI.jpg?resize=700%2C400&ssl=1 2x"},"classes":[]},{"id":119234,"url":"https:\/\/lasprimeras.com.do\/index.php\/2026\/01\/08\/raquel-pena-deja-juramentado-a-eduardo-sanz-como-ministro-de-industria-y-comercio\/","url_meta":{"origin":74370,"position":4},"title":"Raquel Pe\u00f1a deja juramentado a Eduardo Sanz como ministro de Industria y Comercio","author":"Nelson Feliz","date":"8 de enero de 2026","format":false,"excerpt":"Raquel Pe\u00f1a","rel":"","context":"En \u00abNACIONALES\u00bb","block_context":{"text":"NACIONALES","link":"https:\/\/lasprimeras.com.do\/index.php\/category\/nacionales\/"},"img":{"alt_text":"Raquel Pe\u00f1a","src":"https:\/\/i0.wp.com\/lasprimeras.com.do\/wp-content\/uploads\/2026\/01\/Raquel-Pena-3.jpg?resize=350%2C200&ssl=1","width":350,"height":200,"srcset":"https:\/\/i0.wp.com\/lasprimeras.com.do\/wp-content\/uploads\/2026\/01\/Raquel-Pena-3.jpg?resize=350%2C200&ssl=1 1x, https:\/\/i0.wp.com\/lasprimeras.com.do\/wp-content\/uploads\/2026\/01\/Raquel-Pena-3.jpg?resize=525%2C300&ssl=1 1.5x, https:\/\/i0.wp.com\/lasprimeras.com.do\/wp-content\/uploads\/2026\/01\/Raquel-Pena-3.jpg?resize=700%2C400&ssl=1 2x"},"classes":[]},{"id":63914,"url":"https:\/\/lasprimeras.com.do\/index.php\/2023\/10\/16\/roberto-angel-juramenta-36-presidentes-comites-de-base-del-pld-en-los-rios\/","url_meta":{"origin":74370,"position":5},"title":"Roberto \u00c1ngel juramenta 36 presidentes comit\u00e9s de base del PLD en Los R\u00edos","author":"Nelson Feliz","date":"16 de octubre de 2023","format":false,"excerpt":"Design\u00f3 como coordinadora a Elizabeth S\u00e1nchez, quien se comprometi\u00f3 a trabajar para fortalecer esa plataforma electoral del sector externo del PRM El miembro de la Direcci\u00f3n Ejecutiva del Partido Revolucionario Moderno (PRM), Roberto \u00c1ngel Salcedo, jurament\u00f3 a 36 presidentes y coordinadores de comit\u00e9s de base del Partido de la Liberaci\u00f3n\u2026","rel":"","context":"En \u00abSin categor\u00eda\u00bb","block_context":{"text":"Sin categor\u00eda","link":"https:\/\/lasprimeras.com.do\/index.php\/category\/sin-categoria\/"},"img":{"alt_text":"Roberto \u00c1ngel Salcedo","src":"https:\/\/i0.wp.com\/lasprimeras.com.do\/wp-content\/uploads\/2023\/10\/Roberto-Angel-Salcedo-1-1.jpg?resize=350%2C200&ssl=1","width":350,"height":200,"srcset":"https:\/\/i0.wp.com\/lasprimeras.com.do\/wp-content\/uploads\/2023\/10\/Roberto-Angel-Salcedo-1-1.jpg?resize=350%2C200&ssl=1 1x, https:\/\/i0.wp.com\/lasprimeras.com.do\/wp-content\/uploads\/2023\/10\/Roberto-Angel-Salcedo-1-1.jpg?resize=525%2C300&ssl=1 1.5x, https:\/\/i0.wp.com\/lasprimeras.com.do\/wp-content\/uploads\/2023\/10\/Roberto-Angel-Salcedo-1-1.jpg?resize=700%2C400&ssl=1 2x"},"classes":[]}],"jetpack_sharing_enabled":true,"_links":{"self":[{"href":"https:\/\/lasprimeras.com.do\/index.php\/wp-json\/wp\/v2\/posts\/74370","targetHints":{"allow":["GET"]}}],"collection":[{"href":"https:\/\/lasprimeras.com.do\/index.php\/wp-json\/wp\/v2\/posts"}],"about":[{"href":"https:\/\/lasprimeras.com.do\/index.php\/wp-json\/wp\/v2\/types\/post"}],"author":[{"embeddable":true,"href":"https:\/\/lasprimeras.com.do\/index.php\/wp-json\/wp\/v2\/users\/2"}],"replies":[{"embeddable":true,"href":"https:\/\/lasprimeras.com.do\/index.php\/wp-json\/wp\/v2\/comments?post=74370"}],"version-history":[{"count":1,"href":"https:\/\/lasprimeras.com.do\/index.php\/wp-json\/wp\/v2\/posts\/74370\/revisions"}],"predecessor-version":[{"id":74372,"href":"https:\/\/lasprimeras.com.do\/index.php\/wp-json\/wp\/v2\/posts\/74370\/revisions\/74372"}],"wp:featuredmedia":[{"embeddable":true,"href":"https:\/\/lasprimeras.com.do\/index.php\/wp-json\/wp\/v2\/media\/74371"}],"wp:attachment":[{"href":"https:\/\/lasprimeras.com.do\/index.php\/wp-json\/wp\/v2\/media?parent=74370"}],"wp:term":[{"taxonomy":"category","embeddable":true,"href":"https:\/\/lasprimeras.com.do\/index.php\/wp-json\/wp\/v2\/categories?post=74370"},{"taxonomy":"post_tag","embeddable":true,"href":"https:\/\/lasprimeras.com.do\/index.php\/wp-json\/wp\/v2\/tags?post=74370"}],"curies":[{"name":"wp","href":"https:\/\/api.w.org\/{rel}","templated":true}]}}