{"id":74406,"date":"2024-01-22T23:53:12","date_gmt":"2024-01-23T03:53:12","guid":{"rendered":"https:\/\/lasprimeras.com.do\/?p=74406"},"modified":"2024-01-22T23:53:13","modified_gmt":"2024-01-23T03:53:13","slug":"leonel-fernandez-fp-llevara-al-tc-ley-1-24-del-dni-por-ser-inconstitucional","status":"publish","type":"post","link":"https:\/\/lasprimeras.com.do\/index.php\/2024\/01\/22\/leonel-fernandez-fp-llevara-al-tc-ley-1-24-del-dni-por-ser-inconstitucional\/","title":{"rendered":"Leonel Fern\u00e1ndez: &#8220;FP llevar\u00e1 al TC Ley 1-24 del DNI por ser inconstitucional&#8221;"},"content":{"rendered":"\n<p class=\"wp-block-paragraph\"><strong>Ley que obligar\u00eda entregar datos personales al DNI es rechazada por la Fuerza del Pueblo<\/strong><\/p>\n\n\n\n<p class=\"wp-block-paragraph\">El presidente del partido Fuerza del Pueblo (FP), Leonel Fern\u00e1ndez, anunci\u00f3 hoy que la instituci\u00f3n pol\u00edtica que encabeza, proceder\u00e1 contra la Ley 1-24, ante el Tribunal Constitucional, debido a que la pieza legislativa es inconstitucional.<\/p>\n\n\n\n<p class=\"wp-block-paragraph\">A trav\u00e9s de su cuenta de X, el l\u00edder pol\u00edtico escribi\u00f3: &#8220;La #FuerzaDelPueblo proceder\u00e1 a incoar una acci\u00f3n de inconstitucionalidad contra la ley 1-24 del DNI&#8221;.<\/p>\n\n\n\n<p class=\"wp-block-paragraph\">&#8220;Esta ley representa el retroceso institucional democr\u00e1tico m\u00e1s grave que ha ocurrido en el pa\u00eds desde la muerte del dictador Rafael Le\u00f3nidas Trujillo hasta la actualidad&#8221;, dijo a trav\u00e9s del usuario @LeonelFernandez.<\/p>\n\n\n\n<p class=\"wp-block-paragraph\">Se recuerda que la iniciativa legislativa, convertida en ley, busca obligar a las instituciones p\u00fablicas y privadas, as\u00ed como a las personas, entregar informaciones personales a la Direcci\u00f3n Nacional de Investigaciones.<\/p>\n","protected":false},"excerpt":{"rendered":"<p>Ley que obligar\u00eda entregar datos personales al DNI es rechazada por la Fuerza del Pueblo El presidente del partido Fuerza del Pueblo (FP), Leonel Fern\u00e1ndez, anunci\u00f3 hoy que la instituci\u00f3n&hellip;<\/p>\n","protected":false},"author":2,"featured_media":74407,"comment_status":"open","ping_status":"open","sticky":false,"template":"","format":"standard","meta":{"content-type":"","_jetpack_newsletter_access":"","_jetpack_dont_email_post_to_subs":false,"_jetpack_newsletter_tier_id":0,"_jetpack_memberships_contains_paywalled_content":false,"_jetpack_feature_clip_id":0,"_jetpack_memberships_contains_paid_content":false,"footnotes":"","jetpack_post_was_ever_published":false},"categories":[25],"tags":[6978,79,11007,51,11199,1699],"class_list":["post-74406","post","type-post","status-publish","format-standard","has-post-thumbnail","hentry","category-portada","tag-dni","tag-fp","tag-inconstitucional","tag-leonel-fernandez","tag-ley-1-24","tag-tc"],"jetpack-related-posts":[{"id":69819,"url":"https:\/\/lasprimeras.com.do\/index.php\/2023\/12\/06\/leonel-advierte-llevara-al-tc-ley-que-permitio-a-abinader-firmar-el-contrato-de-aerodom-sin-transparencia\/","url_meta":{"origin":74406,"position":0},"title":"Leonel advierte llevar\u00e1 al TC; ley que permiti\u00f3 a Abinader firmar el contrato de Aerodom sin transparencia","author":"Nelson Feliz","date":"6 de diciembre de 2023","format":false,"excerpt":"Ley que promovi\u00f3 Abinader permite desconocer el principio de transparencia que figura en la Constituci\u00f3n El presidente del partido Fuerza del Pueblo (FP), Leonel Fern\u00e1ndez, asegur\u00f3 que hay que proceder a declarar la inconstitucionalidad, de la ley que utiliz\u00f3 el presidente de la Rep\u00fablica, Luis Abinader, como mecanismo para no\u2026","rel":"","context":"En \u00abPORTADA\u00bb","block_context":{"text":"PORTADA","link":"https:\/\/lasprimeras.com.do\/index.php\/category\/portada\/"},"img":{"alt_text":"Leonel Fern\u00e1ndez","src":"https:\/\/i0.wp.com\/lasprimeras.com.do\/wp-content\/uploads\/2023\/12\/Leonel-Fernandez-2.jpg?resize=350%2C200&ssl=1","width":350,"height":200,"srcset":"https:\/\/i0.wp.com\/lasprimeras.com.do\/wp-content\/uploads\/2023\/12\/Leonel-Fernandez-2.jpg?resize=350%2C200&ssl=1 1x, https:\/\/i0.wp.com\/lasprimeras.com.do\/wp-content\/uploads\/2023\/12\/Leonel-Fernandez-2.jpg?resize=525%2C300&ssl=1 1.5x, https:\/\/i0.wp.com\/lasprimeras.com.do\/wp-content\/uploads\/2023\/12\/Leonel-Fernandez-2.jpg?resize=700%2C400&ssl=1 2x"},"classes":[]},{"id":75225,"url":"https:\/\/lasprimeras.com.do\/index.php\/2024\/01\/30\/leonel-desenmascara-a-abinader-quien-envio-proyecto-de-ley-del-dni-al-congreso-en-junio-de-2021\/","url_meta":{"origin":74406,"position":1},"title":"Leonel desenmascara a Abinader: Qui\u00e9n envi\u00f3 proyecto de Ley del DNI al Congreso en junio de 2021","author":"Nelson Feliz","date":"30 de enero de 2024","format":false,"excerpt":"Asegura Abinader y el PRM utilizaron artima\u00f1as para aprobar Ley 1-24 a \u00faltima hora El presidente del partido Fuerza del Pueblo (FP), Leonel Fern\u00e1ndez, revel\u00f3 importantes informaciones sobre la controversial y rechazada Ley 1-24, que crea la Direcci\u00f3n Nacional de Inteligencia (DNI), de la que, recientemente el presidente Luis Abinader\u2026","rel":"","context":"En \u00abPORTADA\u00bb","block_context":{"text":"PORTADA","link":"https:\/\/lasprimeras.com.do\/index.php\/category\/portada\/"},"img":{"alt_text":"Leonel Fern\u00e1ndez","src":"https:\/\/i0.wp.com\/lasprimeras.com.do\/wp-content\/uploads\/2023\/12\/Leonel-Fernandez-7.jpg?resize=350%2C200&ssl=1","width":350,"height":200,"srcset":"https:\/\/i0.wp.com\/lasprimeras.com.do\/wp-content\/uploads\/2023\/12\/Leonel-Fernandez-7.jpg?resize=350%2C200&ssl=1 1x, https:\/\/i0.wp.com\/lasprimeras.com.do\/wp-content\/uploads\/2023\/12\/Leonel-Fernandez-7.jpg?resize=525%2C300&ssl=1 1.5x, https:\/\/i0.wp.com\/lasprimeras.com.do\/wp-content\/uploads\/2023\/12\/Leonel-Fernandez-7.jpg?resize=700%2C400&ssl=1 2x"},"classes":[]},{"id":74323,"url":"https:\/\/lasprimeras.com.do\/index.php\/2024\/01\/22\/partidos-de-oposicion-apoyan-al-gobierno-para-aprobar-ley-de-la-dni\/","url_meta":{"origin":74406,"position":2},"title":"Partidos de oposici\u00f3n apoyan al gobierno para aprobar ley de la DNI","author":"Nelson Feliz","date":"22 de enero de 2024","format":false,"excerpt":"-28 diputados, de los 51 del PLD, y 12, de los 18 de la Fuerza del Pueblo, votaron a favor. -Sociedad de Diarios se re\u00fane hoy con el DNI. Grupos sociales van al Constitucional. Tras muchos desacuerdos, el PRM, el PLD y la FP encontraron un punto en com\u00fan. La\u2026","rel":"","context":"En \u00abSin categor\u00eda\u00bb","block_context":{"text":"Sin categor\u00eda","link":"https:\/\/lasprimeras.com.do\/index.php\/category\/sin-categoria\/"},"img":{"alt_text":"Ley DNI","src":"https:\/\/i0.wp.com\/lasprimeras.com.do\/wp-content\/uploads\/2024\/01\/Ley-DNI.jpg?resize=350%2C200&ssl=1","width":350,"height":200,"srcset":"https:\/\/i0.wp.com\/lasprimeras.com.do\/wp-content\/uploads\/2024\/01\/Ley-DNI.jpg?resize=350%2C200&ssl=1 1x, https:\/\/i0.wp.com\/lasprimeras.com.do\/wp-content\/uploads\/2024\/01\/Ley-DNI.jpg?resize=525%2C300&ssl=1 1.5x, https:\/\/i0.wp.com\/lasprimeras.com.do\/wp-content\/uploads\/2024\/01\/Ley-DNI.jpg?resize=700%2C400&ssl=1 2x"},"classes":[]},{"id":74534,"url":"https:\/\/lasprimeras.com.do\/index.php\/2024\/01\/24\/diputado-opositor-llama-a-luis-abinader-a-no-aplicar-la-ley-1-24\/","url_meta":{"origin":74406,"position":3},"title":"Diputado opositor llama a Luis Abinader a no aplicar la Ley 1-24","author":"Nelson Feliz","date":"24 de enero de 2024","format":false,"excerpt":"El diputado nacional y presidente de la Comisi\u00f3n Nacional de Derechos Humanos de la C\u00e1mara de Diputados, Juan Dionicio Rodr\u00edguez, fue el \u00fanico legislador que vot\u00f3 en contra de la ley que crea la Direcci\u00f3n Nacional de Inteligencia (DNI) en su segunda lectura. hoy fuente externa. 23\/01\/2024 Ley que modific\u00f3\u2026","rel":"","context":"En \u00abPORTADA\u00bb","block_context":{"text":"PORTADA","link":"https:\/\/lasprimeras.com.do\/index.php\/category\/portada\/"},"img":{"alt_text":"Juan Dionicio Rodr\u00edguez","src":"https:\/\/i0.wp.com\/lasprimeras.com.do\/wp-content\/uploads\/2024\/01\/Juan-Dionicio-Rodriguez.jpg?resize=350%2C200&ssl=1","width":350,"height":200,"srcset":"https:\/\/i0.wp.com\/lasprimeras.com.do\/wp-content\/uploads\/2024\/01\/Juan-Dionicio-Rodriguez.jpg?resize=350%2C200&ssl=1 1x, https:\/\/i0.wp.com\/lasprimeras.com.do\/wp-content\/uploads\/2024\/01\/Juan-Dionicio-Rodriguez.jpg?resize=525%2C300&ssl=1 1.5x"},"classes":[]},{"id":74181,"url":"https:\/\/lasprimeras.com.do\/index.php\/2024\/01\/19\/miguel-vargas-califica-de-inaceptable-ley-que-crea-la-dni-y-advierte-es-inconstitucional\/","url_meta":{"origin":74406,"position":4},"title":"Miguel Vargas califica de inaceptable Ley que crea la DNI y advierte es inconstitucional","author":"Nelson Feliz","date":"19 de enero de 2024","format":false,"excerpt":"Proclama triunfo del PRD en Los Alcarrizos y afirma que esa comunidad reiterar\u00e1 su respaldo al candidato municipal Cristian Encarnaci\u00f3n. El candidato presidencial del Partido Revolucionario Dominicano (PRD), Miguel Vargas Maldonado, consider\u00f3 como \u201cinaceptable\u201d la \u201cfestinada y promulgada\u201d Ley 1-24, que crea la Direcci\u00f3n Nacional de Inteligencia (DNI) y adelant\u00f3\u2026","rel":"","context":"En \u00abSin categor\u00eda\u00bb","block_context":{"text":"Sin categor\u00eda","link":"https:\/\/lasprimeras.com.do\/index.php\/category\/sin-categoria\/"},"img":{"alt_text":"Miguel Vargas","src":"https:\/\/i0.wp.com\/lasprimeras.com.do\/wp-content\/uploads\/2024\/01\/Miguel-Vargas.jpg?resize=350%2C200&ssl=1","width":350,"height":200,"srcset":"https:\/\/i0.wp.com\/lasprimeras.com.do\/wp-content\/uploads\/2024\/01\/Miguel-Vargas.jpg?resize=350%2C200&ssl=1 1x, https:\/\/i0.wp.com\/lasprimeras.com.do\/wp-content\/uploads\/2024\/01\/Miguel-Vargas.jpg?resize=525%2C300&ssl=1 1.5x, https:\/\/i0.wp.com\/lasprimeras.com.do\/wp-content\/uploads\/2024\/01\/Miguel-Vargas.jpg?resize=700%2C400&ssl=1 2x"},"classes":[]},{"id":88679,"url":"https:\/\/lasprimeras.com.do\/index.php\/2024\/09\/02\/leonel-asegura-es-necesario-que-el-congreso-apruebe-de-inmediato-la-ley-organica-de-referendo\/","url_meta":{"origin":74406,"position":5},"title":"Leonel asegura es necesario que el Congreso apruebe de inmediato la ley org\u00e1nica de referendo","author":"Nelson Feliz","date":"2 de septiembre de 2024","format":false,"excerpt":"El expresidente subraya la importancia del referendo para validar reformas constitucionales que afectan derechos fundamentales El presidente del partido Fuerza del Pueblo (FP), y l\u00edder de la oposici\u00f3n pol\u00edtica dominicana, Leonel Fern\u00e1ndez, hizo un llamado contundente al Congreso Nacional para que apruebe de inmediato la ley org\u00e1nica de referendo, como\u2026","rel":"","context":"En \u00abPORTADA\u00bb","block_context":{"text":"PORTADA","link":"https:\/\/lasprimeras.com.do\/index.php\/category\/portada\/"},"img":{"alt_text":"","src":"https:\/\/i0.wp.com\/lasprimeras.com.do\/wp-content\/uploads\/2024\/09\/LEONEL.jpeg?resize=350%2C200&ssl=1","width":350,"height":200,"srcset":"https:\/\/i0.wp.com\/lasprimeras.com.do\/wp-content\/uploads\/2024\/09\/LEONEL.jpeg?resize=350%2C200&ssl=1 1x, https:\/\/i0.wp.com\/lasprimeras.com.do\/wp-content\/uploads\/2024\/09\/LEONEL.jpeg?resize=525%2C300&ssl=1 1.5x, https:\/\/i0.wp.com\/lasprimeras.com.do\/wp-content\/uploads\/2024\/09\/LEONEL.jpeg?resize=700%2C400&ssl=1 2x"},"classes":[]}],"jetpack_sharing_enabled":true,"jetpack_featured_media_url":"https:\/\/lasprimeras.com.do\/wp-content\/uploads\/2024\/01\/Leonel-Fernandez-03.jpg","_links":{"self":[{"href":"https:\/\/lasprimeras.com.do\/index.php\/wp-json\/wp\/v2\/posts\/74406","targetHints":{"allow":["GET"]}}],"collection":[{"href":"https:\/\/lasprimeras.com.do\/index.php\/wp-json\/wp\/v2\/posts"}],"about":[{"href":"https:\/\/lasprimeras.com.do\/index.php\/wp-json\/wp\/v2\/types\/post"}],"author":[{"embeddable":true,"href":"https:\/\/lasprimeras.com.do\/index.php\/wp-json\/wp\/v2\/users\/2"}],"replies":[{"embeddable":true,"href":"https:\/\/lasprimeras.com.do\/index.php\/wp-json\/wp\/v2\/comments?post=74406"}],"version-history":[{"count":1,"href":"https:\/\/lasprimeras.com.do\/index.php\/wp-json\/wp\/v2\/posts\/74406\/revisions"}],"predecessor-version":[{"id":74408,"href":"https:\/\/lasprimeras.com.do\/index.php\/wp-json\/wp\/v2\/posts\/74406\/revisions\/74408"}],"wp:featuredmedia":[{"embeddable":true,"href":"https:\/\/lasprimeras.com.do\/index.php\/wp-json\/wp\/v2\/media\/74407"}],"wp:attachment":[{"href":"https:\/\/lasprimeras.com.do\/index.php\/wp-json\/wp\/v2\/media?parent=74406"}],"wp:term":[{"taxonomy":"category","embeddable":true,"href":"https:\/\/lasprimeras.com.do\/index.php\/wp-json\/wp\/v2\/categories?post=74406"},{"taxonomy":"post_tag","embeddable":true,"href":"https:\/\/lasprimeras.com.do\/index.php\/wp-json\/wp\/v2\/tags?post=74406"}],"curies":[{"name":"wp","href":"https:\/\/api.w.org\/{rel}","templated":true}]}}