{"id":74460,"date":"2024-01-23T14:44:30","date_gmt":"2024-01-23T18:44:30","guid":{"rendered":"https:\/\/lasprimeras.com.do\/?p=74460"},"modified":"2024-01-23T14:44:31","modified_gmt":"2024-01-23T18:44:31","slug":"dos-perros-pitbull-atacan-y-hieren-a-una-mujer-en-santiago","status":"publish","type":"post","link":"https:\/\/lasprimeras.com.do\/index.php\/2024\/01\/23\/dos-perros-pitbull-atacan-y-hieren-a-una-mujer-en-santiago\/","title":{"rendered":"Dos perros pitbull atacan y hieren a una mujer en Santiago"},"content":{"rendered":"\n<p>SANTIAGO.- Una mujer fue salvajemente atacada por dos perros de la raza pitbull, en un hecho ocurrido la ma\u00f1ana de este martes en el sector La Herradura, en Santiago.<\/p>\n\n\n\n<p>La mujer identificada como Ana Mar\u00eda Moreno Contreras, de 54 a\u00f1os, fue agredida cuando se dispon\u00eda a ir a la iglesia.<\/p>\n\n\n\n<p>Sus parientes indicaron que los caninos la mordieron por diferentes partes del cuerpo y responsabilizan a los due\u00f1os porque los tienen encerrados en un lugar sin protecci\u00f3n.<\/p>\n\n\n\n<p>Se\u00f1alaron que gracias a que en los alrededores donde ocurri\u00f3 el hecho, un chofer de concho pudo auxiliarla y evitar que estos la mataran tras golpearlos con un bate.<\/p>\n\n\n\n<p>Asimismo, mostraron preocupaci\u00f3n por la situaci\u00f3n, por lo que llaman a los due\u00f1os a tomar cartas en el asunto para evitar que otras personas sean agredidas.<\/p>\n\n\n\n<p>La mujer se encuentra recibiendo atenciones m\u00e9dicas en un centro privado en esa ciudad.<\/p>\n","protected":false},"excerpt":{"rendered":"<p>SANTIAGO.- Una mujer fue salvajemente atacada por dos perros de la raza pitbull, en un hecho ocurrido la ma\u00f1ana de este martes en el sector La Herradura, en Santiago. La&hellip;<\/p>\n","protected":false},"author":3,"featured_media":74461,"comment_status":"open","ping_status":"open","sticky":false,"template":"","format":"standard","meta":{"content-type":"","jetpack_post_was_ever_published":false,"_jetpack_newsletter_access":"","_jetpack_dont_email_post_to_subs":false,"_jetpack_newsletter_tier_id":0,"_jetpack_memberships_contains_paywalled_content":false,"_jetpack_memberships_contains_paid_content":false,"footnotes":""},"categories":[35],"tags":[],"class_list":["post-74460","post","type-post","status-publish","format-standard","has-post-thumbnail","hentry","category-nacionales"],"jetpack_featured_media_url":"https:\/\/lasprimeras.com.do\/wp-content\/uploads\/2024\/01\/WhatsApp-Image-2024-01-22-at-11.36.03-AM.webp","jetpack-related-posts":[{"id":72693,"url":"https:\/\/lasprimeras.com.do\/index.php\/2024\/01\/02\/cinco-perros-rottweiler-matan-a-su-dueno-en-su-casa-en-nicaragua-tras-no-reconocerlo\/","url_meta":{"origin":74460,"position":0},"title":"Cinco perros rottweiler matan a su due\u00f1o en su casa en Nicaragua tras no reconocerlo","author":"Nelson Feliz","date":"2 de enero de 2024","format":false,"excerpt":"El pasado jueves 28 de diciembre, la nicarag\u00fcense Ana Rosa Aguilera Bland\u00f3n, de 83 a\u00f1os, falleci\u00f3 tras ser atacada por su propio perro, de raza pitbull, tambi\u00e9n en su casa. San Jos\u00e9, EFE.-. El nicarag\u00fcense Augusto Jos\u00e9 Garc\u00eda, de 21 a\u00f1os, falleci\u00f3 este lunes a consecuencia de las heridas que\u2026","rel":"","context":"En \u00abSin categor\u00eda\u00bb","block_context":{"text":"Sin categor\u00eda","link":"https:\/\/lasprimeras.com.do\/index.php\/category\/sin-categoria\/"},"img":{"alt_text":"","src":"https:\/\/i0.wp.com\/lasprimeras.com.do\/wp-content\/uploads\/2024\/01\/perros.png?resize=350%2C200&ssl=1","width":350,"height":200,"srcset":"https:\/\/i0.wp.com\/lasprimeras.com.do\/wp-content\/uploads\/2024\/01\/perros.png?resize=350%2C200&ssl=1 1x, https:\/\/i0.wp.com\/lasprimeras.com.do\/wp-content\/uploads\/2024\/01\/perros.png?resize=525%2C300&ssl=1 1.5x, https:\/\/i0.wp.com\/lasprimeras.com.do\/wp-content\/uploads\/2024\/01\/perros.png?resize=700%2C400&ssl=1 2x"},"classes":[]},{"id":55390,"url":"https:\/\/lasprimeras.com.do\/index.php\/2023\/07\/20\/someten-mujer-filmada-mientras-agrede-hijastro-de-dos-anos-en-santiago\/","url_meta":{"origin":74460,"position":1},"title":"Someten mujer filmada mientras agrede hijastro de dos a\u00f1os en Santiago","author":"Nelson Feliz","date":"20 de julio de 2023","format":false,"excerpt":"Una mujer qued\u00f3 captada en video mientras agrede f\u00edsica y verbalmente a su hijastro, de dos a\u00f1os de edad, un hecho ocurrido en la comunidad de Gurabo, al norte de Santiago. En el audiovisual, que circula en las redes sociales, se observa a la f\u00e9mina golpear al menor de edad.\u2026","rel":"","context":"En \u00abNACIONALES\u00bb","block_context":{"text":"NACIONALES","link":"https:\/\/lasprimeras.com.do\/index.php\/category\/nacionales\/"},"img":{"alt_text":"","src":"https:\/\/i0.wp.com\/lasprimeras.com.do\/wp-content\/uploads\/2023\/07\/11.jpg?resize=350%2C200&ssl=1","width":350,"height":200,"srcset":"https:\/\/i0.wp.com\/lasprimeras.com.do\/wp-content\/uploads\/2023\/07\/11.jpg?resize=350%2C200&ssl=1 1x, https:\/\/i0.wp.com\/lasprimeras.com.do\/wp-content\/uploads\/2023\/07\/11.jpg?resize=525%2C300&ssl=1 1.5x"},"classes":[]},{"id":94396,"url":"https:\/\/lasprimeras.com.do\/index.php\/2025\/02\/28\/hombre-agrede-a-machetazos-a-una-mujer-en-capotillo-y-huye-autoridades-lo-buscan-activamente\/","url_meta":{"origin":74460,"position":2},"title":"Hombre agrede a machetazos a una mujer en Capotillo y huye; autoridades lo buscan activamente","author":"Nelson Feliz","date":"28 de febrero de 2025","format":false,"excerpt":"Un acto de violencia sacudi\u00f3 la comunidad de Capotillo - Loma de Cabrera la noche de ayer, cuando un individuo identificado como Ra\u00fal Alvarito Bautista Pe\u00f1a atac\u00f3 con un machete a la se\u00f1ora Genny Espinal. Tras la agresi\u00f3n, el sospechoso emprendi\u00f3 la huida y, seg\u00fan informaciones, ha estado enviando constantes\u2026","rel":"","context":"En \u00abNACIONALES\u00bb","block_context":{"text":"NACIONALES","link":"https:\/\/lasprimeras.com.do\/index.php\/category\/nacionales\/"},"img":{"alt_text":"","src":"https:\/\/i0.wp.com\/lasprimeras.com.do\/wp-content\/uploads\/2025\/02\/Raul-Alvarito-Bautista-Pena.jpg?resize=350%2C200&ssl=1","width":350,"height":200,"srcset":"https:\/\/i0.wp.com\/lasprimeras.com.do\/wp-content\/uploads\/2025\/02\/Raul-Alvarito-Bautista-Pena.jpg?resize=350%2C200&ssl=1 1x, https:\/\/i0.wp.com\/lasprimeras.com.do\/wp-content\/uploads\/2025\/02\/Raul-Alvarito-Bautista-Pena.jpg?resize=525%2C300&ssl=1 1.5x, https:\/\/i0.wp.com\/lasprimeras.com.do\/wp-content\/uploads\/2025\/02\/Raul-Alvarito-Bautista-Pena.jpg?resize=700%2C400&ssl=1 2x"},"classes":[]},{"id":107734,"url":"https:\/\/lasprimeras.com.do\/index.php\/2025\/08\/30\/ministerio-de-la-mujer-llama-a-medios-a-evitar-la-revictimizacion-en-caso-de-villa-gonzalez\/","url_meta":{"origin":74460,"position":3},"title":"Ministerio de la Mujer llama a medios a evitar la revictimizaci\u00f3n en caso de Villa Gonz\u00e1lez","author":"Nelson Feliz","date":"30 de agosto de 2025","format":false,"excerpt":"Hasta el momento se han entregado dos de los implicados en el caso. El Ministerio de la Mujer hizo un llamado este viernes a los medios de comunicaci\u00f3n y a plataformas digitales a tratar con conciencia y responsabilidad el caso de violencia sexual ocurrido en Villa Gonz\u00e1lez, provincia Santiago, evitando\u2026","rel":"","context":"En \u00abNACIONALES\u00bb","block_context":{"text":"NACIONALES","link":"https:\/\/lasprimeras.com.do\/index.php\/category\/nacionales\/"},"img":{"alt_text":"","src":"https:\/\/i0.wp.com\/lasprimeras.com.do\/wp-content\/uploads\/2025\/08\/Mayra-Jimenez.jpg?resize=350%2C200&ssl=1","width":350,"height":200,"srcset":"https:\/\/i0.wp.com\/lasprimeras.com.do\/wp-content\/uploads\/2025\/08\/Mayra-Jimenez.jpg?resize=350%2C200&ssl=1 1x, https:\/\/i0.wp.com\/lasprimeras.com.do\/wp-content\/uploads\/2025\/08\/Mayra-Jimenez.jpg?resize=525%2C300&ssl=1 1.5x, https:\/\/i0.wp.com\/lasprimeras.com.do\/wp-content\/uploads\/2025\/08\/Mayra-Jimenez.jpg?resize=700%2C400&ssl=1 2x"},"classes":[]},{"id":70011,"url":"https:\/\/lasprimeras.com.do\/index.php\/2023\/12\/07\/detenido-hombre-captado-en-video-agrediendo-una-mujer-en-la-vega\/","url_meta":{"origin":74460,"position":4},"title":"Detenido hombre captado en video agrediendo una mujer en La Vega","author":"Nelson Feliz","date":"7 de diciembre de 2023","format":false,"excerpt":"Por Mart\u00edn Restituyo Agentes policiales, pertenecientes a la Direcci\u00f3n Central de Investigaci\u00f3n (Dicrim), apresaron mediante orden de arresto en la provincia de La Vega, a un hombre que era buscado por agresi\u00f3n f\u00edsica y verbal contra su pareja, hecho que fue captado en video y hecho viral en las redes\u2026","rel":"","context":"En \u00abMILITARES\u00bb","block_context":{"text":"MILITARES","link":"https:\/\/lasprimeras.com.do\/index.php\/category\/militares\/"},"img":{"alt_text":"preso-celda","src":"https:\/\/i0.wp.com\/lasprimeras.com.do\/wp-content\/uploads\/2023\/06\/preso-celda.jpg?resize=350%2C200&ssl=1","width":350,"height":200,"srcset":"https:\/\/i0.wp.com\/lasprimeras.com.do\/wp-content\/uploads\/2023\/06\/preso-celda.jpg?resize=350%2C200&ssl=1 1x, https:\/\/i0.wp.com\/lasprimeras.com.do\/wp-content\/uploads\/2023\/06\/preso-celda.jpg?resize=525%2C300&ssl=1 1.5x, https:\/\/i0.wp.com\/lasprimeras.com.do\/wp-content\/uploads\/2023\/06\/preso-celda.jpg?resize=700%2C400&ssl=1 2x"},"classes":[]},{"id":66489,"url":"https:\/\/lasprimeras.com.do\/index.php\/2023\/11\/03\/matan-a-una-dominicana-junto-a-su-sobrino-y-su-perro-en-medio-de-los-diluvios-de-nueva-york\/","url_meta":{"origin":74460,"position":5},"title":"Matan a una dominicana junto a su sobrino y su perro en medio de los diluvios de Nueva York","author":"Nelson Feliz","date":"3 de noviembre de 2023","format":false,"excerpt":"El hecho ocurri\u00f3 en Washington Heights en medio de las lluvias del viernes. Nueva York.-.Un tr\u00e1gico suceso sacudi\u00f3 al Alto Manhattan, donde un hombre y una mujer fueron v\u00edctimas de disparos en la cabeza mientras se encontraban en las cercan\u00edas de Highbridge Park, durante las fuertes lluvia que azotaron a\u2026","rel":"","context":"En \u00abSin categor\u00eda\u00bb","block_context":{"text":"Sin categor\u00eda","link":"https:\/\/lasprimeras.com.do\/index.php\/category\/sin-categoria\/"},"img":{"alt_text":"","src":"https:\/\/i0.wp.com\/lasprimeras.com.do\/wp-content\/uploads\/2023\/11\/jackibillini-focus-0-0-896-504.jpg?resize=350%2C200&ssl=1","width":350,"height":200,"srcset":"https:\/\/i0.wp.com\/lasprimeras.com.do\/wp-content\/uploads\/2023\/11\/jackibillini-focus-0-0-896-504.jpg?resize=350%2C200&ssl=1 1x, https:\/\/i0.wp.com\/lasprimeras.com.do\/wp-content\/uploads\/2023\/11\/jackibillini-focus-0-0-896-504.jpg?resize=525%2C300&ssl=1 1.5x, https:\/\/i0.wp.com\/lasprimeras.com.do\/wp-content\/uploads\/2023\/11\/jackibillini-focus-0-0-896-504.jpg?resize=700%2C400&ssl=1 2x"},"classes":[]}],"jetpack_sharing_enabled":true,"_links":{"self":[{"href":"https:\/\/lasprimeras.com.do\/index.php\/wp-json\/wp\/v2\/posts\/74460","targetHints":{"allow":["GET"]}}],"collection":[{"href":"https:\/\/lasprimeras.com.do\/index.php\/wp-json\/wp\/v2\/posts"}],"about":[{"href":"https:\/\/lasprimeras.com.do\/index.php\/wp-json\/wp\/v2\/types\/post"}],"author":[{"embeddable":true,"href":"https:\/\/lasprimeras.com.do\/index.php\/wp-json\/wp\/v2\/users\/3"}],"replies":[{"embeddable":true,"href":"https:\/\/lasprimeras.com.do\/index.php\/wp-json\/wp\/v2\/comments?post=74460"}],"version-history":[{"count":1,"href":"https:\/\/lasprimeras.com.do\/index.php\/wp-json\/wp\/v2\/posts\/74460\/revisions"}],"predecessor-version":[{"id":74462,"href":"https:\/\/lasprimeras.com.do\/index.php\/wp-json\/wp\/v2\/posts\/74460\/revisions\/74462"}],"wp:featuredmedia":[{"embeddable":true,"href":"https:\/\/lasprimeras.com.do\/index.php\/wp-json\/wp\/v2\/media\/74461"}],"wp:attachment":[{"href":"https:\/\/lasprimeras.com.do\/index.php\/wp-json\/wp\/v2\/media?parent=74460"}],"wp:term":[{"taxonomy":"category","embeddable":true,"href":"https:\/\/lasprimeras.com.do\/index.php\/wp-json\/wp\/v2\/categories?post=74460"},{"taxonomy":"post_tag","embeddable":true,"href":"https:\/\/lasprimeras.com.do\/index.php\/wp-json\/wp\/v2\/tags?post=74460"}],"curies":[{"name":"wp","href":"https:\/\/api.w.org\/{rel}","templated":true}]}}