{"id":74466,"date":"2024-01-23T14:49:44","date_gmt":"2024-01-23T18:49:44","guid":{"rendered":"https:\/\/lasprimeras.com.do\/?p=74466"},"modified":"2024-01-23T14:49:46","modified_gmt":"2024-01-23T18:49:46","slug":"mas-de-1-8-millones-de-estudiantes-recibieron-atenciones-de-salud","status":"publish","type":"post","link":"https:\/\/lasprimeras.com.do\/index.php\/2024\/01\/23\/mas-de-1-8-millones-de-estudiantes-recibieron-atenciones-de-salud\/","title":{"rendered":"M\u00e1s de 1.8 millones de estudiantes recibieron atenciones de salud"},"content":{"rendered":"\n<p>Santo Domingo.-El Instituto Nacional de Bienestar Estudiantil (INABIE) inform\u00f3 que durante el a\u00f1o 2023 benefici\u00f3 a m\u00e1s de 1.8 millones de estudiantes a trav\u00e9s de los servicios gratuitos de salud integral para disminuir la deserci\u00f3n escolar y garantizar que estos est\u00e9n en \u00f3ptimas condiciones para el aprendizaje en sus aulas, adem\u00e1s de apoyar con esta acci\u00f3n el ahorro de recursos a sus familias.<\/p>\n\n\n\n<p>El personal m\u00e9dico del \u00e1rea de Salud Preventiva realiz\u00f3 con \u00e9xito a nivel nacional dos jornadas de desparasitaci\u00f3n y particip\u00f3 en las jornadas focalizadas integrales en las que asisti\u00f3 a un total de 1,874,504 escolares.<\/p>\n\n\n\n<p>Los beneficiarios recibieron medicamentos para procesos virales, al\u00e9rgicos y otras afecciones, tales como Albendazol de 400 mg., ketoconazol para tratar los hongos en la piel, antigripales, permetrina para eliminar los piojos, griseofulvina para las infecciones f\u00fangicas de piel, pelo y u\u00f1a, as\u00ed como, acetaminof\u00e9n, multivitam\u00ednicos y otros tratamientos.<\/p>\n\n\n\n<p>En ese sentido, el Departamento de Gesti\u00f3n de Salud Escolar de la Direcci\u00f3n de Salud y Servicios Sociales del INABIE detall\u00f3 que, bajo la rector\u00eda del Ministerio de Salud P\u00fablica, en el a\u00f1o que culmin\u00f3 recientemente, se entreg\u00f3 un total de 3.8 millones de unidades de medicamentos a estudiantes y personal docente que integran la comunidad educativa.<\/p>\n\n\n\n<p>Por otro lado, en sentido general las \u00e1reas de salud bucal, visual y auditiva atendieron durante el a\u00f1o a 71,945 estudiantes como se detalla a continuaci\u00f3n.<\/p>\n\n\n\n<p>La Divisi\u00f3n de Salud Bucal atendi\u00f3 a 34,183 estudiantes que fueron beneficiados con 138,277 tratamientos como profilaxis, destartraje, aplicaci\u00f3n de fl\u00faor, sellantes de fosas y fisuras, recubrimiento pulpar, exodoncias temporales y permanentes, obturaciones, entre otras intervenciones odontol\u00f3gicas y procesos para combatir el sarro y la placa bacteriana, al igual que prevenci\u00f3n de caries.<\/p>\n\n\n\n<p>Asimismo, Salud Visual realiz\u00f3 33,679 tamizajes con toma de agudeza visual a igual cantidad de estudiantes; unos 4,867 escolares necesitaron evaluaciones oftalmol\u00f3gicas y optom\u00e9tricas, de los que un total de 2,135 recibieron sus lentes para tratar la visi\u00f3n borrosa y defectos retroactivos, como: miop\u00eda, hipermetrop\u00eda y astigmatismo.<\/p>\n\n\n\n<p>Tambi\u00e9n, el \u00e1rea de Salud Auditiva evalu\u00f3 4,083 estudiantes y entreg\u00f3 242 auxiliares auditivos, realiz\u00e1ndose adaptaciones a 128 de estos \u00faltimos.<\/p>\n\n\n\n<p>Todas estas evaluaciones y tratamientos son realizados en la sede del instituto en el Distrito Nacional, en los m\u00f3dulos instalados en diferentes demarcaciones del pa\u00eds, as\u00ed como en centros educativos a trav\u00e9s de la Ruta del Bienestar.<\/p>\n\n\n\n<p>INABIE lleva primera Ruta del Bienestar del 2024 en Monte Cristi<\/p>\n\n\n\n<p>Tras concluir con estos importantes beneficios, los estudiantes de Monte Cristi fueron los primeros beneficiarios de la primera Ruta del Bienestar del a\u00f1o 2024. Durante la semana del 15 al 18 de enero los especialistas del INABIE en salud auditiva, visual, bucal y nutrici\u00f3n realizaron una gran jornada de salud integral desde los centros educativos Rosa Smester, John F. Kennedy y Liceo en Arte Jos\u00e9 Mart\u00ed en la que fueron impactados m\u00e1s de 1,500 estudiantes.<\/p>\n\n\n\n<p>La pr\u00f3xima jornada de salud integral est\u00e1 programada para la semana del 19 al 23 de febrero en Las Caoba de Santo Domingo Oeste.<\/p>\n","protected":false},"excerpt":{"rendered":"<p>Santo Domingo.-El Instituto Nacional de Bienestar Estudiantil (INABIE) inform\u00f3 que durante el a\u00f1o 2023 benefici\u00f3 a m\u00e1s de 1.8 millones de estudiantes a trav\u00e9s de los servicios gratuitos de salud&hellip;<\/p>\n","protected":false},"author":3,"featured_media":74467,"comment_status":"open","ping_status":"open","sticky":false,"template":"","format":"standard","meta":{"content-type":"","jetpack_post_was_ever_published":false,"_jetpack_newsletter_access":"","_jetpack_dont_email_post_to_subs":false,"_jetpack_newsletter_tier_id":0,"_jetpack_memberships_contains_paywalled_content":false,"_jetpack_memberships_contains_paid_content":false,"footnotes":""},"categories":[35],"tags":[],"class_list":["post-74466","post","type-post","status-publish","format-standard","has-post-thumbnail","hentry","category-nacionales"],"jetpack_featured_media_url":"https:\/\/lasprimeras.com.do\/wp-content\/uploads\/2024\/01\/WhatsApp-Image-2024-01-22-at-11.36.03-AM-1.webp","jetpack-related-posts":[{"id":121280,"url":"https:\/\/lasprimeras.com.do\/index.php\/2026\/02\/02\/el-inabie-beneficia-a-mas-de-700-estudiantes-de-monte-plata-en-jornada-de-salud-integral\/","url_meta":{"origin":74466,"position":0},"title":"El INABIE beneficia a m\u00e1s de 700 estudiantes de Monte Plata en jornada de salud integral","author":"Nelson Feliz","date":"2 de febrero de 2026","format":false,"excerpt":"El director ejecutivo de esa instituci\u00f3n, Adolfo P\u00e9rez, indic\u00f3 que la meta de 2026 es ampliar la cobertura de salud a m\u00e1s de medio mill\u00f3n de alumnos. El Instituto Nacional de Bienestar Estudiantil (INABIE) atendi\u00f3 a m\u00e1s de 700 estudiantes de Monte Plata, como parte de sus acciones orientadas a\u2026","rel":"","context":"En \u00abSALUD\u00bb","block_context":{"text":"SALUD","link":"https:\/\/lasprimeras.com.do\/index.php\/category\/salud\/"},"img":{"alt_text":"","src":"https:\/\/i0.wp.com\/lasprimeras.com.do\/wp-content\/uploads\/2026\/02\/INABIE-1.jpg?resize=350%2C200&ssl=1","width":350,"height":200,"srcset":"https:\/\/i0.wp.com\/lasprimeras.com.do\/wp-content\/uploads\/2026\/02\/INABIE-1.jpg?resize=350%2C200&ssl=1 1x, https:\/\/i0.wp.com\/lasprimeras.com.do\/wp-content\/uploads\/2026\/02\/INABIE-1.jpg?resize=525%2C300&ssl=1 1.5x, https:\/\/i0.wp.com\/lasprimeras.com.do\/wp-content\/uploads\/2026\/02\/INABIE-1.jpg?resize=700%2C400&ssl=1 2x"},"classes":[]},{"id":129046,"url":"https:\/\/lasprimeras.com.do\/index.php\/2026\/04\/29\/inabie-interviene-sabana-perdida-con-jornada-de-salud-en-beneficio-de-mas-de-1000-estudiantes\/","url_meta":{"origin":74466,"position":1},"title":"INABIE interviene Sabana Perdida con jornada de salud en beneficio de m\u00e1s de 1,000 estudiantes","author":"Nelson Feliz","date":"29 de abril de 2026","format":false,"excerpt":"El director de la entidad destac\u00f3 que tienen planificado brindar este a\u00f1o servicios m\u00e9dicos a m\u00e1s de medio mill\u00f3n de preuniversitarios. El Instituto Nacional de Bienestar Estudiantil\u00a0(INABIE)\u00a0lleva a cabo una\u00a0jornada de salud integral\u00a0en\u00a0Sabana Perdida, para beneficiar a\u00a0m\u00e1s de 1,000 estudiantes\u00a0de distintos centros educativos, como parte de sus esfuerzos por fortalecer\u2026","rel":"","context":"En \u00abSALUD\u00bb","block_context":{"text":"SALUD","link":"https:\/\/lasprimeras.com.do\/index.php\/category\/salud\/"},"img":{"alt_text":"","src":"https:\/\/i0.wp.com\/lasprimeras.com.do\/wp-content\/uploads\/2026\/04\/El-INABIE-interviene-Sabana-Perd.jpg?resize=350%2C200&ssl=1","width":350,"height":200,"srcset":"https:\/\/i0.wp.com\/lasprimeras.com.do\/wp-content\/uploads\/2026\/04\/El-INABIE-interviene-Sabana-Perd.jpg?resize=350%2C200&ssl=1 1x, https:\/\/i0.wp.com\/lasprimeras.com.do\/wp-content\/uploads\/2026\/04\/El-INABIE-interviene-Sabana-Perd.jpg?resize=525%2C300&ssl=1 1.5x, https:\/\/i0.wp.com\/lasprimeras.com.do\/wp-content\/uploads\/2026\/04\/El-INABIE-interviene-Sabana-Perd.jpg?resize=700%2C400&ssl=1 2x, https:\/\/i0.wp.com\/lasprimeras.com.do\/wp-content\/uploads\/2026\/04\/El-INABIE-interviene-Sabana-Perd.jpg?resize=1050%2C600&ssl=1 3x"},"classes":[]},{"id":100575,"url":"https:\/\/lasprimeras.com.do\/index.php\/2025\/06\/08\/inabie-amplio-su-cobertura-de-salud-con-mas-de-146-mil-estudiantes-atendidos\/","url_meta":{"origin":74466,"position":2},"title":"INABIE ampli\u00f3 su cobertura de salud con m\u00e1s de 146 mil estudiantes atendidos","author":"Nelson Feliz","date":"8 de junio de 2025","format":false,"excerpt":"El Instituto Nacional de Bienestar Estudiantil (INABIE) ofreci\u00f3 atenci\u00f3n m\u00e9dica directa a 146,066 estudiantes del sistema educativo p\u00fablico nacional durante el per\u00edodo comprendido entre agosto de 2024 y mayo de 2025. Estas atenciones, ofrecidas de forma gratuita en la sede del instituto y a trav\u00e9s de jornadas en centros educativos,\u2026","rel":"","context":"En \u00abSALUD\u00bb","block_context":{"text":"SALUD","link":"https:\/\/lasprimeras.com.do\/index.php\/category\/salud\/"},"img":{"alt_text":"","src":"https:\/\/i0.wp.com\/lasprimeras.com.do\/wp-content\/uploads\/2025\/06\/SALUD-AUDITIVA.jpg?resize=350%2C200&ssl=1","width":350,"height":200,"srcset":"https:\/\/i0.wp.com\/lasprimeras.com.do\/wp-content\/uploads\/2025\/06\/SALUD-AUDITIVA.jpg?resize=350%2C200&ssl=1 1x, https:\/\/i0.wp.com\/lasprimeras.com.do\/wp-content\/uploads\/2025\/06\/SALUD-AUDITIVA.jpg?resize=525%2C300&ssl=1 1.5x, https:\/\/i0.wp.com\/lasprimeras.com.do\/wp-content\/uploads\/2025\/06\/SALUD-AUDITIVA.jpg?resize=700%2C400&ssl=1 2x"},"classes":[]},{"id":123594,"url":"https:\/\/lasprimeras.com.do\/index.php\/2026\/03\/03\/inabie-beneficia-a-mas-de-800-estudiantes-de-puerto-plata-con-atenciones-medicas\/","url_meta":{"origin":74466,"position":3},"title":"INABIE beneficia a m\u00e1s de 800 estudiantes de Puerto Plata con atenciones m\u00e9dicas","author":"Nelson Feliz","date":"3 de marzo de 2026","format":false,"excerpt":"Recibieron servicios de salud bucal, auditiva, visual y preventiva, como parte del cuidado de su bienestar El Instituto Nacional de Bienestar Estudiantil (INABIE) benefici\u00f3 con atenciones m\u00e9dicas a m\u00e1s de 800 estudiantes, de entre 5 y 19 a\u00f1os, de esta provincia durante una jornada de salud integral realizada en el\u2026","rel":"","context":"En \u00abSALUD\u00bb","block_context":{"text":"SALUD","link":"https:\/\/lasprimeras.com.do\/index.php\/category\/salud\/"},"img":{"alt_text":"","src":"https:\/\/i0.wp.com\/lasprimeras.com.do\/wp-content\/uploads\/2026\/03\/INABIE-beneficia-a-mas-de-800-estudiantes-de-Puerto-Plata.jpg?resize=350%2C200&ssl=1","width":350,"height":200,"srcset":"https:\/\/i0.wp.com\/lasprimeras.com.do\/wp-content\/uploads\/2026\/03\/INABIE-beneficia-a-mas-de-800-estudiantes-de-Puerto-Plata.jpg?resize=350%2C200&ssl=1 1x, https:\/\/i0.wp.com\/lasprimeras.com.do\/wp-content\/uploads\/2026\/03\/INABIE-beneficia-a-mas-de-800-estudiantes-de-Puerto-Plata.jpg?resize=525%2C300&ssl=1 1.5x, https:\/\/i0.wp.com\/lasprimeras.com.do\/wp-content\/uploads\/2026\/03\/INABIE-beneficia-a-mas-de-800-estudiantes-de-Puerto-Plata.jpg?resize=700%2C400&ssl=1 2x"},"classes":[]},{"id":116745,"url":"https:\/\/lasprimeras.com.do\/index.php\/2025\/12\/03\/inabie-beneficia-a-mas-de-1300-estudiantes-de-cotui-en-jornada-de-salud-integral\/","url_meta":{"origin":74466,"position":4},"title":"INABIE beneficia a m\u00e1s de 1,300 estudiantes de Cotu\u00ed en Jornada de Salud Integral","author":"Nelson Feliz","date":"3 de diciembre de 2025","format":false,"excerpt":"Fueron ofrecidas atenciones en salud visual, auditiva, bucal, epidemiol\u00f3gica y nutrici\u00f3n M\u00e1s de 1,300 estudiantes de distintos centros educativos fueron beneficiados en una Jornada de Salud Integral realizada por el Instituto Nacional de Bienestar Estudiantil (INABIE) en el Liceo Francisco Henr\u00edquez y Carvajal, como parte de la Ruta del Bienestar\u2026","rel":"","context":"En \u00abSALUD\u00bb","block_context":{"text":"SALUD","link":"https:\/\/lasprimeras.com.do\/index.php\/category\/salud\/"},"img":{"alt_text":"","src":"https:\/\/i0.wp.com\/lasprimeras.com.do\/wp-content\/uploads\/2025\/12\/Salud-integal.jpg?resize=350%2C200&ssl=1","width":350,"height":200,"srcset":"https:\/\/i0.wp.com\/lasprimeras.com.do\/wp-content\/uploads\/2025\/12\/Salud-integal.jpg?resize=350%2C200&ssl=1 1x, https:\/\/i0.wp.com\/lasprimeras.com.do\/wp-content\/uploads\/2025\/12\/Salud-integal.jpg?resize=525%2C300&ssl=1 1.5x, https:\/\/i0.wp.com\/lasprimeras.com.do\/wp-content\/uploads\/2025\/12\/Salud-integal.jpg?resize=700%2C400&ssl=1 2x"},"classes":[]},{"id":114734,"url":"https:\/\/lasprimeras.com.do\/index.php\/2025\/11\/16\/incocegla-atiende-mas-de-250-personas-en-jornada-por-el-dia-mundial-de-la-diabetes\/","url_meta":{"origin":74466,"position":5},"title":"INCOCEGLA atiende m\u00e1s de 250 personas en jornada por el D\u00eda Mundial de la Diabetes","author":"Nelson Feliz","date":"16 de noviembre de 2025","format":false,"excerpt":"En conmemoraci\u00f3n del D\u00eda Mundial de la Diabetes, el Instituto Contra la Ceguera por Glaucoma (INCOCEGLA) realiz\u00f3 su tradicional jornada de detecci\u00f3n y orientaci\u00f3n en sus sedes de Santo Domingo y La Romana, actividad que reuni\u00f3 a m\u00e1s de 250 pacientes en busca de evaluaci\u00f3n y educaci\u00f3n preventiva. La jornada,\u2026","rel":"","context":"En \u00abSALUD\u00bb","block_context":{"text":"SALUD","link":"https:\/\/lasprimeras.com.do\/index.php\/category\/salud\/"},"img":{"alt_text":"","src":"https:\/\/i0.wp.com\/lasprimeras.com.do\/wp-content\/uploads\/2025\/11\/incocegla.jpg?resize=350%2C200&ssl=1","width":350,"height":200,"srcset":"https:\/\/i0.wp.com\/lasprimeras.com.do\/wp-content\/uploads\/2025\/11\/incocegla.jpg?resize=350%2C200&ssl=1 1x, https:\/\/i0.wp.com\/lasprimeras.com.do\/wp-content\/uploads\/2025\/11\/incocegla.jpg?resize=525%2C300&ssl=1 1.5x, https:\/\/i0.wp.com\/lasprimeras.com.do\/wp-content\/uploads\/2025\/11\/incocegla.jpg?resize=700%2C400&ssl=1 2x"},"classes":[]}],"jetpack_sharing_enabled":true,"_links":{"self":[{"href":"https:\/\/lasprimeras.com.do\/index.php\/wp-json\/wp\/v2\/posts\/74466","targetHints":{"allow":["GET"]}}],"collection":[{"href":"https:\/\/lasprimeras.com.do\/index.php\/wp-json\/wp\/v2\/posts"}],"about":[{"href":"https:\/\/lasprimeras.com.do\/index.php\/wp-json\/wp\/v2\/types\/post"}],"author":[{"embeddable":true,"href":"https:\/\/lasprimeras.com.do\/index.php\/wp-json\/wp\/v2\/users\/3"}],"replies":[{"embeddable":true,"href":"https:\/\/lasprimeras.com.do\/index.php\/wp-json\/wp\/v2\/comments?post=74466"}],"version-history":[{"count":1,"href":"https:\/\/lasprimeras.com.do\/index.php\/wp-json\/wp\/v2\/posts\/74466\/revisions"}],"predecessor-version":[{"id":74468,"href":"https:\/\/lasprimeras.com.do\/index.php\/wp-json\/wp\/v2\/posts\/74466\/revisions\/74468"}],"wp:featuredmedia":[{"embeddable":true,"href":"https:\/\/lasprimeras.com.do\/index.php\/wp-json\/wp\/v2\/media\/74467"}],"wp:attachment":[{"href":"https:\/\/lasprimeras.com.do\/index.php\/wp-json\/wp\/v2\/media?parent=74466"}],"wp:term":[{"taxonomy":"category","embeddable":true,"href":"https:\/\/lasprimeras.com.do\/index.php\/wp-json\/wp\/v2\/categories?post=74466"},{"taxonomy":"post_tag","embeddable":true,"href":"https:\/\/lasprimeras.com.do\/index.php\/wp-json\/wp\/v2\/tags?post=74466"}],"curies":[{"name":"wp","href":"https:\/\/api.w.org\/{rel}","templated":true}]}}