{"id":74562,"date":"2024-01-24T09:24:44","date_gmt":"2024-01-24T13:24:44","guid":{"rendered":"https:\/\/lasprimeras.com.do\/?p=74562"},"modified":"2024-01-24T09:24:45","modified_gmt":"2024-01-24T13:24:45","slug":"rtvd-transmitira-debates-electorales-junto-a-el-nuevo-diario-y-rcc-media","status":"publish","type":"post","link":"https:\/\/lasprimeras.com.do\/index.php\/2024\/01\/24\/rtvd-transmitira-debates-electorales-junto-a-el-nuevo-diario-y-rcc-media\/","title":{"rendered":"RTVD transmitir\u00e1 debates electorales junto a El Nuevo Diario y RCC Media"},"content":{"rendered":"\n<p>Radio Televisi\u00f3n Dominicana (RTVD) anunci\u00f3 su integraci\u00f3n para la transmisi\u00f3n de los debates electorales con miras a las elecciones municipales de febrero pr\u00f3ximo que junto a la plataforma de El Nuevo Diario y de RCC Media con una iniciativa del Consejo de Desarrollo Econ\u00f3mico y Social de Santo Domingo (Codessd).<\/p>\n\n\n\n<p>Iv\u00e1n Ruiz, director general de RTVD, y Persio Maldonado hijo, de El Nuevo Diario, establecieron el acuerdo que unir\u00e1 a la corporaci\u00f3n estatal de radio y televisi\u00f3n a la plataforma comunicacional para debatir ante la sociedad dominicana, en igualdad de condiciones, los planes de los diferentes candidatos a Alcaldes.<\/p>\n\n\n\n<p>Iv\u00e1n Ruiz destac\u00f3 que es una misi\u00f3n de la televisi\u00f3n p\u00fablica garantizar una programaci\u00f3n equilibrada para todas las organizaciones pol\u00edticas con miras a lograr transparencia y el compromiso de los aspirantes a cargos ante el pueblo dominicano.<\/p>\n\n\n\n<p>Adem\u00e1s de RTVD, canal 4, la corporaci\u00f3n incluir\u00e1 las se\u00f1ales de Quisqueya TV, canal 17, y de las emisoras de radio Dominicana FM, Quisqueya FM y Radio Santo Domingo AM.<\/p>\n\n\n\n<p>En cambio, Persio Sully Maldonado Bonnelly, gerente general de El Nuevo Diario, enfatiz\u00f3 que era tiempo de que el pa\u00eds pudiera contar con este tipo de mecanismo de debate como un elemento importante para la permanencia de la democracia dominicana.<\/p>\n\n\n\n<p>Con la iniciativa se busca fomentar el debate, contribuyendo a la democracia y que los candidatos a puestos municipales tengan un escenario plural, donde podr\u00e1n explicar sus propuestas al electorado, lo que tambi\u00e9n servir\u00e1 para que el votante tenga una idea m\u00e1s acabada de sus aspirantes.<\/p>\n\n\n\n<p>Se espera que los aspirantes se sumen a la propuesta de debatir sus ideas y propuestas de cara a las elecciones del 18 de febrero.<\/p>\n\n\n\n<p>El presidente del Consejo de Desarrollo de Santo Domingo (Codessd), Samuel Sena, ha manifestado que quien debe tener ventaja en los debates es el ciudadano, a quien le toca &#8220;elegir entre lo bueno, lo malo o lo menos malo&#8221;.<\/p>\n\n\n\n<p>Los partidos pol\u00edticos iniciaron su proselitismo de cara al torneo electoral de febrero pr\u00f3ximo, donde se escogen alcaldes, regidores y vocales.<\/p>\n","protected":false},"excerpt":{"rendered":"<p>Radio Televisi\u00f3n Dominicana (RTVD) anunci\u00f3 su integraci\u00f3n para la transmisi\u00f3n de los debates electorales con miras a las elecciones municipales de febrero pr\u00f3ximo que junto a la plataforma de El&hellip;<\/p>\n","protected":false},"author":2,"featured_media":74563,"comment_status":"open","ping_status":"open","sticky":false,"template":"","format":"standard","meta":{"content-type":"","jetpack_post_was_ever_published":false,"_jetpack_newsletter_access":"","_jetpack_dont_email_post_to_subs":false,"_jetpack_newsletter_tier_id":0,"_jetpack_memberships_contains_paywalled_content":false,"_jetpack_memberships_contains_paid_content":false,"footnotes":""},"categories":[35],"tags":[7691,11245,2196,7937,11246],"class_list":["post-74562","post","type-post","status-publish","format-standard","has-post-thumbnail","hentry","category-nacionales","tag-debates-electorales","tag-el-nuevo-diario","tag-rcc-media","tag-rtvd","tag-transmitira"],"jetpack_featured_media_url":"https:\/\/lasprimeras.com.do\/wp-content\/uploads\/2024\/01\/CODESSD-Y-RTVD.jpg","jetpack-related-posts":[{"id":95449,"url":"https:\/\/lasprimeras.com.do\/index.php\/2025\/03\/13\/rtvd-entrega-reconocimiento-estrella-al-legado-cultural-a-casandra-damiron\/","url_meta":{"origin":74562,"position":0},"title":"RTVD entrega reconocimiento \u201cEstrella al Legado Cultural\u201d a Casandra Damir\u00f3n","author":"Nelson Feliz","date":"13 de marzo de 2025","format":false,"excerpt":"Radio Televisi\u00f3n Dominicana (RTVD) entreg\u00f3 este mi\u00e9rcoles de manera p\u00f3stuma el reconocimiento \u201cEstrella al Legado Cultural\u201d a la destacada artista dominicana y Gran Soberana Casandra Damir\u00f3n, en conmemoraci\u00f3n del 106 aniversario de su natalicio. El evento se realiz\u00f3 durante una transmisi\u00f3n especial en el matutino del canal 4 \u201cEl Mang\u00fa\u2026","rel":"","context":"En \u00abENTRETENIMIENTO\u00bb","block_context":{"text":"ENTRETENIMIENTO","link":"https:\/\/lasprimeras.com.do\/index.php\/category\/entretenimiento\/"},"img":{"alt_text":"","src":"https:\/\/i0.wp.com\/lasprimeras.com.do\/wp-content\/uploads\/2025\/03\/rtvd.jpg?resize=350%2C200&ssl=1","width":350,"height":200,"srcset":"https:\/\/i0.wp.com\/lasprimeras.com.do\/wp-content\/uploads\/2025\/03\/rtvd.jpg?resize=350%2C200&ssl=1 1x, https:\/\/i0.wp.com\/lasprimeras.com.do\/wp-content\/uploads\/2025\/03\/rtvd.jpg?resize=525%2C300&ssl=1 1.5x, https:\/\/i0.wp.com\/lasprimeras.com.do\/wp-content\/uploads\/2025\/03\/rtvd.jpg?resize=700%2C400&ssl=1 2x"},"classes":[]},{"id":61503,"url":"https:\/\/lasprimeras.com.do\/index.php\/2023\/09\/27\/rtvd-sera-canal-oficial-en-rd-de-los-juegos-panamericanos-2023\/","url_meta":{"origin":74562,"position":1},"title":"RTVD ser\u00e1 canal oficial en RD de los Juegos Panamericanos 2023","author":"Nelson Feliz","date":"27 de septiembre de 2023","format":false,"excerpt":"Radio Televisi\u00f3n Dominicana (RTVD) ser\u00e1 el canal oficial para Rep\u00fablica Dominicana de la transmisi\u00f3n completa y en tiempo real de los Juegos Panamericanos Santiago 2023, que se desarrollar\u00e1n en Chile del 20 de octubre al 5 de noviembre. Durante un encuentro de prensa, el director general de RTVD, Iv\u00e1n Ruiz,\u2026","rel":"","context":"En \u00abSin categor\u00eda\u00bb","block_context":{"text":"Sin categor\u00eda","link":"https:\/\/lasprimeras.com.do\/index.php\/category\/sin-categoria\/"},"img":{"alt_text":"RTVD","src":"https:\/\/i0.wp.com\/lasprimeras.com.do\/wp-content\/uploads\/2023\/09\/Elenco.jpg?resize=350%2C200&ssl=1","width":350,"height":200,"srcset":"https:\/\/i0.wp.com\/lasprimeras.com.do\/wp-content\/uploads\/2023\/09\/Elenco.jpg?resize=350%2C200&ssl=1 1x, https:\/\/i0.wp.com\/lasprimeras.com.do\/wp-content\/uploads\/2023\/09\/Elenco.jpg?resize=525%2C300&ssl=1 1.5x, https:\/\/i0.wp.com\/lasprimeras.com.do\/wp-content\/uploads\/2023\/09\/Elenco.jpg?resize=700%2C400&ssl=1 2x"},"classes":[]},{"id":86982,"url":"https:\/\/lasprimeras.com.do\/index.php\/2024\/08\/04\/rtvd-en-72-aniversario-re-evoluciona-tv-con-tres-hitos-historicos-dos-series-y-su-instituto-docente\/","url_meta":{"origin":74562,"position":2},"title":"RTVD en 72 aniversario re-evoluciona TV con tres hitos hist\u00f3ricos: \u00a0dos series y su Instituto docente","author":"Nelson Feliz","date":"4 de agosto de 2024","format":false,"excerpt":"Con motivo de su 72 aniversario, anuncia estreno de las series Los Trinitarios y La Familia Espejo y anuncia el Instituto RTVD Radio Televisi\u00f3n Dominicana (RTVD, con motivo de su 72\u00ba aniversario, anunci\u00f3 el estreno el primero de agosto, de las series televisivas \"Los Trinitarios\" y \"La Familia Espejo\u201d, y\u2026","rel":"","context":"En \u00abENTRETENIMIENTO\u00bb","block_context":{"text":"ENTRETENIMIENTO","link":"https:\/\/lasprimeras.com.do\/index.php\/category\/entretenimiento\/"},"img":{"alt_text":"","src":"https:\/\/i0.wp.com\/lasprimeras.com.do\/wp-content\/uploads\/2024\/08\/Captura.png?resize=350%2C200&ssl=1","width":350,"height":200,"srcset":"https:\/\/i0.wp.com\/lasprimeras.com.do\/wp-content\/uploads\/2024\/08\/Captura.png?resize=350%2C200&ssl=1 1x, https:\/\/i0.wp.com\/lasprimeras.com.do\/wp-content\/uploads\/2024\/08\/Captura.png?resize=525%2C300&ssl=1 1.5x, https:\/\/i0.wp.com\/lasprimeras.com.do\/wp-content\/uploads\/2024\/08\/Captura.png?resize=700%2C400&ssl=1 2x"},"classes":[]},{"id":72391,"url":"https:\/\/lasprimeras.com.do\/index.php\/2023\/12\/29\/rtvd-recibe-reconocimiento-de-industria-y-comercio-por-su-innovacion\/","url_meta":{"origin":74562,"position":3},"title":"RTVD recibe reconocimiento de Industria y Comercio por su &#8220;innovaci\u00f3n&#8221;","author":"BIMARY DE JES\u00daS Matos","date":"29 de diciembre de 2023","format":false,"excerpt":"Santo Domingo.-Radio Televisi\u00f3n Dominicana (RTVD) recibi\u00f3 por primera vez en d\u00e9cadas un reconocimiento por sus \u201caltos est\u00e1ndares en innovaci\u00f3n\u201d, certificaci\u00f3n entregada durante el \u201cTercer Benchmarking sobre buenas pr\u00e1cticas internacionales en servicio al cliente\u201d, organizado por el Ministerio de Industria, Comercio y Mipymes (MICM). El reconocimiento fue entregado por Elmer Gonz\u00e1lez,\u2026","rel":"","context":"En \u00abENTRETENIMIENTO\u00bb","block_context":{"text":"ENTRETENIMIENTO","link":"https:\/\/lasprimeras.com.do\/index.php\/category\/entretenimiento\/"},"img":{"alt_text":"","src":"https:\/\/i0.wp.com\/lasprimeras.com.do\/wp-content\/uploads\/2023\/12\/WhatsApp-Image-2023-12-28-at-10.42.13-PM-3.jpeg?resize=350%2C200&ssl=1","width":350,"height":200,"srcset":"https:\/\/i0.wp.com\/lasprimeras.com.do\/wp-content\/uploads\/2023\/12\/WhatsApp-Image-2023-12-28-at-10.42.13-PM-3.jpeg?resize=350%2C200&ssl=1 1x, https:\/\/i0.wp.com\/lasprimeras.com.do\/wp-content\/uploads\/2023\/12\/WhatsApp-Image-2023-12-28-at-10.42.13-PM-3.jpeg?resize=525%2C300&ssl=1 1.5x"},"classes":[]},{"id":116050,"url":"https:\/\/lasprimeras.com.do\/index.php\/2025\/11\/26\/rtvd-celebra-nominacion-de-el-mangu-de-la-manana-a-premios-tal-2025\/","url_meta":{"origin":74562,"position":4},"title":"RTVD celebra nominaci\u00f3n de \u201cEl Mang\u00fa de la Ma\u00f1ana\u201d a Premios TAL 2025","author":"Nelson Feliz","date":"26 de noviembre de 2025","format":false,"excerpt":"La autenticidad dominicana y la calidad de la producci\u00f3n en la nueva ola de Radio Televisi\u00f3n Dominicana (RTVD) conquistan una vez m\u00e1s al jurado de los Premios TAL, de la Uni\u00f3n de los Canales P\u00fablicos y Culturales de Am\u00e9rica Latina. El programa \u201cEl Mang\u00fa de la Ma\u00f1ana\u201d ha sido nominado\u2026","rel":"","context":"En \u00abENTRETENIMIENTO\u00bb","block_context":{"text":"ENTRETENIMIENTO","link":"https:\/\/lasprimeras.com.do\/index.php\/category\/entretenimiento\/"},"img":{"alt_text":"","src":"https:\/\/i0.wp.com\/lasprimeras.com.do\/wp-content\/uploads\/2025\/11\/Carol-Fior-Daliza-Perez-Ruth-Ocumarez-Samir-Saba-Diana-Filpo-Kris-Vinas-y-Alex-Santiago-parte-del-elenco-del-programa-El-Mangu.jpg?resize=350%2C200&ssl=1","width":350,"height":200,"srcset":"https:\/\/i0.wp.com\/lasprimeras.com.do\/wp-content\/uploads\/2025\/11\/Carol-Fior-Daliza-Perez-Ruth-Ocumarez-Samir-Saba-Diana-Filpo-Kris-Vinas-y-Alex-Santiago-parte-del-elenco-del-programa-El-Mangu.jpg?resize=350%2C200&ssl=1 1x, https:\/\/i0.wp.com\/lasprimeras.com.do\/wp-content\/uploads\/2025\/11\/Carol-Fior-Daliza-Perez-Ruth-Ocumarez-Samir-Saba-Diana-Filpo-Kris-Vinas-y-Alex-Santiago-parte-del-elenco-del-programa-El-Mangu.jpg?resize=525%2C300&ssl=1 1.5x, https:\/\/i0.wp.com\/lasprimeras.com.do\/wp-content\/uploads\/2025\/11\/Carol-Fior-Daliza-Perez-Ruth-Ocumarez-Samir-Saba-Diana-Filpo-Kris-Vinas-y-Alex-Santiago-parte-del-elenco-del-programa-El-Mangu.jpg?resize=700%2C400&ssl=1 2x"},"classes":[]},{"id":76558,"url":"https:\/\/lasprimeras.com.do\/index.php\/2024\/02\/12\/lissette-selman-y-jesus-nova-conducen-programa-voluntad-electoral-por-rtvd\/","url_meta":{"origin":74562,"position":5},"title":"Lissette Selman y Jes\u00fas Nova conducen programa \u201cVoluntad Electoral\u201d por RTVD","author":"BIMARY DE JES\u00daS Matos","date":"12 de febrero de 2024","format":false,"excerpt":"Santo Domingo.-Con la finalidad de ofrecer a la ciudadan\u00eda orientaci\u00f3n precisa sobre las elecciones municipales a celebrarse el pr\u00f3ximo domingo 18 de febrero, Radio Televisi\u00f3n Dominicana inici\u00f3 el programa \u201cVoluntad Electoral\u201d, de lunes a viernes a las 9:30 de la noche.\u201c Voluntad Electoral\u201d, conducido por los veteranos comunicadores Lissette Selman\u2026","rel":"","context":"En \u00abENTRETENIMIENTO\u00bb","block_context":{"text":"ENTRETENIMIENTO","link":"https:\/\/lasprimeras.com.do\/index.php\/category\/entretenimiento\/"},"img":{"alt_text":"","src":"https:\/\/i0.wp.com\/lasprimeras.com.do\/wp-content\/uploads\/2024\/02\/65c97c8b19fe0-1.jpeg?resize=350%2C200&ssl=1","width":350,"height":200,"srcset":"https:\/\/i0.wp.com\/lasprimeras.com.do\/wp-content\/uploads\/2024\/02\/65c97c8b19fe0-1.jpeg?resize=350%2C200&ssl=1 1x, https:\/\/i0.wp.com\/lasprimeras.com.do\/wp-content\/uploads\/2024\/02\/65c97c8b19fe0-1.jpeg?resize=525%2C300&ssl=1 1.5x, https:\/\/i0.wp.com\/lasprimeras.com.do\/wp-content\/uploads\/2024\/02\/65c97c8b19fe0-1.jpeg?resize=700%2C400&ssl=1 2x"},"classes":[]}],"jetpack_sharing_enabled":true,"_links":{"self":[{"href":"https:\/\/lasprimeras.com.do\/index.php\/wp-json\/wp\/v2\/posts\/74562","targetHints":{"allow":["GET"]}}],"collection":[{"href":"https:\/\/lasprimeras.com.do\/index.php\/wp-json\/wp\/v2\/posts"}],"about":[{"href":"https:\/\/lasprimeras.com.do\/index.php\/wp-json\/wp\/v2\/types\/post"}],"author":[{"embeddable":true,"href":"https:\/\/lasprimeras.com.do\/index.php\/wp-json\/wp\/v2\/users\/2"}],"replies":[{"embeddable":true,"href":"https:\/\/lasprimeras.com.do\/index.php\/wp-json\/wp\/v2\/comments?post=74562"}],"version-history":[{"count":1,"href":"https:\/\/lasprimeras.com.do\/index.php\/wp-json\/wp\/v2\/posts\/74562\/revisions"}],"predecessor-version":[{"id":74564,"href":"https:\/\/lasprimeras.com.do\/index.php\/wp-json\/wp\/v2\/posts\/74562\/revisions\/74564"}],"wp:featuredmedia":[{"embeddable":true,"href":"https:\/\/lasprimeras.com.do\/index.php\/wp-json\/wp\/v2\/media\/74563"}],"wp:attachment":[{"href":"https:\/\/lasprimeras.com.do\/index.php\/wp-json\/wp\/v2\/media?parent=74562"}],"wp:term":[{"taxonomy":"category","embeddable":true,"href":"https:\/\/lasprimeras.com.do\/index.php\/wp-json\/wp\/v2\/categories?post=74562"},{"taxonomy":"post_tag","embeddable":true,"href":"https:\/\/lasprimeras.com.do\/index.php\/wp-json\/wp\/v2\/tags?post=74562"}],"curies":[{"name":"wp","href":"https:\/\/api.w.org\/{rel}","templated":true}]}}