{"id":74575,"date":"2024-01-24T15:23:03","date_gmt":"2024-01-24T19:23:03","guid":{"rendered":"https:\/\/lasprimeras.com.do\/?p=74575"},"modified":"2024-01-24T15:23:11","modified_gmt":"2024-01-24T19:23:11","slug":"solicitan-prision-preventiva-contra-frances-que-fumigo-en-torre-donde-fallecio-mujer","status":"publish","type":"post","link":"https:\/\/lasprimeras.com.do\/index.php\/2024\/01\/24\/solicitan-prision-preventiva-contra-frances-que-fumigo-en-torre-donde-fallecio-mujer\/","title":{"rendered":"Solicitan prisi\u00f3n preventiva contra franc\u00e9s que fumig\u00f3 en torre donde falleci\u00f3 mujer"},"content":{"rendered":"\n<p>SANTO DOMINGO.- El Ministerio P\u00fablico deposit\u00f3 este mi\u00e9rcoles la solicitud de medida de coerci\u00f3n contra el ciudadano franc\u00e9s Georges Antoine Thevenet, quien realiz\u00f3 la fumigaci\u00f3n en el noveno piso de una torre de apartamentos del sector Piantini, del Distrito Nacional, producto de lo cual fallecieron una mujer y su beb\u00e9 de dos meses de nacida que resid\u00edan en el lugar.<\/p>\n\n\n\n<p>La instancia con la solicitud de prisi\u00f3n preventiva, como media de coerci\u00f3n, fue depositada en la Oficina Judicial de Servicios de Atenci\u00f3n Permanente del Distrito Nacional.<\/p>\n\n\n\n<p>Contra Thevenet fue ejecutada el pasado lunes la orden judicial de arresto No. 0020-2023.<\/p>\n\n\n\n<p>El Ministerio P\u00fablico del Distrito Nacional, a trav\u00e9s del Departamento de Investigaci\u00f3n de Cr\u00edmenes y Delitos Contra la Persona, estableci\u00f3 en la solicitud de orden de arresto que, en momentos en que el imputado se encontraba realizando la fumigaci\u00f3n el pasado 19 de enero, expuso y afect\u00f3 con los componentes qu\u00edmicos a Adelle Ruiz Leen y a su hija menor de edad, al igual que a su esposo Jos\u00e9 Luis Acra y a otro menor de edad de un a\u00f1o y tres meses de nacido, hijo de ambos, quienes tambi\u00e9n se encontraban en la residencia donde ocurri\u00f3 el caso.<\/p>\n","protected":false},"excerpt":{"rendered":"<p>SANTO DOMINGO.- El Ministerio P\u00fablico deposit\u00f3 este mi\u00e9rcoles la solicitud de medida de coerci\u00f3n contra el ciudadano franc\u00e9s Georges Antoine Thevenet, quien realiz\u00f3 la fumigaci\u00f3n en el noveno piso de&hellip;<\/p>\n","protected":false},"author":3,"featured_media":74576,"comment_status":"open","ping_status":"open","sticky":false,"template":"","format":"standard","meta":{"content-type":"","jetpack_post_was_ever_published":false,"_jetpack_newsletter_access":"","_jetpack_dont_email_post_to_subs":false,"_jetpack_newsletter_tier_id":0,"_jetpack_memberships_contains_paywalled_content":false,"_jetpack_memberships_contains_paid_content":false,"footnotes":""},"categories":[35],"tags":[],"class_list":["post-74575","post","type-post","status-publish","format-standard","has-post-thumbnail","hentry","category-nacionales"],"jetpack_featured_media_url":"https:\/\/lasprimeras.com.do\/wp-content\/uploads\/2024\/01\/WhatsApp-Image-2024-01-22-at-11.36.03-AM-2.webp","jetpack-related-posts":[{"id":74432,"url":"https:\/\/lasprimeras.com.do\/index.php\/2024\/01\/23\/cuanto-tiempo-de-prision-enfrenta-ciudadano-frances-involucrado-en-fumigacion-mortal-de-acuerdo-al-abogado-francisco-alvarez\/","url_meta":{"origin":74575,"position":0},"title":"\u00bfCu\u00e1nto tiempo de prisi\u00f3n enfrenta ciudadano franc\u00e9s involucrado en fumigaci\u00f3n mortal, de acuerdo al abogado Francisco \u00c1lvarez?","author":"Nelson Feliz","date":"23 de enero de 2024","format":false,"excerpt":"El ciudadano franc\u00e9s Georges Antoine Thevenet podr\u00eda enfrentar una pena condenatoria de tres meses a dos a\u00f1os de prisi\u00f3n si es acusado de homicidio involuntario por el Ministerio P\u00fablico, luego de que fumigara un apartamento en la Torre Da Silva III, en el Distrito Nacional, y provocara la muerte de\u2026","rel":"","context":"En \u00abNACIONALES\u00bb","block_context":{"text":"NACIONALES","link":"https:\/\/lasprimeras.com.do\/index.php\/category\/nacionales\/"},"img":{"alt_text":"Francisco \u00c1lvarez M","src":"https:\/\/i0.wp.com\/lasprimeras.com.do\/wp-content\/uploads\/2024\/01\/Francisco-Alvarez-M.jpg?resize=350%2C200&ssl=1","width":350,"height":200,"srcset":"https:\/\/i0.wp.com\/lasprimeras.com.do\/wp-content\/uploads\/2024\/01\/Francisco-Alvarez-M.jpg?resize=350%2C200&ssl=1 1x, https:\/\/i0.wp.com\/lasprimeras.com.do\/wp-content\/uploads\/2024\/01\/Francisco-Alvarez-M.jpg?resize=525%2C300&ssl=1 1.5x, https:\/\/i0.wp.com\/lasprimeras.com.do\/wp-content\/uploads\/2024\/01\/Francisco-Alvarez-M.jpg?resize=700%2C400&ssl=1 2x"},"classes":[]},{"id":74811,"url":"https:\/\/lasprimeras.com.do\/index.php\/2024\/01\/26\/tribunal-pone-garantia-de-rd70-mil-a-frances-que-fumigo-edificio-donde-fallecio-mujer-y-su-bebe\/","url_meta":{"origin":74575,"position":1},"title":"Tribunal pone garant\u00eda de RD$70 mil a franc\u00e9s que fumig\u00f3 edificio donde falleci\u00f3 mujer y su beb\u00e9","author":"Nelson Feliz","date":"26 de enero de 2024","format":false,"excerpt":"El Ministerio P\u00fablico le ha otorgado al caso la calificaci\u00f3n jur\u00eddica de violaci\u00f3n al art\u00edculo 319 del C\u00f3digo Penal Dominicano sobre homicidio involuntario. Una jueza del juzgado de Atenci\u00f3n Permanente del Distrito Nacional dej\u00f3 en libertad al franc\u00e9s Georges Antoine Thevenet, que fumig\u00f3 en el noveno piso de una torre\u2026","rel":"","context":"En \u00abJUSTICIA\u00bb","block_context":{"text":"JUSTICIA","link":"https:\/\/lasprimeras.com.do\/index.php\/category\/justicia\/"},"img":{"alt_text":"Georges Antoine Thevenet hizo la fumigaci\u00f3n que provoc\u00f3 la muerte de una madre y su hija.LISTIN DIARIO","src":"https:\/\/i0.wp.com\/lasprimeras.com.do\/wp-content\/uploads\/2024\/01\/Georges-Antoine-Thevenet.jpeg?resize=350%2C200&ssl=1","width":350,"height":200,"srcset":"https:\/\/i0.wp.com\/lasprimeras.com.do\/wp-content\/uploads\/2024\/01\/Georges-Antoine-Thevenet.jpeg?resize=350%2C200&ssl=1 1x, https:\/\/i0.wp.com\/lasprimeras.com.do\/wp-content\/uploads\/2024\/01\/Georges-Antoine-Thevenet.jpeg?resize=525%2C300&ssl=1 1.5x, https:\/\/i0.wp.com\/lasprimeras.com.do\/wp-content\/uploads\/2024\/01\/Georges-Antoine-Thevenet.jpeg?resize=700%2C400&ssl=1 2x"},"classes":[]},{"id":74380,"url":"https:\/\/lasprimeras.com.do\/index.php\/2024\/01\/22\/apresan-artista-frances-por-muertes-en-torre-de-piantini\/","url_meta":{"origin":74575,"position":2},"title":"Apresan artista franc\u00e9s por muertes en torre de Piantini","author":"BIMARY DE JES\u00daS Matos","date":"22 de enero de 2024","format":false,"excerpt":"Santo Domingo.- El artista franc\u00e9s George Thevenet, se encuentra detenido como parte de la investigaci\u00f3n que realiza el Ministerio P\u00fablico con relaci\u00f3n de la muerte una mujer y su su beb\u00e9 de apenas dos meses de nacida tras fumigar el apartamento de la torre Da Silva III, del sector Piantini,\u2026","rel":"","context":"En \u00abPORTADA\u00bb","block_context":{"text":"PORTADA","link":"https:\/\/lasprimeras.com.do\/index.php\/category\/portada\/"},"img":{"alt_text":"","src":"https:\/\/i0.wp.com\/lasprimeras.com.do\/wp-content\/uploads\/2024\/01\/WhatsApp-Image-2024-01-22-at-2.58.29-PM.webp?resize=350%2C200&ssl=1","width":350,"height":200,"srcset":"https:\/\/i0.wp.com\/lasprimeras.com.do\/wp-content\/uploads\/2024\/01\/WhatsApp-Image-2024-01-22-at-2.58.29-PM.webp?resize=350%2C200&ssl=1 1x, https:\/\/i0.wp.com\/lasprimeras.com.do\/wp-content\/uploads\/2024\/01\/WhatsApp-Image-2024-01-22-at-2.58.29-PM.webp?resize=525%2C300&ssl=1 1.5x"},"classes":[]},{"id":124594,"url":"https:\/\/lasprimeras.com.do\/index.php\/2026\/03\/13\/mp-deposita-solicitud-de-coercion-contra-intelectuales-del-asalto-a-joyeria-en-cristo-rey\/","url_meta":{"origin":74575,"position":3},"title":"MP deposita solicitud de coerci\u00f3n contra intelectuales del asalto a joyer\u00eda en Cristo Rey","author":"Nelson Feliz","date":"13 de marzo de 2026","format":false,"excerpt":"El \u00f3rgano persecutor pidi\u00f3 que se imponga prisi\u00f3n preventiva contra los imputados El Ministerio P\u00fablico deposit\u00f3 en la Oficina Judicial de Servicios de Atenci\u00f3n Permanente del Distrito Nacional la solicitud de medida de coerci\u00f3n, consistente en prisi\u00f3n preventiva, contra dos hombres vinculados al asalto a mano armada perpetrado contra una\u2026","rel":"","context":"En \u00abJUSTICIA\u00bb","block_context":{"text":"JUSTICIA","link":"https:\/\/lasprimeras.com.do\/index.php\/category\/justicia\/"},"img":{"alt_text":"","src":"https:\/\/i0.wp.com\/lasprimeras.com.do\/wp-content\/uploads\/2026\/03\/asalto.jpg?resize=350%2C200&ssl=1","width":350,"height":200,"srcset":"https:\/\/i0.wp.com\/lasprimeras.com.do\/wp-content\/uploads\/2026\/03\/asalto.jpg?resize=350%2C200&ssl=1 1x, https:\/\/i0.wp.com\/lasprimeras.com.do\/wp-content\/uploads\/2026\/03\/asalto.jpg?resize=525%2C300&ssl=1 1.5x, https:\/\/i0.wp.com\/lasprimeras.com.do\/wp-content\/uploads\/2026\/03\/asalto.jpg?resize=700%2C400&ssl=1 2x"},"classes":[]},{"id":74537,"url":"https:\/\/lasprimeras.com.do\/index.php\/2024\/01\/24\/duena-apartamento-se-desliga-de-tragedia\/","url_meta":{"origin":74575,"position":4},"title":"Due\u00f1a apartamento se desliga de tragedia","author":"Nelson Feliz","date":"24 de enero de 2024","format":false,"excerpt":"Karina Baussan reside en La Florida y a trav\u00e9s de su abogado dijo empresa representada por franc\u00e9s hab\u00eda hecho proceso antes. Todav\u00eda anoche el Ministerio P\u00fablico trabajaba en la redacci\u00f3n de solicitud de medida de coerci\u00f3n contra el nacional franc\u00e9s George Antoine Thevenet, quien se encuentra detenido en la c\u00e1rcel\u2026","rel":"","context":"En \u00abNACIONALES\u00bb","block_context":{"text":"NACIONALES","link":"https:\/\/lasprimeras.com.do\/index.php\/category\/nacionales\/"},"img":{"alt_text":"George Antoine Thevenet","src":"https:\/\/i0.wp.com\/lasprimeras.com.do\/wp-content\/uploads\/2024\/01\/George-Antoine-Thevenet.jpg?resize=350%2C200&ssl=1","width":350,"height":200,"srcset":"https:\/\/i0.wp.com\/lasprimeras.com.do\/wp-content\/uploads\/2024\/01\/George-Antoine-Thevenet.jpg?resize=350%2C200&ssl=1 1x, https:\/\/i0.wp.com\/lasprimeras.com.do\/wp-content\/uploads\/2024\/01\/George-Antoine-Thevenet.jpg?resize=525%2C300&ssl=1 1.5x"},"classes":[]},{"id":121012,"url":"https:\/\/lasprimeras.com.do\/index.php\/2026\/01\/30\/solicitan-prision-preventiva-contra-hombre-imputado-por-la-muerte-de-su-pareja-en-la-zurza\/","url_meta":{"origin":74575,"position":5},"title":"Solicitan prisi\u00f3n preventiva contra hombre imputado por la muerte de su pareja en La Zurza","author":"Nelson Feliz","date":"30 de enero de 2026","format":false,"excerpt":"El Ministerio P\u00fablico solicit\u00f3 prisi\u00f3n preventiva, como medida de coerci\u00f3n, contra un hombre imputado por la muerte de su pareja, en un hecho ocurrido el jueves 1 de enero del presente a\u00f1o, en el sector La Zurza, del Distrito Nacional. La solicitud fue presentada por el fiscal H\u00e9ctor E. S\u00e1nchez,\u2026","rel":"","context":"En \u00abJUSTICIA\u00bb","block_context":{"text":"JUSTICIA","link":"https:\/\/lasprimeras.com.do\/index.php\/category\/justicia\/"},"img":{"alt_text":"","src":"https:\/\/i0.wp.com\/lasprimeras.com.do\/wp-content\/uploads\/2025\/04\/mallete.png?resize=350%2C200&ssl=1","width":350,"height":200,"srcset":"https:\/\/i0.wp.com\/lasprimeras.com.do\/wp-content\/uploads\/2025\/04\/mallete.png?resize=350%2C200&ssl=1 1x, https:\/\/i0.wp.com\/lasprimeras.com.do\/wp-content\/uploads\/2025\/04\/mallete.png?resize=525%2C300&ssl=1 1.5x, https:\/\/i0.wp.com\/lasprimeras.com.do\/wp-content\/uploads\/2025\/04\/mallete.png?resize=700%2C400&ssl=1 2x"},"classes":[]}],"jetpack_sharing_enabled":true,"_links":{"self":[{"href":"https:\/\/lasprimeras.com.do\/index.php\/wp-json\/wp\/v2\/posts\/74575","targetHints":{"allow":["GET"]}}],"collection":[{"href":"https:\/\/lasprimeras.com.do\/index.php\/wp-json\/wp\/v2\/posts"}],"about":[{"href":"https:\/\/lasprimeras.com.do\/index.php\/wp-json\/wp\/v2\/types\/post"}],"author":[{"embeddable":true,"href":"https:\/\/lasprimeras.com.do\/index.php\/wp-json\/wp\/v2\/users\/3"}],"replies":[{"embeddable":true,"href":"https:\/\/lasprimeras.com.do\/index.php\/wp-json\/wp\/v2\/comments?post=74575"}],"version-history":[{"count":1,"href":"https:\/\/lasprimeras.com.do\/index.php\/wp-json\/wp\/v2\/posts\/74575\/revisions"}],"predecessor-version":[{"id":74577,"href":"https:\/\/lasprimeras.com.do\/index.php\/wp-json\/wp\/v2\/posts\/74575\/revisions\/74577"}],"wp:featuredmedia":[{"embeddable":true,"href":"https:\/\/lasprimeras.com.do\/index.php\/wp-json\/wp\/v2\/media\/74576"}],"wp:attachment":[{"href":"https:\/\/lasprimeras.com.do\/index.php\/wp-json\/wp\/v2\/media?parent=74575"}],"wp:term":[{"taxonomy":"category","embeddable":true,"href":"https:\/\/lasprimeras.com.do\/index.php\/wp-json\/wp\/v2\/categories?post=74575"},{"taxonomy":"post_tag","embeddable":true,"href":"https:\/\/lasprimeras.com.do\/index.php\/wp-json\/wp\/v2\/tags?post=74575"}],"curies":[{"name":"wp","href":"https:\/\/api.w.org\/{rel}","templated":true}]}}