{"id":74663,"date":"2024-01-25T14:13:43","date_gmt":"2024-01-25T18:13:43","guid":{"rendered":"https:\/\/lasprimeras.com.do\/?p=74663"},"modified":"2024-01-25T14:13:44","modified_gmt":"2024-01-25T18:13:44","slug":"nadie-puede-obligar-al-periodista-a-revelar-su-fuente-ni-siquiera-el-ministerio-publico-afirma-el-exprocurador-radhames-jimenez","status":"publish","type":"post","link":"https:\/\/lasprimeras.com.do\/index.php\/2024\/01\/25\/nadie-puede-obligar-al-periodista-a-revelar-su-fuente-ni-siquiera-el-ministerio-publico-afirma-el-exprocurador-radhames-jimenez\/","title":{"rendered":"\u201cNadie puede obligar al periodista a revelar su fuente, ni siquiera el Ministerio P\u00fablico\u201d, afirma el exprocurador Radham\u00e9s Jim\u00e9nez."},"content":{"rendered":"\n<p>Santo Domingo:- A prop\u00f3sito del debate que ha generado la promulgaci\u00f3n de la ley 01-24, que establece y regula la Direcci\u00f3n Nacional de Inteligencia (DNI) y el Sistema Nacional de Inteligencia (SIN), el exprocurador general del Rep\u00fablica, y vicepresidente de la Fuerza del Pueblo, Radham\u00e9s Jim\u00e9nez Pe\u00f1a, fue enf\u00e1tico al afirmar que nadie puede obligar al periodista a revelar su fuente, ni siquiera el Ministerio P\u00fablico.<\/p>\n\n\n\n<p>Refiri\u00f3 que el art\u00edculo 49, de nuestra Carta Magna es bien taxativo cuando indica que toda persona tiene derecho a expresar libremente sus pensamientos, ideas y opiniones por cualquier medio, sin que pueda establecerse censura previa.<\/p>\n\n\n\n<p>\u201cLa Constituci\u00f3n establece en el art\u00edculo 49, inciso 3, lo que se llama la \u201cCl\u00e1usula de Conciencia\u201d, que resguarda el derecho que tiene el periodista de proteger su fuente , nadie puede obligarlo a revelarlo, ni siquiera el Ministerio P\u00fablico, que es el \u00f3rgano fundamental de la investigaci\u00f3n en la Rep\u00fablica Dominicana consagrado Constitucionalmente; mucho menos un \u00f3rgano paramilitar o militar como lo es la Direcci\u00f3n Nacional de Inteligencia, \u201cexpres\u00f3.<\/p>\n\n\n\n<p>Llama \u201cpopicracia a funcionarios del gobierno<\/p>\n\n\n\n<p>El dirigente pol\u00edtico dijo que la \u201cpopicracia\u201d, refiri\u00e9ndose a los funcionarios del gobierno, tienen los d\u00edas contados, y tanto en las elecciones de febrero como de mayo de 2024, el pueblo les dar\u00e1 su merecido.<\/p>\n\n\n\n<p>\u201cEn estos tres a\u00f1os del gobierno del PRM, lo que se ha instaurado en el pa\u00eds es una \u201cpopicracia\u201d, es el gobierno de los popis, de los ricos, que no les importa para nada el destino de los pobres, esas gentes han arrasado con todo, pero solo quedan 7 meses para que el pa\u00eds se enrumbe por el sendero del progreso la libertad, y el fortalecimiento institucional de la mano de Leonel Fern\u00e1ndez\u201d, rese\u00f1\u00f3 Jim\u00e9nez Pe\u00f1a.<\/p>\n","protected":false},"excerpt":{"rendered":"<p>Santo Domingo:- A prop\u00f3sito del debate que ha generado la promulgaci\u00f3n de la ley 01-24, que establece y regula la Direcci\u00f3n Nacional de Inteligencia (DNI) y el Sistema Nacional de&hellip;<\/p>\n","protected":false},"author":3,"featured_media":74664,"comment_status":"open","ping_status":"open","sticky":false,"template":"","format":"standard","meta":{"content-type":"","jetpack_post_was_ever_published":false,"_jetpack_newsletter_access":"","_jetpack_dont_email_post_to_subs":false,"_jetpack_newsletter_tier_id":0,"_jetpack_memberships_contains_paywalled_content":false,"_jetpack_memberships_contains_paid_content":false,"footnotes":""},"categories":[1],"tags":[],"class_list":["post-74663","post","type-post","status-publish","format-standard","has-post-thumbnail","hentry","category-sin-categoria"],"jetpack_featured_media_url":"https:\/\/lasprimeras.com.do\/wp-content\/uploads\/2024\/01\/WhatsApp-Image-2024-01-25-at-2.03.52-PM-scaled.jpeg","jetpack-related-posts":[{"id":103024,"url":"https:\/\/lasprimeras.com.do\/index.php\/2025\/07\/10\/no-es-posible-regular-a-los-haitianos-sin-documentos-radhames-jimenez\/","url_meta":{"origin":74663,"position":0},"title":"\u201cNo es posible regular a los haitianos sin documentos\u201d, Radham\u00e9s Jim\u00e9nez","author":"Nelson Feliz","date":"10 de julio de 2025","format":false,"excerpt":"El vicepresidente de la Fuerza del Pueblo (FP), Radham\u00e9s Jim\u00e9nez Pe\u00f1a, consider\u00f3 este jueves como imposible regularizar a los haitianos en el pa\u00eds sin estos no constan de documentaci\u00f3n que los identifique. Aclar\u00f3 que desde el punto de vista jur\u00eddico no existe la posibilidad en el pa\u00eds de que, una\u2026","rel":"","context":"En \u00abPOLITICA\u00bb","block_context":{"text":"POLITICA","link":"https:\/\/lasprimeras.com.do\/index.php\/category\/politica\/"},"img":{"alt_text":"Radham\u00e9s Jim\u00e9nez","src":"https:\/\/i0.wp.com\/lasprimeras.com.do\/wp-content\/uploads\/2025\/07\/Radhames-Jimenez.jpg?resize=350%2C200&ssl=1","width":350,"height":200,"srcset":"https:\/\/i0.wp.com\/lasprimeras.com.do\/wp-content\/uploads\/2025\/07\/Radhames-Jimenez.jpg?resize=350%2C200&ssl=1 1x, https:\/\/i0.wp.com\/lasprimeras.com.do\/wp-content\/uploads\/2025\/07\/Radhames-Jimenez.jpg?resize=525%2C300&ssl=1 1.5x, https:\/\/i0.wp.com\/lasprimeras.com.do\/wp-content\/uploads\/2025\/07\/Radhames-Jimenez.jpg?resize=700%2C400&ssl=1 2x"},"classes":[]},{"id":106653,"url":"https:\/\/lasprimeras.com.do\/index.php\/2025\/08\/17\/incapacidad-del-gobierno-del-prm-tiene-al-pueblo-hastiado-con-los-apagones-afirma-radhames-jimenez\/","url_meta":{"origin":74663,"position":1},"title":"\u201cIncapacidad del gobierno del PRM tiene al pueblo hastiado con los apagones\u201d, afirma Radham\u00e9s Jim\u00e9nez","author":"Nelson Feliz","date":"17 de agosto de 2025","format":false,"excerpt":"El vicepresidente y coordinador pol\u00edtico de la Fuerza del Pueblo Radham\u00e9s Jim\u00e9nez Pe\u00f1a, afirm\u00f3 que la incapacidad del gobierno del PRM tiene al pueblo hastiado con las largas tandas de apagones en todo el territorio nacional, y las autoridades no dan la cara. Expres\u00f3 que a pesar de ser el\u2026","rel":"","context":"En \u00abPOLITICA\u00bb","block_context":{"text":"POLITICA","link":"https:\/\/lasprimeras.com.do\/index.php\/category\/politica\/"},"img":{"alt_text":"Radhames Jimenez","src":"https:\/\/i0.wp.com\/lasprimeras.com.do\/wp-content\/uploads\/2023\/12\/Radhames-Jimenez.jpg?resize=350%2C200&ssl=1","width":350,"height":200,"srcset":"https:\/\/i0.wp.com\/lasprimeras.com.do\/wp-content\/uploads\/2023\/12\/Radhames-Jimenez.jpg?resize=350%2C200&ssl=1 1x, https:\/\/i0.wp.com\/lasprimeras.com.do\/wp-content\/uploads\/2023\/12\/Radhames-Jimenez.jpg?resize=525%2C300&ssl=1 1.5x, https:\/\/i0.wp.com\/lasprimeras.com.do\/wp-content\/uploads\/2023\/12\/Radhames-Jimenez.jpg?resize=700%2C400&ssl=1 2x"},"classes":[]},{"id":114195,"url":"https:\/\/lasprimeras.com.do\/index.php\/2025\/11\/11\/con-las-manos-arriba-tiene-la-delincuencia-al-gobierno-del-prm-afirma-radhames-jimenez-pena\/","url_meta":{"origin":74663,"position":2},"title":"\u201cCon las manos arriba tiene la delincuencia al Gobierno del PRM\u201d, afirma Radham\u00e9s Jim\u00e9nez Pe\u00f1a","author":"Nelson Feliz","date":"11 de noviembre de 2025","format":false,"excerpt":"El ex-procurador general de la Rep\u00fablica y vicepresidente del partido Fuerza del Pueblo, Radham\u00e9s Jim\u00e9nez Pe\u00f1a, expres\u00f3 que la delincuencia y la criminalidad tienen a las autoridades y al Gobierno del PRM con las manos arriba, ya que no han sido lo suficientemente competentes para dar respuestas contundentes al pa\u00eds\u2026","rel":"","context":"En \u00abPOLITICA\u00bb","block_context":{"text":"POLITICA","link":"https:\/\/lasprimeras.com.do\/index.php\/category\/politica\/"},"img":{"alt_text":"","src":"https:\/\/i0.wp.com\/lasprimeras.com.do\/wp-content\/uploads\/2025\/11\/Radhames-Jimenez-1.jpg?resize=350%2C200&ssl=1","width":350,"height":200,"srcset":"https:\/\/i0.wp.com\/lasprimeras.com.do\/wp-content\/uploads\/2025\/11\/Radhames-Jimenez-1.jpg?resize=350%2C200&ssl=1 1x, https:\/\/i0.wp.com\/lasprimeras.com.do\/wp-content\/uploads\/2025\/11\/Radhames-Jimenez-1.jpg?resize=525%2C300&ssl=1 1.5x, https:\/\/i0.wp.com\/lasprimeras.com.do\/wp-content\/uploads\/2025\/11\/Radhames-Jimenez-1.jpg?resize=700%2C400&ssl=1 2x"},"classes":[]},{"id":56035,"url":"https:\/\/lasprimeras.com.do\/index.php\/2023\/07\/27\/el-gobierno-del-prm-es-intolerante-con-la-prensa-afirma-radhames-jimenez\/","url_meta":{"origin":74663,"position":3},"title":"El gobierno del PRM es intolerante con la prensa afirma Radham\u00e9s Jim\u00e9nez","author":"Nelson Feliz","date":"27 de julio de 2023","format":false,"excerpt":"Juramenta nuevos miembros en la FP. El vicepresidente y coordinador pol\u00edtico de la Fuerza del Pueblo, Radham\u00e9s Jim\u00e9nez Pe\u00f1a, afirm\u00f3 que el gobierno del Partido Revolucionario Moderno, es intolerante con la prensa, por las constantes presiones que reciben los profesionales de la comunicaci\u00f3n en los diversos medios donde laboran. El\u2026","rel":"","context":"En \u00abPORTADA\u00bb","block_context":{"text":"PORTADA","link":"https:\/\/lasprimeras.com.do\/index.php\/category\/portada\/"},"img":{"alt_text":"Radham\u00e9s Jim\u00e9nez","src":"https:\/\/i0.wp.com\/lasprimeras.com.do\/wp-content\/uploads\/2023\/07\/Radhames-Jimenez-3.jpg?resize=350%2C200&ssl=1","width":350,"height":200,"srcset":"https:\/\/i0.wp.com\/lasprimeras.com.do\/wp-content\/uploads\/2023\/07\/Radhames-Jimenez-3.jpg?resize=350%2C200&ssl=1 1x, https:\/\/i0.wp.com\/lasprimeras.com.do\/wp-content\/uploads\/2023\/07\/Radhames-Jimenez-3.jpg?resize=525%2C300&ssl=1 1.5x, https:\/\/i0.wp.com\/lasprimeras.com.do\/wp-content\/uploads\/2023\/07\/Radhames-Jimenez-3.jpg?resize=700%2C400&ssl=1 2x"},"classes":[]},{"id":102503,"url":"https:\/\/lasprimeras.com.do\/index.php\/2025\/07\/05\/radhames-jimenez-califica-al-gobierno-del-prm-de-fallido-e-inoperante\/","url_meta":{"origin":74663,"position":4},"title":"Radham\u00e9s Jim\u00e9nez califica al gobierno del PRM de fallido e inoperante","author":"Nelson Feliz","date":"5 de julio de 2025","format":false,"excerpt":"El vicepresidente y coordinador pol\u00edtico de la Fuerza del Pueblo Radham\u00e9s Jim\u00e9nez Pe\u00f1a, calific\u00f3 al gobierno del PRM de fallido e inoperante, que no le dejar\u00e1 ning\u00fan legado al pa\u00eds y a las nuevas generaciones, ya que tiene a la ciudadan\u00eda al borde de la desesperaci\u00f3n con el descalabro de\u2026","rel":"","context":"En \u00abPOLITICA\u00bb","block_context":{"text":"POLITICA","link":"https:\/\/lasprimeras.com.do\/index.php\/category\/politica\/"},"img":{"alt_text":"Radham\u00e9s Jim\u00e9nez","src":"https:\/\/i0.wp.com\/lasprimeras.com.do\/wp-content\/uploads\/2025\/07\/Radhames-Jimenez.jpg?resize=350%2C200&ssl=1","width":350,"height":200,"srcset":"https:\/\/i0.wp.com\/lasprimeras.com.do\/wp-content\/uploads\/2025\/07\/Radhames-Jimenez.jpg?resize=350%2C200&ssl=1 1x, https:\/\/i0.wp.com\/lasprimeras.com.do\/wp-content\/uploads\/2025\/07\/Radhames-Jimenez.jpg?resize=525%2C300&ssl=1 1.5x, https:\/\/i0.wp.com\/lasprimeras.com.do\/wp-content\/uploads\/2025\/07\/Radhames-Jimenez.jpg?resize=700%2C400&ssl=1 2x"},"classes":[]},{"id":103702,"url":"https:\/\/lasprimeras.com.do\/index.php\/2025\/07\/17\/cierre-del-metro-en-horas-laborables-demuestra-improvisacion-del-gobierno-del-prm-afirma-radhames-jimenez\/","url_meta":{"origin":74663,"position":5},"title":"\u201cCierre del metro en horas laborables demuestra improvisaci\u00f3n del gobierno del PRM\u201d, afirma Radham\u00e9s Jim\u00e9nez","author":"Nelson Feliz","date":"17 de julio de 2025","format":false,"excerpt":"El vicepresidente y coordinador pol\u00edtico de la Fuerza del Pueblo, Radham\u00e9s Jim\u00e9nez Pe\u00f1a, calific\u00f3 de improvisado al gobierno del PRM, por el cierre del metro en Santo Domingo Norte en horarios laborables, afectando de manera directa a miles de ciudadanos que todos los d\u00edas utilizan ese servicio de transporte masivo.\u2026","rel":"","context":"En \u00abPOLITICA\u00bb","block_context":{"text":"POLITICA","link":"https:\/\/lasprimeras.com.do\/index.php\/category\/politica\/"},"img":{"alt_text":"","src":"https:\/\/i0.wp.com\/lasprimeras.com.do\/wp-content\/uploads\/2025\/07\/Radhames-Jimenez-1.jpg?resize=350%2C200&ssl=1","width":350,"height":200,"srcset":"https:\/\/i0.wp.com\/lasprimeras.com.do\/wp-content\/uploads\/2025\/07\/Radhames-Jimenez-1.jpg?resize=350%2C200&ssl=1 1x, https:\/\/i0.wp.com\/lasprimeras.com.do\/wp-content\/uploads\/2025\/07\/Radhames-Jimenez-1.jpg?resize=525%2C300&ssl=1 1.5x, https:\/\/i0.wp.com\/lasprimeras.com.do\/wp-content\/uploads\/2025\/07\/Radhames-Jimenez-1.jpg?resize=700%2C400&ssl=1 2x"},"classes":[]}],"jetpack_sharing_enabled":true,"_links":{"self":[{"href":"https:\/\/lasprimeras.com.do\/index.php\/wp-json\/wp\/v2\/posts\/74663","targetHints":{"allow":["GET"]}}],"collection":[{"href":"https:\/\/lasprimeras.com.do\/index.php\/wp-json\/wp\/v2\/posts"}],"about":[{"href":"https:\/\/lasprimeras.com.do\/index.php\/wp-json\/wp\/v2\/types\/post"}],"author":[{"embeddable":true,"href":"https:\/\/lasprimeras.com.do\/index.php\/wp-json\/wp\/v2\/users\/3"}],"replies":[{"embeddable":true,"href":"https:\/\/lasprimeras.com.do\/index.php\/wp-json\/wp\/v2\/comments?post=74663"}],"version-history":[{"count":1,"href":"https:\/\/lasprimeras.com.do\/index.php\/wp-json\/wp\/v2\/posts\/74663\/revisions"}],"predecessor-version":[{"id":74665,"href":"https:\/\/lasprimeras.com.do\/index.php\/wp-json\/wp\/v2\/posts\/74663\/revisions\/74665"}],"wp:featuredmedia":[{"embeddable":true,"href":"https:\/\/lasprimeras.com.do\/index.php\/wp-json\/wp\/v2\/media\/74664"}],"wp:attachment":[{"href":"https:\/\/lasprimeras.com.do\/index.php\/wp-json\/wp\/v2\/media?parent=74663"}],"wp:term":[{"taxonomy":"category","embeddable":true,"href":"https:\/\/lasprimeras.com.do\/index.php\/wp-json\/wp\/v2\/categories?post=74663"},{"taxonomy":"post_tag","embeddable":true,"href":"https:\/\/lasprimeras.com.do\/index.php\/wp-json\/wp\/v2\/tags?post=74663"}],"curies":[{"name":"wp","href":"https:\/\/api.w.org\/{rel}","templated":true}]}}