{"id":74838,"date":"2024-01-26T19:25:09","date_gmt":"2024-01-26T23:25:09","guid":{"rendered":"https:\/\/lasprimeras.com.do\/?p=74838"},"modified":"2024-01-26T19:25:10","modified_gmt":"2024-01-26T23:25:10","slug":"las-6-medidas-que-la-corte-de-la-onu-exige-cumplir-a-israel-en-gaza-y-que-pasa-ahora","status":"publish","type":"post","link":"https:\/\/lasprimeras.com.do\/index.php\/2024\/01\/26\/las-6-medidas-que-la-corte-de-la-onu-exige-cumplir-a-israel-en-gaza-y-que-pasa-ahora\/","title":{"rendered":"Las 6 medidas que la corte de la ONU exige cumplir a Israel en Gaza (y qu\u00e9 pasa ahora)"},"content":{"rendered":"\n<p>BBC News Mundo<\/p>\n\n\n\n<p><strong>Son medidas temporales que tienen el objetivo de evitar que la crisis en Gaza empeore.<\/strong><\/p>\n\n\n\n<p>El m\u00e1ximo tribunal de la ONU, la Corte Internacional de Justicia (CIJ), orden\u00f3 el viernes una serie de \u201cmedidas provisionales\u201d que Israel debe tomar para impedir la matanza de m\u00e1s civiles en Gaza y prevenir actos de genocidio en ese territorio palestino.<\/p>\n\n\n\n<p>El fallo fue una respuesta de los jueces al caso por genocidio que Sud\u00e1frica present\u00f3 contra Israel en ese tribunal con sede en La Haya.<\/p>\n\n\n\n<p>Pero no orden\u00f3 a Israel un cese inmediato de sus operaciones militares, uno de los objetivos perseguidos por los demandantes.<\/p>\n\n\n\n<p>El conflicto estall\u00f3 el 7 de octubre de 2023, cuando militantes de Ham\u00e1s irrumpieron en Israel y mataron a 1.200 israel\u00edes, llev\u00e1ndose tambi\u00e9n consigo 240 rehenes, de los cuales m\u00e1s de un centenar siguen secuestrados, de acuerdo con las autoridades israel\u00edes.<\/p>\n\n\n\n<p>La respuesta de Israel ha sido una ofensiva sobre Gaza que ha matado a 25.900 personas, en su mayor\u00eda mujeres y ni\u00f1os, de acuerdo con cifras del Ministerio de Salud dirigido por Ham\u00e1s.<\/p>\n\n\n\n<p>El veredicto sobre la acusaci\u00f3n de genocidio no se espera sino hasta dentro de a\u00f1os, pero el tribunal de la ONU dictamin\u00f3 que tiene jurisdicci\u00f3n para seguir adelante con el caso.<\/p>\n\n\n\n<p>\u201cEl tribunal es muy consciente de la magnitud de la tragedia humana que se est\u00e1 desarrollando en la regi\u00f3n y est\u00e1 profundamente preocupado por la continua p\u00e9rdida de vidas y el sufrimiento humano\u201d, dijo la presidenta de la CIJ, Joan E. Donaghue, al presentar la decisi\u00f3n tomada por el panel de 17 jueces.<\/p>\n\n\n\n<p><strong>Medidas &#8220;para impedir actos genocidas\u201d<\/strong><\/p>\n\n\n\n<p>A pesar de que la CIJ no orden\u00f3 a Israel detener sus acciones militares en Gaza, dijo que la poblaci\u00f3n del territorio estaba en serio riesgo de sufrir da\u00f1os irreparables y exigi\u00f3 a Israel tomar medidas provisionales para evitar que la situaci\u00f3n empeore y asegurar que sus soldados no violan la Convenci\u00f3n sobre Genocidio.<\/p>\n\n\n\n<p>&#8220;El tribunal considera que la poblaci\u00f3n civil de la Franja de Gaza sigue siendo extremadamente vulnerable&#8221;, afirm\u00f3 la jueza. \u201cEl tribunal considera que la catastr\u00f3fica situaci\u00f3n humanitaria en la Franja de Gaza corre un grave riesgo de deteriorarse a\u00fan m\u00e1s antes de que el tribunal dicte su sentencia definitiva\u201d.<\/p>\n\n\n\n<p><strong>Estas son las medidas provisionales que orden\u00f3 el tribunal:<\/strong><\/p>\n\n\n\n<p>Israel debe tomar todas las medidas necesarias para impedir cualquier acto que pueda considerarse genocida: matar a miembros de un grupo, causar da\u00f1os corporales, imponer condiciones destinadas a provocar la destrucci\u00f3n de un grupo, impedir nacimientos.<\/p>\n\n\n\n<p>Israel debe garantizar que su ej\u00e9rcito no cometa ning\u00fan acto genocida.<\/p>\n\n\n\n<p>Israel debe prevenir y castigar cualquier comentario p\u00fablico que pueda considerarse incitaci\u00f3n a cometer genocidio en Gaza.<\/p>\n\n\n\n<p>Israel debe tomar medidas para garantizar el acceso humanitario.<\/p>\n\n\n\n<p>Israel debe impedir cualquier destrucci\u00f3n de pruebas que puedan utilizarse en un caso de genocidio.<\/p>\n\n\n\n<p>Israel debe presentar un informe al tribunal en el plazo de un mes desde que se dicte esta orden.<\/p>\n\n\n\n<p>El tribunal tambi\u00e9n expres\u00f3 su grave preocupaci\u00f3n por la suerte de los rehenes retenidos por Ham\u00e1s y pidi\u00f3 su liberaci\u00f3n inmediata.<\/p>\n\n\n\n<p>Jeremy Bowen, editor internacional de la BBC, considera que lo que el tribunal de la ONU est\u00e1 diciendo con su dictamen es que \u201cla forma en la que Israel est\u00e1 conduciendo la guerra debe cambiar radicalmente bajo estas condiciones\u201d.<\/p>\n\n\n\n<p>\u201cIsrael ha dicho consistentemente que sus combates respetan las leyes de la guerra. Las declaraciones de la jueza indican que el tribunal no est\u00e1 de acuerdo\u201d, dice Bowen.<\/p>\n\n\n\n<p>En todo caso, el fallo no se\u00f1ala que Israel haya cometido genocidio.<\/p>\n\n\n\n<p>Cuando el tribunal decida sobre el fondo o el &#8220;m\u00e9rito&#8221; del caso, podr\u00eda concluir que no se ha cometido genocidio, incluso aunque haya impuesto medidas provisionales en esta etapa inicial.<\/p>\n\n\n\n<p>Sin embargo, las medidas temporales impuestas por el tribunal env\u00edan una se\u00f1al a Israel y a sus aliados de que sus acciones est\u00e1n bajo escrutinio internacional.<\/p>\n\n\n\n<p><strong>Israel rechaza el fallo y Ham\u00e1s lo celebra<\/strong><\/p>\n\n\n\n<p>Israel niega rotundamente la acusaci\u00f3n de Sud\u00e1frica, calific\u00e1ndola de &#8220;infundada&#8221;.<\/p>\n\n\n\n<p>El primer ministro, Benjamin Netanyahu, reaccion\u00f3 al fallo asegurando que Israel \u201cseguir\u00e1 defendi\u00e9ndonos a nosotros y a nuestros ciudadanos respetando el derecho internacional\u201d.<\/p>\n\n\n\n<p>Agreg\u00f3 que Israel \u201ccontinuar\u00e1 esta guerra hasta la victoria absoluta\u201d y hasta que \u201ctodos los rehenes sean devueltos\u201d.<\/p>\n\n\n\n<p>El Ministro de Defensa israel\u00ed, Yoav Gallant, rechaz\u00f3 el fallo de la CIJ para que Israel haga m\u00e1s para impedir cualquier acto que pueda considerarse genocida.<\/p>\n\n\n\n<p>&#8220;El Estado de Israel no necesita sermones sobre moralidad para distinguir entre terroristas y la poblaci\u00f3n civil en Gaza&#8221;, public\u00f3 en las redes sociales, calificando el caso presentado por Sud\u00e1frica de &#8220;antisemita&#8221;.<\/p>\n\n\n\n<p>&#8220;Las FDI (Fuerzas de Defensa de Israel) y las agencias de seguridad seguir\u00e1n operando para desmantelar las capacidades militares y de gobierno de la organizaci\u00f3n terrorista Ham\u00e1s y devolver a los rehenes a sus hogares. Tengo plena confianza en nuestras tropas&#8221;, dijo.<\/p>\n\n\n\n<p>Ham\u00e1s, que gobierna la Franja de Gaza y es considerada organizaci\u00f3n terrorista por EE.UU., la UE y gran parte de la comunidad internacional, acogi\u00f3 con satisfacci\u00f3n el fallo.<\/p>\n\n\n\n<p>La decisi\u00f3n de la Corte Internacional de Justicia &#8220;es un acontecimiento importante que contribuye a aislar a Israel y a exponer sus cr\u00edmenes en Gaza&#8221;, afirm\u00f3 el grupo en un comunicado.<\/p>\n\n\n\n<p>La Autoridad Palestina, que gobierna Cisjordania y rivaliza con Ham\u00e1s, tambi\u00e9n expres\u00f3 su apoyo a la decisi\u00f3n de la CIJ.<\/p>\n\n\n\n<p><strong>\u00bfQu\u00e9 pasa ahora?<\/strong><\/p>\n\n\n\n<p>Las medidas provisionales ordenadas por la CIJ son un paso inicial en el caso presentado por Sud\u00e1frica contra Israel.<\/p>\n\n\n\n<p>El tribunal no tiene mecanismos para hacer cumplir sus sentencias, pero el caso presentado por Sud\u00e1frica, que ha captado la atenci\u00f3n del mundo, incrementa la presi\u00f3n internacional sobre Benjamin Netanyahu por la guerra en Gaza.<\/p>\n\n\n\n<p>Paul Adams, corresponsal diplom\u00e1tico de la BBC, indica que las medidas presentadas por la CIJ \u201cest\u00e1n dise\u00f1adas para garantizar que mientras los jueces consideren la acusaci\u00f3n fundamental de Sud\u00e1frica contra Israel, los palestinos de Gaza tengan alguna medida de protecci\u00f3n\u201d.<\/p>\n\n\n\n<p>\u201cIsrael debe ahora decidir c\u00f3mo responder\u201d, apunta Adams. \u201cIsrael podr\u00eda optar por ignorar a los jueces por completo\u201d.<\/p>\n\n\n\n<p>\u201cPero en momentos en que los esfuerzos diplom\u00e1ticos aparentemente se concentran en la posibilidad de un alto el fuego de dos meses y todav\u00eda se est\u00e1n haciendo esfuerzos para mejorar el flujo de ayuda a la Franja de Gaza, Israel puede argumentar que ya est\u00e1 tomando medidas para cumplir con las demandas de la corte\u201d, agrega.<\/p>\n\n\n\n<p>Adem\u00e1s, de los muertos y heridos causados por la ofensiva sobre Gaza se estima que 1,7 millones de personas (casi las tres cuartas partes de la poblaci\u00f3n de la Franja) han sido desplazadas.<\/p>\n\n\n\n<p>Queda por ver cu\u00e1l ser\u00e1 la protecci\u00f3n real que la decisi\u00f3n de la CIJ proveer\u00e1 a los civiles en Gaza.<\/p>\n\n\n\n<p>Fuente BBC News Mundo<\/p>\n","protected":false},"excerpt":{"rendered":"<p>BBC News Mundo Son medidas temporales que tienen el objetivo de evitar que la crisis en Gaza empeore. El m\u00e1ximo tribunal de la ONU, la Corte Internacional de Justicia (CIJ),&hellip;<\/p>\n","protected":false},"author":2,"featured_media":74839,"comment_status":"open","ping_status":"open","sticky":false,"template":"","format":"standard","meta":{"content-type":"","jetpack_post_was_ever_published":false,"_jetpack_newsletter_access":"","_jetpack_dont_email_post_to_subs":false,"_jetpack_newsletter_tier_id":0,"_jetpack_memberships_contains_paywalled_content":false,"_jetpack_memberships_contains_paid_content":false,"footnotes":""},"categories":[1],"tags":[246,8295,3499,1186,93],"class_list":["post-74838","post","type-post","status-publish","format-standard","has-post-thumbnail","hentry","category-sin-categoria","tag-corte","tag-gaza","tag-israel","tag-medidas","tag-onu"],"jetpack_featured_media_url":"https:\/\/lasprimeras.com.do\/wp-content\/uploads\/2024\/01\/Joan-Donohue.jpg","jetpack-related-posts":[{"id":73682,"url":"https:\/\/lasprimeras.com.do\/index.php\/2024\/01\/15\/el-numero-de-muertos-en-gaza-supera-los-24-000-mientras-israel-ataca-objetivos-en-el-norte-y-el-sur\/","url_meta":{"origin":74838,"position":0},"title":"El n\u00famero de muertos en Gaza supera los 24.000 mientras Israel ataca objetivos en el norte y el sur","author":"Nelson Feliz","date":"15 de enero de 2024","format":false,"excerpt":"POR LA PRENSA ASOCIADA Los ataques israel\u00edes alcanzaron la ciudad de Gaza y los soldados lucharon contra militantes en el sur de Gaza el lunes despu\u00e9s de que Estados Unidos, su principal aliado, dijera que era hora de reducir las operaciones. Las autoridades palestinas dijeron que el n\u00famero de muertos\u2026","rel":"","context":"En \u00abSin categor\u00eda\u00bb","block_context":{"text":"Sin categor\u00eda","link":"https:\/\/lasprimeras.com.do\/index.php\/category\/sin-categoria\/"},"img":{"alt_text":"Muertos","src":"https:\/\/i0.wp.com\/lasprimeras.com.do\/wp-content\/uploads\/2024\/01\/Muertos.jpg?resize=350%2C200&ssl=1","width":350,"height":200,"srcset":"https:\/\/i0.wp.com\/lasprimeras.com.do\/wp-content\/uploads\/2024\/01\/Muertos.jpg?resize=350%2C200&ssl=1 1x, https:\/\/i0.wp.com\/lasprimeras.com.do\/wp-content\/uploads\/2024\/01\/Muertos.jpg?resize=525%2C300&ssl=1 1.5x, https:\/\/i0.wp.com\/lasprimeras.com.do\/wp-content\/uploads\/2024\/01\/Muertos.jpg?resize=700%2C400&ssl=1 2x"},"classes":[]},{"id":84036,"url":"https:\/\/lasprimeras.com.do\/index.php\/2024\/05\/30\/enfermera-honrada-por-su-compasion-es-despedida-despues-de-referirse-al-genocidio-de-gaza-en-un-discurso\/","url_meta":{"origin":74838,"position":1},"title":"Enfermera honrada por su compasi\u00f3n es despedida despu\u00e9s de referirse al &#8220;genocidio&#8221; de Gaza en un discurso","author":"Nelson Feliz","date":"30 de mayo de 2024","format":false,"excerpt":"POR KAREN MATHEWS NUEVA YORK (AP) \u2014 Una enfermera fue despedida de un hospital de la ciudad de Nueva York despu\u00e9s de que se refiriera a la guerra de Israel en Gaza como un \u201cgenocidio\u201d durante un discurso al aceptar un premio. La enfermera de partos Hesen Jabr, que es\u2026","rel":"","context":"En \u00abSin categor\u00eda\u00bb","block_context":{"text":"Sin categor\u00eda","link":"https:\/\/lasprimeras.com.do\/index.php\/category\/sin-categoria\/"},"img":{"alt_text":"","src":"https:\/\/i0.wp.com\/lasprimeras.com.do\/wp-content\/uploads\/2024\/05\/Enfermera.jpg?resize=350%2C200&ssl=1","width":350,"height":200,"srcset":"https:\/\/i0.wp.com\/lasprimeras.com.do\/wp-content\/uploads\/2024\/05\/Enfermera.jpg?resize=350%2C200&ssl=1 1x, https:\/\/i0.wp.com\/lasprimeras.com.do\/wp-content\/uploads\/2024\/05\/Enfermera.jpg?resize=525%2C300&ssl=1 1.5x, https:\/\/i0.wp.com\/lasprimeras.com.do\/wp-content\/uploads\/2024\/05\/Enfermera.jpg?resize=700%2C400&ssl=1 2x"},"classes":[]},{"id":109285,"url":"https:\/\/lasprimeras.com.do\/index.php\/2025\/09\/16\/comision-de-investigacion-onu-se-suma-al-creciente-clamor-que-acusa-a-israel-de-genocidio-en-gaza\/","url_meta":{"origin":74838,"position":2},"title":"Comisi\u00f3n de investigaci\u00f3n ONU se suma al creciente clamor que acusa a Israel de genocidio en Gaza","author":"Nelson Feliz","date":"16 de septiembre de 2025","format":false,"excerpt":"POR JAMEY KEATEN GINEBRA (AP) \u2014 Un equipo de expertos independientes comisionado por el Consejo de Derechos Humanos de las Naciones Unidas ha concluido que Israel est\u00e1 cometiendo genocidio en Gaza, y emiti\u00f3 un informe el martes que insta a la comunidad internacional a poner fin al genocidio y tomar\u2026","rel":"","context":"En \u00abINTERNACIONALES\u00bb","block_context":{"text":"INTERNACIONALES","link":"https:\/\/lasprimeras.com.do\/index.php\/category\/sin-categoria\/internacionales\/"},"img":{"alt_text":"","src":"https:\/\/i0.wp.com\/lasprimeras.com.do\/wp-content\/uploads\/2025\/09\/gaza.jpg?resize=350%2C200&ssl=1","width":350,"height":200,"srcset":"https:\/\/i0.wp.com\/lasprimeras.com.do\/wp-content\/uploads\/2025\/09\/gaza.jpg?resize=350%2C200&ssl=1 1x, https:\/\/i0.wp.com\/lasprimeras.com.do\/wp-content\/uploads\/2025\/09\/gaza.jpg?resize=525%2C300&ssl=1 1.5x, https:\/\/i0.wp.com\/lasprimeras.com.do\/wp-content\/uploads\/2025\/09\/gaza.jpg?resize=700%2C400&ssl=1 2x"},"classes":[]},{"id":83800,"url":"https:\/\/lasprimeras.com.do\/index.php\/2024\/05\/25\/onu-exige-a-israel-que-detenga-ofensiva-en-gaza\/","url_meta":{"origin":74838,"position":3},"title":"ONU exige a Israel que detenga ofensiva en Gaza","author":"Nelson Feliz","date":"25 de mayo de 2024","format":false,"excerpt":"POR ERIC TUCKER Y AAMER MADHANI WASHINGTON (AP) \u2014 La orden de un tribunal de la ONU de que Israel detenga su ofensiva en la ciudad de Rafah, en el sur de Gaza, ha profundizado la desconexi\u00f3n con Estados Unidos por una operaci\u00f3n militar que enfrenta una creciente condena internacional\u2026","rel":"","context":"En \u00abSin categor\u00eda\u00bb","block_context":{"text":"Sin categor\u00eda","link":"https:\/\/lasprimeras.com.do\/index.php\/category\/sin-categoria\/"},"img":{"alt_text":"","src":"https:\/\/i0.wp.com\/lasprimeras.com.do\/wp-content\/uploads\/2024\/05\/Ofensiva.jpg?resize=350%2C200&ssl=1","width":350,"height":200,"srcset":"https:\/\/i0.wp.com\/lasprimeras.com.do\/wp-content\/uploads\/2024\/05\/Ofensiva.jpg?resize=350%2C200&ssl=1 1x, https:\/\/i0.wp.com\/lasprimeras.com.do\/wp-content\/uploads\/2024\/05\/Ofensiva.jpg?resize=525%2C300&ssl=1 1.5x, https:\/\/i0.wp.com\/lasprimeras.com.do\/wp-content\/uploads\/2024\/05\/Ofensiva.jpg?resize=700%2C400&ssl=1 2x"},"classes":[]},{"id":84796,"url":"https:\/\/lasprimeras.com.do\/index.php\/2024\/06\/16\/el-ejercito-de-israel-detendra-combates-diurnos-en-el-sur-de-gaza-para-ayudar-flujo-de-ayuda\/","url_meta":{"origin":74838,"position":4},"title":"El ej\u00e9rcito de Israel detendr\u00e1 combates diurnos en el sur de Gaza para ayudar flujo de ayuda","author":"Nelson Feliz","date":"16 de junio de 2024","format":false,"excerpt":"POR JOSEF FEDERMAN, WAFAA SHURAFA Y JULIA FRANKEL JERUSAL\u00c9N (AP) \u2014 El ej\u00e9rcito de Israel anunci\u00f3 el domingo que suspender\u00e1 los combates durante el d\u00eda a lo largo de una ruta en el sur de Gaza para liberar un retraso en las entregas de ayuda humanitaria para los palestinos desesperados\u2026","rel":"","context":"En \u00abSin categor\u00eda\u00bb","block_context":{"text":"Sin categor\u00eda","link":"https:\/\/lasprimeras.com.do\/index.php\/category\/sin-categoria\/"},"img":{"alt_text":"","src":"https:\/\/i0.wp.com\/lasprimeras.com.do\/wp-content\/uploads\/2024\/06\/Ayuda-Gaza.jpg?resize=350%2C200&ssl=1","width":350,"height":200,"srcset":"https:\/\/i0.wp.com\/lasprimeras.com.do\/wp-content\/uploads\/2024\/06\/Ayuda-Gaza.jpg?resize=350%2C200&ssl=1 1x, https:\/\/i0.wp.com\/lasprimeras.com.do\/wp-content\/uploads\/2024\/06\/Ayuda-Gaza.jpg?resize=525%2C300&ssl=1 1.5x, https:\/\/i0.wp.com\/lasprimeras.com.do\/wp-content\/uploads\/2024\/06\/Ayuda-Gaza.jpg?resize=700%2C400&ssl=1 2x"},"classes":[]},{"id":86172,"url":"https:\/\/lasprimeras.com.do\/index.php\/2024\/07\/20\/corte-internacional-de-justicia-presencia-de-israel-en-territorios-palestinos-ocupados-es-ilegal\/","url_meta":{"origin":74838,"position":5},"title":"Corte Internacional de Justicia: Presencia de Israel en territorios palestinos ocupados es ilegal","author":"Nelson Feliz","date":"20 de julio de 2024","format":false,"excerpt":"BY MIKE CORDER LA HAYA, Holanda (AP) \u2014 La Corte Internacional de Justicia dijo el viernes que la presencia de Israel en los territorios palestinos ocupados es ilegal, y pidi\u00f3 poner fin a dicha presencia y a detener de inmediato la construcci\u00f3n de asentamientos, emitiendo una condena generalizada y sin\u2026","rel":"","context":"En \u00abSin categor\u00eda\u00bb","block_context":{"text":"Sin categor\u00eda","link":"https:\/\/lasprimeras.com.do\/index.php\/category\/sin-categoria\/"},"img":{"alt_text":"","src":"https:\/\/i0.wp.com\/lasprimeras.com.do\/wp-content\/uploads\/2024\/07\/RIAD-MAIKI.jpg?resize=350%2C200&ssl=1","width":350,"height":200,"srcset":"https:\/\/i0.wp.com\/lasprimeras.com.do\/wp-content\/uploads\/2024\/07\/RIAD-MAIKI.jpg?resize=350%2C200&ssl=1 1x, https:\/\/i0.wp.com\/lasprimeras.com.do\/wp-content\/uploads\/2024\/07\/RIAD-MAIKI.jpg?resize=525%2C300&ssl=1 1.5x, https:\/\/i0.wp.com\/lasprimeras.com.do\/wp-content\/uploads\/2024\/07\/RIAD-MAIKI.jpg?resize=700%2C400&ssl=1 2x"},"classes":[]}],"jetpack_sharing_enabled":true,"_links":{"self":[{"href":"https:\/\/lasprimeras.com.do\/index.php\/wp-json\/wp\/v2\/posts\/74838","targetHints":{"allow":["GET"]}}],"collection":[{"href":"https:\/\/lasprimeras.com.do\/index.php\/wp-json\/wp\/v2\/posts"}],"about":[{"href":"https:\/\/lasprimeras.com.do\/index.php\/wp-json\/wp\/v2\/types\/post"}],"author":[{"embeddable":true,"href":"https:\/\/lasprimeras.com.do\/index.php\/wp-json\/wp\/v2\/users\/2"}],"replies":[{"embeddable":true,"href":"https:\/\/lasprimeras.com.do\/index.php\/wp-json\/wp\/v2\/comments?post=74838"}],"version-history":[{"count":1,"href":"https:\/\/lasprimeras.com.do\/index.php\/wp-json\/wp\/v2\/posts\/74838\/revisions"}],"predecessor-version":[{"id":74840,"href":"https:\/\/lasprimeras.com.do\/index.php\/wp-json\/wp\/v2\/posts\/74838\/revisions\/74840"}],"wp:featuredmedia":[{"embeddable":true,"href":"https:\/\/lasprimeras.com.do\/index.php\/wp-json\/wp\/v2\/media\/74839"}],"wp:attachment":[{"href":"https:\/\/lasprimeras.com.do\/index.php\/wp-json\/wp\/v2\/media?parent=74838"}],"wp:term":[{"taxonomy":"category","embeddable":true,"href":"https:\/\/lasprimeras.com.do\/index.php\/wp-json\/wp\/v2\/categories?post=74838"},{"taxonomy":"post_tag","embeddable":true,"href":"https:\/\/lasprimeras.com.do\/index.php\/wp-json\/wp\/v2\/tags?post=74838"}],"curies":[{"name":"wp","href":"https:\/\/api.w.org\/{rel}","templated":true}]}}