{"id":74844,"date":"2024-01-26T20:02:19","date_gmt":"2024-01-27T00:02:19","guid":{"rendered":"https:\/\/lasprimeras.com.do\/?p=74844"},"modified":"2024-01-26T20:03:12","modified_gmt":"2024-01-27T00:03:12","slug":"primero-la-gente-realiza-primera-reunion-virtual-en-nueva-york","status":"publish","type":"post","link":"https:\/\/lasprimeras.com.do\/index.php\/2024\/01\/26\/primero-la-gente-realiza-primera-reunion-virtual-en-nueva-york\/","title":{"rendered":"Primero la Gente realiza primera reuni\u00f3n virtual en Nueva York"},"content":{"rendered":"\n<p><strong>New York.- <\/strong>El Comit\u00e9 Ejecutivo Internacional del Partido Primero la Gente (PPG) realiz\u00f3 su primera reuni\u00f3n virtual en la cual se discutieron ideas para promocionar la reelecci\u00f3n del presidente Luis Abinader en las venideras elecciones de mayo.<\/p>\n\n\n\n<p>El presidente del Comit\u00e9 Ejecutivo Internacional, Waldo Robles, inform\u00f3 que la reuni\u00f3n fue previamente aprobada por el senador Antonio Marte, presidente del PPG.<\/p>\n\n\n\n<p>El evento cont\u00f3 con su participaci\u00f3n y la de Jean Carlos Marte, vicepresidente; Luis Rosado, secretario general; el director del Sector Externo, Jos\u00e9 Luis Diaz; Maribel Buret, presidente de la Seccional de New York; Liuli Castillo, presidente de la circunscripci\u00f3n 2 y Levi Cordero, presidente de la seccional de Panam\u00e1.<\/p>\n\n\n\n<p>Tambi\u00e9n estuvieron presentes los dirigentes Waldo Ben\u00edtez, de Barcelona, Espa\u00f1a; Miguel F\u00e9lix, presidente de la circunscripci\u00f3n 3; en representaci\u00f3n de Canad\u00e1, V\u00edctor cabrera y Luis Josu\u00e9 Gonzales.<\/p>\n\n\n\n<p>En representaci\u00f3n del estado de Pensilvania, estuvo Erik Ogando, Omar Mart\u00ednez y Ra\u00fal N\u00fa\u00f1ez. Por New Jersey asistieron Jos\u00e9 Espinal; por El Bronx, New York, William Ramirez y Emil Garc\u00eda, por Queens, Nick Linares. Otros que participaron fueron Adi Robles y Francisco Rosario.<\/p>\n\n\n\n<p>Waldo Ben\u00edtez, Maribel Buret y Liuli Castillo, son candidatos a diputados por Ultramar.<\/p>\n\n\n\n<p>El presidente del PPG, senador Antonio Marte, convers\u00f3 personalmente con cada uno de los dirigentes y le pidi\u00f3 seguir con la estructuraci\u00f3n del partido y fortalecer con militantes y simpatizantes el apoyo al proyecto y as\u00ed poder sumarle votos al candidato Luis Abinader, proclamado por el PPG, lo cual figurar\u00e1 en la casilla n\u00famero 33 de las boletas.<\/p>\n\n\n\n<p>Waldo Robles destac\u00f3 que su decisi\u00f3n de unirse al PPG y su l\u00edder Antonio Marte fue por haberse dado cuenta de que ese partido es la cuarta fuerza pol\u00edtica, que abre las puertas de la esperanza para un mejor porvenir de los dominicanos.<\/p>\n\n\n\n<p>Tiene la creencia al igual que Marte, de que el PPG ser\u00e1 el mayor y el mejor partido de la Rep\u00fablica Dominicana, que mantendr\u00e1 vivas las ideas de Jos\u00e9 Francisco Pe\u00f1a G\u00f3mez.<\/p>\n","protected":false},"excerpt":{"rendered":"<p>New York.- El Comit\u00e9 Ejecutivo Internacional del Partido Primero la Gente (PPG) realiz\u00f3 su primera reuni\u00f3n virtual en la cual se discutieron ideas para promocionar la reelecci\u00f3n del presidente Luis&hellip;<\/p>\n","protected":false},"author":2,"featured_media":74845,"comment_status":"open","ping_status":"open","sticky":false,"template":"","format":"standard","meta":{"content-type":"","jetpack_post_was_ever_published":false,"_jetpack_newsletter_access":"","_jetpack_dont_email_post_to_subs":false,"_jetpack_newsletter_tier_id":0,"_jetpack_memberships_contains_paywalled_content":false,"_jetpack_memberships_contains_paid_content":false,"footnotes":""},"categories":[1],"tags":[1840,1638,1414,2866,576,6311],"class_list":["post-74844","post","type-post","status-publish","format-standard","has-post-thumbnail","hentry","category-sin-categoria","tag-comite","tag-internacional","tag-ppg","tag-primera","tag-reunion","tag-virtual"],"jetpack_featured_media_url":"https:\/\/lasprimeras.com.do\/wp-content\/uploads\/2024\/01\/Waldo-Robles.png","jetpack-related-posts":[{"id":102110,"url":"https:\/\/lasprimeras.com.do\/index.php\/2025\/07\/01\/ppg-escoge-32-comisiones-de-trabajos-para-concluir-su-primer-congreso-extraordinario\/","url_meta":{"origin":74844,"position":0},"title":"PPG escoge 32 comisiones de trabajos para concluir su primer congreso extraordinario","author":"Nelson Feliz","date":"1 de julio de 2025","format":false,"excerpt":"El presidente del Partido Primero la Gente (PPG) y senador por la provincia Santiago Rodr\u00edguez, Antonio Marte, inform\u00f3 que el relanzamiento de la organizaci\u00f3n pol\u00edtica que lidera es una realidad y adelant\u00f3 estar listo para jugar un rol de principal\u00eda en las elecciones nacionales, congresuales y municipales del 2028. Marte,\u2026","rel":"","context":"En \u00abPOLITICA\u00bb","block_context":{"text":"POLITICA","link":"https:\/\/lasprimeras.com.do\/index.php\/category\/politica\/"},"img":{"alt_text":"Antonio Marte","src":"https:\/\/i0.wp.com\/lasprimeras.com.do\/wp-content\/uploads\/2025\/07\/Antonio-Marte.jpg?resize=350%2C200&ssl=1","width":350,"height":200,"srcset":"https:\/\/i0.wp.com\/lasprimeras.com.do\/wp-content\/uploads\/2025\/07\/Antonio-Marte.jpg?resize=350%2C200&ssl=1 1x, https:\/\/i0.wp.com\/lasprimeras.com.do\/wp-content\/uploads\/2025\/07\/Antonio-Marte.jpg?resize=525%2C300&ssl=1 1.5x, https:\/\/i0.wp.com\/lasprimeras.com.do\/wp-content\/uploads\/2025\/07\/Antonio-Marte.jpg?resize=700%2C400&ssl=1 2x"},"classes":[]},{"id":110327,"url":"https:\/\/lasprimeras.com.do\/index.php\/2025\/09\/27\/ppg-nuestro-norte-es-seguir-impulsando-el-desarrollo-y-mejoria-de-calidad-de-vida-de-las-familias\/","url_meta":{"origin":74844,"position":1},"title":"PPG: \u201cNuestro norte es seguir impulsando el desarrollo y mejor\u00eda de calidad de vida de las familias\u201d","author":"Nelson Feliz","date":"27 de septiembre de 2025","format":false,"excerpt":"El Partido Primero la Gente (PPG), liderado por el senador Antonio Marte, jurament\u00f3 durante el fin de semana estructuras provincial, municipales y distritales de Puerto Plata. El Partido Primero la Gente (PPG) contin\u00faa mostrando su fortaleza como entidad pol\u00edtica, respondiendo a la l\u00ednea trazada por el liderazgo local y nacional\u2026","rel":"","context":"En \u00abPOLITICA\u00bb","block_context":{"text":"POLITICA","link":"https:\/\/lasprimeras.com.do\/index.php\/category\/politica\/"},"img":{"alt_text":"","src":"https:\/\/i0.wp.com\/lasprimeras.com.do\/wp-content\/uploads\/2025\/09\/antonio-marte.jpg?resize=350%2C200&ssl=1","width":350,"height":200,"srcset":"https:\/\/i0.wp.com\/lasprimeras.com.do\/wp-content\/uploads\/2025\/09\/antonio-marte.jpg?resize=350%2C200&ssl=1 1x, https:\/\/i0.wp.com\/lasprimeras.com.do\/wp-content\/uploads\/2025\/09\/antonio-marte.jpg?resize=525%2C300&ssl=1 1.5x, https:\/\/i0.wp.com\/lasprimeras.com.do\/wp-content\/uploads\/2025\/09\/antonio-marte.jpg?resize=700%2C400&ssl=1 2x"},"classes":[]},{"id":71720,"url":"https:\/\/lasprimeras.com.do\/index.php\/2023\/12\/22\/la-jrm-seccional-ny-dara-inicio-a-proyecto-educativo-internacional-encuentro-virtual-jrm\/","url_meta":{"origin":74844,"position":2},"title":"La JRM- Seccional NY dar\u00e1 inicio a proyecto educativo internacional \u201cEncuentro Virtual JRM\u201d","author":"Nelson Feliz","date":"22 de diciembre de 2023","format":false,"excerpt":"Nueva York . -La secretaria de Organizaci\u00f3n de la Juventud Revolucionaria Moderna Seccional New York, (JRM-NY) abogada Eridenia Lora, di\u00f3 a conocer esta semana que el Frente de la Juventud del PRM dar\u00e1 inicio al Proyecto educativo \u201cEncuentro Virtual JRM\u201d. Consiste en un \u201cClub de Lectura Moderno\u201d , cuya reuni\u00f3n\u2026","rel":"","context":"En \u00abSin categor\u00eda\u00bb","block_context":{"text":"Sin categor\u00eda","link":"https:\/\/lasprimeras.com.do\/index.php\/category\/sin-categoria\/"},"img":{"alt_text":"Eridenia Lora","src":"https:\/\/i0.wp.com\/lasprimeras.com.do\/wp-content\/uploads\/2023\/12\/Eridenia-Lora.jpg?resize=350%2C200&ssl=1","width":350,"height":200,"srcset":"https:\/\/i0.wp.com\/lasprimeras.com.do\/wp-content\/uploads\/2023\/12\/Eridenia-Lora.jpg?resize=350%2C200&ssl=1 1x, https:\/\/i0.wp.com\/lasprimeras.com.do\/wp-content\/uploads\/2023\/12\/Eridenia-Lora.jpg?resize=525%2C300&ssl=1 1.5x, https:\/\/i0.wp.com\/lasprimeras.com.do\/wp-content\/uploads\/2023\/12\/Eridenia-Lora.jpg?resize=700%2C400&ssl=1 2x"},"classes":[]},{"id":75493,"url":"https:\/\/lasprimeras.com.do\/index.php\/2024\/02\/01\/ppg-felicita-juventud-dominicana-les-exhorta-prepararse-para-enfrentar-retos\/","url_meta":{"origin":74844,"position":3},"title":"PPG felicita juventud dominicana, les exhorta prepararse para enfrentar retos","author":"Nelson Feliz","date":"1 de febrero de 2024","format":false,"excerpt":"Por Vicente Balbuena New York.- El Partido Primero la Gente, PPG, liderado por el senador de la Rep\u00fablica, Antonio Marte, felicit\u00f3 a la juventud dominicana y les exhort\u00f3 prepararse para los retos que permanentemente se presentan en el universo. As\u00ed lo expres\u00f3, Waldo Robles, presidente de la organizaci\u00f3n pol\u00edtica en\u2026","rel":"","context":"En \u00abSin categor\u00eda\u00bb","block_context":{"text":"Sin categor\u00eda","link":"https:\/\/lasprimeras.com.do\/index.php\/category\/sin-categoria\/"},"img":{"alt_text":"Waldo Robles","src":"https:\/\/i0.wp.com\/lasprimeras.com.do\/wp-content\/uploads\/2024\/02\/Waldo-Robles.png?resize=350%2C200&ssl=1","width":350,"height":200},"classes":[]},{"id":98344,"url":"https:\/\/lasprimeras.com.do\/index.php\/2025\/05\/06\/antonio-marte-solo-con-medidas-serias-y-contundentes-se-soluciona-la-crisis-migratoria\/","url_meta":{"origin":74844,"position":4},"title":"Antonio Marte: \u201cSolo con medidas serias y contundentes se soluciona la crisis migratoria\u201d","author":"Nelson Feliz","date":"6 de mayo de 2025","format":false,"excerpt":"El presidente del Partido Primero la Gente (PPG) favorece reuni\u00f3n entre el presidente Luis Abinader, Leonel Fern\u00e1ndez, Danilo Medina e Hip\u00f3lito Mej\u00eda, pero cree necesario escuchar a todos los sectores que han hecho propuestas sobre el tema. El presidente del Partido Primero la Gente (PPG), Antonio Marte, consider\u00f3 que solo\u2026","rel":"","context":"En \u00abPOLITICA\u00bb","block_context":{"text":"POLITICA","link":"https:\/\/lasprimeras.com.do\/index.php\/category\/politica\/"},"img":{"alt_text":"Antonio Marte","src":"https:\/\/i0.wp.com\/lasprimeras.com.do\/wp-content\/uploads\/2023\/09\/Antonio-Marte.jpeg?resize=350%2C200&ssl=1","width":350,"height":200,"srcset":"https:\/\/i0.wp.com\/lasprimeras.com.do\/wp-content\/uploads\/2023\/09\/Antonio-Marte.jpeg?resize=350%2C200&ssl=1 1x, https:\/\/i0.wp.com\/lasprimeras.com.do\/wp-content\/uploads\/2023\/09\/Antonio-Marte.jpeg?resize=525%2C300&ssl=1 1.5x, https:\/\/i0.wp.com\/lasprimeras.com.do\/wp-content\/uploads\/2023\/09\/Antonio-Marte.jpeg?resize=700%2C400&ssl=1 2x"},"classes":[]},{"id":116316,"url":"https:\/\/lasprimeras.com.do\/index.php\/2025\/11\/30\/antonio-marte-inaugura-nuevo-local-del-partido-primero-la-gente-en-santiago\/","url_meta":{"origin":74844,"position":5},"title":"Antonio Marte inaugura nuevo local del Partido Primero La Gente en Santiago","author":"Nelson Feliz","date":"30 de noviembre de 2025","format":false,"excerpt":"Juramentan a Mario Cruz y su equipo que sali\u00f3 del Partido Justicia Social. El senador y presidente del Partido Primero La Gente, Antonio Marte encabezo la inauguraci\u00f3n del nuevo local del PPG en la ciudad de Santiago, marcando un paso importante en la expansi\u00f3n y consolidaci\u00f3n de esa organizaci\u00f3n pol\u00edtica\u2026","rel":"","context":"En \u00abPOLITICA\u00bb","block_context":{"text":"POLITICA","link":"https:\/\/lasprimeras.com.do\/index.php\/category\/politica\/"},"img":{"alt_text":"","src":"https:\/\/i0.wp.com\/lasprimeras.com.do\/wp-content\/uploads\/2025\/11\/Antonio-Marte-1.jpg?resize=350%2C200&ssl=1","width":350,"height":200,"srcset":"https:\/\/i0.wp.com\/lasprimeras.com.do\/wp-content\/uploads\/2025\/11\/Antonio-Marte-1.jpg?resize=350%2C200&ssl=1 1x, https:\/\/i0.wp.com\/lasprimeras.com.do\/wp-content\/uploads\/2025\/11\/Antonio-Marte-1.jpg?resize=525%2C300&ssl=1 1.5x, https:\/\/i0.wp.com\/lasprimeras.com.do\/wp-content\/uploads\/2025\/11\/Antonio-Marte-1.jpg?resize=700%2C400&ssl=1 2x"},"classes":[]}],"jetpack_sharing_enabled":true,"_links":{"self":[{"href":"https:\/\/lasprimeras.com.do\/index.php\/wp-json\/wp\/v2\/posts\/74844","targetHints":{"allow":["GET"]}}],"collection":[{"href":"https:\/\/lasprimeras.com.do\/index.php\/wp-json\/wp\/v2\/posts"}],"about":[{"href":"https:\/\/lasprimeras.com.do\/index.php\/wp-json\/wp\/v2\/types\/post"}],"author":[{"embeddable":true,"href":"https:\/\/lasprimeras.com.do\/index.php\/wp-json\/wp\/v2\/users\/2"}],"replies":[{"embeddable":true,"href":"https:\/\/lasprimeras.com.do\/index.php\/wp-json\/wp\/v2\/comments?post=74844"}],"version-history":[{"count":2,"href":"https:\/\/lasprimeras.com.do\/index.php\/wp-json\/wp\/v2\/posts\/74844\/revisions"}],"predecessor-version":[{"id":74847,"href":"https:\/\/lasprimeras.com.do\/index.php\/wp-json\/wp\/v2\/posts\/74844\/revisions\/74847"}],"wp:featuredmedia":[{"embeddable":true,"href":"https:\/\/lasprimeras.com.do\/index.php\/wp-json\/wp\/v2\/media\/74845"}],"wp:attachment":[{"href":"https:\/\/lasprimeras.com.do\/index.php\/wp-json\/wp\/v2\/media?parent=74844"}],"wp:term":[{"taxonomy":"category","embeddable":true,"href":"https:\/\/lasprimeras.com.do\/index.php\/wp-json\/wp\/v2\/categories?post=74844"},{"taxonomy":"post_tag","embeddable":true,"href":"https:\/\/lasprimeras.com.do\/index.php\/wp-json\/wp\/v2\/tags?post=74844"}],"curies":[{"name":"wp","href":"https:\/\/api.w.org\/{rel}","templated":true}]}}