{"id":74876,"date":"2024-01-27T09:26:55","date_gmt":"2024-01-27T13:26:55","guid":{"rendered":"https:\/\/lasprimeras.com.do\/?p=74876"},"modified":"2024-01-27T09:26:55","modified_gmt":"2024-01-27T13:26:55","slug":"abinader-encabezo-caravana-con-candidatos-municipales-de-sjo","status":"publish","type":"post","link":"https:\/\/lasprimeras.com.do\/index.php\/2024\/01\/27\/abinader-encabezo-caravana-con-candidatos-municipales-de-sjo\/","title":{"rendered":"Abinader encabez\u00f3 caravana con candidatos municipales de SJO"},"content":{"rendered":"\n<p>SAN JOS\u00c9 DE OCOA.- El candidato presidencial del Partido Revolucionario Moderno (PRM) Luis Abinader, encabez\u00f3 una caravana en apoyo a los candidatos de esta entidad pol\u00edtica a las alcald\u00edas de este municipio y el de Sabana Larga.<\/p>\n\n\n\n<p>Estuvo acompa\u00f1ado del alcalde de Sabana Larga y aspirante a la misma posici\u00f3n, Milton Brea, entre otros aspirantes a cargos municipales en las elecciones de febrero pr\u00f3ximo.<\/p>\n\n\n\n<p>A su paso le esperaban seguidores con pancartas con las inscripciones: \u00abVolveremos a ganar\u00bb, \u00abNo mires p\u00b4atr\u00e1\u00bb, \u00abLuis se queda ah\u00ed\u00bb, \u00bb La juventud dijo ya, queremos cuatro m\u00e1s\u00bb, \u00abVamos p\u00e1 la calle a buscar los votos\u00bb, \u00abSeguimos con Luis, lo pide el pais\u00bb, entre otras.<\/p>\n\n\n\n<p>Al llegar al municipio cabecera se les sum\u00f3 el aspirante a alcalde por Sabana Larga, Fernando Castillo y el candidato a senador de la provincia, Aneudy Ortiz.<\/p>\n\n\n\n<p>La caravana inici\u00f3 pasadas las 4:00 de la tarde en la calle 27 de Febrero, en el sector El Jabill\u00f3n, Sabana Larga y recorri\u00f3 las principales calles del municipio.<\/p>\n","protected":false},"excerpt":{"rendered":"<p>SAN JOS\u00c9 DE OCOA.- El candidato presidencial del Partido Revolucionario Moderno (PRM) Luis Abinader, encabez\u00f3 una caravana en apoyo a los candidatos de esta entidad pol\u00edtica a las alcald\u00edas de&hellip;<\/p>\n","protected":false},"author":3,"featured_media":74877,"comment_status":"open","ping_status":"open","sticky":false,"template":"","format":"standard","meta":{"content-type":"","jetpack_post_was_ever_published":false,"_jetpack_newsletter_access":"","_jetpack_dont_email_post_to_subs":false,"_jetpack_newsletter_tier_id":0,"_jetpack_memberships_contains_paywalled_content":false,"_jetpack_memberships_contains_paid_content":false,"footnotes":""},"categories":[1],"tags":[67],"class_list":["post-74876","post","type-post","status-publish","format-standard","has-post-thumbnail","hentry","category-sin-categoria","tag-luis-abinader"],"jetpack_featured_media_url":"https:\/\/lasprimeras.com.do\/wp-content\/uploads\/2024\/01\/ELNACIONAL_0020046883-1024x683-2.jpg","jetpack-related-posts":[{"id":74236,"url":"https:\/\/lasprimeras.com.do\/index.php\/2024\/01\/20\/roberto-angel-ocoa-se-tira-a-las-calles-a-respaldar-el-cambio-de-luis-abinader-y-el-prm\/","url_meta":{"origin":74876,"position":0},"title":"Roberto \u00c1ngel: &#8220;Ocoa se tira a las calles a respaldar el cambio de Luis Abinader y el PRM&#8221;","author":"Nelson Feliz","date":"20 de enero de 2024","format":false,"excerpt":"En apoyo a candidatos alcaldes, directores municipales, regidores y vocales, recorre este s\u00e1bado\u00a0 municipios Rancho Arriba y Sabana Larga. El miembro de la Direcci\u00f3n Ejecutiva del Partido Revolucionario Moderno (PRM) Roberto \u00c1ngel Salcedo destac\u00f3 este s\u00e1bado el entusiasmo con que la gente de San Jos\u00e9 de Ocoa se ha tirado\u2026","rel":"","context":"En \u00abPORTADA\u00bb","block_context":{"text":"PORTADA","link":"https:\/\/lasprimeras.com.do\/index.php\/category\/portada\/"},"img":{"alt_text":"Roberto \u00c1ngel Salcedo","src":"https:\/\/i0.wp.com\/lasprimeras.com.do\/wp-content\/uploads\/2024\/01\/Roberto-Angel-Salcedo-02.jpg?resize=350%2C200&ssl=1","width":350,"height":200,"srcset":"https:\/\/i0.wp.com\/lasprimeras.com.do\/wp-content\/uploads\/2024\/01\/Roberto-Angel-Salcedo-02.jpg?resize=350%2C200&ssl=1 1x, https:\/\/i0.wp.com\/lasprimeras.com.do\/wp-content\/uploads\/2024\/01\/Roberto-Angel-Salcedo-02.jpg?resize=525%2C300&ssl=1 1.5x, https:\/\/i0.wp.com\/lasprimeras.com.do\/wp-content\/uploads\/2024\/01\/Roberto-Angel-Salcedo-02.jpg?resize=700%2C400&ssl=1 2x"},"classes":[]},{"id":75077,"url":"https:\/\/lasprimeras.com.do\/index.php\/2024\/01\/29\/luis-el-gallo-encabeza-gran-caravana-en-municipios-de-ocoa-en-apoyo-trabajo-presidente-luis-abinader\/","url_meta":{"origin":74876,"position":1},"title":"Luis \u201cEl Gallo\u201d encabeza gran caravana en municipios de Ocoa, en apoyo trabajo presidente Luis Abinader","author":"BIMARY DE JES\u00daS Matos","date":"29 de enero de 2024","format":false,"excerpt":"SAN JOS\u00c9 DE OCOA.- El presidente de la Uni\u00f3n Dem\u00f3crata Cristiana, \u2013UDC, Luis Acosta Moreta, Luis \u201cEl Callo\u201d, encabez\u00f3 una impresionante caravana, en los dos municipios principales de esta provincia, bajo la consigna de que hay que ganar las municipales, en reconocimiento al trabajo y dedicaci\u00f3n del presidente Luis Abinader.\u2026","rel":"","context":"En \u00abPORTADA\u00bb","block_context":{"text":"PORTADA","link":"https:\/\/lasprimeras.com.do\/index.php\/category\/portada\/"},"img":{"alt_text":"","src":"https:\/\/i0.wp.com\/lasprimeras.com.do\/wp-content\/uploads\/2024\/01\/WhatsApp-Image-2024-01-29-at-10.54.55-AM-1.jpeg?resize=350%2C200&ssl=1","width":350,"height":200,"srcset":"https:\/\/i0.wp.com\/lasprimeras.com.do\/wp-content\/uploads\/2024\/01\/WhatsApp-Image-2024-01-29-at-10.54.55-AM-1.jpeg?resize=350%2C200&ssl=1 1x, https:\/\/i0.wp.com\/lasprimeras.com.do\/wp-content\/uploads\/2024\/01\/WhatsApp-Image-2024-01-29-at-10.54.55-AM-1.jpeg?resize=525%2C300&ssl=1 1.5x, https:\/\/i0.wp.com\/lasprimeras.com.do\/wp-content\/uploads\/2024\/01\/WhatsApp-Image-2024-01-29-at-10.54.55-AM-1.jpeg?resize=700%2C400&ssl=1 2x, https:\/\/i0.wp.com\/lasprimeras.com.do\/wp-content\/uploads\/2024\/01\/WhatsApp-Image-2024-01-29-at-10.54.55-AM-1.jpeg?resize=1050%2C600&ssl=1 3x"},"classes":[]},{"id":74936,"url":"https:\/\/lasprimeras.com.do\/index.php\/2024\/01\/27\/abinader-encabeza-caravanas-en-villa-altagracia-haina-y-san-cristobal\/","url_meta":{"origin":74876,"position":2},"title":"Abinader encabeza caravanas en Villa Altagracia, Haina y San Crist\u00f3bal","author":"Nelson Feliz","date":"27 de enero de 2024","format":false,"excerpt":"El l\u00edder PRM recorri\u00f3 esas demarcaciones apoyando candidatos municipales perreme\u00edstas para las elecciones del 18 de febrero. El candidato presidencial del Partido Revolucionario Moderno (PRM) Luis Abinader encabez\u00f3 hoy multitudinarias caravanas en Villa Altagracia, Quita Sue\u00f1o, Haina y San Crist\u00f3bal en respaldo a los candidatos municipales de esa demarcaci\u00f3n. El\u2026","rel":"","context":"En \u00abPORTADA\u00bb","block_context":{"text":"PORTADA","link":"https:\/\/lasprimeras.com.do\/index.php\/category\/portada\/"},"img":{"alt_text":"Luis Abinader","src":"https:\/\/i0.wp.com\/lasprimeras.com.do\/wp-content\/uploads\/2024\/01\/Luis-Abinader-2-1.jpg?resize=350%2C200&ssl=1","width":350,"height":200,"srcset":"https:\/\/i0.wp.com\/lasprimeras.com.do\/wp-content\/uploads\/2024\/01\/Luis-Abinader-2-1.jpg?resize=350%2C200&ssl=1 1x, https:\/\/i0.wp.com\/lasprimeras.com.do\/wp-content\/uploads\/2024\/01\/Luis-Abinader-2-1.jpg?resize=525%2C300&ssl=1 1.5x"},"classes":[]},{"id":74242,"url":"https:\/\/lasprimeras.com.do\/index.php\/2024\/01\/20\/abinader-encabeza-dos-multitudinarias-caravanas-en-el-este\/","url_meta":{"origin":74876,"position":3},"title":"Abinader encabeza dos multitudinarias caravanas en el Este","author":"Nelson Feliz","date":"20 de enero de 2024","format":false,"excerpt":"Candidato presidencial del PRM participa en actividades de apoyo a candidatos municipales de Monte Plata y Hato Mayor. El candidato presidencial por el Partido Revolucionario Moderno (PRM), Luis Abinader, encabez\u00f3 este s\u00e1bado actividades en apoyo a los candidatos municipales en Monte Plata y Hato Mayor. En una demostraci\u00f3n de fuerza,\u2026","rel":"","context":"En \u00abPORTADA\u00bb","block_context":{"text":"PORTADA","link":"https:\/\/lasprimeras.com.do\/index.php\/category\/portada\/"},"img":{"alt_text":"Luis Abinader","src":"https:\/\/i0.wp.com\/lasprimeras.com.do\/wp-content\/uploads\/2024\/01\/Luis-Abinader-02.jpg?resize=350%2C200&ssl=1","width":350,"height":200,"srcset":"https:\/\/i0.wp.com\/lasprimeras.com.do\/wp-content\/uploads\/2024\/01\/Luis-Abinader-02.jpg?resize=350%2C200&ssl=1 1x, https:\/\/i0.wp.com\/lasprimeras.com.do\/wp-content\/uploads\/2024\/01\/Luis-Abinader-02.jpg?resize=525%2C300&ssl=1 1.5x, https:\/\/i0.wp.com\/lasprimeras.com.do\/wp-content\/uploads\/2024\/01\/Luis-Abinader-02.jpg?resize=700%2C400&ssl=1 2x"},"classes":[]},{"id":75907,"url":"https:\/\/lasprimeras.com.do\/index.php\/2024\/02\/05\/abinader-moviliza-miles-personas-en-dajabon-mao-santiago-y-pp\/","url_meta":{"origin":74876,"position":4},"title":"Abinader moviliza miles personas en Dajab\u00f3n, Mao, Santiago y PP","author":"BIMARY DE JES\u00daS Matos","date":"5 de febrero de 2024","format":false,"excerpt":"Rep\u00fablica Dominicana.- El candidato presidencial del Partido Revolucionario Moderno (PRM), Luis Abinader, quien busca la reelecci\u00f3n en este cargo, moviliz\u00f3 este domingo a miles de sus seguidores en los municipios Dajab\u00f3n y Mao en apoyo a los candidatos municipales de esta entidad pol\u00edtica en esas demarcaciones. En Dajab\u00f3n, inici\u00f3 su\u2026","rel":"","context":"En \u00abSin categor\u00eda\u00bb","block_context":{"text":"Sin categor\u00eda","link":"https:\/\/lasprimeras.com.do\/index.php\/category\/sin-categoria\/"},"img":{"alt_text":"","src":"https:\/\/i0.wp.com\/lasprimeras.com.do\/wp-content\/uploads\/2024\/02\/CANDIDATO-A-REGIDOR-Justicia-Social-JOSUE-MENDEZ-APOYARA-A-DIO-ASTACIO-DEL-PRM-11.jpg?resize=350%2C200&ssl=1","width":350,"height":200,"srcset":"https:\/\/i0.wp.com\/lasprimeras.com.do\/wp-content\/uploads\/2024\/02\/CANDIDATO-A-REGIDOR-Justicia-Social-JOSUE-MENDEZ-APOYARA-A-DIO-ASTACIO-DEL-PRM-11.jpg?resize=350%2C200&ssl=1 1x, https:\/\/i0.wp.com\/lasprimeras.com.do\/wp-content\/uploads\/2024\/02\/CANDIDATO-A-REGIDOR-Justicia-Social-JOSUE-MENDEZ-APOYARA-A-DIO-ASTACIO-DEL-PRM-11.jpg?resize=525%2C300&ssl=1 1.5x, https:\/\/i0.wp.com\/lasprimeras.com.do\/wp-content\/uploads\/2024\/02\/CANDIDATO-A-REGIDOR-Justicia-Social-JOSUE-MENDEZ-APOYARA-A-DIO-ASTACIO-DEL-PRM-11.jpg?resize=700%2C400&ssl=1 2x, https:\/\/i0.wp.com\/lasprimeras.com.do\/wp-content\/uploads\/2024\/02\/CANDIDATO-A-REGIDOR-Justicia-Social-JOSUE-MENDEZ-APOYARA-A-DIO-ASTACIO-DEL-PRM-11.jpg?resize=1050%2C600&ssl=1 3x, https:\/\/i0.wp.com\/lasprimeras.com.do\/wp-content\/uploads\/2024\/02\/CANDIDATO-A-REGIDOR-Justicia-Social-JOSUE-MENDEZ-APOYARA-A-DIO-ASTACIO-DEL-PRM-11.jpg?resize=1400%2C800&ssl=1 4x"},"classes":[]},{"id":74782,"url":"https:\/\/lasprimeras.com.do\/index.php\/2024\/01\/26\/luis-abinader-encabezara-caravanas-por-11-municipios-este-fin-semana\/","url_meta":{"origin":74876,"position":5},"title":"Luis Abinader encabezar\u00e1 caravanas por 11 municipios este fin semana","author":"BIMARY DE JES\u00daS Matos","date":"26 de enero de 2024","format":false,"excerpt":"Santo Domingo. El candidato presidencial del Partido Revolucionario Moderno (PRM) y partidos aliados, Luis Abinader, agotar\u00e1 una intensa jornada de actividades pol\u00edticas por once municipios este fin de semana. Abinader encabezar\u00e1 una marcha caravana a las 3:00 de la tarde este viernes 26, partiendo de Sabana Larga y culminando en\u2026","rel":"","context":"En \u00abSin categor\u00eda\u00bb","block_context":{"text":"Sin categor\u00eda","link":"https:\/\/lasprimeras.com.do\/index.php\/category\/sin-categoria\/"},"img":{"alt_text":"","src":"https:\/\/i0.wp.com\/lasprimeras.com.do\/wp-content\/uploads\/2024\/01\/WhatsApp-Image-2024-01-25-at-1.43.19-PM-1.webp?resize=350%2C200&ssl=1","width":350,"height":200,"srcset":"https:\/\/i0.wp.com\/lasprimeras.com.do\/wp-content\/uploads\/2024\/01\/WhatsApp-Image-2024-01-25-at-1.43.19-PM-1.webp?resize=350%2C200&ssl=1 1x, https:\/\/i0.wp.com\/lasprimeras.com.do\/wp-content\/uploads\/2024\/01\/WhatsApp-Image-2024-01-25-at-1.43.19-PM-1.webp?resize=525%2C300&ssl=1 1.5x"},"classes":[]}],"jetpack_sharing_enabled":true,"_links":{"self":[{"href":"https:\/\/lasprimeras.com.do\/index.php\/wp-json\/wp\/v2\/posts\/74876","targetHints":{"allow":["GET"]}}],"collection":[{"href":"https:\/\/lasprimeras.com.do\/index.php\/wp-json\/wp\/v2\/posts"}],"about":[{"href":"https:\/\/lasprimeras.com.do\/index.php\/wp-json\/wp\/v2\/types\/post"}],"author":[{"embeddable":true,"href":"https:\/\/lasprimeras.com.do\/index.php\/wp-json\/wp\/v2\/users\/3"}],"replies":[{"embeddable":true,"href":"https:\/\/lasprimeras.com.do\/index.php\/wp-json\/wp\/v2\/comments?post=74876"}],"version-history":[{"count":1,"href":"https:\/\/lasprimeras.com.do\/index.php\/wp-json\/wp\/v2\/posts\/74876\/revisions"}],"predecessor-version":[{"id":74878,"href":"https:\/\/lasprimeras.com.do\/index.php\/wp-json\/wp\/v2\/posts\/74876\/revisions\/74878"}],"wp:featuredmedia":[{"embeddable":true,"href":"https:\/\/lasprimeras.com.do\/index.php\/wp-json\/wp\/v2\/media\/74877"}],"wp:attachment":[{"href":"https:\/\/lasprimeras.com.do\/index.php\/wp-json\/wp\/v2\/media?parent=74876"}],"wp:term":[{"taxonomy":"category","embeddable":true,"href":"https:\/\/lasprimeras.com.do\/index.php\/wp-json\/wp\/v2\/categories?post=74876"},{"taxonomy":"post_tag","embeddable":true,"href":"https:\/\/lasprimeras.com.do\/index.php\/wp-json\/wp\/v2\/tags?post=74876"}],"curies":[{"name":"wp","href":"https:\/\/api.w.org\/{rel}","templated":true}]}}