{"id":74879,"date":"2024-01-27T09:29:06","date_gmt":"2024-01-27T13:29:06","guid":{"rendered":"https:\/\/lasprimeras.com.do\/?p=74879"},"modified":"2024-01-27T09:29:08","modified_gmt":"2024-01-27T13:29:08","slug":"el-rey-carlos-iii-se-encuentra-bien-tras-ser-operado-de-la-prostata","status":"publish","type":"post","link":"https:\/\/lasprimeras.com.do\/index.php\/2024\/01\/27\/el-rey-carlos-iii-se-encuentra-bien-tras-ser-operado-de-la-prostata\/","title":{"rendered":"El rey Carlos III se encuentra &#8220;bien&#8221; tras ser operado de la pr\u00f3stata"},"content":{"rendered":"\n<p>Londres.- El rey Carlos III se encuentra \u00abbien\u00bb tras haber sido sometido a una intervenci\u00f3n para tratar un agrandamiento de la pr\u00f3stata, informaron los medios brit\u00e1nicos.<\/p>\n\n\n\n<p>El jefe de Estado ingres\u00f3 esta ma\u00f1ana en el hospital London Clinic (centro de Londres), en el que la semana pasada tambi\u00e9n fue operada su nuera Catalina, princesa de Gales, para someterse a un \u00abtratamiento planificado\u00bb, seg\u00fan el Palacio de Buckingham.<\/p>\n\n\n\n<p>La reina Camila, que acompa\u00f1\u00f3 a su esposo por la ma\u00f1ana al hospital, sali\u00f3 del London Clinic sobre las 15.15 GMT con aparente buen \u00e1nimo y sonriente, sin hacer declaraciones a los periodistas.<\/p>\n\n\n\n<p>Seg\u00fan dijeron fuentes no identificadas a la BBC, el monarca se encuentra bien y pasar\u00e1 al menos una noche en el hospital.<\/p>\n\n\n\n<p>Antes de ser operado, el rey aprovech\u00f3 para visitar a la princesa Catalina, que se recupera en ese mismo centro de la cirug\u00eda abdominal que sufri\u00f3 la semana pasada.<\/p>\n\n\n\n<p>Carlos III entr\u00f3 junto a Camila a las 08.30 GMT de esta ma\u00f1ana, tras haber llegado la pasada noche en helic\u00f3ptero desde su residencia campestre en Sandringham, este de Inglaterra.<\/p>\n\n\n\n<p>\u00abSu Majestad quiere agradecer a todos aquellos que han enviado sus buenos deseos durante la \u00faltima semana y est\u00e1 encantando de conocer que su diagn\u00f3stico est\u00e1 teniendo un impacto positivo en la concienciaci\u00f3n ciudadana sobre la salud\u00bb, se\u00f1al\u00f3 el Palacio de Buckingham en un comunicado.<\/p>\n\n\n\n<p>Una portavoz del primer ministro, Rishi Sunak, dijo a los medios que el jefe de Gobierno ha transmitido al monarca sus mejores deseos y su confianza en una r\u00e1pida recuperaci\u00f3n.<\/p>\n\n\n\n<p>El pasado 17 de enero, Buckingham inform\u00f3 de que Carlos se someter\u00eda a un tratamiento esta semana para un agrandamiento de pr\u00f3stata \u00abbenigno\u00bb, sin detallar la fecha.<\/p>\n\n\n\n<p>El palacio agreg\u00f3 que \u00ablos compromisos p\u00fablicos del rey -de 75 a\u00f1os- se pospondr\u00e1n durante un breve periodo de recuperaci\u00f3n\u00bb.<\/p>\n","protected":false},"excerpt":{"rendered":"<p>Londres.- El rey Carlos III se encuentra \u00abbien\u00bb tras haber sido sometido a una intervenci\u00f3n para tratar un agrandamiento de la pr\u00f3stata, informaron los medios brit\u00e1nicos. El jefe de Estado&hellip;<\/p>\n","protected":false},"author":3,"featured_media":74880,"comment_status":"open","ping_status":"open","sticky":false,"template":"","format":"standard","meta":{"content-type":"","jetpack_post_was_ever_published":false,"_jetpack_newsletter_access":"","_jetpack_dont_email_post_to_subs":false,"_jetpack_newsletter_tier_id":0,"_jetpack_memberships_contains_paywalled_content":false,"_jetpack_memberships_contains_paid_content":false,"footnotes":""},"categories":[1],"tags":[827],"class_list":["post-74879","post","type-post","status-publish","format-standard","has-post-thumbnail","hentry","category-sin-categoria","tag-rey-de-carlos-iii"],"jetpack_featured_media_url":"https:\/\/lasprimeras.com.do\/wp-content\/uploads\/2024\/01\/ELNACIONAL_0020046883-1024x683-2.webp","jetpack-related-posts":[{"id":74775,"url":"https:\/\/lasprimeras.com.do\/index.php\/2024\/01\/26\/ingresan-a-rey-carlos-iii-para-ser-operado\/","url_meta":{"origin":74879,"position":0},"title":"Ingresan a rey Carlos III para ser operado","author":"BIMARY DE JES\u00daS Matos","date":"26 de enero de 2024","format":false,"excerpt":"Londres.- El rey brit\u00e1nico, Carlos III, ha ingresado este viernes en un hospital de Londres para ser intervenido de un agrandamiento de la pr\u00f3stata, inform\u00f3 el Palacio de Buckingham en un comunicado. Seg\u00fan la nota de la Casa Real, el monarca est\u00e1 satisfecho de ver que su diagn\u00f3stico ha tenido\u2026","rel":"","context":"En \u00abSin categor\u00eda\u00bb","block_context":{"text":"Sin categor\u00eda","link":"https:\/\/lasprimeras.com.do\/index.php\/category\/sin-categoria\/"},"img":{"alt_text":"","src":"https:\/\/i0.wp.com\/lasprimeras.com.do\/wp-content\/uploads\/2024\/01\/WhatsApp-Image-2024-01-25-at-1.43.19-PM.webp?resize=350%2C200&ssl=1","width":350,"height":200,"srcset":"https:\/\/i0.wp.com\/lasprimeras.com.do\/wp-content\/uploads\/2024\/01\/WhatsApp-Image-2024-01-25-at-1.43.19-PM.webp?resize=350%2C200&ssl=1 1x, https:\/\/i0.wp.com\/lasprimeras.com.do\/wp-content\/uploads\/2024\/01\/WhatsApp-Image-2024-01-25-at-1.43.19-PM.webp?resize=525%2C300&ssl=1 1.5x"},"classes":[]},{"id":75904,"url":"https:\/\/lasprimeras.com.do\/index.php\/2024\/02\/05\/el-rey-carlos-iii-suspende-toda-su-actividad-publica-tras-ser-diagnosticado-de-cancer\/","url_meta":{"origin":74879,"position":1},"title":"El rey Carlos III suspende toda su actividad p\u00fablica tras ser diagnosticado de c\u00e1ncer","author":"BIMARY DE JES\u00daS Matos","date":"5 de febrero de 2024","format":false,"excerpt":"Londres.- El rey brit\u00e1nico, Carlos III, suspendi\u00f3 este lunes su agenda p\u00fablica para comenzar el tratamiento contra un tipo de c\u00e1ncer que le ha sido diagnosticado y del que no se conocen los detalles. La noticia produjo un enorme impacto en el Reino Unido, que ve c\u00f3mo un monarca que\u2026","rel":"","context":"En \u00abSin categor\u00eda\u00bb","block_context":{"text":"Sin categor\u00eda","link":"https:\/\/lasprimeras.com.do\/index.php\/category\/sin-categoria\/"},"img":{"alt_text":"","src":"https:\/\/i0.wp.com\/lasprimeras.com.do\/wp-content\/uploads\/2024\/02\/Conoceran-esta-tarde-solicitud-de-cese-de-medida-de-coercion-a-Jean-Alain-Rodriguez-5.webp?resize=350%2C200&ssl=1","width":350,"height":200,"srcset":"https:\/\/i0.wp.com\/lasprimeras.com.do\/wp-content\/uploads\/2024\/02\/Conoceran-esta-tarde-solicitud-de-cese-de-medida-de-coercion-a-Jean-Alain-Rodriguez-5.webp?resize=350%2C200&ssl=1 1x, https:\/\/i0.wp.com\/lasprimeras.com.do\/wp-content\/uploads\/2024\/02\/Conoceran-esta-tarde-solicitud-de-cese-de-medida-de-coercion-a-Jean-Alain-Rodriguez-5.webp?resize=525%2C300&ssl=1 1.5x, https:\/\/i0.wp.com\/lasprimeras.com.do\/wp-content\/uploads\/2024\/02\/Conoceran-esta-tarde-solicitud-de-cese-de-medida-de-coercion-a-Jean-Alain-Rodriguez-5.webp?resize=700%2C400&ssl=1 2x, https:\/\/i0.wp.com\/lasprimeras.com.do\/wp-content\/uploads\/2024\/02\/Conoceran-esta-tarde-solicitud-de-cese-de-medida-de-coercion-a-Jean-Alain-Rodriguez-5.webp?resize=1050%2C600&ssl=1 3x, https:\/\/i0.wp.com\/lasprimeras.com.do\/wp-content\/uploads\/2024\/02\/Conoceran-esta-tarde-solicitud-de-cese-de-medida-de-coercion-a-Jean-Alain-Rodriguez-5.webp?resize=1400%2C800&ssl=1 4x"},"classes":[]},{"id":75886,"url":"https:\/\/lasprimeras.com.do\/index.php\/2024\/02\/05\/el-rey-charles-iii-tiene-cancer-anuncia-el-palacio-de-buckingham\/","url_meta":{"origin":74879,"position":2},"title":"El rey Charles III tiene c\u00e1ncer, anuncia el Palacio de Buckingham","author":"Nelson Feliz","date":"5 de febrero de 2024","format":false,"excerpt":"Al momento, no se han brindado mayores detalles sobre el tipo de c\u00e1ncer que afecta al monarca brit\u00e1nico. El Palacio de Buckingham inform\u00f3, durante la tarde del lunes, que el rey Charles III fue diagnosticado con c\u00e1ncer y recibe tratamiento m\u00e9dico. Al momento, no se han brindado mayores detalles sobre\u2026","rel":"","context":"En \u00abSin categor\u00eda\u00bb","block_context":{"text":"Sin categor\u00eda","link":"https:\/\/lasprimeras.com.do\/index.php\/category\/sin-categoria\/"},"img":{"alt_text":"El rey Charles III","src":"https:\/\/i0.wp.com\/lasprimeras.com.do\/wp-content\/uploads\/2024\/02\/El-rey-Charles-III.jpg?resize=350%2C200&ssl=1","width":350,"height":200,"srcset":"https:\/\/i0.wp.com\/lasprimeras.com.do\/wp-content\/uploads\/2024\/02\/El-rey-Charles-III.jpg?resize=350%2C200&ssl=1 1x, https:\/\/i0.wp.com\/lasprimeras.com.do\/wp-content\/uploads\/2024\/02\/El-rey-Charles-III.jpg?resize=525%2C300&ssl=1 1.5x, https:\/\/i0.wp.com\/lasprimeras.com.do\/wp-content\/uploads\/2024\/02\/El-rey-Charles-III.jpg?resize=700%2C400&ssl=1 2x"},"classes":[]},{"id":48802,"url":"https:\/\/lasprimeras.com.do\/index.php\/2023\/05\/04\/abinader-llega-a-londres-para-participar-en-actos-de-coronacion-del-rey-carlos-iii\/","url_meta":{"origin":74879,"position":3},"title":"Abinader llega a Londres para participar en actos de coronaci\u00f3n del rey Carlos III","author":"prenxa100","date":"4 de mayo de 2023","format":false,"excerpt":"Por Wilson P\u00e9rez Londres. - El presidente Luis Abinader lleg\u00f3 a Londres, Inglaterra, alrededor de las 9 de la ma\u00f1ana de este jueves para participar de los actos donde ser\u00e1n coronados el rey Carlos III y la reina consorte Camila. El mandatario viaj\u00f3 en compa\u00f1\u00eda de la primera dama, Raquel\u2026","rel":"","context":"En \u00abPORTADA\u00bb","block_context":{"text":"PORTADA","link":"https:\/\/lasprimeras.com.do\/index.php\/category\/portada\/"},"img":{"alt_text":"","src":"","width":0,"height":0},"classes":[]},{"id":49144,"url":"https:\/\/lasprimeras.com.do\/index.php\/2023\/05\/08\/presidente-abinader-regresa-al-pais-tras-participar-en-coronacion-del-rey-de-carlos-iii\/","url_meta":{"origin":74879,"position":4},"title":"Presidente Abinader regresa al pa\u00eds tras participar en coronaci\u00f3n del rey de Carlos III","author":"prenxa100","date":"8 de mayo de 2023","format":false,"excerpt":"Por Wilson P\u00e9rez Santo Domingo.- El Presidente Luis Abinader retorn\u00f3 al pa\u00eds la noche de este domingo luego de su participaci\u00f3n en la coronaci\u00f3n de sus majestades, el rey Carlos III y la reina consorte Camila como monarca del Reino Unido y soberano de los otros catorce reinos que forman\u2026","rel":"","context":"En \u00abNACIONALES\u00bb","block_context":{"text":"NACIONALES","link":"https:\/\/lasprimeras.com.do\/index.php\/category\/nacionales\/"},"img":{"alt_text":"","src":"","width":0,"height":0},"classes":[]},{"id":48635,"url":"https:\/\/lasprimeras.com.do\/index.php\/2023\/05\/02\/presidente-abinader-viaja-este-miercoles-a-londres\/","url_meta":{"origin":74879,"position":5},"title":"Presidente Abinader viaja este mi\u00e9rcoles a Londres","author":"prenxa100","date":"2 de mayo de 2023","format":false,"excerpt":"Mandatario fue invitado a Coronaci\u00f3n del Rey Carlos III, y la Reina Consorte Camila. Por Wilson P\u00e9rrez SANTO DOMINGO.-.El presidente Luis Abinader viajar\u00e1 este mi\u00e9rcoles a Londres, Inglaterra, para participar de los actos donde ser\u00e1n coronados el Rey Carlos III y la Reina Consorte Camila. El mandatario saldr\u00e1 al mediod\u00eda\u2026","rel":"","context":"En \u00abNACIONALES\u00bb","block_context":{"text":"NACIONALES","link":"https:\/\/lasprimeras.com.do\/index.php\/category\/nacionales\/"},"img":{"alt_text":"","src":"","width":0,"height":0},"classes":[]}],"jetpack_sharing_enabled":true,"_links":{"self":[{"href":"https:\/\/lasprimeras.com.do\/index.php\/wp-json\/wp\/v2\/posts\/74879","targetHints":{"allow":["GET"]}}],"collection":[{"href":"https:\/\/lasprimeras.com.do\/index.php\/wp-json\/wp\/v2\/posts"}],"about":[{"href":"https:\/\/lasprimeras.com.do\/index.php\/wp-json\/wp\/v2\/types\/post"}],"author":[{"embeddable":true,"href":"https:\/\/lasprimeras.com.do\/index.php\/wp-json\/wp\/v2\/users\/3"}],"replies":[{"embeddable":true,"href":"https:\/\/lasprimeras.com.do\/index.php\/wp-json\/wp\/v2\/comments?post=74879"}],"version-history":[{"count":1,"href":"https:\/\/lasprimeras.com.do\/index.php\/wp-json\/wp\/v2\/posts\/74879\/revisions"}],"predecessor-version":[{"id":74881,"href":"https:\/\/lasprimeras.com.do\/index.php\/wp-json\/wp\/v2\/posts\/74879\/revisions\/74881"}],"wp:featuredmedia":[{"embeddable":true,"href":"https:\/\/lasprimeras.com.do\/index.php\/wp-json\/wp\/v2\/media\/74880"}],"wp:attachment":[{"href":"https:\/\/lasprimeras.com.do\/index.php\/wp-json\/wp\/v2\/media?parent=74879"}],"wp:term":[{"taxonomy":"category","embeddable":true,"href":"https:\/\/lasprimeras.com.do\/index.php\/wp-json\/wp\/v2\/categories?post=74879"},{"taxonomy":"post_tag","embeddable":true,"href":"https:\/\/lasprimeras.com.do\/index.php\/wp-json\/wp\/v2\/tags?post=74879"}],"curies":[{"name":"wp","href":"https:\/\/api.w.org\/{rel}","templated":true}]}}