{"id":74949,"date":"2024-01-27T22:50:30","date_gmt":"2024-01-28T02:50:30","guid":{"rendered":"https:\/\/lasprimeras.com.do\/?p=74949"},"modified":"2024-01-27T22:50:31","modified_gmt":"2024-01-28T02:50:31","slug":"sociedad-de-cirugia-plastica-afirma-rd-es-un-destino-seguro-para-procedimientos","status":"publish","type":"post","link":"https:\/\/lasprimeras.com.do\/index.php\/2024\/01\/27\/sociedad-de-cirugia-plastica-afirma-rd-es-un-destino-seguro-para-procedimientos\/","title":{"rendered":"Sociedad de Cirug\u00eda Pl\u00e1stica afirma RD es un destino seguro para procedimientos"},"content":{"rendered":"\n<p><strong>Rep\u00fablica Dominicana se ha convertido r\u00e1pidamente en un punto clave para el aumento y desarrollo de procedimientos est\u00e9ticos en el Caribe y Latinoam\u00e9rica.<\/strong><\/p>\n\n\n\n<p>El presidente de la Sociedad Dominicana de Cirug\u00eda Pl\u00e1stica, Reconstructiva y Est\u00e9tica (Sodocipre), Sergio Guzm\u00e1n Padilla, defendi\u00f3 este viernes al pa\u00eds y asegur\u00f3 que Rep\u00fablica Dominicana es un destino seguro para la realizaci\u00f3n de cirug\u00edas pl\u00e1sticas.<\/p>\n\n\n\n<p>&#8220;Nuestro pa\u00eds recibe un n\u00famero considerable de pacientes provenientes del extranjero, superando a los locales, lo que nos sit\u00faa en un puesto privilegiado en comparaci\u00f3n con otros pa\u00edses latinos&#8221;, indic\u00f3 Guzm\u00e1n Padilla, mediante un comunicado de prensa.<\/p>\n\n\n\n<p>Las declaraciones se producen luego de que la Embajada de Estados Unidos pidiera a sus ciudadanos que visitan el pa\u00eds para realizarse cirug\u00edas pl\u00e1sticas, verificar las credenciales de los m\u00e9dicos y centros de salud donde se realizar\u00e1n el procedimiento est\u00e9tico.<\/p>\n\n\n\n<p>Esta alerta surge a ra\u00edz de una investigaci\u00f3n publicada por los Centros para el Control y la Prevenci\u00f3n de Enfermedades (CDC, por sus siglas en ingl\u00e9s), que detalla la muerte de 93 estadounidenses en Rep\u00fablica Dominicana desde el a\u00f1o 2009, es decir, en los \u00faltimos 15 a\u00f1os.<\/p>\n\n\n\n<p>De acuerdo con Guzm\u00e1n Padilla, durante el a\u00f1o 2022, Rep\u00fablica Dominicana recibi\u00f3 un total de 50 mil pacientes, de los cuales, 40 mil fueron extranjeros y dominicanos ausentes, procedentes en su mayor\u00eda de Estados Unidos, Espa\u00f1a e Italia. De estos, una gran parte se realizaron m\u00e1s de un procedimiento a la vez.<\/p>\n\n\n\n<p>Aunque en 2023 hubo una baja en las cifras, un total de 40 mil pacientes fueron atendidas.<\/p>\n\n\n\n<p>El galeno se\u00f1al\u00f3 que esto &#8220;es debido a diversos factores de crisis inflacionarias internacionales&#8221;.<\/p>\n\n\n\n<p>&#8220;No cabe duda de que el pa\u00eds se destaca r\u00e1pidamente en la demanda de servicios de salud est\u00e9tica al contar con profesionales altamente calificados, tecnolog\u00eda de \u00faltima generaci\u00f3n y el compromiso \u00e9tico de cumplir con los est\u00e1ndares necesarios que exigen los par\u00e1metros locales e internacionales, sumado al aspecto humano que caracteriza al dominicano por su hospitalidad y calidez en el trato&#8221;, agreg\u00f3.<\/p>\n\n\n\n<p>El presidente del gremio manifest\u00f3 que las cirug\u00edas m\u00e1s solicitadas por los pacientes son la liposucci\u00f3n, abdominoplastia y las cirug\u00edas de mamas, representando el 60 % de todos los procedimientos est\u00e9ticos.<\/p>\n\n\n\n<p>El 40 % restante abarca rinoplastias, blefaroplastias, lifting facial, braquioplastia, lifting de muslos y procedimientos est\u00e9ticos no invasivos.<\/p>\n\n\n\n<p>Al final del documento emitido por Sodocipre se destaca que &#8220;la tasa de complicaciones asociadas a las mismas se mantiene en m\u00e1rgenes controlados&#8221;, aunque no precisa las cantidades.<\/p>\n","protected":false},"excerpt":{"rendered":"<p>Rep\u00fablica Dominicana se ha convertido r\u00e1pidamente en un punto clave para el aumento y desarrollo de procedimientos est\u00e9ticos en el Caribe y Latinoam\u00e9rica. El presidente de la Sociedad Dominicana de&hellip;<\/p>\n","protected":false},"author":2,"featured_media":74950,"comment_status":"open","ping_status":"open","sticky":false,"template":"","format":"standard","meta":{"content-type":"","jetpack_post_was_ever_published":false,"_jetpack_newsletter_access":"","_jetpack_dont_email_post_to_subs":false,"_jetpack_newsletter_tier_id":0,"_jetpack_memberships_contains_paywalled_content":false,"_jetpack_memberships_contains_paid_content":false,"footnotes":""},"categories":[1],"tags":[3123,11329,11328,11330,127,1693],"class_list":["post-74949","post","type-post","status-publish","format-standard","has-post-thumbnail","hentry","category-sin-categoria","tag-cirugia","tag-destino-seguro","tag-plastica","tag-procedimientos","tag-rd","tag-sociedad"],"jetpack_featured_media_url":"https:\/\/lasprimeras.com.do\/wp-content\/uploads\/2024\/01\/Sergio-Guzman-Padilla.jpg","jetpack-related-posts":[{"id":74904,"url":"https:\/\/lasprimeras.com.do\/index.php\/2024\/01\/27\/presidente-sodocipre-afirma-turismo-de-salud-sigue-en-auge\/","url_meta":{"origin":74949,"position":0},"title":"Presidente Sodocipre afirma turismo de salud sigue en auge","author":"BIMARY DE JES\u00daS Matos","date":"27 de enero de 2024","format":false,"excerpt":"Martin Restituyo Santo Domingo, RD. -Rep\u00fablica Dominicana se ha convertido r\u00e1pidamente en un punto clave para el aumento y desarrollo de procedimientos est\u00e9ticos en el Caribe y Latinoam\u00e9rica. Seg\u00fan las declaraciones del presidente de la Sociedad Dominicana de Cirug\u00eda Pl\u00e1stica, Reconstructiva y Est\u00e9tica (Sodocipre), Sergio Guzm\u00e1n Padilla, \u201cnuestro pa\u00eds recibe\u2026","rel":"","context":"En \u00abPORTADA\u00bb","block_context":{"text":"PORTADA","link":"https:\/\/lasprimeras.com.do\/index.php\/category\/portada\/"},"img":{"alt_text":"","src":"https:\/\/i0.wp.com\/lasprimeras.com.do\/wp-content\/uploads\/2024\/01\/WhatsApp-Image-2024-01-27-at-7.01.00-AM.jpeg?resize=350%2C200&ssl=1","width":350,"height":200,"srcset":"https:\/\/i0.wp.com\/lasprimeras.com.do\/wp-content\/uploads\/2024\/01\/WhatsApp-Image-2024-01-27-at-7.01.00-AM.jpeg?resize=350%2C200&ssl=1 1x, https:\/\/i0.wp.com\/lasprimeras.com.do\/wp-content\/uploads\/2024\/01\/WhatsApp-Image-2024-01-27-at-7.01.00-AM.jpeg?resize=525%2C300&ssl=1 1.5x, https:\/\/i0.wp.com\/lasprimeras.com.do\/wp-content\/uploads\/2024\/01\/WhatsApp-Image-2024-01-27-at-7.01.00-AM.jpeg?resize=700%2C400&ssl=1 2x, https:\/\/i0.wp.com\/lasprimeras.com.do\/wp-content\/uploads\/2024\/01\/WhatsApp-Image-2024-01-27-at-7.01.00-AM.jpeg?resize=1050%2C600&ssl=1 3x, https:\/\/i0.wp.com\/lasprimeras.com.do\/wp-content\/uploads\/2024\/01\/WhatsApp-Image-2024-01-27-at-7.01.00-AM.jpeg?resize=1400%2C800&ssl=1 4x"},"classes":[]},{"id":92263,"url":"https:\/\/lasprimeras.com.do\/index.php\/2024\/12\/27\/fallece-joven-tras-procedimientos-esteticos-realizados-por-el-doctor-edgar-contreras\/","url_meta":{"origin":74949,"position":1},"title":"Fallece joven tras procedimientos est\u00e9ticos realizados por el Doctor Edgar Contreras","author":"Nelson Feliz","date":"27 de diciembre de 2024","format":false,"excerpt":"Familiares exigen justicia. Pamela Alm\u00e1nzar, una joven que se someti\u00f3 a varias cirug\u00edas est\u00e9ticas realizadas por el doctor Edgar Contreras, falleci\u00f3 el pasado viernes 27 de diciembre en una cl\u00ednica de la capital, dejando a familiares y amigos devastados. Seg\u00fan declaraciones de sus familiares, Pamela acudi\u00f3 el 16 de diciembre\u2026","rel":"","context":"En \u00abNACIONALES\u00bb","block_context":{"text":"NACIONALES","link":"https:\/\/lasprimeras.com.do\/index.php\/category\/nacionales\/"},"img":{"alt_text":"Pamela Alm\u00e1nzar","src":"https:\/\/i0.wp.com\/lasprimeras.com.do\/wp-content\/uploads\/2025\/01\/Pamela-Almanzar.jpg?resize=350%2C200&ssl=1","width":350,"height":200,"srcset":"https:\/\/i0.wp.com\/lasprimeras.com.do\/wp-content\/uploads\/2025\/01\/Pamela-Almanzar.jpg?resize=350%2C200&ssl=1 1x, https:\/\/i0.wp.com\/lasprimeras.com.do\/wp-content\/uploads\/2025\/01\/Pamela-Almanzar.jpg?resize=525%2C300&ssl=1 1.5x"},"classes":[]},{"id":57913,"url":"https:\/\/lasprimeras.com.do\/index.php\/2023\/08\/17\/el-hospital-gautier-abre-sus-puertas-para-cirugias-reconstructivas-a-victimas-explosion\/","url_meta":{"origin":74949,"position":2},"title":"El hospital Gautier abre sus puertas para cirug\u00edas reconstructivas a v\u00edctimas explosi\u00f3n","author":"Nelson Feliz","date":"17 de agosto de 2023","format":false,"excerpt":"En este centro est\u00e1 la \u00fanica escuela de cirug\u00eda pl\u00e1stica, reconstructiva y est\u00e9tica del pa\u00eds. La Escuela de Cirug\u00eda Pl\u00e1stica, Reconstructiva y Est\u00e9tica del hospital Salvador B. Gautier puso a disposici\u00f3n sus instalaciones y especialistas para atender a las v\u00edctimas de la tragedia de la explosi\u00f3n ocurrida el pasado lunes\u2026","rel":"","context":"En \u00abSin categor\u00eda\u00bb","block_context":{"text":"Sin categor\u00eda","link":"https:\/\/lasprimeras.com.do\/index.php\/category\/sin-categoria\/"},"img":{"alt_text":"Hospital Salvador B. Gautier","src":"https:\/\/i0.wp.com\/lasprimeras.com.do\/wp-content\/uploads\/2023\/08\/Hospital-Salvador-B.-Gautier.jpeg?resize=350%2C200&ssl=1","width":350,"height":200,"srcset":"https:\/\/i0.wp.com\/lasprimeras.com.do\/wp-content\/uploads\/2023\/08\/Hospital-Salvador-B.-Gautier.jpeg?resize=350%2C200&ssl=1 1x, https:\/\/i0.wp.com\/lasprimeras.com.do\/wp-content\/uploads\/2023\/08\/Hospital-Salvador-B.-Gautier.jpeg?resize=525%2C300&ssl=1 1.5x, https:\/\/i0.wp.com\/lasprimeras.com.do\/wp-content\/uploads\/2023\/08\/Hospital-Salvador-B.-Gautier.jpeg?resize=700%2C400&ssl=1 2x"},"classes":[]},{"id":56463,"url":"https:\/\/lasprimeras.com.do\/index.php\/2023\/08\/01\/boricua-acusa-medico-de-lesionarle-los-senos-en-una-liposuccion-en-rd\/","url_meta":{"origin":74949,"position":3},"title":"Boricua acusa m\u00e9dico de lesionarle los senos en una liposucci\u00f3n en RD","author":"Nelson Feliz","date":"1 de agosto de 2023","format":false,"excerpt":"En vez de la satisfacci\u00f3n que esperaba sentir con su tercera cirug\u00eda pl\u00e1stica, una boricua de 54 a\u00f1os casi pierde la vida y ha vivido un \"cuadro t\u00e9trico\" y \"d\u00edas de calamidad\" con \"mucho dolor\" despu\u00e9s del \u00faltimo procedimiento quir\u00fargico en el que, durante la liposucci\u00f3n, seg\u00fan la paciente, el\u2026","rel":"","context":"En \u00abNACIONALES\u00bb","block_context":{"text":"NACIONALES","link":"https:\/\/lasprimeras.com.do\/index.php\/category\/nacionales\/"},"img":{"alt_text":"La se\u00f1ora Ivonne Lucila Madera, de nacionalidad puertorrique\u00f1a.","src":"https:\/\/i0.wp.com\/lasprimeras.com.do\/wp-content\/uploads\/2023\/08\/Ivonne-Lucila-Madera.jpg?resize=350%2C200&ssl=1","width":350,"height":200,"srcset":"https:\/\/i0.wp.com\/lasprimeras.com.do\/wp-content\/uploads\/2023\/08\/Ivonne-Lucila-Madera.jpg?resize=350%2C200&ssl=1 1x, https:\/\/i0.wp.com\/lasprimeras.com.do\/wp-content\/uploads\/2023\/08\/Ivonne-Lucila-Madera.jpg?resize=525%2C300&ssl=1 1.5x, https:\/\/i0.wp.com\/lasprimeras.com.do\/wp-content\/uploads\/2023\/08\/Ivonne-Lucila-Madera.jpg?resize=700%2C400&ssl=1 2x"},"classes":[]},{"id":89794,"url":"https:\/\/lasprimeras.com.do\/index.php\/2024\/10\/05\/empresaria-brasilena-muere-luego-de-someterse-a-seis-cirugias-esteticas-en-ocho-horas\/","url_meta":{"origin":74949,"position":4},"title":"Empresaria brasile\u00f1a muere luego de someterse a seis cirug\u00edas est\u00e9ticas en ocho horas","author":"Nelson Feliz","date":"5 de octubre de 2024","format":false,"excerpt":"LA NACION Viviane Lira Monte, una empresaria brasile\u00f1a de 24 a\u00f1os oriunda del estado de Cear\u00e1, muri\u00f3 luego de someterse a seis cirug\u00edas pl\u00e1sticas en ocho horas. La mujer hab\u00eda sido diagnosticada con embolia pulmonar tras los procedimientos est\u00e9ticos. Su familia cree que hubo negligencia m\u00e9dica y denunciaron a los\u2026","rel":"","context":"En \u00abSin categor\u00eda\u00bb","block_context":{"text":"Sin categor\u00eda","link":"https:\/\/lasprimeras.com.do\/index.php\/category\/sin-categoria\/"},"img":{"alt_text":"Viviane Lira Monte","src":"https:\/\/i0.wp.com\/lasprimeras.com.do\/wp-content\/uploads\/2024\/10\/Viviane-Lira-Monte.jpg?resize=350%2C200&ssl=1","width":350,"height":200,"srcset":"https:\/\/i0.wp.com\/lasprimeras.com.do\/wp-content\/uploads\/2024\/10\/Viviane-Lira-Monte.jpg?resize=350%2C200&ssl=1 1x, https:\/\/i0.wp.com\/lasprimeras.com.do\/wp-content\/uploads\/2024\/10\/Viviane-Lira-Monte.jpg?resize=525%2C300&ssl=1 1.5x, https:\/\/i0.wp.com\/lasprimeras.com.do\/wp-content\/uploads\/2024\/10\/Viviane-Lira-Monte.jpg?resize=700%2C400&ssl=1 2x"},"classes":[]},{"id":55521,"url":"https:\/\/lasprimeras.com.do\/index.php\/2023\/07\/22\/trasladan-a-puerto-rico-cadaver-de-boricua-que-murio-en-rd-tras-cirugia-plastica\/","url_meta":{"origin":74949,"position":5},"title":"Trasladan a Puerto Rico cad\u00e1ver de boricua que muri\u00f3 en RD tras cirug\u00eda pl\u00e1stica","author":"Nelson Feliz","date":"22 de julio de 2023","format":false,"excerpt":"Sus restos est\u00e1n en Miami y ser\u00e1n trasladado hac\u00eda su pa\u00eds de esta noche a la ma\u00f1ana del domingo. Ser\u00e1 sepultada el mi\u00e9rcoles en el cementerio Remanso de Paz. Se espera que la ma\u00f1ana de este domingo lleguen a Puerto Rico los restos de Jaqueline Rom\u00e1n Gonz\u00e1lez, una boricua que\u2026","rel":"","context":"En \u00abNACIONALES\u00bb","block_context":{"text":"NACIONALES","link":"https:\/\/lasprimeras.com.do\/index.php\/category\/nacionales\/"},"img":{"alt_text":"Jaqueline Rom\u00e1n Gonz\u00e1lez","src":"https:\/\/i0.wp.com\/lasprimeras.com.do\/wp-content\/uploads\/2023\/07\/Jaqueline-Roman-Gonzalez.jpg?resize=350%2C200&ssl=1","width":350,"height":200,"srcset":"https:\/\/i0.wp.com\/lasprimeras.com.do\/wp-content\/uploads\/2023\/07\/Jaqueline-Roman-Gonzalez.jpg?resize=350%2C200&ssl=1 1x, https:\/\/i0.wp.com\/lasprimeras.com.do\/wp-content\/uploads\/2023\/07\/Jaqueline-Roman-Gonzalez.jpg?resize=525%2C300&ssl=1 1.5x, https:\/\/i0.wp.com\/lasprimeras.com.do\/wp-content\/uploads\/2023\/07\/Jaqueline-Roman-Gonzalez.jpg?resize=700%2C400&ssl=1 2x"},"classes":[]}],"jetpack_sharing_enabled":true,"_links":{"self":[{"href":"https:\/\/lasprimeras.com.do\/index.php\/wp-json\/wp\/v2\/posts\/74949","targetHints":{"allow":["GET"]}}],"collection":[{"href":"https:\/\/lasprimeras.com.do\/index.php\/wp-json\/wp\/v2\/posts"}],"about":[{"href":"https:\/\/lasprimeras.com.do\/index.php\/wp-json\/wp\/v2\/types\/post"}],"author":[{"embeddable":true,"href":"https:\/\/lasprimeras.com.do\/index.php\/wp-json\/wp\/v2\/users\/2"}],"replies":[{"embeddable":true,"href":"https:\/\/lasprimeras.com.do\/index.php\/wp-json\/wp\/v2\/comments?post=74949"}],"version-history":[{"count":1,"href":"https:\/\/lasprimeras.com.do\/index.php\/wp-json\/wp\/v2\/posts\/74949\/revisions"}],"predecessor-version":[{"id":74951,"href":"https:\/\/lasprimeras.com.do\/index.php\/wp-json\/wp\/v2\/posts\/74949\/revisions\/74951"}],"wp:featuredmedia":[{"embeddable":true,"href":"https:\/\/lasprimeras.com.do\/index.php\/wp-json\/wp\/v2\/media\/74950"}],"wp:attachment":[{"href":"https:\/\/lasprimeras.com.do\/index.php\/wp-json\/wp\/v2\/media?parent=74949"}],"wp:term":[{"taxonomy":"category","embeddable":true,"href":"https:\/\/lasprimeras.com.do\/index.php\/wp-json\/wp\/v2\/categories?post=74949"},{"taxonomy":"post_tag","embeddable":true,"href":"https:\/\/lasprimeras.com.do\/index.php\/wp-json\/wp\/v2\/tags?post=74949"}],"curies":[{"name":"wp","href":"https:\/\/api.w.org\/{rel}","templated":true}]}}