{"id":74989,"date":"2024-01-28T15:39:16","date_gmt":"2024-01-28T19:39:16","guid":{"rendered":"https:\/\/lasprimeras.com.do\/?p=74989"},"modified":"2024-01-28T15:39:18","modified_gmt":"2024-01-28T19:39:18","slug":"tony-marte-declina-su-candidatura-para-respaldar-a-betty-geronimo-en-sdn","status":"publish","type":"post","link":"https:\/\/lasprimeras.com.do\/index.php\/2024\/01\/28\/tony-marte-declina-su-candidatura-para-respaldar-a-betty-geronimo-en-sdn\/","title":{"rendered":"Tony Marte declina su candidatura para respaldar a Betty Ger\u00f3nimo en SDN"},"content":{"rendered":"\n<p>El candidato a alcalde de Santo Domingo Norte por el partido \u201cPrimero La Gente\u201d, Tony Marte, declin\u00f3 su candidatura para respaldar a la aspirante a la misma posici\u00f3n por el Partido Revolucionario Moderno (PRM), Betty Ger\u00f3nimo, en las elecciones municipales del pr\u00f3ximo 18 de Febrero.<\/p>\n\n\n\n<p>Seguido del un acto de respaldo, se integraron a una marcha caravana el expresidente de la Rep\u00fablica, Hip\u00f3lito Mej\u00eda, y el presidente del PRM, Jos\u00e9 Ignacio Paliza, quienes acompa\u00f1aron a Ger\u00f3nimo a realizar un recorrido por varias calles y avenidas de Villa Mella.<\/p>\n\n\n\n<p>En dicho recorrido cientos de simpatizantes se dieron cita en apoyo a la candidatura de Betty Ger\u00f3nimo, de acuerdo a una nota de prensa.<\/p>\n\n\n\n<p>En el recorrido, los mun\u00edcipes con pancartas en manos vociferaban su apoyo a la candidata, extern\u00e1ndole el abandono del municipio por parte de la actual gesti\u00f3n de la alcald\u00eda de Santo Domingo Norte.<\/p>\n\n\n\n<p>Acompa\u00f1aron a Betty Ger\u00f3nimo en la marcha, adem\u00e1s, Fellito Suberv\u00ed, jefe de campa\u00f1a del presidente Luis Abinader en Santo Domingo Norte; Alfredo Pacheco, presidente de la C\u00e1mara de Diputados; Antonio Almonte (To\u00f1ito); alto dirigente del PRM; Leandro Gonz\u00e1lez, candidato a Vice Alcalde por SDN; el ex precandidato a la alcald\u00eda por esa demarcaci\u00f3n, Carlos Ortiz, &nbsp;Isidro Torres; y otros altos dirigentes del partido.<\/p>\n","protected":false},"excerpt":{"rendered":"<p>El candidato a alcalde de Santo Domingo Norte por el partido \u201cPrimero La Gente\u201d, Tony Marte, declin\u00f3 su candidatura para respaldar a la aspirante a la misma posici\u00f3n por el&hellip;<\/p>\n","protected":false},"author":2,"featured_media":74990,"comment_status":"open","ping_status":"open","sticky":false,"template":"","format":"standard","meta":{"content-type":"","jetpack_post_was_ever_published":false,"_jetpack_newsletter_access":"","_jetpack_dont_email_post_to_subs":false,"_jetpack_newsletter_tier_id":0,"_jetpack_memberships_contains_paywalled_content":false,"_jetpack_memberships_contains_paid_content":false,"footnotes":""},"categories":[1],"tags":[2803,870,3440,7228,31,3888,2092,7227],"class_list":["post-74989","post","type-post","status-publish","format-standard","has-post-thumbnail","hentry","category-sin-categoria","tag-betty-geronimo","tag-candidatura","tag-declina","tag-primero-la-gente","tag-prm","tag-respalda","tag-sdn","tag-tony-marte"],"jetpack_featured_media_url":"https:\/\/lasprimeras.com.do\/wp-content\/uploads\/2024\/01\/Tony-Marte-1.jpg","jetpack-related-posts":[{"id":124094,"url":"https:\/\/lasprimeras.com.do\/index.php\/2026\/03\/06\/victor-pavon-califica-como-abuso-de-betty-geronimo-no-pagar-prestaciones-a-ex-empleados-alcaldia-sdn\/","url_meta":{"origin":74989,"position":0},"title":"V\u00edctor Pav\u00f3n califica como abuso de Betty Ger\u00f3nimo no pagar prestaciones a ex empleados Alcald\u00eda SDN","author":"Nelson Feliz","date":"6 de marzo de 2026","format":false,"excerpt":"El aspirante a alcalde por la Fuerza del Pueblo en Santo Domingo Norte, V\u00edctor Pav\u00f3n, acus\u00f3 a la alcaldesa de esa demarcaci\u00f3n, Betty Ger\u00f3nimo de violar la ley de prestaciones laborales al no entregarles el dinero correspondiente por los a\u00f1os de servicio a los ex empleados de la Alcald\u00eda. Pav\u00f3n\u2026","rel":"","context":"En \u00abPOLITICA\u00bb","block_context":{"text":"POLITICA","link":"https:\/\/lasprimeras.com.do\/index.php\/category\/politica\/"},"img":{"alt_text":"V\u00edctor Pav\u00f3n","src":"https:\/\/i0.wp.com\/lasprimeras.com.do\/wp-content\/uploads\/2026\/01\/Victor-Pavon.jpg?resize=350%2C200&ssl=1","width":350,"height":200,"srcset":"https:\/\/i0.wp.com\/lasprimeras.com.do\/wp-content\/uploads\/2026\/01\/Victor-Pavon.jpg?resize=350%2C200&ssl=1 1x, https:\/\/i0.wp.com\/lasprimeras.com.do\/wp-content\/uploads\/2026\/01\/Victor-Pavon.jpg?resize=525%2C300&ssl=1 1.5x, https:\/\/i0.wp.com\/lasprimeras.com.do\/wp-content\/uploads\/2026\/01\/Victor-Pavon.jpg?resize=700%2C400&ssl=1 2x"},"classes":[]},{"id":69469,"url":"https:\/\/lasprimeras.com.do\/index.php\/2023\/12\/03\/betty-geronimo-inscribe-su-candidatura-a-alcalde-por-santo-domingo-norte\/","url_meta":{"origin":74989,"position":1},"title":"Betty Ger\u00f3nimo inscribe su candidatura a Alcalde por Santo Domingo Norte","author":"Nelson Feliz","date":"3 de diciembre de 2023","format":false,"excerpt":"La diputada por el municipio Santo Domingo Norte, Betty Ger\u00f3nimo inscribi\u00f3 su proyecto pol\u00edtico en busca de dirigir los destinos de esta demarcaci\u00f3n por el\u00a0 Partido Revolucionario Moderno (PRM) para las elecciones 2024- 2028. A aspirante a alcaldesa le acompa\u00f1aron reconocidas figuras pol\u00edticas de varios partidos y cientos de seguidores\u2026","rel":"","context":"En \u00abSin categor\u00eda\u00bb","block_context":{"text":"Sin categor\u00eda","link":"https:\/\/lasprimeras.com.do\/index.php\/category\/sin-categoria\/"},"img":{"alt_text":"Betty Ger\u00f3nimo","src":"https:\/\/i0.wp.com\/lasprimeras.com.do\/wp-content\/uploads\/2023\/12\/Betty-Geronimo.jpg?resize=350%2C200&ssl=1","width":350,"height":200,"srcset":"https:\/\/i0.wp.com\/lasprimeras.com.do\/wp-content\/uploads\/2023\/12\/Betty-Geronimo.jpg?resize=350%2C200&ssl=1 1x, https:\/\/i0.wp.com\/lasprimeras.com.do\/wp-content\/uploads\/2023\/12\/Betty-Geronimo.jpg?resize=525%2C300&ssl=1 1.5x, https:\/\/i0.wp.com\/lasprimeras.com.do\/wp-content\/uploads\/2023\/12\/Betty-Geronimo.jpg?resize=700%2C400&ssl=1 2x"},"classes":[]},{"id":69495,"url":"https:\/\/lasprimeras.com.do\/index.php\/2023\/12\/03\/prm-juramenta-a-exprecandidato-alcalde-del-pld-leandro-gonzalez\/","url_meta":{"origin":74989,"position":2},"title":"PRM juramenta a exprecandidato alcalde del PLD Leandro Gonz\u00e1lez","author":"Nelson Feliz","date":"3 de diciembre de 2023","format":false,"excerpt":"Gonz\u00e1lez ser\u00e1 candidato a vicealcalde de Betty Ger\u00f3nimo. Cientos de altos dirigentes que pertenec\u00edan al Partido de la Liberaci\u00f3n Dominicana en Santo Domingo Norte (PLD), encabezado por el exmiembro del comit\u00e9 central del PLD y ex precandidato a la alcald\u00eda por esa demarcaci\u00f3n Leandro Gonz\u00e1lez, fueron juramentados y pasaron a\u2026","rel":"","context":"En \u00abPORTADA\u00bb","block_context":{"text":"PORTADA","link":"https:\/\/lasprimeras.com.do\/index.php\/category\/portada\/"},"img":{"alt_text":"Leandro Gonz\u00e1lez","src":"https:\/\/i0.wp.com\/lasprimeras.com.do\/wp-content\/uploads\/2023\/12\/LeandroGonzalezncdb.jpg?resize=350%2C200&ssl=1","width":350,"height":200,"srcset":"https:\/\/i0.wp.com\/lasprimeras.com.do\/wp-content\/uploads\/2023\/12\/LeandroGonzalezncdb.jpg?resize=350%2C200&ssl=1 1x, https:\/\/i0.wp.com\/lasprimeras.com.do\/wp-content\/uploads\/2023\/12\/LeandroGonzalezncdb.jpg?resize=525%2C300&ssl=1 1.5x, https:\/\/i0.wp.com\/lasprimeras.com.do\/wp-content\/uploads\/2023\/12\/LeandroGonzalezncdb.jpg?resize=700%2C400&ssl=1 2x"},"classes":[]},{"id":64292,"url":"https:\/\/lasprimeras.com.do\/index.php\/2023\/10\/19\/betty-geronimo-recibe-apoyo-de-alta-dirigencia-y-simpatizantes-del-prm\/","url_meta":{"origin":74989,"position":3},"title":"Betty Ger\u00f3nimo recibe apoyo de alta dirigencia y simpatizantes del PRM","author":"Nelson Feliz","date":"19 de octubre de 2023","format":false,"excerpt":"La candidata a la alcald\u00eda por el municipio Santo Domingo Norte y actual diputada por el Partido Revolucionario Moderno, Betty Ger\u00f3nimo, recibi\u00f3 el respaldo y apoyo de miles miembros de la organizaci\u00f3n pol\u00edtica en esa demarcaci\u00f3n. En medio de ovaci\u00f3n y algarab\u00eda, Geronimo fue recibida por la alta dirigencia del\u2026","rel":"","context":"En \u00abPORTADA\u00bb","block_context":{"text":"PORTADA","link":"https:\/\/lasprimeras.com.do\/index.php\/category\/portada\/"},"img":{"alt_text":"Betty Ger\u00f3nimo","src":"https:\/\/i0.wp.com\/lasprimeras.com.do\/wp-content\/uploads\/2023\/10\/Betty-Geronimo.jpg?resize=350%2C200&ssl=1","width":350,"height":200,"srcset":"https:\/\/i0.wp.com\/lasprimeras.com.do\/wp-content\/uploads\/2023\/10\/Betty-Geronimo.jpg?resize=350%2C200&ssl=1 1x, https:\/\/i0.wp.com\/lasprimeras.com.do\/wp-content\/uploads\/2023\/10\/Betty-Geronimo.jpg?resize=525%2C300&ssl=1 1.5x, https:\/\/i0.wp.com\/lasprimeras.com.do\/wp-content\/uploads\/2023\/10\/Betty-Geronimo.jpg?resize=700%2C400&ssl=1 2x"},"classes":[]},{"id":76380,"url":"https:\/\/lasprimeras.com.do\/index.php\/2024\/02\/09\/abinader-encabezara-marcha-caravana-en-apoyo-a-betty-geronimo-manana-sabado\/","url_meta":{"origin":74989,"position":4},"title":"Abinader encabezar\u00e1 marcha caravana en apoyo a Betty Ger\u00f3nimo, ma\u00f1ana s\u00e1bado","author":"BIMARY DE JES\u00daS Matos","date":"9 de febrero de 2024","format":false,"excerpt":"Santo Domingo.-El presidente Lu\u00eds Abinader encabezar\u00e1 este s\u00e1bado una marcha caravana en apoyo a la candidata a la alcald\u00eda del municipio Santo Domingo Norte,\u00a0 Betty Ger\u00f3nimo. La marcha caravana partir\u00e1 a las 2:00 de la tarde, y recorrer\u00e1 las principales calles y avenidas de Los Guaricanos y Villa Mella Sur.\u2026","rel":"","context":"En \u00abSin categor\u00eda\u00bb","block_context":{"text":"Sin categor\u00eda","link":"https:\/\/lasprimeras.com.do\/index.php\/category\/sin-categoria\/"},"img":{"alt_text":"","src":"https:\/\/i0.wp.com\/lasprimeras.com.do\/wp-content\/uploads\/2024\/02\/WhatsApp-Image-2024-02-09-at-11.51.46-AM-1-scaled.jpeg.webp?resize=350%2C200&ssl=1","width":350,"height":200,"srcset":"https:\/\/i0.wp.com\/lasprimeras.com.do\/wp-content\/uploads\/2024\/02\/WhatsApp-Image-2024-02-09-at-11.51.46-AM-1-scaled.jpeg.webp?resize=350%2C200&ssl=1 1x, https:\/\/i0.wp.com\/lasprimeras.com.do\/wp-content\/uploads\/2024\/02\/WhatsApp-Image-2024-02-09-at-11.51.46-AM-1-scaled.jpeg.webp?resize=525%2C300&ssl=1 1.5x, https:\/\/i0.wp.com\/lasprimeras.com.do\/wp-content\/uploads\/2024\/02\/WhatsApp-Image-2024-02-09-at-11.51.46-AM-1-scaled.jpeg.webp?resize=700%2C400&ssl=1 2x, https:\/\/i0.wp.com\/lasprimeras.com.do\/wp-content\/uploads\/2024\/02\/WhatsApp-Image-2024-02-09-at-11.51.46-AM-1-scaled.jpeg.webp?resize=1050%2C600&ssl=1 3x, https:\/\/i0.wp.com\/lasprimeras.com.do\/wp-content\/uploads\/2024\/02\/WhatsApp-Image-2024-02-09-at-11.51.46-AM-1-scaled.jpeg.webp?resize=1400%2C800&ssl=1 4x"},"classes":[]},{"id":66985,"url":"https:\/\/lasprimeras.com.do\/index.php\/2023\/11\/11\/betty-geronimo-recibe-espaldarazo-de-carlos-ortiz\/","url_meta":{"origin":74989,"position":5},"title":"Betty Ger\u00f3nimo recibe espaldarazo de Carlos Ortiz","author":"Nelson Feliz","date":"11 de noviembre de 2023","format":false,"excerpt":"La candidata a la alcald\u00eda de Santo Domingo Norte, Betty Ger\u00f3nimo recibi\u00f3 el respaldo del ex aspirante a la alcald\u00eda Carlos Ortiz, quien hab\u00eda participado en la misma posici\u00f3n en la pasada contienda electoral. Carlos Ortiz se comprometi\u00f3 a trabajar en favor la aspirante a la alcald\u00eda de Santo Domingo\u2026","rel":"","context":"En \u00abSin categor\u00eda\u00bb","block_context":{"text":"Sin categor\u00eda","link":"https:\/\/lasprimeras.com.do\/index.php\/category\/sin-categoria\/"},"img":{"alt_text":"Betty Ger\u00f3nimo","src":"https:\/\/i0.wp.com\/lasprimeras.com.do\/wp-content\/uploads\/2023\/11\/Betty-Geronimo-1.jpg?resize=350%2C200&ssl=1","width":350,"height":200,"srcset":"https:\/\/i0.wp.com\/lasprimeras.com.do\/wp-content\/uploads\/2023\/11\/Betty-Geronimo-1.jpg?resize=350%2C200&ssl=1 1x, https:\/\/i0.wp.com\/lasprimeras.com.do\/wp-content\/uploads\/2023\/11\/Betty-Geronimo-1.jpg?resize=525%2C300&ssl=1 1.5x, https:\/\/i0.wp.com\/lasprimeras.com.do\/wp-content\/uploads\/2023\/11\/Betty-Geronimo-1.jpg?resize=700%2C400&ssl=1 2x"},"classes":[]}],"jetpack_sharing_enabled":true,"_links":{"self":[{"href":"https:\/\/lasprimeras.com.do\/index.php\/wp-json\/wp\/v2\/posts\/74989","targetHints":{"allow":["GET"]}}],"collection":[{"href":"https:\/\/lasprimeras.com.do\/index.php\/wp-json\/wp\/v2\/posts"}],"about":[{"href":"https:\/\/lasprimeras.com.do\/index.php\/wp-json\/wp\/v2\/types\/post"}],"author":[{"embeddable":true,"href":"https:\/\/lasprimeras.com.do\/index.php\/wp-json\/wp\/v2\/users\/2"}],"replies":[{"embeddable":true,"href":"https:\/\/lasprimeras.com.do\/index.php\/wp-json\/wp\/v2\/comments?post=74989"}],"version-history":[{"count":1,"href":"https:\/\/lasprimeras.com.do\/index.php\/wp-json\/wp\/v2\/posts\/74989\/revisions"}],"predecessor-version":[{"id":74991,"href":"https:\/\/lasprimeras.com.do\/index.php\/wp-json\/wp\/v2\/posts\/74989\/revisions\/74991"}],"wp:featuredmedia":[{"embeddable":true,"href":"https:\/\/lasprimeras.com.do\/index.php\/wp-json\/wp\/v2\/media\/74990"}],"wp:attachment":[{"href":"https:\/\/lasprimeras.com.do\/index.php\/wp-json\/wp\/v2\/media?parent=74989"}],"wp:term":[{"taxonomy":"category","embeddable":true,"href":"https:\/\/lasprimeras.com.do\/index.php\/wp-json\/wp\/v2\/categories?post=74989"},{"taxonomy":"post_tag","embeddable":true,"href":"https:\/\/lasprimeras.com.do\/index.php\/wp-json\/wp\/v2\/tags?post=74989"}],"curies":[{"name":"wp","href":"https:\/\/api.w.org\/{rel}","templated":true}]}}