{"id":75092,"date":"2024-01-29T11:21:23","date_gmt":"2024-01-29T15:21:23","guid":{"rendered":"https:\/\/lasprimeras.com.do\/?p=75092"},"modified":"2024-01-29T11:21:25","modified_gmt":"2024-01-29T15:21:25","slug":"extraordinaria-sinergia-entre-las-candidaturas-presidencial-y-municipal-del-pld","status":"publish","type":"post","link":"https:\/\/lasprimeras.com.do\/index.php\/2024\/01\/29\/extraordinaria-sinergia-entre-las-candidaturas-presidencial-y-municipal-del-pld\/","title":{"rendered":"Extraordinaria sinergia entre las candidaturas presidencial y municipal del PLD"},"content":{"rendered":"\n<p class=\"wp-block-paragraph\">Santo Domingo.-La l\u00f3gica del PRM y del propio gobierno de Luis Abinader ha sido de puro marketing, afirma Andr\u00e9s Navarro, coordinador de la campa\u00f1a del PLD .<\/p>\n\n\n\n<p class=\"wp-block-paragraph\">Ante la proximidad de las elecciones municipales el equipo de campa\u00f1a de Abel Mart\u00ednez, candidato presidencial del Partido de la Liberaci\u00f3n Dominicana (PLD), ha tomado la decisi\u00f3n de concentrarse en el empuje de las candidaturas municipales y de distritos municipales.<\/p>\n\n\n\n<p class=\"wp-block-paragraph\">La explicaci\u00f3n la ofreci\u00f3 Andr\u00e9s Navarro, coordinador general de la campa\u00f1a, resaltando as\u00ed la sinton\u00eda en esa decisi\u00f3n que se ha tenido con Abel Mart\u00ednez, un municipalista con excelentes resultados en sus ejecutorias como alcalde de una ciudad , que del abandono, se transform\u00f3 en modelo de la regi\u00f3n.<\/p>\n\n\n\n<p class=\"wp-block-paragraph\">\u201cEn este tramo de la campa\u00f1a Abel Mart\u00ednez ha brindado su respaldo a candidatos y candidatas a alcaldes o directores de distritos municipales, apoy\u00f3 que lo ha llevado tambi\u00e9n a los regidores y vocales, como sucedi\u00f3 el pasado domingo en Santo Domingo Norte, realizando unas 17 visitas, que concluyeron todas en actos de concentraci\u00f3n de los mun\u00edcipes respaldando las candidaturas del PLD\u201d, explic\u00f3 en su participaci\u00f3n en el programa Matinal 5.<\/p>\n\n\n\n<p class=\"wp-block-paragraph\">Navarro dijo que el conocimiento que Abel Mart\u00ednez tiene de la municipalidad le ha llevado a tener un compromiso con el desarrollo local.<\/p>\n\n\n\n<p class=\"wp-block-paragraph\">Dijo que entre la candidatura presidencial del PLD y las candidaturas municipales se ha logrado una sinergia extraordinaria, asociando el liderazgo local con el nacional, que representa el candidato presidencial.<\/p>\n\n\n\n<p class=\"wp-block-paragraph\">El coordinador general de la campa\u00f1a de Abel Mart\u00ednez refut\u00f3 recientes declaraciones del presidente-candidato, Luis Abinader, sobre el falso posicionamiento de las candidaturas municipales del PRM, apuntando, como un disco rayado, que le llevan 20 puntos a las del PLD o a las de la alianza opositora.<\/p>\n\n\n\n<p class=\"wp-block-paragraph\">\u201cLa l\u00f3gica del PRM y del propio gobierno de Abinader ha sido de puros marketing, basado en una data cuestionable no solo en el aspecto electoral, tambi\u00e9n en las pol\u00edticas p\u00fablicas del Gobierno\u201d, dijo Navarro para sostener que en febrero se realizar\u00e1 una verdadera encuesta , que no se basa en simples muestreos , sino en el universo que acudir\u00e1 como concurrente a las elecciones municipales programadas para el dia 18 del mes pr\u00f3ximo.<\/p>\n\n\n\n<p class=\"wp-block-paragraph\">Es lo que explica que tanto el candidato presidencial, Abel Mart\u00ednez, como el presidente del PLD, Danilo Medina y el equipo de campa\u00f1a hayan reiterado que el 18 de febrero marcar\u00e1 un punto de inflexi\u00f3n significando as\u00ed el giro que dar\u00e1 el electorado a favor de las candidaturas opositoras.<\/p>\n\n\n\n<p class=\"wp-block-paragraph\"><\/p>\n","protected":false},"excerpt":{"rendered":"<p>Santo Domingo.-La l\u00f3gica del PRM y del propio gobierno de Luis Abinader ha sido de puro marketing, afirma Andr\u00e9s Navarro, coordinador de la campa\u00f1a del PLD . Ante la proximidad&hellip;<\/p>\n","protected":false},"author":3,"featured_media":75093,"comment_status":"open","ping_status":"open","sticky":false,"template":"","format":"standard","meta":{"content-type":"","_jetpack_newsletter_access":"","_jetpack_dont_email_post_to_subs":false,"_jetpack_newsletter_tier_id":0,"_jetpack_memberships_contains_paywalled_content":false,"_jetpack_feature_clip_id":0,"_jetpack_memberships_contains_paid_content":false,"footnotes":"","jetpack_post_was_ever_published":false},"categories":[1],"tags":[269],"class_list":["post-75092","post","type-post","status-publish","format-standard","has-post-thumbnail","hentry","category-sin-categoria","tag-pld"],"jetpack-related-posts":[{"id":76308,"url":"https:\/\/lasprimeras.com.do\/index.php\/2024\/02\/08\/actividades-del-pld-promoviendo-sus-candidaturas-municipales\/","url_meta":{"origin":75092,"position":0},"title":"Actividades del PLD promoviendo sus candidaturas municipales","author":"Nelson Feliz","date":"8 de febrero de 2024","format":false,"excerpt":"Abel Mart\u00ednez encabeza este jueves una marcha-caravana en la circunscripci\u00f3n Tres de Santiago junto a V\u00edctor Fadul y Marino Collante. Restando apenas d\u00edas para las elecciones municipales, programadas para el domingo 18 de febrero, el Partido de la Liberaci\u00f3n Dominicana (PLD), se moviliza en todo el territorio nacional, promoviendo sus\u2026","rel":"","context":"En \u00abPORTADA\u00bb","block_context":{"text":"PORTADA","link":"https:\/\/lasprimeras.com.do\/index.php\/category\/portada\/"},"img":{"alt_text":"","src":"https:\/\/i0.wp.com\/lasprimeras.com.do\/wp-content\/uploads\/2024\/02\/aBEL.jpeg?resize=350%2C200&ssl=1","width":350,"height":200,"srcset":"https:\/\/i0.wp.com\/lasprimeras.com.do\/wp-content\/uploads\/2024\/02\/aBEL.jpeg?resize=350%2C200&ssl=1 1x, https:\/\/i0.wp.com\/lasprimeras.com.do\/wp-content\/uploads\/2024\/02\/aBEL.jpeg?resize=525%2C300&ssl=1 1.5x, https:\/\/i0.wp.com\/lasprimeras.com.do\/wp-content\/uploads\/2024\/02\/aBEL.jpeg?resize=700%2C400&ssl=1 2x"},"classes":[]},{"id":59224,"url":"https:\/\/lasprimeras.com.do\/index.php\/2023\/09\/01\/andres-navarro-es-designado-coordinador-de-campana-de-abel\/","url_meta":{"origin":75092,"position":1},"title":"Andr\u00e9s Navarro es designado coordinador de campa\u00f1a de Abel","author":"Nelson Feliz","date":"1 de septiembre de 2023","format":false,"excerpt":"El miembro del Comit\u00e9 Pol\u00edtico, Andr\u00e9s Navarro, ha sido nombrado coordinador nacional de campa\u00f1a del candidato presidencial del Partido de la Liberaci\u00f3n Dominicana (PLD), Abel Mart\u00ednez. La informaci\u00f3n est\u00e1 contenida en un comunicado de la campa\u00f1a de Mart\u00ednez, y agrega que, Johnny Pujols, miembro del CP, asume el rol de\u2026","rel":"","context":"En \u00abPORTADA\u00bb","block_context":{"text":"PORTADA","link":"https:\/\/lasprimeras.com.do\/index.php\/category\/portada\/"},"img":{"alt_text":"","src":"https:\/\/i0.wp.com\/lasprimeras.com.do\/wp-content\/uploads\/2023\/09\/abel.png?resize=350%2C200&ssl=1","width":350,"height":200,"srcset":"https:\/\/i0.wp.com\/lasprimeras.com.do\/wp-content\/uploads\/2023\/09\/abel.png?resize=350%2C200&ssl=1 1x, https:\/\/i0.wp.com\/lasprimeras.com.do\/wp-content\/uploads\/2023\/09\/abel.png?resize=525%2C300&ssl=1 1.5x"},"classes":[]},{"id":113297,"url":"https:\/\/lasprimeras.com.do\/index.php\/2025\/10\/31\/comision-del-pld-se-reune-con-abel-martinez\/","url_meta":{"origin":75092,"position":2},"title":"Comision del PLD se reune con Abel Martinez","author":"Nelson Feliz","date":"31 de octubre de 2025","format":false,"excerpt":"La Comisi\u00f3n del PLD conformada para trabajar el Protocolo de Aspirantes Presidenciales se re\u00fane con Abel Mart\u00ednez. La comisi\u00f3n encargada de trabajar el Protocolo de Aspirantes Presidenciales del Partido de la Liberaci\u00f3n Dominicana (PLD) sostuvo un encuentro con Abel Mart\u00ednez, pasado candidato presidencial pelede\u00edsta en el que se intercambiaron ideas\u2026","rel":"","context":"En \u00abPOLITICA\u00bb","block_context":{"text":"POLITICA","link":"https:\/\/lasprimeras.com.do\/index.php\/category\/politica\/"},"img":{"alt_text":"","src":"https:\/\/i0.wp.com\/lasprimeras.com.do\/wp-content\/uploads\/2025\/10\/COMISION-CON-ABEL-2.jpg?resize=350%2C200&ssl=1","width":350,"height":200,"srcset":"https:\/\/i0.wp.com\/lasprimeras.com.do\/wp-content\/uploads\/2025\/10\/COMISION-CON-ABEL-2.jpg?resize=350%2C200&ssl=1 1x, https:\/\/i0.wp.com\/lasprimeras.com.do\/wp-content\/uploads\/2025\/10\/COMISION-CON-ABEL-2.jpg?resize=525%2C300&ssl=1 1.5x, https:\/\/i0.wp.com\/lasprimeras.com.do\/wp-content\/uploads\/2025\/10\/COMISION-CON-ABEL-2.jpg?resize=700%2C400&ssl=1 2x"},"classes":[]},{"id":81478,"url":"https:\/\/lasprimeras.com.do\/index.php\/2024\/04\/21\/andres-navarro-alianza-rescate-rd-ha-sumado-a-la-cultura-politica-dominicana\/","url_meta":{"origin":75092,"position":3},"title":"Andr\u00e9s Navarro: Alianza Rescate RD ha sumado a la cultura pol\u00edtica dominicana","author":"Nelson Feliz","date":"21 de abril de 2024","format":false,"excerpt":"El coordinador de la campa\u00f1a del candidato presidencial del Partido de la Liberaci\u00f3n Dominicana, Abel Mart\u00ednez ponder\u00f3 los ejes de acci\u00f3n presentando en el Programa de Gobierno 2024 del PLD y su candidato Presidencial. Andr\u00e9s Navarro,\u00a0 resalta el contenido del documento explicando en un acto el pasado jueves que el\u2026","rel":"","context":"En \u00abPORTADA\u00bb","block_context":{"text":"PORTADA","link":"https:\/\/lasprimeras.com.do\/index.php\/category\/portada\/"},"img":{"alt_text":"Andr\u00e9s Navarro","src":"https:\/\/i0.wp.com\/lasprimeras.com.do\/wp-content\/uploads\/2024\/04\/Andres-Navarro.jpg?resize=350%2C200&ssl=1","width":350,"height":200,"srcset":"https:\/\/i0.wp.com\/lasprimeras.com.do\/wp-content\/uploads\/2024\/04\/Andres-Navarro.jpg?resize=350%2C200&ssl=1 1x, https:\/\/i0.wp.com\/lasprimeras.com.do\/wp-content\/uploads\/2024\/04\/Andres-Navarro.jpg?resize=525%2C300&ssl=1 1.5x"},"classes":[]},{"id":50779,"url":"https:\/\/lasprimeras.com.do\/index.php\/2023\/05\/23\/andres-navarro-dice-terminado-duelo-abel-martinez-retomara-ritmo-de-trabajo\/","url_meta":{"origin":75092,"position":4},"title":"Andr\u00e9s Navarro dice terminado duelo Abel Mart\u00ednez retomar\u00e1 ritmo de trabajo","author":"prenxa100","date":"23 de mayo de 2023","format":false,"excerpt":"Santo Domingo.-.El miembro del Comit\u00e9 Pol\u00edtico del Partido de la Liberaci\u00f3n Dominicano, Andr\u00e9s Navarro, destac\u00f3 el ambiente de armon\u00eda y de respeto dominante en las estructuras de promoci\u00f3n de la candidatura presidencial de esa organizaci\u00f3n representada en Abel Mart\u00ednez, escogido de forma mayoritaria en la Consulta Ciudadana del pasado octubre.\u2026","rel":"","context":"En \u00abSin categor\u00eda\u00bb","block_context":{"text":"Sin categor\u00eda","link":"https:\/\/lasprimeras.com.do\/index.php\/category\/sin-categoria\/"},"img":{"alt_text":"","src":"","width":0,"height":0},"classes":[]},{"id":83242,"url":"https:\/\/lasprimeras.com.do\/index.php\/2024\/05\/13\/andres-navarro-el-pld-informa-del-cierre-de-campana\/","url_meta":{"origin":75092,"position":5},"title":"Andr\u00e9s Navarro: El PLD informa del Cierre de Campa\u00f1a","author":"Nelson Feliz","date":"13 de mayo de 2024","format":false,"excerpt":"El PLD informa de las actividades de final de la campa\u00f1a electoral. Abel Mart\u00ednez en las calles, presentando su propuesta de Gobierno. El Partido de la Liberaci\u00f3n Dominicana (PLD) dio a conocer este d\u00eda las actividades programadas para esta semana, las que junto a las realizadas la semana pasada, se\u2026","rel":"","context":"En \u00abSin categor\u00eda\u00bb","block_context":{"text":"Sin categor\u00eda","link":"https:\/\/lasprimeras.com.do\/index.php\/category\/sin-categoria\/"},"img":{"alt_text":"Andr\u00e9s Navarro","src":"https:\/\/i0.wp.com\/lasprimeras.com.do\/wp-content\/uploads\/2024\/05\/Andres-Navarro.jpg?resize=350%2C200&ssl=1","width":350,"height":200,"srcset":"https:\/\/i0.wp.com\/lasprimeras.com.do\/wp-content\/uploads\/2024\/05\/Andres-Navarro.jpg?resize=350%2C200&ssl=1 1x, https:\/\/i0.wp.com\/lasprimeras.com.do\/wp-content\/uploads\/2024\/05\/Andres-Navarro.jpg?resize=525%2C300&ssl=1 1.5x"},"classes":[]}],"jetpack_sharing_enabled":true,"jetpack_featured_media_url":"https:\/\/lasprimeras.com.do\/wp-content\/uploads\/2024\/01\/Diseno-sin-titulo-10-2.jpg","_links":{"self":[{"href":"https:\/\/lasprimeras.com.do\/index.php\/wp-json\/wp\/v2\/posts\/75092","targetHints":{"allow":["GET"]}}],"collection":[{"href":"https:\/\/lasprimeras.com.do\/index.php\/wp-json\/wp\/v2\/posts"}],"about":[{"href":"https:\/\/lasprimeras.com.do\/index.php\/wp-json\/wp\/v2\/types\/post"}],"author":[{"embeddable":true,"href":"https:\/\/lasprimeras.com.do\/index.php\/wp-json\/wp\/v2\/users\/3"}],"replies":[{"embeddable":true,"href":"https:\/\/lasprimeras.com.do\/index.php\/wp-json\/wp\/v2\/comments?post=75092"}],"version-history":[{"count":1,"href":"https:\/\/lasprimeras.com.do\/index.php\/wp-json\/wp\/v2\/posts\/75092\/revisions"}],"predecessor-version":[{"id":75094,"href":"https:\/\/lasprimeras.com.do\/index.php\/wp-json\/wp\/v2\/posts\/75092\/revisions\/75094"}],"wp:featuredmedia":[{"embeddable":true,"href":"https:\/\/lasprimeras.com.do\/index.php\/wp-json\/wp\/v2\/media\/75093"}],"wp:attachment":[{"href":"https:\/\/lasprimeras.com.do\/index.php\/wp-json\/wp\/v2\/media?parent=75092"}],"wp:term":[{"taxonomy":"category","embeddable":true,"href":"https:\/\/lasprimeras.com.do\/index.php\/wp-json\/wp\/v2\/categories?post=75092"},{"taxonomy":"post_tag","embeddable":true,"href":"https:\/\/lasprimeras.com.do\/index.php\/wp-json\/wp\/v2\/tags?post=75092"}],"curies":[{"name":"wp","href":"https:\/\/api.w.org\/{rel}","templated":true}]}}