{"id":75250,"date":"2024-01-30T21:58:09","date_gmt":"2024-01-31T01:58:09","guid":{"rendered":"https:\/\/lasprimeras.com.do\/?p=75250"},"modified":"2024-01-30T21:58:10","modified_gmt":"2024-01-31T01:58:10","slug":"casc-celebra-sus-62-anos-de-compromiso-con-justicia-social-y-paz-laboral","status":"publish","type":"post","link":"https:\/\/lasprimeras.com.do\/index.php\/2024\/01\/30\/casc-celebra-sus-62-anos-de-compromiso-con-justicia-social-y-paz-laboral\/","title":{"rendered":"CASC celebra sus 62 a\u00f1os de compromiso con justicia social y paz laboral"},"content":{"rendered":"\n<p>La Confederaci\u00f3n Aut\u00f3noma Sindical Clasista (CASC) conmemora sus 62 a\u00f1os de dedicaci\u00f3n inquebrantable a la b\u00fasqueda de la paz como resultado de la justicia social, extendiendo su impacto m\u00e1s all\u00e1 de los trabajadores para abarcar toda la sociedad dominicana.<\/p>\n\n\n\n<p>En un comunicado emitido con motivo de su aniversario, el gremio reafirma su misi\u00f3n fundamental y destaca diversas actividades conmemorativas.<\/p>\n\n\n\n<p>En el marco de los actos por su fundaci\u00f3n, la CASC reitera su compromiso con la lucha y alza su voz en defensa de la clase obrera nacional.<\/p>\n\n\n\n<p>Las actividades incluyeron una misa de Acci\u00f3n de Gracias y una ofrenda floral en el Altar de la Patria, donde los principales directivos se congregaron para honrar la trayectoria de la organizaci\u00f3n.<\/p>\n\n\n\n<p>Gabriel del R\u00edo Do\u00f1\u00e9, presidente de la CASC, al dirigirse a los presentes, record\u00f3 el papel crucial de la organizaci\u00f3n como instrumento de desarrollo para el pueblo dominicano, contribuyendo al mantenimiento de la actual paz laboral en el pa\u00eds.<\/p>\n\n\n\n<p>Adem\u00e1s, destac\u00f3 el legado de m\u00e1s de seis d\u00e9cadas, que incluye instituciones como el Instituto Nacional de Formaci\u00f3n T\u00e9cnico Profesional (INFOTEP), el Instituto Nacional de Formaci\u00f3n Agraria y Sindical (INFAS) y la Asociaci\u00f3n Mutual de Servicios Solidarios (AMUSSOL), entre otras.<\/p>\n\n\n\n<p>Del R\u00edo Do\u00f1\u00e9 hizo un llamado a la clase trabajadora del campo y la ciudad a permanecer unida bajo las directrices de la CASC, inst\u00e1ndolos a continuar la lucha conjunta por una paz genuina como fruto de la justicia social.<\/p>\n","protected":false},"excerpt":{"rendered":"<p>La Confederaci\u00f3n Aut\u00f3noma Sindical Clasista (CASC) conmemora sus 62 a\u00f1os de dedicaci\u00f3n inquebrantable a la b\u00fasqueda de la paz como resultado de la justicia social, extendiendo su impacto m\u00e1s all\u00e1&hellip;<\/p>\n","protected":false},"author":2,"featured_media":75251,"comment_status":"open","ping_status":"open","sticky":false,"template":"","format":"standard","meta":{"content-type":"","jetpack_post_was_ever_published":false,"_jetpack_newsletter_access":"","_jetpack_dont_email_post_to_subs":false,"_jetpack_newsletter_tier_id":0,"_jetpack_memberships_contains_paywalled_content":false,"_jetpack_memberships_contains_paid_content":false,"footnotes":""},"categories":[35,25],"tags":[4920,562,173,11405],"class_list":["post-75250","post","type-post","status-publish","format-standard","has-post-thumbnail","hentry","category-nacionales","category-portada","tag-casc","tag-compromiso","tag-justicia-social","tag-paz-laboral"],"jetpack_featured_media_url":"https:\/\/lasprimeras.com.do\/wp-content\/uploads\/2024\/01\/GABRIEL-II.jpg","jetpack-related-posts":[{"id":120835,"url":"https:\/\/lasprimeras.com.do\/index.php\/2026\/01\/28\/casc-conmemora-64-anos-defendiendo-la-vida-el-trabajo-digno-y-la-esperanza-de-la-gente\/","url_meta":{"origin":75250,"position":0},"title":"CASC conmemora 64 a\u00f1os defendiendo la vida, el trabajo digno y la esperanza de la gente","author":"Nelson Feliz","date":"28 de enero de 2026","format":false,"excerpt":"En el marco de su 64 aniversario, la Confederaci\u00f3n Aut\u00f3noma Sindical Clasista (CASC) no solo celebra su historia de lucha por los derechos laborales y la democracia, sino que reafirma su compromiso con el ser humano, con la vida, la familia y la construcci\u00f3n de una sociedad m\u00e1s justa, solidaria\u2026","rel":"","context":"En \u00abNACIONALES\u00bb","block_context":{"text":"NACIONALES","link":"https:\/\/lasprimeras.com.do\/index.php\/category\/nacionales\/"},"img":{"alt_text":"","src":"https:\/\/i0.wp.com\/lasprimeras.com.do\/wp-content\/uploads\/2026\/01\/IMG-20260128-WA0467.jpg?resize=350%2C200&ssl=1","width":350,"height":200,"srcset":"https:\/\/i0.wp.com\/lasprimeras.com.do\/wp-content\/uploads\/2026\/01\/IMG-20260128-WA0467.jpg?resize=350%2C200&ssl=1 1x, https:\/\/i0.wp.com\/lasprimeras.com.do\/wp-content\/uploads\/2026\/01\/IMG-20260128-WA0467.jpg?resize=525%2C300&ssl=1 1.5x, https:\/\/i0.wp.com\/lasprimeras.com.do\/wp-content\/uploads\/2026\/01\/IMG-20260128-WA0467.jpg?resize=700%2C400&ssl=1 2x, https:\/\/i0.wp.com\/lasprimeras.com.do\/wp-content\/uploads\/2026\/01\/IMG-20260128-WA0467.jpg?resize=1050%2C600&ssl=1 3x"},"classes":[]},{"id":125717,"url":"https:\/\/lasprimeras.com.do\/index.php\/2026\/03\/25\/scj-y-casc-se-unen-para-fortalecer-la-justicia-laboral\/","url_meta":{"origin":75250,"position":1},"title":"SCJ y CASC se unen para fortalecer la justicia laboral","author":"Nelson Feliz","date":"25 de marzo de 2026","format":false,"excerpt":"Presidente de la SCJ visita sede de la CASC y reafirma compromiso con el fortalecimiento de los derechos laborales. La Confederaci\u00f3n Aut\u00f3noma Sindical Clasista (CASC) recibi\u00f3 este martes en su sede al presidente de la Suprema Corte de Justicia (SCJ), Magistrado Luis Henry Molina, en un encuentro en el que\u2026","rel":"","context":"En \u00abNACIONALES\u00bb","block_context":{"text":"NACIONALES","link":"https:\/\/lasprimeras.com.do\/index.php\/category\/nacionales\/"},"img":{"alt_text":"SCJ visita sede de la CASC","src":"https:\/\/i0.wp.com\/lasprimeras.com.do\/wp-content\/uploads\/2026\/03\/SCJ-visita-sede-de-la-CASC.jpg?resize=350%2C200&ssl=1","width":350,"height":200,"srcset":"https:\/\/i0.wp.com\/lasprimeras.com.do\/wp-content\/uploads\/2026\/03\/SCJ-visita-sede-de-la-CASC.jpg?resize=350%2C200&ssl=1 1x, https:\/\/i0.wp.com\/lasprimeras.com.do\/wp-content\/uploads\/2026\/03\/SCJ-visita-sede-de-la-CASC.jpg?resize=525%2C300&ssl=1 1.5x, https:\/\/i0.wp.com\/lasprimeras.com.do\/wp-content\/uploads\/2026\/03\/SCJ-visita-sede-de-la-CASC.jpg?resize=700%2C400&ssl=1 2x"},"classes":[]},{"id":94986,"url":"https:\/\/lasprimeras.com.do\/index.php\/2025\/03\/07\/casc-rinde-homenaje-a-la-mujer-trabajadora-en-su-dia\/","url_meta":{"origin":75250,"position":2},"title":"CASC rinde homenaje a la mujer trabajadora en su d\u00eda","author":"Nelson Feliz","date":"7 de marzo de 2025","format":false,"excerpt":"Este 8 de marzo, la Confederaci\u00f3n Aut\u00f3noma Sindical Clasista (CASC) celebra y rinde homenaje a la mujer dominicana en ocasi\u00f3n del D\u00eda Internacional de la Mujer, destacando su incansable lucha por la igualdad, la justicia y el respeto a sus derechos laborales. Desde su fundaci\u00f3n, la CASC ha sido testigo\u2026","rel":"","context":"En \u00abNACIONALES\u00bb","block_context":{"text":"NACIONALES","link":"https:\/\/lasprimeras.com.do\/index.php\/category\/nacionales\/"},"img":{"alt_text":"Gabriel Antonio del R\u00edo Do\u00f1\u00e9","src":"https:\/\/i0.wp.com\/lasprimeras.com.do\/wp-content\/uploads\/2025\/03\/Gabriel-Antonio-del-Rio-Done.jpg?resize=350%2C200&ssl=1","width":350,"height":200,"srcset":"https:\/\/i0.wp.com\/lasprimeras.com.do\/wp-content\/uploads\/2025\/03\/Gabriel-Antonio-del-Rio-Done.jpg?resize=350%2C200&ssl=1 1x, https:\/\/i0.wp.com\/lasprimeras.com.do\/wp-content\/uploads\/2025\/03\/Gabriel-Antonio-del-Rio-Done.jpg?resize=525%2C300&ssl=1 1.5x, https:\/\/i0.wp.com\/lasprimeras.com.do\/wp-content\/uploads\/2025\/03\/Gabriel-Antonio-del-Rio-Done.jpg?resize=700%2C400&ssl=1 2x"},"classes":[]},{"id":127987,"url":"https:\/\/lasprimeras.com.do\/index.php\/2026\/04\/17\/casc-reune-autoridades-y-expertos-para-transformar-la-cultura-preventiva-en-el-trabajo\/","url_meta":{"origin":75250,"position":3},"title":"CASC re\u00fane autoridades y expertos para transformar la cultura preventiva en el trabajo","author":"Nelson Feliz","date":"17 de abril de 2026","format":false,"excerpt":"La Confederaci\u00f3n Aut\u00f3noma Sindical Clasista (CASC) celebr\u00f3 este viernes su 13.\u00ba Congreso Nacional sobre Riesgos Laborales, una iniciativa que busca orientar al Estado, a los empleadores y a los trabajadores sobre la importancia de fomentar una cultura preventiva frente a los accidentes en los lugares de trabajo. Bajo el lema\u2026","rel":"","context":"En \u00abECONOM\u00cdA\u00bb","block_context":{"text":"ECONOM\u00cdA","link":"https:\/\/lasprimeras.com.do\/index.php\/category\/economia\/"},"img":{"alt_text":"","src":"https:\/\/i0.wp.com\/lasprimeras.com.do\/wp-content\/uploads\/2026\/04\/casc.jpg?resize=350%2C200&ssl=1","width":350,"height":200,"srcset":"https:\/\/i0.wp.com\/lasprimeras.com.do\/wp-content\/uploads\/2026\/04\/casc.jpg?resize=350%2C200&ssl=1 1x, https:\/\/i0.wp.com\/lasprimeras.com.do\/wp-content\/uploads\/2026\/04\/casc.jpg?resize=525%2C300&ssl=1 1.5x, https:\/\/i0.wp.com\/lasprimeras.com.do\/wp-content\/uploads\/2026\/04\/casc.jpg?resize=700%2C400&ssl=1 2x"},"classes":[]},{"id":108285,"url":"https:\/\/lasprimeras.com.do\/index.php\/2025\/09\/04\/centrales-sindicales-anuncian-plan-de-movilizacion-en-defensa-de-la-cesantia-laboral\/","url_meta":{"origin":75250,"position":4},"title":"Centrales Sindicales anuncian plan de movilizaci\u00f3n en defensa de la cesant\u00eda laboral","author":"Nelson Feliz","date":"4 de septiembre de 2025","format":false,"excerpt":"\u00b7 CNTD, CNUS y CASC llaman a vigilia frente al Congreso el 10 de septiembre. Las centrales sindicales Confederaci\u00f3n Nacional de Trabajadores Dominicanos (CNTD), Confederaci\u00f3n Aut\u00f3noma Sindical Clasista (CASC) y la Confederaci\u00f3n Nacional de Unidad Sindical (CNUS), encabezadas por sus presidentes Jacobo Ramos, Gabriel del R\u00edo, respectivamente, rechazaron de manera\u2026","rel":"","context":"En \u00abECONOM\u00cdA\u00bb","block_context":{"text":"ECONOM\u00cdA","link":"https:\/\/lasprimeras.com.do\/index.php\/category\/economia\/"},"img":{"alt_text":"","src":"https:\/\/i0.wp.com\/lasprimeras.com.do\/wp-content\/uploads\/2025\/09\/centrales.jpg?resize=350%2C200&ssl=1","width":350,"height":200,"srcset":"https:\/\/i0.wp.com\/lasprimeras.com.do\/wp-content\/uploads\/2025\/09\/centrales.jpg?resize=350%2C200&ssl=1 1x, https:\/\/i0.wp.com\/lasprimeras.com.do\/wp-content\/uploads\/2025\/09\/centrales.jpg?resize=525%2C300&ssl=1 1.5x, https:\/\/i0.wp.com\/lasprimeras.com.do\/wp-content\/uploads\/2025\/09\/centrales.jpg?resize=700%2C400&ssl=1 2x"},"classes":[]},{"id":55166,"url":"https:\/\/lasprimeras.com.do\/index.php\/2023\/07\/18\/la-casc-anuncia-su-21-congreso-nacional-eleccionario\/","url_meta":{"origin":75250,"position":5},"title":"La CASC anuncia su 21 Congreso Nacional Eleccionario","author":"Nelson Feliz","date":"18 de julio de 2023","format":false,"excerpt":"Contar\u00e1 con la distinguida presencia del presidente Luis Abinader. El secretario general de la Confederaci\u00f3n Aut\u00f3noma Sindical Clasista (CASC), Gabriel del Rio Do\u00f1e, \u00a0anunci\u00f3 la celebraci\u00f3n de su 21 Congreso Nacional Eleccionario, el cual ha asumido como lema: \u201cPor un modelo de desarrollo sustentable, trabajo decente y protecci\u00f3n social\u201d, a\u2026","rel":"","context":"En \u00abNACIONALES\u00bb","block_context":{"text":"NACIONALES","link":"https:\/\/lasprimeras.com.do\/index.php\/category\/nacionales\/"},"img":{"alt_text":"Gabriel del Rio Do\u00f1e","src":"https:\/\/i0.wp.com\/lasprimeras.com.do\/wp-content\/uploads\/2023\/07\/Gabriel-del-Rio-Done.jpg?resize=350%2C200&ssl=1","width":350,"height":200,"srcset":"https:\/\/i0.wp.com\/lasprimeras.com.do\/wp-content\/uploads\/2023\/07\/Gabriel-del-Rio-Done.jpg?resize=350%2C200&ssl=1 1x, https:\/\/i0.wp.com\/lasprimeras.com.do\/wp-content\/uploads\/2023\/07\/Gabriel-del-Rio-Done.jpg?resize=525%2C300&ssl=1 1.5x, https:\/\/i0.wp.com\/lasprimeras.com.do\/wp-content\/uploads\/2023\/07\/Gabriel-del-Rio-Done.jpg?resize=700%2C400&ssl=1 2x"},"classes":[]}],"jetpack_sharing_enabled":true,"_links":{"self":[{"href":"https:\/\/lasprimeras.com.do\/index.php\/wp-json\/wp\/v2\/posts\/75250","targetHints":{"allow":["GET"]}}],"collection":[{"href":"https:\/\/lasprimeras.com.do\/index.php\/wp-json\/wp\/v2\/posts"}],"about":[{"href":"https:\/\/lasprimeras.com.do\/index.php\/wp-json\/wp\/v2\/types\/post"}],"author":[{"embeddable":true,"href":"https:\/\/lasprimeras.com.do\/index.php\/wp-json\/wp\/v2\/users\/2"}],"replies":[{"embeddable":true,"href":"https:\/\/lasprimeras.com.do\/index.php\/wp-json\/wp\/v2\/comments?post=75250"}],"version-history":[{"count":1,"href":"https:\/\/lasprimeras.com.do\/index.php\/wp-json\/wp\/v2\/posts\/75250\/revisions"}],"predecessor-version":[{"id":75252,"href":"https:\/\/lasprimeras.com.do\/index.php\/wp-json\/wp\/v2\/posts\/75250\/revisions\/75252"}],"wp:featuredmedia":[{"embeddable":true,"href":"https:\/\/lasprimeras.com.do\/index.php\/wp-json\/wp\/v2\/media\/75251"}],"wp:attachment":[{"href":"https:\/\/lasprimeras.com.do\/index.php\/wp-json\/wp\/v2\/media?parent=75250"}],"wp:term":[{"taxonomy":"category","embeddable":true,"href":"https:\/\/lasprimeras.com.do\/index.php\/wp-json\/wp\/v2\/categories?post=75250"},{"taxonomy":"post_tag","embeddable":true,"href":"https:\/\/lasprimeras.com.do\/index.php\/wp-json\/wp\/v2\/tags?post=75250"}],"curies":[{"name":"wp","href":"https:\/\/api.w.org\/{rel}","templated":true}]}}