{"id":75256,"date":"2024-01-30T22:22:40","date_gmt":"2024-01-31T02:22:40","guid":{"rendered":"https:\/\/lasprimeras.com.do\/?p=75256"},"modified":"2024-01-30T22:24:44","modified_gmt":"2024-01-31T02:24:44","slug":"presidente-inaugura-saneada-canada-cachon-oeste-en-sde","status":"publish","type":"post","link":"https:\/\/lasprimeras.com.do\/index.php\/2024\/01\/30\/presidente-inaugura-saneada-canada-cachon-oeste-en-sde\/","title":{"rendered":"Presidente inaugura saneada ca\u00f1ada Cach\u00f3n Oeste en SDE"},"content":{"rendered":"\n<p><strong>El director de la CAASD destaca que m\u00e1s de 15,000 personas ser\u00e1n beneficiadas con la obra que incluye la construcci\u00f3n de 20 viviendas.<\/strong><\/p>\n\n\n\n<p>El&nbsp;presidente Luis Abinader, junto al director general de la Corporaci\u00f3n del Acueducto y Alcantarillado de Santo Domingo&nbsp;(CAASD) Felipe Suberv\u00ed, inaugur\u00f3 ya saneada la ca\u00f1ada Cach\u00f3n Oeste, con una inversi\u00f3n de RD$68 millones y que beneficiar\u00e1 a cientos de familias en el municipio de Santo Domingo Este.<\/p>\n\n\n\n<p>En las palabras centrales, el titular de la CAASD inform\u00f3 que la obra mejorar\u00e1 la calidad de vida de una poblaci\u00f3n de m\u00e1s de 15,000 habitantes de los sectores Colinas de Este, Catanga, Vista Hermosa, Residencial Tito IV, entre otros.<\/p>\n\n\n\n<p>\u201cEl trabajo consisti\u00f3 en tapar aproximadamente 400 metros lineales del afluente, una demanda que por a\u00f1os reclamaban los residentes\u201d, explic\u00f3 el funcionario.<\/p>\n\n\n\n<figure class=\"wp-block-image size-full is-resized\"><img decoding=\"async\" width=\"700\" height=\"466\" src=\"https:\/\/lasprimeras.com.do\/wp-content\/uploads\/2024\/01\/Luis-Abinader-caasd.jpg\" alt=\"\" class=\"wp-image-75258\" style=\"width:840px;height:auto\" srcset=\"https:\/\/lasprimeras.com.do\/wp-content\/uploads\/2024\/01\/Luis-Abinader-caasd.jpg 700w, https:\/\/lasprimeras.com.do\/wp-content\/uploads\/2024\/01\/Luis-Abinader-caasd-300x200.jpg 300w\" sizes=\"(max-width: 700px) 100vw, 700px\" \/><\/figure>\n\n\n\n<p>En ese sentido, el ingeniero precis\u00f3 que adem\u00e1s de las labores de alcantarillado sanitario, el proyecto incluye una cancha de basquetbol con gradas e iluminaci\u00f3n, a fin de fomentar el sano entretenimiento de los residentes de la demarcaci\u00f3n, y a la vez garantizarles su seguridad.<\/p>\n\n\n\n<p>Adem\u00e1s, el director de la CAASD, especific\u00f3 la entrega de 20 nuevas viviendas y varias rehabilitadas.<\/p>\n\n\n\n<p>&#8220;Trabajamos con la finalidad de construir comunidades m\u00e1s saludables y resilientes. La intervenci\u00f3n en la ca\u00f1ada Cach\u00f3n Oeste ha demostrado que la inversi\u00f3n en estos proyectos es crucial para el progreso y el bienestar de la sociedad&#8221;, resalt\u00f3 el Suberv\u00ed.<\/p>\n\n\n\n<p>De igual modo, explic\u00f3 la importancia del saneamiento y embellecimiento de cada rinc\u00f3n de la provincia para lograr entornos m\u00e1s saludables a favor de la poblaci\u00f3n.<\/p>\n\n\n\n<figure class=\"wp-block-image size-full is-resized\"><img decoding=\"async\" width=\"700\" height=\"466\" src=\"https:\/\/lasprimeras.com.do\/wp-content\/uploads\/2024\/01\/Felipe-Subervi-1.jpg\" alt=\"\" class=\"wp-image-75260\" style=\"width:840px;height:auto\" srcset=\"https:\/\/lasprimeras.com.do\/wp-content\/uploads\/2024\/01\/Felipe-Subervi-1.jpg 700w, https:\/\/lasprimeras.com.do\/wp-content\/uploads\/2024\/01\/Felipe-Subervi-1-300x200.jpg 300w\" sizes=\"(max-width: 700px) 100vw, 700px\" \/><\/figure>\n\n\n\n<p>&#8220;La intervenci\u00f3n en la ca\u00f1ada no solo significa un mejoramiento ambiental, sino tambi\u00e9n una transformaci\u00f3n en la calidad de vida de los residentes&#8221;, manifest\u00f3 Suberv\u00ed.<\/p>\n\n\n\n<p>Suberv\u00ed record\u00f3 el compromiso de la Corporaci\u00f3n, de contribuir al bienestar y desarrollo de cada comunidad en el Gran Santo Domingo, como parte de la obra de gobierno del presidente Luis Abinader.<\/p>\n\n\n\n<p>Acompa\u00f1aron al presidente Abinader la gobernadora de la provincia Santo Domingo, Julia Drullard; el senador Antonio Taveras Guzm\u00e1n; el alcalde de Santo Domingo Este, Manuel Jim\u00e9nez; los diputados Bolivar Valera, Alexis Jim\u00e9nez, Carlos de Jes\u00fas y Jos\u00e9 (Bertico) Santana.<\/p>\n","protected":false},"excerpt":{"rendered":"<p>El director de la CAASD destaca que m\u00e1s de 15,000 personas ser\u00e1n beneficiadas con la obra que incluye la construcci\u00f3n de 20 viviendas. El&nbsp;presidente Luis Abinader, junto al director general&hellip;<\/p>\n","protected":false},"author":2,"featured_media":75257,"comment_status":"open","ping_status":"open","sticky":false,"template":"","format":"standard","meta":{"content-type":"","jetpack_post_was_ever_published":false,"_jetpack_newsletter_access":"","_jetpack_dont_email_post_to_subs":false,"_jetpack_newsletter_tier_id":0,"_jetpack_memberships_contains_paywalled_content":false,"_jetpack_memberships_contains_paid_content":false,"footnotes":""},"categories":[39,25],"tags":[11410,3630,67,11409,1570],"class_list":["post-75256","post","type-post","status-publish","format-standard","has-post-thumbnail","hentry","category-economia","category-portada","tag-cachon-oeste","tag-canada","tag-luis-abinader","tag-saneada","tag-santo-domingo-este"],"jetpack_featured_media_url":"https:\/\/lasprimeras.com.do\/wp-content\/uploads\/2024\/01\/Felipe-Subervi.jpg","jetpack-related-posts":[{"id":76271,"url":"https:\/\/lasprimeras.com.do\/index.php\/2024\/02\/08\/presidente-luis-abinader-junto-a-fellito-subervi-entrega-saneada-canada-cachon-oeste-en-sde\/","url_meta":{"origin":75256,"position":0},"title":"Presidente Luis Abinader junto a Fellito Suberv\u00ed entrega saneada ca\u00f1ada Cach\u00f3n Oeste en SDE","author":"Nelson Feliz","date":"8 de febrero de 2024","format":false,"excerpt":"El director de la CAASD destac\u00f3 que m\u00e1s de 15,000 personas ser\u00e1n beneficiadas con la obra que incluye la construcci\u00f3n de 20 viviendas. El presidente Luis Abinader encabez\u00f3 junto al director de la Corporaci\u00f3n del Acueducto y Alcantarillado de Santo Domingo (CAASD), Felipe (Fellito) Suberv\u00ed, la entrega saneada de la\u2026","rel":"","context":"En \u00abECONOM\u00cdA\u00bb","block_context":{"text":"ECONOM\u00cdA","link":"https:\/\/lasprimeras.com.do\/index.php\/category\/economia\/"},"img":{"alt_text":"FELLITO","src":"https:\/\/i0.wp.com\/lasprimeras.com.do\/wp-content\/uploads\/2024\/02\/FELLITO.jpg?resize=350%2C200&ssl=1","width":350,"height":200,"srcset":"https:\/\/i0.wp.com\/lasprimeras.com.do\/wp-content\/uploads\/2024\/02\/FELLITO.jpg?resize=350%2C200&ssl=1 1x, https:\/\/i0.wp.com\/lasprimeras.com.do\/wp-content\/uploads\/2024\/02\/FELLITO.jpg?resize=525%2C300&ssl=1 1.5x"},"classes":[]},{"id":120374,"url":"https:\/\/lasprimeras.com.do\/index.php\/2026\/01\/23\/caasd-inaugurara-saneamiento-de-la-canada-los-peralejos-con-la-presencia-del-presidente-abinader\/","url_meta":{"origin":75256,"position":1},"title":"CAASD inaugurar\u00e1 saneamiento de la ca\u00f1ada Los Peralejos, con la presencia del presidente Abinader","author":"Nelson Feliz","date":"23 de enero de 2026","format":false,"excerpt":"La Corporaci\u00f3n del Acueducto y Alcantarillado de Santo Domingo (CAASD) inaugurara hoy el saneamiento pluvial y sanitario de la ca\u00f1ada Los Peralejos, un proyecto clave para mejorar la calidad de vida de los residentes de la zona. El acto contar\u00e1 con la presencia del presidente de la Rep\u00fablica Dominicana, Luis\u2026","rel":"","context":"En \u00abNACIONALES\u00bb","block_context":{"text":"NACIONALES","link":"https:\/\/lasprimeras.com.do\/index.php\/category\/nacionales\/"},"img":{"alt_text":"","src":"https:\/\/i0.wp.com\/lasprimeras.com.do\/wp-content\/uploads\/2025\/04\/Director-de-la-CAASD-en-la-canada-de-Guajimia-3.jpg?resize=350%2C200&ssl=1","width":350,"height":200,"srcset":"https:\/\/i0.wp.com\/lasprimeras.com.do\/wp-content\/uploads\/2025\/04\/Director-de-la-CAASD-en-la-canada-de-Guajimia-3.jpg?resize=350%2C200&ssl=1 1x, https:\/\/i0.wp.com\/lasprimeras.com.do\/wp-content\/uploads\/2025\/04\/Director-de-la-CAASD-en-la-canada-de-Guajimia-3.jpg?resize=525%2C300&ssl=1 1.5x, https:\/\/i0.wp.com\/lasprimeras.com.do\/wp-content\/uploads\/2025\/04\/Director-de-la-CAASD-en-la-canada-de-Guajimia-3.jpg?resize=700%2C400&ssl=1 2x"},"classes":[]},{"id":127094,"url":"https:\/\/lasprimeras.com.do\/index.php\/2026\/04\/08\/caasd-invertira-180-millones-para-restablecer-agua-en-san-luis\/","url_meta":{"origin":75256,"position":2},"title":"CAASD invertir\u00e1 180 millones para restablecer agua en San Luis","author":"Nelson Feliz","date":"8 de abril de 2026","format":false,"excerpt":"El director de la Corporaci\u00f3n del Acueducto y Alcantarillado de Santo Domingo (CAASD), Felipe \u201cFellito\u201d Suberv\u00ed, anunci\u00f3 una inversi\u00f3n de 180 millones de pesos para mejorar el suministro de agua potable en el distrito municipal de San Luis, beneficiando a miles de familias que durante a\u00f1os han enfrentado cortes y\u2026","rel":"","context":"En \u00abECONOM\u00cdA\u00bb","block_context":{"text":"ECONOM\u00cdA","link":"https:\/\/lasprimeras.com.do\/index.php\/category\/economia\/"},"img":{"alt_text":"","src":"https:\/\/i0.wp.com\/lasprimeras.com.do\/wp-content\/uploads\/2026\/04\/IMG-20260408-WA0458.jpg?resize=350%2C200&ssl=1","width":350,"height":200,"srcset":"https:\/\/i0.wp.com\/lasprimeras.com.do\/wp-content\/uploads\/2026\/04\/IMG-20260408-WA0458.jpg?resize=350%2C200&ssl=1 1x, https:\/\/i0.wp.com\/lasprimeras.com.do\/wp-content\/uploads\/2026\/04\/IMG-20260408-WA0458.jpg?resize=525%2C300&ssl=1 1.5x, https:\/\/i0.wp.com\/lasprimeras.com.do\/wp-content\/uploads\/2026\/04\/IMG-20260408-WA0458.jpg?resize=700%2C400&ssl=1 2x, https:\/\/i0.wp.com\/lasprimeras.com.do\/wp-content\/uploads\/2026\/04\/IMG-20260408-WA0458.jpg?resize=1050%2C600&ssl=1 3x"},"classes":[]},{"id":114677,"url":"https:\/\/lasprimeras.com.do\/index.php\/2025\/11\/16\/fellito-subervi-supervisa-avances-en-trabajos-canada-guajimia\/","url_meta":{"origin":75256,"position":3},"title":"Fellito Suberv\u00ed supervisa avances en trabajos ca\u00f1ada Guajim\u00eda","author":"Nelson Feliz","date":"16 de noviembre de 2025","format":false,"excerpt":"Asegura que, para mediados de 2026, la importante ca\u00f1ada ser\u00e1 entregada, beneficiando a m\u00e1s de 350 mil personas El director general de la Corporaci\u00f3n del Acueducto y Alcantarillado de Santo Domingo (CAASD), ingeniero Fellito Suberv\u00ed, realiz\u00f3 un recorrido de supervisi\u00f3n de los trabajos de saneamiento de la ca\u00f1ada Guajim\u00eda, que\u2026","rel":"","context":"En \u00abNACIONALES\u00bb","block_context":{"text":"NACIONALES","link":"https:\/\/lasprimeras.com.do\/index.php\/category\/nacionales\/"},"img":{"alt_text":"","src":"https:\/\/i0.wp.com\/lasprimeras.com.do\/wp-content\/uploads\/2025\/11\/El-director-de-la-CAASD-en-Guajimia-2.jpg?resize=350%2C200&ssl=1","width":350,"height":200,"srcset":"https:\/\/i0.wp.com\/lasprimeras.com.do\/wp-content\/uploads\/2025\/11\/El-director-de-la-CAASD-en-Guajimia-2.jpg?resize=350%2C200&ssl=1 1x, https:\/\/i0.wp.com\/lasprimeras.com.do\/wp-content\/uploads\/2025\/11\/El-director-de-la-CAASD-en-Guajimia-2.jpg?resize=525%2C300&ssl=1 1.5x, https:\/\/i0.wp.com\/lasprimeras.com.do\/wp-content\/uploads\/2025\/11\/El-director-de-la-CAASD-en-Guajimia-2.jpg?resize=700%2C400&ssl=1 2x"},"classes":[]},{"id":60061,"url":"https:\/\/lasprimeras.com.do\/index.php\/2023\/09\/10\/caasd-instala-108305-74-metros-de-redes-de-distribucion-de-agua-potable-para-el-gsd\/","url_meta":{"origin":75256,"position":4},"title":"CAASD instala 108,305.74 metros de redes de distribuci\u00f3n de agua potable para el GSD","author":"Nelson Feliz","date":"10 de septiembre de 2023","format":false,"excerpt":"La instituci\u00f3n destaca la colocaci\u00f3n de 12,720.00 acometidas residenciales en beneficio de miles de habitantes de esa demarcaci\u00f3n. La creaci\u00f3n y ampliaci\u00f3n de nuevas fuentes para la producci\u00f3n y almacenamiento de agua potable, as\u00ed como el saneamiento definitivo de ca\u00f1adas, fueron las ejecutorias m\u00e1s importantes que desempe\u00f1\u00f3 la Corporaci\u00f3n del\u2026","rel":"","context":"En \u00abNACIONALES\u00bb","block_context":{"text":"NACIONALES","link":"https:\/\/lasprimeras.com.do\/index.php\/category\/nacionales\/"},"img":{"alt_text":"FELIPE SUBERVI","src":"https:\/\/i0.wp.com\/lasprimeras.com.do\/wp-content\/uploads\/2023\/09\/FELIPE-SUBERVI-1.jpg?resize=350%2C200&ssl=1","width":350,"height":200,"srcset":"https:\/\/i0.wp.com\/lasprimeras.com.do\/wp-content\/uploads\/2023\/09\/FELIPE-SUBERVI-1.jpg?resize=350%2C200&ssl=1 1x, https:\/\/i0.wp.com\/lasprimeras.com.do\/wp-content\/uploads\/2023\/09\/FELIPE-SUBERVI-1.jpg?resize=525%2C300&ssl=1 1.5x, https:\/\/i0.wp.com\/lasprimeras.com.do\/wp-content\/uploads\/2023\/09\/FELIPE-SUBERVI-1.jpg?resize=700%2C400&ssl=1 2x"},"classes":[]},{"id":123313,"url":"https:\/\/lasprimeras.com.do\/index.php\/2026\/02\/27\/director-de-la-caasd-la-rendicion-de-cuentas-es-el-reflejo-de-una-gestion-eficiente-moderna-y-transparente\/","url_meta":{"origin":75256,"position":5},"title":"Director de la CAASD: La Rendici\u00f3n de Cuentas es el reflejo de una gesti\u00f3n eficiente, moderna y transparente","author":"Nelson Feliz","date":"27 de febrero de 2026","format":false,"excerpt":"Asegura CAASD mejor\u00f3 producci\u00f3n, distribuci\u00f3n y respuesta operativa durante 2025 Al valorar la Rendici\u00f3n de Cuentas del Presidente Luis Abinader como una pieza fundamentada en la verdad y la transparencia, el director general de la Corporaci\u00f3n del Acueducto y Alcantarillado de Santo Domingo (CAASD), ingeniero Felipe -Fellito- Suberv\u00ed, inform\u00f3 que\u2026","rel":"","context":"En \u00abNACIONALES\u00bb","block_context":{"text":"NACIONALES","link":"https:\/\/lasprimeras.com.do\/index.php\/category\/nacionales\/"},"img":{"alt_text":"Felipe -Fellito- Suberv\u00ed","src":"https:\/\/i0.wp.com\/lasprimeras.com.do\/wp-content\/uploads\/2026\/02\/Felipe-Fellito-Subervi.jpg?resize=350%2C200&ssl=1","width":350,"height":200,"srcset":"https:\/\/i0.wp.com\/lasprimeras.com.do\/wp-content\/uploads\/2026\/02\/Felipe-Fellito-Subervi.jpg?resize=350%2C200&ssl=1 1x, https:\/\/i0.wp.com\/lasprimeras.com.do\/wp-content\/uploads\/2026\/02\/Felipe-Fellito-Subervi.jpg?resize=525%2C300&ssl=1 1.5x, https:\/\/i0.wp.com\/lasprimeras.com.do\/wp-content\/uploads\/2026\/02\/Felipe-Fellito-Subervi.jpg?resize=700%2C400&ssl=1 2x"},"classes":[]}],"jetpack_sharing_enabled":true,"_links":{"self":[{"href":"https:\/\/lasprimeras.com.do\/index.php\/wp-json\/wp\/v2\/posts\/75256","targetHints":{"allow":["GET"]}}],"collection":[{"href":"https:\/\/lasprimeras.com.do\/index.php\/wp-json\/wp\/v2\/posts"}],"about":[{"href":"https:\/\/lasprimeras.com.do\/index.php\/wp-json\/wp\/v2\/types\/post"}],"author":[{"embeddable":true,"href":"https:\/\/lasprimeras.com.do\/index.php\/wp-json\/wp\/v2\/users\/2"}],"replies":[{"embeddable":true,"href":"https:\/\/lasprimeras.com.do\/index.php\/wp-json\/wp\/v2\/comments?post=75256"}],"version-history":[{"count":2,"href":"https:\/\/lasprimeras.com.do\/index.php\/wp-json\/wp\/v2\/posts\/75256\/revisions"}],"predecessor-version":[{"id":75261,"href":"https:\/\/lasprimeras.com.do\/index.php\/wp-json\/wp\/v2\/posts\/75256\/revisions\/75261"}],"wp:featuredmedia":[{"embeddable":true,"href":"https:\/\/lasprimeras.com.do\/index.php\/wp-json\/wp\/v2\/media\/75257"}],"wp:attachment":[{"href":"https:\/\/lasprimeras.com.do\/index.php\/wp-json\/wp\/v2\/media?parent=75256"}],"wp:term":[{"taxonomy":"category","embeddable":true,"href":"https:\/\/lasprimeras.com.do\/index.php\/wp-json\/wp\/v2\/categories?post=75256"},{"taxonomy":"post_tag","embeddable":true,"href":"https:\/\/lasprimeras.com.do\/index.php\/wp-json\/wp\/v2\/tags?post=75256"}],"curies":[{"name":"wp","href":"https:\/\/api.w.org\/{rel}","templated":true}]}}