{"id":75262,"date":"2024-01-30T22:54:51","date_gmt":"2024-01-31T02:54:51","guid":{"rendered":"https:\/\/lasprimeras.com.do\/?p=75262"},"modified":"2024-01-30T22:54:52","modified_gmt":"2024-01-31T02:54:52","slug":"padres-de-estudiantes-ya-pueden-consultar-rutas-de-trae-en-internet","status":"publish","type":"post","link":"https:\/\/lasprimeras.com.do\/index.php\/2024\/01\/30\/padres-de-estudiantes-ya-pueden-consultar-rutas-de-trae-en-internet\/","title":{"rendered":"Padres de estudiantes ya pueden consultar rutas de TRAE en Internet"},"content":{"rendered":"\n<p>El director del Sistema Nacional de Transporte Estudiantil (TRAE), On\u00e9ximo Gonz\u00e1lez, inform\u00f3 este martes que se encuentran disponibles en la web las 148 rutas que est\u00e1n en funcionamiento en el Gran San Domingo, Hato Mayor, San Crist\u00f3bal y Monte Plata.<\/p>\n\n\n\n<p>Explic\u00f3 que para conocer las rutas de TRAE, disponibles para la poblaci\u00f3n estudiantil, se debe acceder a la p\u00e1gina web del Ministerio de Educaci\u00f3n (ministeriodeeducacion.gob.do), donde fue colgado un documento que contiene toda la informaci\u00f3n que los padres necesitan para que sus hijos utilicen el servicio.<\/p>\n\n\n\n<p>\u00a8Algunos padres se nos acercaron para solicitar que tengamos disponible la informaci\u00f3n detallada de las rutas de TRAE, para identificar la parada m\u00e1s cercana a sus hogares\u00a8, manifest\u00f3 Gonz\u00e1lez.<\/p>\n\n\n\n<p>Indic\u00f3 que a la fecha, TRAE opera 148 rutas con 1,925 kil\u00f3metros de recorrido y 409 autobuses c\u00f3modos, seguros, con c\u00e1maras de vigilancia incluidas y sistema de monitoreo integrado, para garantizar una supervisi\u00f3n constante de su trayecto.<\/p>\n\n\n\n<p>Finalmente, record\u00f3 que TRAE ha realizado 3,049,642 traslados de estudiantes, en los distritos educativos: 04-01, 04-02, 04-03, 04-04, 04-05, 04-06, 04-07, 05-04, 10-01 y 10-02.<\/p>\n\n\n\n<p>Tambi\u00e9n en los distritos educativos 10-03, 10-04, 10-05, 10-06, 10-07, 15-01, 15-02, 15-03, 15-04, 15-05, 15-06, 17-01, 17-02, 17-03, 17-04 y 17-05.<\/p>\n\n\n\n<p>Con respecto al servicio, el Sistema de Transporte Estudiantil del Ministerio de Educaci\u00f3n es el servicio de transporte escolar dise\u00f1ado e implementado por el gobierno del presidente Luis Abinader, para garantizar que la llegada y salida de la escuela de los estudiantes dominicanos sea segura,c\u00f3moda y gratuita.<\/p>\n\n\n\n<p>El presidente Lu\u00eds Abinader lo cre\u00f3 mediante el decreto 616-22, el 23 de octubre de 2022, declarando de inter\u00e9s nacional, su implementaci\u00f3n, con la finalidad de:<\/p>\n\n\n\n<p>a. Establecer un Sistema Nacional de Transporte Estudiantil para garantizar los desplazamientos gratuitos de ni\u00f1os y ni\u00f1as desde y hacia las escuelas, en autobuses c\u00f3modos, seguros y eficientes, protegiendo la integridad de los estudiantes y disminuir el ausentismo estudiantil a clase.<\/p>\n\n\n\n<p>b. Implementar los entornos escolares seguros mejorando las v\u00edas de accesos a los centros educativos e instalar se\u00f1ales verticales y horizontales informativas y preventivas para proteger la vida y la salud de los alumnos.<\/p>\n","protected":false},"excerpt":{"rendered":"<p>El director del Sistema Nacional de Transporte Estudiantil (TRAE), On\u00e9ximo Gonz\u00e1lez, inform\u00f3 este martes que se encuentran disponibles en la web las 148 rutas que est\u00e1n en funcionamiento en el&hellip;<\/p>\n","protected":false},"author":2,"featured_media":75263,"comment_status":"open","ping_status":"open","sticky":false,"template":"","format":"standard","meta":{"content-type":"","jetpack_post_was_ever_published":false,"_jetpack_newsletter_access":"","_jetpack_dont_email_post_to_subs":false,"_jetpack_newsletter_tier_id":0,"_jetpack_memberships_contains_paywalled_content":false,"_jetpack_memberships_contains_paid_content":false,"footnotes":""},"categories":[35],"tags":[11411,524,5695,2446,8923],"class_list":["post-75262","post","type-post","status-publish","format-standard","has-post-thumbnail","hentry","category-nacionales","tag-consultar-rutas","tag-estudiantes","tag-internet","tag-padres","tag-trae"],"jetpack_featured_media_url":"https:\/\/lasprimeras.com.do\/wp-content\/uploads\/2024\/01\/Estudiantes-TRAE.jpg","jetpack-related-posts":[{"id":76620,"url":"https:\/\/lasprimeras.com.do\/index.php\/2024\/02\/13\/trae-ha-realizado-4093820-de-traslados-de-estudiantes\/","url_meta":{"origin":75262,"position":0},"title":"TRAE ha realizado 4,093,820 de traslados de estudiantes\u00a0","author":"Nelson Feliz","date":"13 de febrero de 2024","format":false,"excerpt":"El Sistema Nacional de Transporte Estudiantil (TRAE) inform\u00f3 este lunes que ha alcanzado los 4,093,820 de traslados de estudiantes desde y hacia las escuelas p\u00fablicas del sistema educativo dominicano.\u00a0 A trav\u00e9s de una nota de prensa enviada a los medios de comunicaci\u00f3n, el director de TRAE, ingeniero On\u00e9ximo Gonz\u00e1lez, detall\u00f3\u2026","rel":"","context":"En \u00abECONOM\u00cdA\u00bb","block_context":{"text":"ECONOM\u00cdA","link":"https:\/\/lasprimeras.com.do\/index.php\/category\/economia\/"},"img":{"alt_text":"TRAE llega ma\u00f1ana a Los Mina","src":"https:\/\/i0.wp.com\/lasprimeras.com.do\/wp-content\/uploads\/2023\/12\/TRAE.jpg?resize=350%2C200&ssl=1","width":350,"height":200,"srcset":"https:\/\/i0.wp.com\/lasprimeras.com.do\/wp-content\/uploads\/2023\/12\/TRAE.jpg?resize=350%2C200&ssl=1 1x, https:\/\/i0.wp.com\/lasprimeras.com.do\/wp-content\/uploads\/2023\/12\/TRAE.jpg?resize=525%2C300&ssl=1 1.5x, https:\/\/i0.wp.com\/lasprimeras.com.do\/wp-content\/uploads\/2023\/12\/TRAE.jpg?resize=700%2C400&ssl=1 2x"},"classes":[]},{"id":66070,"url":"https:\/\/lasprimeras.com.do\/index.php\/2023\/11\/02\/director-de-trae-llama-a-padres-a-llevar-a-sus-hijos-temprano-a-paradas-de-transporte-estudiantil\/","url_meta":{"origin":75262,"position":1},"title":"Director de TRAE llama a padres a llevar a sus hijos temprano a paradas de transporte estudiantil","author":"Nelson Feliz","date":"2 de noviembre de 2023","format":false,"excerpt":"Los autobuses pasan por las paradas cada 20 minutos. El director del Sistema de Transporte Estudiantil del Ministerio de Educaci\u00f3n, ingeniero On\u00e9ximo Gonz\u00e1lez, hizo este jueves un llamado a los padres y tutores de los estudiantes del sistema educativo p\u00fablico, para que lleven a sus hijos a tiempo a las\u2026","rel":"","context":"En \u00abNACIONALES\u00bb","block_context":{"text":"NACIONALES","link":"https:\/\/lasprimeras.com.do\/index.php\/category\/nacionales\/"},"img":{"alt_text":"ESTUDIANTE","src":"https:\/\/i0.wp.com\/lasprimeras.com.do\/wp-content\/uploads\/2023\/11\/ESTUDIANTE.jpg?resize=350%2C200&ssl=1","width":350,"height":200,"srcset":"https:\/\/i0.wp.com\/lasprimeras.com.do\/wp-content\/uploads\/2023\/11\/ESTUDIANTE.jpg?resize=350%2C200&ssl=1 1x, https:\/\/i0.wp.com\/lasprimeras.com.do\/wp-content\/uploads\/2023\/11\/ESTUDIANTE.jpg?resize=525%2C300&ssl=1 1.5x, https:\/\/i0.wp.com\/lasprimeras.com.do\/wp-content\/uploads\/2023\/11\/ESTUDIANTE.jpg?resize=700%2C400&ssl=1 2x"},"classes":[]},{"id":76817,"url":"https:\/\/lasprimeras.com.do\/index.php\/2024\/02\/14\/trae-incorporara-717-nuevos-autobuses-durante-el-mes-de-patria-para-expandirse-a-otras-provincias-del-pais\/","url_meta":{"origin":75262,"position":2},"title":"TRAE incorporar\u00e1 717 nuevos autobuses durante el Mes de Patria para expandirse a otras provincias del pa\u00eds","author":"BIMARY DE JES\u00daS Matos","date":"14 de febrero de 2024","format":false,"excerpt":"Martin Restituyo Santo Domingo.-TRAE incorporar\u00e1 717 nuevos autobuses durante el Mes de Patria para expandirse a otras provincias del pa\u00eds El Sistema Nacional de Transporte Estudiantil (TRAE) inform\u00f3 este mi\u00e9rcoles que incorporar\u00e1 717 autobuses nuevos para seguir expandiendo el servicio de transporte que ofrece a los estudiantes de escuelas p\u00fablicas\u2026","rel":"","context":"En \u00abPORTADA\u00bb","block_context":{"text":"PORTADA","link":"https:\/\/lasprimeras.com.do\/index.php\/category\/portada\/"},"img":{"alt_text":"","src":"https:\/\/i0.wp.com\/lasprimeras.com.do\/wp-content\/uploads\/2024\/02\/IMG-20240214-WA0044.jpg?resize=350%2C200&ssl=1","width":350,"height":200,"srcset":"https:\/\/i0.wp.com\/lasprimeras.com.do\/wp-content\/uploads\/2024\/02\/IMG-20240214-WA0044.jpg?resize=350%2C200&ssl=1 1x, https:\/\/i0.wp.com\/lasprimeras.com.do\/wp-content\/uploads\/2024\/02\/IMG-20240214-WA0044.jpg?resize=525%2C300&ssl=1 1.5x, https:\/\/i0.wp.com\/lasprimeras.com.do\/wp-content\/uploads\/2024\/02\/IMG-20240214-WA0044.jpg?resize=700%2C400&ssl=1 2x, https:\/\/i0.wp.com\/lasprimeras.com.do\/wp-content\/uploads\/2024\/02\/IMG-20240214-WA0044.jpg?resize=1050%2C600&ssl=1 3x"},"classes":[]},{"id":65515,"url":"https:\/\/lasprimeras.com.do\/index.php\/2023\/10\/29\/trae-alcanza-el-millon-de-estudiantes-transportados-gratis\/","url_meta":{"origin":75262,"position":3},"title":"TRAE alcanza el mill\u00f3n de estudiantes transportados gratis","author":"Nelson Feliz","date":"29 de octubre de 2023","format":false,"excerpt":"El director del Sistema Nacional de Transporte Estudiantil (TRAE), ingeniero On\u00e9ximo Gonz\u00e1lez, inform\u00f3 este domingo que el programa ya alcanz\u00f3 el mill\u00f3n de estudiantes transportados gratis. Gonz\u00e1lez, experto en transporte, precis\u00f3 que el servicio de TRAE se ha expandido seg\u00fan lo planificado y aprovech\u00f3 para agradecer a todas las instituciones\u2026","rel":"","context":"En \u00abNACIONALES\u00bb","block_context":{"text":"NACIONALES","link":"https:\/\/lasprimeras.com.do\/index.php\/category\/nacionales\/"},"img":{"alt_text":"TRAE","src":"https:\/\/i0.wp.com\/lasprimeras.com.do\/wp-content\/uploads\/2023\/10\/TRAE-1.jpg?resize=350%2C200&ssl=1","width":350,"height":200,"srcset":"https:\/\/i0.wp.com\/lasprimeras.com.do\/wp-content\/uploads\/2023\/10\/TRAE-1.jpg?resize=350%2C200&ssl=1 1x, https:\/\/i0.wp.com\/lasprimeras.com.do\/wp-content\/uploads\/2023\/10\/TRAE-1.jpg?resize=525%2C300&ssl=1 1.5x, https:\/\/i0.wp.com\/lasprimeras.com.do\/wp-content\/uploads\/2023\/10\/TRAE-1.jpg?resize=700%2C400&ssl=1 2x"},"classes":[]},{"id":73727,"url":"https:\/\/lasprimeras.com.do\/index.php\/2024\/01\/15\/san-cristobal-ya-dispone-de-transporte-estudiantil-para-todas-las-escuelas\/","url_meta":{"origin":75262,"position":4},"title":"San Crist\u00f3bal ya dispone de transporte estudiantil para todas las escuelas","author":"Nelson Feliz","date":"15 de enero de 2024","format":false,"excerpt":"El Sistema Nacional de Transporte Estudiantil (TRAE) complet\u00f3 este lunes las rutas habilitadas para brindar servicio en San Crist\u00f3bal, una de las provincias donde inici\u00f3 el plan piloto hace un a\u00f1o. Los estudiantes de San Crist\u00f3bal, desde hoy cuentan con 80 autobuses y 30 rutas de TRAE para garantizar que\u2026","rel":"","context":"En \u00abNACIONALES\u00bb","block_context":{"text":"NACIONALES","link":"https:\/\/lasprimeras.com.do\/index.php\/category\/nacionales\/"},"img":{"alt_text":"Onesimo Gonzalez","src":"https:\/\/i0.wp.com\/lasprimeras.com.do\/wp-content\/uploads\/2024\/01\/Onesimo-Gonzalez-1.jpg?resize=350%2C200&ssl=1","width":350,"height":200,"srcset":"https:\/\/i0.wp.com\/lasprimeras.com.do\/wp-content\/uploads\/2024\/01\/Onesimo-Gonzalez-1.jpg?resize=350%2C200&ssl=1 1x, https:\/\/i0.wp.com\/lasprimeras.com.do\/wp-content\/uploads\/2024\/01\/Onesimo-Gonzalez-1.jpg?resize=525%2C300&ssl=1 1.5x, https:\/\/i0.wp.com\/lasprimeras.com.do\/wp-content\/uploads\/2024\/01\/Onesimo-Gonzalez-1.jpg?resize=700%2C400&ssl=1 2x"},"classes":[]},{"id":65238,"url":"https:\/\/lasprimeras.com.do\/index.php\/2023\/10\/26\/trae-amplia-servicios-en-sabana-perdida-y-los-alcarrizos\/","url_meta":{"origin":75262,"position":5},"title":"TRAE ampl\u00eda servicios en Sabana Perdida y Los Alcarrizos","author":"Nelson Feliz","date":"26 de octubre de 2023","format":false,"excerpt":"A solo tres d\u00edas de su lanzamiento oficial, el director del Sistema de Transporte Estudiantil (TRAE), ingeniero On\u00e9simo Gonz\u00e1lez, inform\u00f3 este jueves que a partir del pr\u00f3ximo lunes 30 de octubre se incorporar\u00e1n 11 nuevas rutas al sistema, las cuales se suman a los 80 Corredores Escolares que ya funcionan\u2026","rel":"","context":"En \u00abECONOM\u00cdA\u00bb","block_context":{"text":"ECONOM\u00cdA","link":"https:\/\/lasprimeras.com.do\/index.php\/category\/economia\/"},"img":{"alt_text":"On\u00e9simo Gonz\u00e1lez","src":"https:\/\/i0.wp.com\/lasprimeras.com.do\/wp-content\/uploads\/2023\/10\/Onesimo-Gonzalez.jpg?resize=350%2C200&ssl=1","width":350,"height":200,"srcset":"https:\/\/i0.wp.com\/lasprimeras.com.do\/wp-content\/uploads\/2023\/10\/Onesimo-Gonzalez.jpg?resize=350%2C200&ssl=1 1x, https:\/\/i0.wp.com\/lasprimeras.com.do\/wp-content\/uploads\/2023\/10\/Onesimo-Gonzalez.jpg?resize=525%2C300&ssl=1 1.5x, https:\/\/i0.wp.com\/lasprimeras.com.do\/wp-content\/uploads\/2023\/10\/Onesimo-Gonzalez.jpg?resize=700%2C400&ssl=1 2x"},"classes":[]}],"jetpack_sharing_enabled":true,"_links":{"self":[{"href":"https:\/\/lasprimeras.com.do\/index.php\/wp-json\/wp\/v2\/posts\/75262","targetHints":{"allow":["GET"]}}],"collection":[{"href":"https:\/\/lasprimeras.com.do\/index.php\/wp-json\/wp\/v2\/posts"}],"about":[{"href":"https:\/\/lasprimeras.com.do\/index.php\/wp-json\/wp\/v2\/types\/post"}],"author":[{"embeddable":true,"href":"https:\/\/lasprimeras.com.do\/index.php\/wp-json\/wp\/v2\/users\/2"}],"replies":[{"embeddable":true,"href":"https:\/\/lasprimeras.com.do\/index.php\/wp-json\/wp\/v2\/comments?post=75262"}],"version-history":[{"count":1,"href":"https:\/\/lasprimeras.com.do\/index.php\/wp-json\/wp\/v2\/posts\/75262\/revisions"}],"predecessor-version":[{"id":75264,"href":"https:\/\/lasprimeras.com.do\/index.php\/wp-json\/wp\/v2\/posts\/75262\/revisions\/75264"}],"wp:featuredmedia":[{"embeddable":true,"href":"https:\/\/lasprimeras.com.do\/index.php\/wp-json\/wp\/v2\/media\/75263"}],"wp:attachment":[{"href":"https:\/\/lasprimeras.com.do\/index.php\/wp-json\/wp\/v2\/media?parent=75262"}],"wp:term":[{"taxonomy":"category","embeddable":true,"href":"https:\/\/lasprimeras.com.do\/index.php\/wp-json\/wp\/v2\/categories?post=75262"},{"taxonomy":"post_tag","embeddable":true,"href":"https:\/\/lasprimeras.com.do\/index.php\/wp-json\/wp\/v2\/tags?post=75262"}],"curies":[{"name":"wp","href":"https:\/\/api.w.org\/{rel}","templated":true}]}}