{"id":75303,"date":"2024-01-31T10:24:58","date_gmt":"2024-01-31T14:24:58","guid":{"rendered":"https:\/\/lasprimeras.com.do\/?p=75303"},"modified":"2024-01-31T10:24:59","modified_gmt":"2024-01-31T14:24:59","slug":"incendio-en-avenida-dr-defillo-afecta-vehiculo","status":"publish","type":"post","link":"https:\/\/lasprimeras.com.do\/index.php\/2024\/01\/31\/incendio-en-avenida-dr-defillo-afecta-vehiculo\/","title":{"rendered":"Incendio en Avenida Dr. Defill\u00f3 afecta veh\u00edculo"},"content":{"rendered":"\n<p>Santo Domingo.-Un poste del tendido el\u00e9ctrico se incendi\u00f3 la ma\u00f1ana de este mi\u00e9rcoles en la Avenida Doctor Defill\u00f3 pr\u00f3ximo a la Avenida R\u00f3mulo Betancourt en sentido hacia la 27 de Febrero.<\/p>\n\n\n\n<p>En un v\u00eddeo enviado a nuestra redacci\u00f3n, se aprecia c\u00f3mo las llamas se extienden cubriendo parte del autom\u00f3vil estacionado y afectado el cableado. Hasta el momento se desconoce la causa del incidente.<\/p>\n","protected":false},"excerpt":{"rendered":"<p>Santo Domingo.-Un poste del tendido el\u00e9ctrico se incendi\u00f3 la ma\u00f1ana de este mi\u00e9rcoles en la Avenida Doctor Defill\u00f3 pr\u00f3ximo a la Avenida R\u00f3mulo Betancourt en sentido hacia la 27 de&hellip;<\/p>\n","protected":false},"author":3,"featured_media":75304,"comment_status":"open","ping_status":"open","sticky":false,"template":"","format":"standard","meta":{"content-type":"","jetpack_post_was_ever_published":false,"_jetpack_newsletter_access":"","_jetpack_dont_email_post_to_subs":false,"_jetpack_newsletter_tier_id":0,"_jetpack_memberships_contains_paywalled_content":false,"_jetpack_memberships_contains_paid_content":false,"footnotes":""},"categories":[35],"tags":[1399],"class_list":["post-75303","post","type-post","status-publish","format-standard","has-post-thumbnail","hentry","category-nacionales","tag-incendio"],"jetpack_featured_media_url":"https:\/\/lasprimeras.com.do\/wp-content\/uploads\/2024\/01\/Captura-de-pantalla-2024-01-22-124640-2.jpg","jetpack-related-posts":[{"id":66228,"url":"https:\/\/lasprimeras.com.do\/index.php\/2023\/11\/02\/caasd-anuncia-trabajos-de-excavaciones-en-avenida-john-f-kennedy-esquina-dr-defillo\/","url_meta":{"origin":75303,"position":0},"title":"CAASD anuncia trabajos de excavaciones en avenida John F. Kennedy esquina Dr. Defill\u00f3","author":"Nelson Feliz","date":"2 de noviembre de 2023","format":false,"excerpt":"La instituci\u00f3n puntualiz\u00f3 que las labores no afectar\u00e1n el servicio de agua potable en los sectores de los alrededores, no obstante, solicit\u00f3 a los conductores buscar v\u00edas alternas para evitar congestionamiento vehicular. La Corporaci\u00f3n del Acueducto y Alcantarillado de Santo Domingo (CAASD) inform\u00f3 que a partir de este viernes sus\u2026","rel":"","context":"En \u00abNACIONALES\u00bb","block_context":{"text":"NACIONALES","link":"https:\/\/lasprimeras.com.do\/index.php\/category\/nacionales\/"},"img":{"alt_text":"CAASD","src":"https:\/\/i0.wp.com\/lasprimeras.com.do\/wp-content\/uploads\/2023\/06\/caasd.jpg?resize=350%2C200&ssl=1","width":350,"height":200,"srcset":"https:\/\/i0.wp.com\/lasprimeras.com.do\/wp-content\/uploads\/2023\/06\/caasd.jpg?resize=350%2C200&ssl=1 1x, https:\/\/i0.wp.com\/lasprimeras.com.do\/wp-content\/uploads\/2023\/06\/caasd.jpg?resize=525%2C300&ssl=1 1.5x, https:\/\/i0.wp.com\/lasprimeras.com.do\/wp-content\/uploads\/2023\/06\/caasd.jpg?resize=700%2C400&ssl=1 2x"},"classes":[]},{"id":66158,"url":"https:\/\/lasprimeras.com.do\/index.php\/2023\/11\/03\/caasd-realiza-excavaciones-en-la-kennedy-con-defillo\/","url_meta":{"origin":75303,"position":1},"title":"CAASD realiza excavaciones en la Kennedy con Defill\u00f3","author":"BIMARY DE JES\u00daS Matos","date":"3 de noviembre de 2023","format":false,"excerpt":"Santo Domingo. -La Corporaci\u00f3n del Acueducto y Alcantarillado de Santo Domingo (CAASD) informa que a partir de hoy sus unidades estar\u00e1n realizando excavaciones debajo del elevado en la intersecci\u00f3n de las avenidas John F. Kennedy con Fernando Defill\u00f3 para determinar la magnitud de una aver\u00eda detectada en una tuber\u00eda de\u2026","rel":"","context":"En \u00abNACIONALES\u00bb","block_context":{"text":"NACIONALES","link":"https:\/\/lasprimeras.com.do\/index.php\/category\/nacionales\/"},"img":{"alt_text":"","src":"https:\/\/i0.wp.com\/lasprimeras.com.do\/wp-content\/uploads\/2023\/11\/WhatsApp-Image-2023-11-03-at-8.28.25-AM-1.jpeg?resize=350%2C200&ssl=1","width":350,"height":200,"srcset":"https:\/\/i0.wp.com\/lasprimeras.com.do\/wp-content\/uploads\/2023\/11\/WhatsApp-Image-2023-11-03-at-8.28.25-AM-1.jpeg?resize=350%2C200&ssl=1 1x, https:\/\/i0.wp.com\/lasprimeras.com.do\/wp-content\/uploads\/2023\/11\/WhatsApp-Image-2023-11-03-at-8.28.25-AM-1.jpeg?resize=525%2C300&ssl=1 1.5x, https:\/\/i0.wp.com\/lasprimeras.com.do\/wp-content\/uploads\/2023\/11\/WhatsApp-Image-2023-11-03-at-8.28.25-AM-1.jpeg?resize=700%2C400&ssl=1 2x"},"classes":[]},{"id":78909,"url":"https:\/\/lasprimeras.com.do\/index.php\/2024\/03\/21\/incendio-afecta-apartamento-en-el-residencial-ciudad-real-ii\/","url_meta":{"origin":75303,"position":2},"title":"Incendio afecta apartamento en el Residencial Ciudad Real II","author":"BIMARY DE JES\u00daS Matos","date":"21 de marzo de 2024","format":false,"excerpt":"Santo Domingo.-Un incendio afect\u00f3 la ma\u00f1ana de este jueves a unos de los apartamentos del Residencial Ciudad Real ll, ubicado en la avenida Rep\u00fablica de Colombia, Santo Domingo. Conforme a lo indicado a Hoy Digital por el general Jos\u00e9 Luis Fr\u00f3meta Herasme, jefe del Cuerpo de Bomberos del Distrito Nacional,\u2026","rel":"","context":"En \u00abNACIONALES\u00bb","block_context":{"text":"NACIONALES","link":"https:\/\/lasprimeras.com.do\/index.php\/category\/nacionales\/"},"img":{"alt_text":"","src":"","width":0,"height":0},"classes":[]},{"id":82384,"url":"https:\/\/lasprimeras.com.do\/index.php\/2024\/05\/02\/chofer-sale-ileso-tras-aparatoso-accidente\/","url_meta":{"origin":75303,"position":3},"title":"Chofer sale ileso tras aparatoso accidente","author":"BIMARY DE JES\u00daS Matos","date":"2 de mayo de 2024","format":false,"excerpt":"Santo Domingo.- El chofer de una patana sali\u00f3 ileso tras aparatoso accidente en la avenida John F. Kennedy con Winston Churchill en direcci\u00f3n hacia la avenida Dr. Defillo, que provoc\u00f3 que la cabina del veh\u00edculo se desprendiera del mismo. Seg\u00fan agentes de la Direcci\u00f3n de Seguridad de Tr\u00e1nsito y Transporte\u2026","rel":"","context":"En \u00abPORTADA\u00bb","block_context":{"text":"PORTADA","link":"https:\/\/lasprimeras.com.do\/index.php\/category\/portada\/"},"img":{"alt_text":"","src":"","width":0,"height":0},"classes":[]},{"id":55840,"url":"https:\/\/lasprimeras.com.do\/index.php\/2023\/07\/25\/administracion-de-jet-set-dice-rayo-provoco-incendio-afecto-su-planta-electrica\/","url_meta":{"origin":75303,"position":4},"title":"Administraci\u00f3n de Jet Set dice rayo provoc\u00f3 incendio afect\u00f3 su planta el\u00e9ctrica","author":"Nelson Feliz","date":"25 de julio de 2023","format":false,"excerpt":"Un rayo provoc\u00f3 el incendio que afect\u00f3 la tarde de este martes la planta el\u00e9ctrica de la discoteca Jet Set, ubicada en la avenida Independencia del Distrito Nacional. As\u00ed lo inform\u00f3 el establecimiento de entretenimiento a trav\u00e9s de un comunicado de prensa. \"La situaci\u00f3n se dio, sin pasar a mayores,\u2026","rel":"","context":"En \u00abNACIONALES\u00bb","block_context":{"text":"NACIONALES","link":"https:\/\/lasprimeras.com.do\/index.php\/category\/nacionales\/"},"img":{"alt_text":"planta el\u00e9ctrica de Jet Set afectada por el fuego","src":"https:\/\/i0.wp.com\/lasprimeras.com.do\/wp-content\/uploads\/2023\/07\/planta-electrica-de-Jet-Set-afectada-por-el-fuego.jpg?resize=350%2C200&ssl=1","width":350,"height":200,"srcset":"https:\/\/i0.wp.com\/lasprimeras.com.do\/wp-content\/uploads\/2023\/07\/planta-electrica-de-Jet-Set-afectada-por-el-fuego.jpg?resize=350%2C200&ssl=1 1x, https:\/\/i0.wp.com\/lasprimeras.com.do\/wp-content\/uploads\/2023\/07\/planta-electrica-de-Jet-Set-afectada-por-el-fuego.jpg?resize=525%2C300&ssl=1 1.5x, https:\/\/i0.wp.com\/lasprimeras.com.do\/wp-content\/uploads\/2023\/07\/planta-electrica-de-Jet-Set-afectada-por-el-fuego.jpg?resize=700%2C400&ssl=1 2x"},"classes":[]},{"id":70999,"url":"https:\/\/lasprimeras.com.do\/index.php\/2023\/12\/16\/investigan-causa-de-incendio-en-universidad-de-familia-abinader\/","url_meta":{"origin":75303,"position":5},"title":"Investigan causa de incendio en universidad de familia Abinader","author":"BIMARY DE JES\u00daS Matos","date":"16 de diciembre de 2023","format":false,"excerpt":"SANTO DOMINGO.- Las autoridades investigan el origen de un incendio ocurrido este viernes en la sede principal de la Universidad Dominicana O&M, ubicada en la avenida Independencia, de esta capital, en el que al menos ocho estudiantes resultaron afectados, 5 de ellos con quemaduras.. Los lesionados, pertenecientes a la carrera\u2026","rel":"","context":"En \u00abPORTADA\u00bb","block_context":{"text":"PORTADA","link":"https:\/\/lasprimeras.com.do\/index.php\/category\/portada\/"},"img":{"alt_text":"","src":"https:\/\/i0.wp.com\/lasprimeras.com.do\/wp-content\/uploads\/2023\/12\/WhatsApp-Image-2023-12-16-at-11.15.42-AM-1.jpeg?resize=350%2C200&ssl=1","width":350,"height":200,"srcset":"https:\/\/i0.wp.com\/lasprimeras.com.do\/wp-content\/uploads\/2023\/12\/WhatsApp-Image-2023-12-16-at-11.15.42-AM-1.jpeg?resize=350%2C200&ssl=1 1x, https:\/\/i0.wp.com\/lasprimeras.com.do\/wp-content\/uploads\/2023\/12\/WhatsApp-Image-2023-12-16-at-11.15.42-AM-1.jpeg?resize=525%2C300&ssl=1 1.5x"},"classes":[]}],"jetpack_sharing_enabled":true,"_links":{"self":[{"href":"https:\/\/lasprimeras.com.do\/index.php\/wp-json\/wp\/v2\/posts\/75303","targetHints":{"allow":["GET"]}}],"collection":[{"href":"https:\/\/lasprimeras.com.do\/index.php\/wp-json\/wp\/v2\/posts"}],"about":[{"href":"https:\/\/lasprimeras.com.do\/index.php\/wp-json\/wp\/v2\/types\/post"}],"author":[{"embeddable":true,"href":"https:\/\/lasprimeras.com.do\/index.php\/wp-json\/wp\/v2\/users\/3"}],"replies":[{"embeddable":true,"href":"https:\/\/lasprimeras.com.do\/index.php\/wp-json\/wp\/v2\/comments?post=75303"}],"version-history":[{"count":1,"href":"https:\/\/lasprimeras.com.do\/index.php\/wp-json\/wp\/v2\/posts\/75303\/revisions"}],"predecessor-version":[{"id":75305,"href":"https:\/\/lasprimeras.com.do\/index.php\/wp-json\/wp\/v2\/posts\/75303\/revisions\/75305"}],"wp:featuredmedia":[{"embeddable":true,"href":"https:\/\/lasprimeras.com.do\/index.php\/wp-json\/wp\/v2\/media\/75304"}],"wp:attachment":[{"href":"https:\/\/lasprimeras.com.do\/index.php\/wp-json\/wp\/v2\/media?parent=75303"}],"wp:term":[{"taxonomy":"category","embeddable":true,"href":"https:\/\/lasprimeras.com.do\/index.php\/wp-json\/wp\/v2\/categories?post=75303"},{"taxonomy":"post_tag","embeddable":true,"href":"https:\/\/lasprimeras.com.do\/index.php\/wp-json\/wp\/v2\/tags?post=75303"}],"curies":[{"name":"wp","href":"https:\/\/api.w.org\/{rel}","templated":true}]}}