{"id":75328,"date":"2024-01-31T15:13:12","date_gmt":"2024-01-31T19:13:12","guid":{"rendered":"https:\/\/lasprimeras.com.do\/?p=75328"},"modified":"2024-01-31T15:13:14","modified_gmt":"2024-01-31T19:13:14","slug":"alcalde-manuel-jimenez-acuerda-con-partidos-politicos-evitar-colocar-propaganda-en-lugares","status":"publish","type":"post","link":"https:\/\/lasprimeras.com.do\/index.php\/2024\/01\/31\/alcalde-manuel-jimenez-acuerda-con-partidos-politicos-evitar-colocar-propaganda-en-lugares\/","title":{"rendered":"Alcalde Manuel Jim\u00e9nez acuerda con partidos pol\u00edticos evitar colocar propaganda en lugares"},"content":{"rendered":"\n<p>Santo Domingo.-El Ayuntamiento de Santo Domingo Este y los partidos pol\u00edticos se comprometieron a dar estricto cumplimiento a la Ley 275-97, sobre propaganda electoral, a los fines de evitar que esta sea colocada en lugares prohibidos por esa legislaci\u00f3n.<\/p>\n\n\n\n<p>En un encuentro sostenido la ma\u00f1ana de este mi\u00e9rcoles con representantes de los partidos Revolucionario Moderno (PRM), de la Liberaci\u00f3n Dominicana (PLD), Alianza Pa\u00eds, y otras organizaciones pol\u00edticas, el alcalde Manuel Jim\u00e9nez dijo que, aunque es una vieja tradici\u00f3n, conf\u00eda en que los distintos actores del sistema se aboquen a dar cumplimiento a las medidas implementadas, a fin de que al finalizar su gesti\u00f3n pueda entregar una ciudad limpia y libre de contaminaci\u00f3n visual.<\/p>\n\n\n\n<p>Es el tercer encuentro que sostiene Jim\u00e9nez de esta naturaleza, a din de crear conciencia sobre la necesidad de mantener la ciudad libre de contaminaci\u00f3n visual y darle la oportunidad a la ciudadan\u00eda de disfrutar sus espacios limpios.<\/p>\n\n\n\n<p>\u201cLa obligaci\u00f3n del alcalde es cumplir la ley en el \u00e1mbito de su territorio y a esa obligaci\u00f3n no debe renunciar. Debemos asumir la ley para respetarla\u201d, dijo Jim\u00e9nez, al tiempo de instar a los candidatos a que colaboren para mantener el municipio en condiciones m\u00e1s vivibles.<\/p>\n\n\n\n<p>Sostuvo que limpiar la ciudad ha costado cuantiosos recursos, tarea que le llev\u00f3 meses despu\u00e9s que asumi\u00f3 la alcald\u00eda, como resultado de la propaganda colocada en el proceso electoral de 2020.<\/p>\n\n\n\n<p>\u201cConvencer a los candidatos le toca a cada uno de ustedes, de que la alcald\u00eda lo que quiere es mantener la ciudad a un nivel aceptable. Entiendo que estamos en una campa\u00f1a y que tienen que manifestarse, pero lo que quiero es entregar una ciudad con el mayor rigor posible\u201d, sostuvo el ejecutivo municipal.<\/p>\n\n\n\n<p>En el encuentro participaron Julio F\u00e9liz y Jos\u00e9 de la Cruz, del PRM; Julio Rodr\u00edguez, director de propaganda del candidato a alcalde Luis Alberto Tejeda; Isidro Romero y Julio Rodr\u00edguez, del PLD, Ferm\u00edn Rodr\u00edguez, de Alianza Pa\u00eds y otros representantes de los actores pol\u00edticos en el municipio.<\/p>\n","protected":false},"excerpt":{"rendered":"<p>Santo Domingo.-El Ayuntamiento de Santo Domingo Este y los partidos pol\u00edticos se comprometieron a dar estricto cumplimiento a la Ley 275-97, sobre propaganda electoral, a los fines de evitar que&hellip;<\/p>\n","protected":false},"author":3,"featured_media":75329,"comment_status":"open","ping_status":"open","sticky":false,"template":"","format":"standard","meta":{"content-type":"","jetpack_post_was_ever_published":false,"_jetpack_newsletter_access":"","_jetpack_dont_email_post_to_subs":false,"_jetpack_newsletter_tier_id":0,"_jetpack_memberships_contains_paywalled_content":false,"_jetpack_memberships_contains_paid_content":false,"footnotes":""},"categories":[25],"tags":[],"class_list":["post-75328","post","type-post","status-publish","format-standard","has-post-thumbnail","hentry","category-portada"],"jetpack_featured_media_url":"https:\/\/lasprimeras.com.do\/wp-content\/uploads\/2024\/01\/1-millon-de-jovenes-votaran-en-las-elecciones-municipales-3-4.jpg","jetpack-related-posts":[{"id":54698,"url":"https:\/\/lasprimeras.com.do\/index.php\/2023\/07\/13\/alcalde-manuel-jimenez-acuerda-con-partidos-politicos-evitar-colocar-propaganda-en-espacios-publico-de-santo-domingo-este\/","url_meta":{"origin":75328,"position":0},"title":"Alcalde Manuel Jim\u00e9nez acuerda con partidos pol\u00edticos evitar colocar propaganda en espacios p\u00fablico de Santo Domingo Este","author":"Nelson Feliz","date":"13 de julio de 2023","format":false,"excerpt":"LOS REPRESENTANTES DE LOS PARTIDOS SE COMPROMETIERON A CUMPLIR LO ESTABLECIDO EN LA LEY SOBRE LA COLOCACI\u00d3N DE PROPAGANDA. Por Mart\u00edn Restituyo El Ayuntamiento de Santo Domingo Este ( ASDE), a trav\u00e9s de la Direcci\u00f3n de Espacios P\u00fablico acord\u00f3 con los partidos pol\u00edticos, evitar la colocaci\u00f3n de propagandas \u00a0pol\u00edticas en\u2026","rel":"","context":"En \u00abNACIONALES\u00bb","block_context":{"text":"NACIONALES","link":"https:\/\/lasprimeras.com.do\/index.php\/category\/nacionales\/"},"img":{"alt_text":"Manuel Jim\u00e9nez","src":"https:\/\/i0.wp.com\/lasprimeras.com.do\/wp-content\/uploads\/2023\/07\/Manuel-Jimenez-2.jpg?resize=350%2C200&ssl=1","width":350,"height":200,"srcset":"https:\/\/i0.wp.com\/lasprimeras.com.do\/wp-content\/uploads\/2023\/07\/Manuel-Jimenez-2.jpg?resize=350%2C200&ssl=1 1x, https:\/\/i0.wp.com\/lasprimeras.com.do\/wp-content\/uploads\/2023\/07\/Manuel-Jimenez-2.jpg?resize=525%2C300&ssl=1 1.5x, https:\/\/i0.wp.com\/lasprimeras.com.do\/wp-content\/uploads\/2023\/07\/Manuel-Jimenez-2.jpg?resize=700%2C400&ssl=1 2x"},"classes":[]},{"id":54812,"url":"https:\/\/lasprimeras.com.do\/index.php\/2023\/07\/14\/opcion-democratica-respalda-medida-contra-contaminacion-visual-en-sde\/","url_meta":{"origin":75328,"position":1},"title":"Opci\u00f3n Democr\u00e1tica respalda medida contra contaminaci\u00f3n visual en SDE","author":"Nelson Feliz","date":"14 de julio de 2023","format":false,"excerpt":"Opci\u00f3n Democr\u00e1tica mostr\u00f3 su apoyo a la medida adoptada por el Ayuntamiento de Santo Domingo Este (SDE) y diversos partidos pol\u00edticos para prevenir la colocaci\u00f3n de propaganda pol\u00edtica en lugares prohibidos por la ley. Aunque no fueron convocados a la firma de este acuerdo, la organizaci\u00f3n expres\u00f3 su respaldo a\u2026","rel":"","context":"En \u00abPORTADA\u00bb","block_context":{"text":"PORTADA","link":"https:\/\/lasprimeras.com.do\/index.php\/category\/portada\/"},"img":{"alt_text":"Milcom Olivo","src":"https:\/\/i0.wp.com\/lasprimeras.com.do\/wp-content\/uploads\/2023\/07\/Milcom-Olivo-Coordinador-de-OD-SDE.jpg?resize=350%2C200&ssl=1","width":350,"height":200,"srcset":"https:\/\/i0.wp.com\/lasprimeras.com.do\/wp-content\/uploads\/2023\/07\/Milcom-Olivo-Coordinador-de-OD-SDE.jpg?resize=350%2C200&ssl=1 1x, https:\/\/i0.wp.com\/lasprimeras.com.do\/wp-content\/uploads\/2023\/07\/Milcom-Olivo-Coordinador-de-OD-SDE.jpg?resize=525%2C300&ssl=1 1.5x, https:\/\/i0.wp.com\/lasprimeras.com.do\/wp-content\/uploads\/2023\/07\/Milcom-Olivo-Coordinador-de-OD-SDE.jpg?resize=700%2C400&ssl=1 2x"},"classes":[]},{"id":54389,"url":"https:\/\/lasprimeras.com.do\/index.php\/2023\/07\/10\/manuel-jimenez-asde-desmonta-mas-de-2000-vallas-y-letreros-ilegales\/","url_meta":{"origin":75328,"position":2},"title":"Manuel Jim\u00e9nez: ASDE desmonta m\u00e1s de 2,000 vallas y letreros ilegales","author":"Nelson Feliz","date":"10 de julio de 2023","format":false,"excerpt":"Por Mart\u00edn Restituyo El alcalde Manuel Jim\u00e9nez inform\u00f3 este lunes que en tres a\u00f1os el Ayuntamiento de Santo Domingo Este ha desmontado m\u00e1s de 2,000 vallas y letreros ilegales instalados en \u00e1reas verdes, aceras, pasos peatonales y otros espacios destinados al disfrute de la ciudadan\u00eda. Jim\u00e9nez anunci\u00f3 que est\u00e1 procediendo\u2026","rel":"","context":"En \u00abNACIONALES\u00bb","block_context":{"text":"NACIONALES","link":"https:\/\/lasprimeras.com.do\/index.php\/category\/nacionales\/"},"img":{"alt_text":"Manuel Jim\u00e9nez","src":"https:\/\/i0.wp.com\/lasprimeras.com.do\/wp-content\/uploads\/2023\/07\/Manuel-Jimenez-1.jpg?resize=350%2C200&ssl=1","width":350,"height":200,"srcset":"https:\/\/i0.wp.com\/lasprimeras.com.do\/wp-content\/uploads\/2023\/07\/Manuel-Jimenez-1.jpg?resize=350%2C200&ssl=1 1x, https:\/\/i0.wp.com\/lasprimeras.com.do\/wp-content\/uploads\/2023\/07\/Manuel-Jimenez-1.jpg?resize=525%2C300&ssl=1 1.5x, https:\/\/i0.wp.com\/lasprimeras.com.do\/wp-content\/uploads\/2023\/07\/Manuel-Jimenez-1.jpg?resize=700%2C400&ssl=1 2x"},"classes":[]},{"id":58320,"url":"https:\/\/lasprimeras.com.do\/index.php\/2023\/08\/22\/alcalde-manuel-jimenez-solicita-municipes-eviten-lugares-de-alto-riesgo\/","url_meta":{"origin":75328,"position":3},"title":"Alcalde Manuel Jim\u00e9nez solicita mun\u00edcipes eviten lugares de alto riesgo","author":"Nelson Feliz","date":"22 de agosto de 2023","format":false,"excerpt":"EL ALCALDE DE SANTO DOMINGO ESTE COORDINA PERSONALMENTE LOS TRABAJOS DE PREVENCI\u00d3N EN LOS SECTORES M\u00c1S VULNERABLES DEL MUNICIPIO. Por Martin Restituyo El alcalde de Santo Domingo Este, Manuel Jim\u00e9nez exhort\u00f3 a la ciudadan\u00eda a que se mantenga alejada de la costa de la avenida Espa\u00f1a, la orilla del r\u00edo\u2026","rel":"","context":"En \u00abNACIONALES\u00bb","block_context":{"text":"NACIONALES","link":"https:\/\/lasprimeras.com.do\/index.php\/category\/nacionales\/"},"img":{"alt_text":"Manuel Jimenez","src":"https:\/\/i0.wp.com\/lasprimeras.com.do\/wp-content\/uploads\/2023\/08\/Manuel-Jimenez-4.jpg?resize=350%2C200&ssl=1","width":350,"height":200,"srcset":"https:\/\/i0.wp.com\/lasprimeras.com.do\/wp-content\/uploads\/2023\/08\/Manuel-Jimenez-4.jpg?resize=350%2C200&ssl=1 1x, https:\/\/i0.wp.com\/lasprimeras.com.do\/wp-content\/uploads\/2023\/08\/Manuel-Jimenez-4.jpg?resize=525%2C300&ssl=1 1.5x, https:\/\/i0.wp.com\/lasprimeras.com.do\/wp-content\/uploads\/2023\/08\/Manuel-Jimenez-4.jpg?resize=700%2C400&ssl=1 2x"},"classes":[]},{"id":120697,"url":"https:\/\/lasprimeras.com.do\/index.php\/2026\/01\/27\/manuel-jimenez-recomienda-funcionarios-y-politicos-tengan-a-duarte-como-guia\/","url_meta":{"origin":75328,"position":4},"title":"Manuel Jim\u00e9nez recomienda funcionarios y pol\u00edticos tengan a Duarte como gu\u00eda","author":"Nelson Feliz","date":"27 de enero de 2026","format":false,"excerpt":"El dirigente pol\u00edtico asegur\u00f3 que Duarte es el ejemplo de eficiencia y honestidad que todo gobierno necesita segu\u00edr. En el marco de un acto conmemorativo de los 213 a\u00f1os del natalicio de Juan Pablo Duarte, el dirigente pol\u00edtico y gestor cultural Manuel Jim\u00e9nez exhort\u00f3 a todos los servidores p\u00fablicos del\u2026","rel":"","context":"En \u00abNACIONALES\u00bb","block_context":{"text":"NACIONALES","link":"https:\/\/lasprimeras.com.do\/index.php\/category\/nacionales\/"},"img":{"alt_text":"","src":"https:\/\/i0.wp.com\/lasprimeras.com.do\/wp-content\/uploads\/2026\/01\/IMG-20260126-WA0727.jpg?resize=350%2C200&ssl=1","width":350,"height":200,"srcset":"https:\/\/i0.wp.com\/lasprimeras.com.do\/wp-content\/uploads\/2026\/01\/IMG-20260126-WA0727.jpg?resize=350%2C200&ssl=1 1x, https:\/\/i0.wp.com\/lasprimeras.com.do\/wp-content\/uploads\/2026\/01\/IMG-20260126-WA0727.jpg?resize=525%2C300&ssl=1 1.5x, https:\/\/i0.wp.com\/lasprimeras.com.do\/wp-content\/uploads\/2026\/01\/IMG-20260126-WA0727.jpg?resize=700%2C400&ssl=1 2x, https:\/\/i0.wp.com\/lasprimeras.com.do\/wp-content\/uploads\/2026\/01\/IMG-20260126-WA0727.jpg?resize=1050%2C600&ssl=1 3x, https:\/\/i0.wp.com\/lasprimeras.com.do\/wp-content\/uploads\/2026\/01\/IMG-20260126-WA0727.jpg?resize=1400%2C800&ssl=1 4x"},"classes":[]},{"id":103652,"url":"https:\/\/lasprimeras.com.do\/index.php\/2025\/07\/17\/manuel-jimenez-exhorta-a-diputados-aprobar-ley-que-asigna-nombre-la-trinitaria-a-santo-domingo-este\/","url_meta":{"origin":75328,"position":5},"title":"Manuel Jim\u00e9nez exhorta a diputados aprobar Ley que asigna nombre &#8220;La Trinitaria&#8221; a Santo Domingo Este","author":"Nelson Feliz","date":"17 de julio de 2025","format":false,"excerpt":"El dirigente pol\u00edtico del Partido Revolucionario Moderno (PRM) Manuel Jim\u00e9nez, exhort\u00f3 a la C\u00e1mara de Diputados a avanzar en la discusi\u00f3n del proyecto que asigna el nombre de La Trinitaria al municipio Santo Domingo Este. El ex alcalde record\u00f3 que cientos de dirigentes comunitarios, pol\u00edticos y empresarios han celebrado vistas\u2026","rel":"","context":"En \u00abNACIONALES\u00bb","block_context":{"text":"NACIONALES","link":"https:\/\/lasprimeras.com.do\/index.php\/category\/nacionales\/"},"img":{"alt_text":"Manuel Jim\u00e9nez","src":"https:\/\/i0.wp.com\/lasprimeras.com.do\/wp-content\/uploads\/2025\/07\/Manuel-Jimenez-1.jpg?resize=350%2C200&ssl=1","width":350,"height":200,"srcset":"https:\/\/i0.wp.com\/lasprimeras.com.do\/wp-content\/uploads\/2025\/07\/Manuel-Jimenez-1.jpg?resize=350%2C200&ssl=1 1x, https:\/\/i0.wp.com\/lasprimeras.com.do\/wp-content\/uploads\/2025\/07\/Manuel-Jimenez-1.jpg?resize=525%2C300&ssl=1 1.5x, https:\/\/i0.wp.com\/lasprimeras.com.do\/wp-content\/uploads\/2025\/07\/Manuel-Jimenez-1.jpg?resize=700%2C400&ssl=1 2x"},"classes":[]}],"jetpack_sharing_enabled":true,"_links":{"self":[{"href":"https:\/\/lasprimeras.com.do\/index.php\/wp-json\/wp\/v2\/posts\/75328","targetHints":{"allow":["GET"]}}],"collection":[{"href":"https:\/\/lasprimeras.com.do\/index.php\/wp-json\/wp\/v2\/posts"}],"about":[{"href":"https:\/\/lasprimeras.com.do\/index.php\/wp-json\/wp\/v2\/types\/post"}],"author":[{"embeddable":true,"href":"https:\/\/lasprimeras.com.do\/index.php\/wp-json\/wp\/v2\/users\/3"}],"replies":[{"embeddable":true,"href":"https:\/\/lasprimeras.com.do\/index.php\/wp-json\/wp\/v2\/comments?post=75328"}],"version-history":[{"count":1,"href":"https:\/\/lasprimeras.com.do\/index.php\/wp-json\/wp\/v2\/posts\/75328\/revisions"}],"predecessor-version":[{"id":75330,"href":"https:\/\/lasprimeras.com.do\/index.php\/wp-json\/wp\/v2\/posts\/75328\/revisions\/75330"}],"wp:featuredmedia":[{"embeddable":true,"href":"https:\/\/lasprimeras.com.do\/index.php\/wp-json\/wp\/v2\/media\/75329"}],"wp:attachment":[{"href":"https:\/\/lasprimeras.com.do\/index.php\/wp-json\/wp\/v2\/media?parent=75328"}],"wp:term":[{"taxonomy":"category","embeddable":true,"href":"https:\/\/lasprimeras.com.do\/index.php\/wp-json\/wp\/v2\/categories?post=75328"},{"taxonomy":"post_tag","embeddable":true,"href":"https:\/\/lasprimeras.com.do\/index.php\/wp-json\/wp\/v2\/tags?post=75328"}],"curies":[{"name":"wp","href":"https:\/\/api.w.org\/{rel}","templated":true}]}}