{"id":75335,"date":"2024-01-31T15:15:34","date_gmt":"2024-01-31T19:15:34","guid":{"rendered":"https:\/\/lasprimeras.com.do\/?p=75335"},"modified":"2024-01-31T15:15:36","modified_gmt":"2024-01-31T19:15:36","slug":"gobierno-entrega-titulos-definitivos-a-275-beneficiarios-en-hato-mayor","status":"publish","type":"post","link":"https:\/\/lasprimeras.com.do\/index.php\/2024\/01\/31\/gobierno-entrega-titulos-definitivos-a-275-beneficiarios-en-hato-mayor\/","title":{"rendered":"Gobierno entrega t\u00edtulos definitivos a 275 beneficiarios en Hato Mayor"},"content":{"rendered":"\n<p>HATO MAYOR. En un acto presidido por el ministro de la Presidencia, Joel Santos Echavarr\u00eda, el Gobierno, a trav\u00e9s de la Unidad T\u00e9cnica Ejecutora de Titulaci\u00f3n de Terrenos del Estado (UTECT) y el Instituto Agrario Dominicano(IAD), entreg\u00f3 este mi\u00e9rcoles los t\u00edtulos definitivos a 275 personas que ocupaban terrenos del Estado dominicano.<\/p>\n\n\n\n<p>Los nuevos propietarios de solares y viviendas, corresponden a las comunidades La China, Villa Navarro, La Jagua, La Palmilla y Villa Vilorio, los cuales ocupan 271,163.2 metros cuadrados en donde hab\u00edan construido sus casas.<\/p>\n\n\n\n<p>\u201cPodemos calificar la titulaci\u00f3n de terrenos del Estado como una de las principales pol\u00edticas p\u00fablicas implementadas por el Gobierno dominicano, y como dice nuestro presidente Luis Abinader: la propiedad de la tierra es un pilar fundamental en la construcci\u00f3n de un pa\u00eds prospero y justo\u201d, dijo Santos Echavarr\u00eda al dirigirse a los beneficiarios.<\/p>\n\n\n\n<p>Resalt\u00f3 que al concluir el 2023, la actual gesti\u00f3n de Gobierno habia entregado 88,727 t\u00edtulos de definitivos y en lo que va de a\u00f1o, ya son m\u00e1s de 6,000 los certificados de t\u00edtulos entregados.<\/p>\n\n\n\n<p>De su lado, el director ejecutivo de la UTECT, Duarte M\u00e9ndez, dijo que las 275 familias son parte de 547 con las que se ha estado trabajando para dotarlas de sus t\u00edtulos, y que esas ejecutorias han implicado un costo de 43,760,000 los que han sido asumidos en su totalidad por el Gobierno.<\/p>\n\n\n\n<p>En tanto que, Guillermo Garc\u00eda, director del IAD, manifest\u00f3 que los t\u00edtulos que hoy se ponen en manos de los mun\u00edcipes de la zona, impactan directamente en 1,100 personas que pasan a disfrutar de la condici\u00f3n de propietarios, lo que constituye un paso para superar la pobreza.<\/p>\n\n\n\n<p>Los beneficiados agradecieron al Gobierno la emisi\u00f3n de la documentaci\u00f3n legal que los hace due\u00f1os de sus solares y viviendas.<\/p>\n","protected":false},"excerpt":{"rendered":"<p>HATO MAYOR. En un acto presidido por el ministro de la Presidencia, Joel Santos Echavarr\u00eda, el Gobierno, a trav\u00e9s de la Unidad T\u00e9cnica Ejecutora de Titulaci\u00f3n de Terrenos del Estado&hellip;<\/p>\n","protected":false},"author":3,"featured_media":75336,"comment_status":"open","ping_status":"open","sticky":false,"template":"","format":"standard","meta":{"content-type":"","jetpack_post_was_ever_published":false,"_jetpack_newsletter_access":"","_jetpack_dont_email_post_to_subs":false,"_jetpack_newsletter_tier_id":0,"_jetpack_memberships_contains_paywalled_content":false,"_jetpack_memberships_contains_paid_content":false,"footnotes":""},"categories":[25],"tags":[],"class_list":["post-75335","post","type-post","status-publish","format-standard","has-post-thumbnail","hentry","category-portada"],"jetpack_featured_media_url":"https:\/\/lasprimeras.com.do\/wp-content\/uploads\/2024\/01\/1-millon-de-jovenes-votaran-en-las-elecciones-municipales-2-2.jpg","jetpack-related-posts":[{"id":126223,"url":"https:\/\/lasprimeras.com.do\/index.php\/2026\/03\/31\/abinader-entrega-1025-titulos-de-propiedad-en-hato-del-yaque-santiago\/","url_meta":{"origin":75335,"position":0},"title":"Abinader entrega 1,025 t\u00edtulos de propiedad en Hato del Yaque -Santiago","author":"Nelson Feliz","date":"31 de marzo de 2026","format":false,"excerpt":"Destaca que m\u00e1s de 167,000 t\u00edtulos han sido entregados a nivel nacional y anuncia nuevas jornadas en todo el pa\u00eds, para seguir llevando justicia social, tranquilidad, paz y desarrollo. El presidente Luis Abinader, junto a la primera dama Raquel Arbaje, entreg\u00f3 este lunes 1,025 certificados de t\u00edtulos de propiedad a\u2026","rel":"","context":"En \u00abNACIONALES\u00bb","block_context":{"text":"NACIONALES","link":"https:\/\/lasprimeras.com.do\/index.php\/category\/nacionales\/"},"img":{"alt_text":"","src":"https:\/\/i0.wp.com\/lasprimeras.com.do\/wp-content\/uploads\/2026\/03\/titulos.jpg?resize=350%2C200&ssl=1","width":350,"height":200,"srcset":"https:\/\/i0.wp.com\/lasprimeras.com.do\/wp-content\/uploads\/2026\/03\/titulos.jpg?resize=350%2C200&ssl=1 1x, https:\/\/i0.wp.com\/lasprimeras.com.do\/wp-content\/uploads\/2026\/03\/titulos.jpg?resize=525%2C300&ssl=1 1.5x, https:\/\/i0.wp.com\/lasprimeras.com.do\/wp-content\/uploads\/2026\/03\/titulos.jpg?resize=700%2C400&ssl=1 2x"},"classes":[]},{"id":124528,"url":"https:\/\/lasprimeras.com.do\/index.php\/2026\/03\/13\/julito-fulcar-anuncia-aprobacion-de-permuta-de-terrenos-que-garantiza-titulos-de-propiedad-a-familias-de-la-region-sur\/","url_meta":{"origin":75335,"position":1},"title":"Julito Fulcar anuncia aprobaci\u00f3n de permuta de terrenos que garantiza t\u00edtulos de propiedad a familias de la regi\u00f3n Sur","author":"Nelson Feliz","date":"13 de marzo de 2026","format":false,"excerpt":"Est\u00e1 permuta permitir\u00e1 al gobierno dotar de t\u00edtulos de propiedad a familias asentadas en localidades de San Crist\u00f3bal y Peravia en terrenos del Grupo Vicini El senador Julito Fulcar anunci\u00f3 hoy la aprobaci\u00f3n en el Senado de la Rep\u00fablica de un trascendental contrato de permuta de terrenos entre el Estado\u2026","rel":"","context":"En \u00abPOLITICA\u00bb","block_context":{"text":"POLITICA","link":"https:\/\/lasprimeras.com.do\/index.php\/category\/politica\/"},"img":{"alt_text":"","src":"https:\/\/i0.wp.com\/lasprimeras.com.do\/wp-content\/uploads\/2026\/03\/IMG-20260313-WA0347.jpg?resize=350%2C200&ssl=1","width":350,"height":200,"srcset":"https:\/\/i0.wp.com\/lasprimeras.com.do\/wp-content\/uploads\/2026\/03\/IMG-20260313-WA0347.jpg?resize=350%2C200&ssl=1 1x, https:\/\/i0.wp.com\/lasprimeras.com.do\/wp-content\/uploads\/2026\/03\/IMG-20260313-WA0347.jpg?resize=525%2C300&ssl=1 1.5x, https:\/\/i0.wp.com\/lasprimeras.com.do\/wp-content\/uploads\/2026\/03\/IMG-20260313-WA0347.jpg?resize=700%2C400&ssl=1 2x, https:\/\/i0.wp.com\/lasprimeras.com.do\/wp-content\/uploads\/2026\/03\/IMG-20260313-WA0347.jpg?resize=1050%2C600&ssl=1 3x"},"classes":[]},{"id":76726,"url":"https:\/\/lasprimeras.com.do\/index.php\/2024\/02\/13\/alcaldia-de-monte-plata-dona-al-gobierno-terrenos-para-iniciar-proceso-de-titulacion\/","url_meta":{"origin":75335,"position":2},"title":"Alcald\u00eda de Monte Plata dona al Gobierno terrenos para iniciar proceso de titulaci\u00f3n","author":"Nelson Feliz","date":"13 de febrero de 2024","format":false,"excerpt":"El acto de recepci\u00f3n de los m\u00e1s de 525 mil metros cuadrados de tierra fue encabezado por el ministro de la Presidencia, Joel Santos Echavarr\u00eda. El Gobierno recibi\u00f3 oficialmente este martes los terrenos que ocupan m\u00e1s de 2, 000 familias en el municipio Monte Plata, para iniciar el proceso de\u2026","rel":"","context":"En \u00abNACIONALES\u00bb","block_context":{"text":"NACIONALES","link":"https:\/\/lasprimeras.com.do\/index.php\/category\/nacionales\/"},"img":{"alt_text":"Joel Santos Echavarr\u00eda","src":"https:\/\/i0.wp.com\/lasprimeras.com.do\/wp-content\/uploads\/2024\/02\/Joel-Santos-Echavarria-1.jpg?resize=350%2C200&ssl=1","width":350,"height":200,"srcset":"https:\/\/i0.wp.com\/lasprimeras.com.do\/wp-content\/uploads\/2024\/02\/Joel-Santos-Echavarria-1.jpg?resize=350%2C200&ssl=1 1x, https:\/\/i0.wp.com\/lasprimeras.com.do\/wp-content\/uploads\/2024\/02\/Joel-Santos-Echavarria-1.jpg?resize=525%2C300&ssl=1 1.5x, https:\/\/i0.wp.com\/lasprimeras.com.do\/wp-content\/uploads\/2024\/02\/Joel-Santos-Echavarria-1.jpg?resize=700%2C400&ssl=1 2x"},"classes":[]},{"id":111507,"url":"https:\/\/lasprimeras.com.do\/index.php\/2025\/10\/09\/abinader-entrega-3100-titulos-de-propiedad-de-un-total-de-5636-a-familias-en-palmarejo-villa-linda\/","url_meta":{"origin":75335,"position":3},"title":"Abinader entrega 3,100 t\u00edtulos de propiedad, de un total de 5,636, a familias en Palmarejo-Villa Linda","author":"Nelson Feliz","date":"9 de octubre de 2025","format":false,"excerpt":"M\u00e1s de 12 mil dominicanos reciben la seguridad jur\u00eddica de sus hogares gracias al Plan Nacional de Titulaci\u00f3n. Duarte M\u00e9ndez afirma que hasta hoy, este es el proyecto m\u00e1s grande que ha entregado la Unidad T\u00e9cnica de Titulaci\u00f3n en todo el territorio nacional. El presidente Luis Abinader encabez\u00f3 la entrega\u2026","rel":"","context":"En \u00abNACIONALES\u00bb","block_context":{"text":"NACIONALES","link":"https:\/\/lasprimeras.com.do\/index.php\/category\/nacionales\/"},"img":{"alt_text":"","src":"https:\/\/i0.wp.com\/lasprimeras.com.do\/wp-content\/uploads\/2025\/10\/luis-1.jpg?resize=350%2C200&ssl=1","width":350,"height":200,"srcset":"https:\/\/i0.wp.com\/lasprimeras.com.do\/wp-content\/uploads\/2025\/10\/luis-1.jpg?resize=350%2C200&ssl=1 1x, https:\/\/i0.wp.com\/lasprimeras.com.do\/wp-content\/uploads\/2025\/10\/luis-1.jpg?resize=525%2C300&ssl=1 1.5x, https:\/\/i0.wp.com\/lasprimeras.com.do\/wp-content\/uploads\/2025\/10\/luis-1.jpg?resize=700%2C400&ssl=1 2x"},"classes":[]},{"id":110802,"url":"https:\/\/lasprimeras.com.do\/index.php\/2025\/10\/01\/abinader-anuncia-titulacion-en-parque-nacional-los-haitises-y-reserva-forestal-loma-novillero-en-villa-altagracia\/","url_meta":{"origin":75335,"position":4},"title":"Abinader anuncia titulaci\u00f3n en Parque Nacional Los Haitises y Reserva Forestal Loma Novillero en Villa Altagracia","author":"Nelson Feliz","date":"1 de octubre de 2025","format":false,"excerpt":"A la fecha, el gobierno ha titulado m\u00e1s de 730 millones de metros cuadrados en el Parque Nacional Jaragua y \u00c1rea Nacional de Recreo Bah\u00eda de Las Aguilas, as\u00ed como en el Parque Nacional Jos\u00e9 Del Carmen Ram\u00edrez. El presidente Luis Abinader anunci\u00f3 este mi\u00e9rcoles el inicio de los trabajos\u2026","rel":"","context":"En \u00abECONOM\u00cdA\u00bb","block_context":{"text":"ECONOM\u00cdA","link":"https:\/\/lasprimeras.com.do\/index.php\/category\/economia\/"},"img":{"alt_text":"","src":"https:\/\/i0.wp.com\/lasprimeras.com.do\/wp-content\/uploads\/2025\/10\/ABINADER-2.jpg?resize=350%2C200&ssl=1","width":350,"height":200,"srcset":"https:\/\/i0.wp.com\/lasprimeras.com.do\/wp-content\/uploads\/2025\/10\/ABINADER-2.jpg?resize=350%2C200&ssl=1 1x, https:\/\/i0.wp.com\/lasprimeras.com.do\/wp-content\/uploads\/2025\/10\/ABINADER-2.jpg?resize=525%2C300&ssl=1 1.5x, https:\/\/i0.wp.com\/lasprimeras.com.do\/wp-content\/uploads\/2025\/10\/ABINADER-2.jpg?resize=700%2C400&ssl=1 2x"},"classes":[]},{"id":108004,"url":"https:\/\/lasprimeras.com.do\/index.php\/2025\/09\/02\/alcalde-de-samana-solicita-a-abinader-resolver-de-manera-definitiva-el-tema-de-titulacion\/","url_meta":{"origin":75335,"position":5},"title":"Alcalde de Saman\u00e1 solicita a Abinader resolver de manera definitiva el tema de titulaci\u00f3n","author":"Nelson Feliz","date":"2 de septiembre de 2025","format":false,"excerpt":"El alcalde de Saman\u00e1 y presidente de la Federaci\u00f3n Dominicana de Municipios (FEDOMU), Nelson N\u00fa\u00f1ez, hizo este martes un llamado al presidente de la Rep\u00fablica, Luis Abinader, a resolver de manera definitiva la problem\u00e1tica de titulaci\u00f3n de terrenos en esa provincia, especialmente en las \u00e1reas verdes que, seg\u00fan denunci\u00f3, han\u2026","rel":"","context":"En \u00abPOLITICA\u00bb","block_context":{"text":"POLITICA","link":"https:\/\/lasprimeras.com.do\/index.php\/category\/politica\/"},"img":{"alt_text":"","src":"https:\/\/i0.wp.com\/lasprimeras.com.do\/wp-content\/uploads\/2025\/09\/Nelson-Nunez.jpg?resize=350%2C200&ssl=1","width":350,"height":200,"srcset":"https:\/\/i0.wp.com\/lasprimeras.com.do\/wp-content\/uploads\/2025\/09\/Nelson-Nunez.jpg?resize=350%2C200&ssl=1 1x, https:\/\/i0.wp.com\/lasprimeras.com.do\/wp-content\/uploads\/2025\/09\/Nelson-Nunez.jpg?resize=525%2C300&ssl=1 1.5x, https:\/\/i0.wp.com\/lasprimeras.com.do\/wp-content\/uploads\/2025\/09\/Nelson-Nunez.jpg?resize=700%2C400&ssl=1 2x"},"classes":[]}],"jetpack_sharing_enabled":true,"_links":{"self":[{"href":"https:\/\/lasprimeras.com.do\/index.php\/wp-json\/wp\/v2\/posts\/75335","targetHints":{"allow":["GET"]}}],"collection":[{"href":"https:\/\/lasprimeras.com.do\/index.php\/wp-json\/wp\/v2\/posts"}],"about":[{"href":"https:\/\/lasprimeras.com.do\/index.php\/wp-json\/wp\/v2\/types\/post"}],"author":[{"embeddable":true,"href":"https:\/\/lasprimeras.com.do\/index.php\/wp-json\/wp\/v2\/users\/3"}],"replies":[{"embeddable":true,"href":"https:\/\/lasprimeras.com.do\/index.php\/wp-json\/wp\/v2\/comments?post=75335"}],"version-history":[{"count":1,"href":"https:\/\/lasprimeras.com.do\/index.php\/wp-json\/wp\/v2\/posts\/75335\/revisions"}],"predecessor-version":[{"id":75337,"href":"https:\/\/lasprimeras.com.do\/index.php\/wp-json\/wp\/v2\/posts\/75335\/revisions\/75337"}],"wp:featuredmedia":[{"embeddable":true,"href":"https:\/\/lasprimeras.com.do\/index.php\/wp-json\/wp\/v2\/media\/75336"}],"wp:attachment":[{"href":"https:\/\/lasprimeras.com.do\/index.php\/wp-json\/wp\/v2\/media?parent=75335"}],"wp:term":[{"taxonomy":"category","embeddable":true,"href":"https:\/\/lasprimeras.com.do\/index.php\/wp-json\/wp\/v2\/categories?post=75335"},{"taxonomy":"post_tag","embeddable":true,"href":"https:\/\/lasprimeras.com.do\/index.php\/wp-json\/wp\/v2\/tags?post=75335"}],"curies":[{"name":"wp","href":"https:\/\/api.w.org\/{rel}","templated":true}]}}