{"id":75372,"date":"2024-01-30T23:23:00","date_gmt":"2024-01-31T03:23:00","guid":{"rendered":"https:\/\/lasprimeras.com.do\/?p=75372"},"modified":"2024-01-31T23:29:07","modified_gmt":"2024-02-01T03:29:07","slug":"presidente-abinader-emite-decreto-que-crea-codoplatano","status":"publish","type":"post","link":"https:\/\/lasprimeras.com.do\/index.php\/2024\/01\/30\/presidente-abinader-emite-decreto-que-crea-codoplatano\/","title":{"rendered":"Presidente Abinader emite decreto que crea CODOPLATANO"},"content":{"rendered":"\n<p>El presidente de la Rep\u00fablica, Luis Abinader, emiti\u00f3 el Decreto n\u00fam. 62-24, que crea la Comisi\u00f3n Dominicana del Pl\u00e1tano (CODOPLATANO), como comisi\u00f3n interministerial, la cual tendr\u00e1 por finalidad apoyar de manera conjunta al sector agropecuario dedicado a la producci\u00f3n y comercializaci\u00f3n del pl\u00e1tano, as\u00ed como asesorar al presidente en la elaboraci\u00f3n de pol\u00edticas p\u00fablicas que fomenten su cultivo, producci\u00f3n, comercializaci\u00f3n, procesamiento y exportaci\u00f3n.<\/p>\n\n\n\n<p>CODOPLATANO est\u00e1 integrada por los ministros de Agricultura; Medio Ambiente y Recursos Naturales; Industria, Comercio y Mipymes; los administradores del Banco Agr\u00edcola y Banco de Reservas; los directores del INDRHI, INESPRE, CEI-RD e IAD; el presidente de la Asociaci\u00f3n Dominicana de Productores de Pl\u00e1tanos (ADOPLATANO) y dos representantes de las cooperativas o asociaciones de productores de pl\u00e1tanos de las diez regiones del pa\u00eds.<\/p>\n\n\n\n<p>Con esta disposici\u00f3n, el Poder Ejecutivo intensifica el apoyo a la producci\u00f3n del pl\u00e1tano, lo que significar\u00e1 para el pueblo dominicano la generaci\u00f3n de empleos, la creaci\u00f3n de pol\u00edticas p\u00fablicas e incentivos en beneficio de los productores y el incremento de la comercializaci\u00f3n del pl\u00e1tano en el mercado local e internacional.<\/p>\n\n\n\n<p>Del mismo modo, la creaci\u00f3n de CODOPLATANO responde activamente a las alertas econ\u00f3micas que apuntan a un incremento del consumo de pl\u00e1tano y que, en esta ocasi\u00f3n, ofrece una oportunidad para que la Rep\u00fablica Dominicana se constituya en una fuente estable y segura de comercializaci\u00f3n de pl\u00e1tanos, con la aplicaci\u00f3n de nuevas pr\u00e1cticas de buen manejo del cultivo y la sostenibilidad medioambiental requerida para hacer de la actividad una m\u00e1s competitiva en el mercado exterior.<\/p>\n\n\n\n<p>Esta decisi\u00f3n del presidente Abinader representa un paso determinante en beneficio del sector agr\u00edcola dominicano, cuyos productores contar\u00e1n con una v\u00eda m\u00e1s efectiva para externar sus preocupaciones sobre el sector, lo que permitir\u00e1 al gobierno ejecutar pol\u00edticas p\u00fablicas m\u00e1s eficientes, apegadas a la realidad y en mayor provecho de la naci\u00f3n.<\/p>\n","protected":false},"excerpt":{"rendered":"<p>El presidente de la Rep\u00fablica, Luis Abinader, emiti\u00f3 el Decreto n\u00fam. 62-24, que crea la Comisi\u00f3n Dominicana del Pl\u00e1tano (CODOPLATANO), como comisi\u00f3n interministerial, la cual tendr\u00e1 por finalidad apoyar de&hellip;<\/p>\n","protected":false},"author":2,"featured_media":58671,"comment_status":"open","ping_status":"open","sticky":false,"template":"","format":"standard","meta":{"content-type":"","jetpack_post_was_ever_published":false,"_jetpack_newsletter_access":"","_jetpack_dont_email_post_to_subs":false,"_jetpack_newsletter_tier_id":0,"_jetpack_memberships_contains_paywalled_content":false,"_jetpack_memberships_contains_paid_content":false,"footnotes":""},"categories":[35],"tags":[11430,950,549,67,11429],"class_list":["post-75372","post","type-post","status-publish","format-standard","has-post-thumbnail","hentry","category-nacionales","tag-codoplatano","tag-comision","tag-dominicana","tag-luis-abinader","tag-platano"],"jetpack_featured_media_url":"https:\/\/lasprimeras.com.do\/wp-content\/uploads\/2023\/08\/Platanos-Inespre-1.jpg","jetpack-related-posts":[{"id":75383,"url":"https:\/\/lasprimeras.com.do\/index.php\/2024\/02\/01\/presidente-crea-una-comision-para-fortalecer-produccion-de-platano\/","url_meta":{"origin":75372,"position":0},"title":"Presidente crea una comisi\u00f3n para fortalecer producci\u00f3n de pl\u00e1tano","author":"BIMARY DE JES\u00daS Matos","date":"1 de febrero de 2024","format":false,"excerpt":"Santo Domingo \u2013 El presidente Luis Abinader dispuso este mi\u00e9rcoles la creaci\u00f3n de la Comisi\u00f3n Dominicana del Pl\u00e1tano (Codoplatano), que funcionar\u00e1 como una comisi\u00f3n \u00abinterministerial\u00bb con la finalidad de apoyar de manera conjunta al sector agropecuario dedicado a la producci\u00f3n y comercializaci\u00f3n de ese producto. Asimismo, asesorar\u00e1 al presidente de\u2026","rel":"","context":"En \u00abPORTADA\u00bb","block_context":{"text":"PORTADA","link":"https:\/\/lasprimeras.com.do\/index.php\/category\/portada\/"},"img":{"alt_text":"","src":"","width":0,"height":0},"classes":[]},{"id":123266,"url":"https:\/\/lasprimeras.com.do\/index.php\/2026\/02\/27\/presidente-abinader-resalta-crecimiento-del-3-9-del-sector-agropecuario-y-proyecta-alcanzar-%c2%a8hambre-cero%c2%a8-antes-de-2028\/","url_meta":{"origin":75372,"position":1},"title":"Presidente Abinader resalta crecimiento del 3.9 % del sector agropecuario y proyecta alcanzar \u00a8Hambre Cero\u00a8 antes de 2028","author":"Nelson Feliz","date":"27 de febrero de 2026","format":false,"excerpt":"Organismos internacionales destacan la reducci\u00f3n de la subalimentaci\u00f3n en Rep\u00fablica Dominicana y respaldan los avances hacia la meta de Hambre Cero antes de 2028. El presidente Luis Abinader destac\u00f3 el s\u00f3lido desempe\u00f1o del sector agropecuario, que registr\u00f3 un crecimiento de 3.9 % el pasado a\u00f1o, con cifras hist\u00f3ricas en producci\u00f3n\u2026","rel":"","context":"En \u00abECONOM\u00cdA\u00bb","block_context":{"text":"ECONOM\u00cdA","link":"https:\/\/lasprimeras.com.do\/index.php\/category\/economia\/"},"img":{"alt_text":"","src":"https:\/\/i0.wp.com\/lasprimeras.com.do\/wp-content\/uploads\/2025\/10\/COMEDORES.jpg?resize=350%2C200&ssl=1","width":350,"height":200,"srcset":"https:\/\/i0.wp.com\/lasprimeras.com.do\/wp-content\/uploads\/2025\/10\/COMEDORES.jpg?resize=350%2C200&ssl=1 1x, https:\/\/i0.wp.com\/lasprimeras.com.do\/wp-content\/uploads\/2025\/10\/COMEDORES.jpg?resize=525%2C300&ssl=1 1.5x, https:\/\/i0.wp.com\/lasprimeras.com.do\/wp-content\/uploads\/2025\/10\/COMEDORES.jpg?resize=700%2C400&ssl=1 2x"},"classes":[]},{"id":104890,"url":"https:\/\/lasprimeras.com.do\/index.php\/2025\/07\/28\/abinader-fortalece-lucha-contra-la-corrupcion\/","url_meta":{"origin":75372,"position":2},"title":"Abinader fortalece lucha contra la corrupci\u00f3n","author":"Nelson Feliz","date":"28 de julio de 2025","format":false,"excerpt":"El presidente Luis Abinader, el pasado viernes 25 de julio, emiti\u00f3 los Decretos numerados 407-25 y 408-25, que crean espacios de trabajo y coordinaci\u00f3n para el fortalecimiento institucional de la Rep\u00fablica Dominicana. El primero de ellos, Decreto n\u00fam. 407-25, crea la comisi\u00f3n interinstitucional para la elaboraci\u00f3n, desarrollo e implementaci\u00f3n del\u2026","rel":"","context":"En \u00abNACIONALES\u00bb","block_context":{"text":"NACIONALES","link":"https:\/\/lasprimeras.com.do\/index.php\/category\/nacionales\/"},"img":{"alt_text":"","src":"https:\/\/i0.wp.com\/lasprimeras.com.do\/wp-content\/uploads\/2024\/02\/FOTO-PRINCIPAL-PALACIO-NACIONAL-e1708074506177.jpg?resize=350%2C200&ssl=1","width":350,"height":200,"srcset":"https:\/\/i0.wp.com\/lasprimeras.com.do\/wp-content\/uploads\/2024\/02\/FOTO-PRINCIPAL-PALACIO-NACIONAL-e1708074506177.jpg?resize=350%2C200&ssl=1 1x, https:\/\/i0.wp.com\/lasprimeras.com.do\/wp-content\/uploads\/2024\/02\/FOTO-PRINCIPAL-PALACIO-NACIONAL-e1708074506177.jpg?resize=525%2C300&ssl=1 1.5x, https:\/\/i0.wp.com\/lasprimeras.com.do\/wp-content\/uploads\/2024\/02\/FOTO-PRINCIPAL-PALACIO-NACIONAL-e1708074506177.jpg?resize=700%2C400&ssl=1 2x, https:\/\/i0.wp.com\/lasprimeras.com.do\/wp-content\/uploads\/2024\/02\/FOTO-PRINCIPAL-PALACIO-NACIONAL-e1708074506177.jpg?resize=1050%2C600&ssl=1 3x"},"classes":[]},{"id":106513,"url":"https:\/\/lasprimeras.com.do\/index.php\/2025\/08\/16\/abinader-emite-decreto-que-modifica-la-integracion-de-comision-presidencial-de-las-cuevas-del-pomier\/","url_meta":{"origin":75372,"position":3},"title":"Abinader emite decreto que modifica la integraci\u00f3n de Comisi\u00f3n Presidencial de las &#8220;Cuevas del Pomier&#8221;","author":"Nelson Feliz","date":"16 de agosto de 2025","format":false,"excerpt":"El presidente Luis Abinader emiti\u00f3 el decreto n\u00famero 457-25 que modifica la integraci\u00f3n de la Comisi\u00f3n Presidencial de las Cuevas del Pomier, resultando de la siguiente: un presidente, designado por decreto; los ministerios de Medio Ambiente y Recursos Naturales: de Cultura; y de Turismo; la Empresa de Generaci\u00f3n Hidroel\u00e9ctrica Dominicana\u2026","rel":"","context":"En \u00abPORTADA\u00bb","block_context":{"text":"PORTADA","link":"https:\/\/lasprimeras.com.do\/index.php\/category\/portada\/"},"img":{"alt_text":"","src":"","width":0,"height":0},"classes":[]},{"id":125838,"url":"https:\/\/lasprimeras.com.do\/index.php\/2026\/03\/26\/abinader-crea-comision-para-puesta-en-funcionamiento-del-museo-historico-de-la-gesta-de-abril\/","url_meta":{"origin":75372,"position":4},"title":"Abinader crea comisi\u00f3n para puesta en funcionamiento del Museo Hist\u00f3rico de la Gesta de Abril","author":"Nelson Feliz","date":"26 de marzo de 2026","format":false,"excerpt":"Los miembros de esta comisi\u00f3n desempe\u00f1ar\u00e1n sus funciones de manera honor\u00edfica. El presidente Luis Abinader emiti\u00f3 el decreto n\u00fam. 200-26 mediante el cual se crea la Comisi\u00f3n para la puesta en funcionamiento del Museo Hist\u00f3rico de la Gesta de Abril, con el objetivo de impulsar la preservaci\u00f3n, difusi\u00f3n y fortalecimiento\u2026","rel":"","context":"En \u00abNACIONALES\u00bb","block_context":{"text":"NACIONALES","link":"https:\/\/lasprimeras.com.do\/index.php\/category\/nacionales\/"},"img":{"alt_text":"Luis Abinader","src":"https:\/\/i0.wp.com\/lasprimeras.com.do\/wp-content\/uploads\/2026\/03\/Luis-Abinader-c.jpg?resize=350%2C200&ssl=1","width":350,"height":200,"srcset":"https:\/\/i0.wp.com\/lasprimeras.com.do\/wp-content\/uploads\/2026\/03\/Luis-Abinader-c.jpg?resize=350%2C200&ssl=1 1x, https:\/\/i0.wp.com\/lasprimeras.com.do\/wp-content\/uploads\/2026\/03\/Luis-Abinader-c.jpg?resize=525%2C300&ssl=1 1.5x"},"classes":[]},{"id":84987,"url":"https:\/\/lasprimeras.com.do\/index.php\/2024\/06\/19\/presidente-abinader-emite-decreto-337-24-que-crea-comision-meta-rd-2036\/","url_meta":{"origin":75372,"position":5},"title":"Presidente Abinader emite decreto 337-24 que crea Comisi\u00f3n Meta RD 2036","author":"Nelson Feliz","date":"19 de junio de 2024","format":false,"excerpt":"El presidente de la Rep\u00fablica, Luis Abinader, emiti\u00f3 este lunes 17 de junio el Decreto n\u00fam. 337-24, que crea la comisi\u00f3n presidencial denominada \u201cComisi\u00f3n Meta RD 2036\u201d, con el objetivo de identificar las acciones y reformas necesarias para duplicar el tama\u00f1o del PIB real dominicano al a\u00f1o 2036, as\u00ed como\u2026","rel":"","context":"En \u00abNACIONALES\u00bb","block_context":{"text":"NACIONALES","link":"https:\/\/lasprimeras.com.do\/index.php\/category\/nacionales\/"},"img":{"alt_text":"","src":"https:\/\/i0.wp.com\/lasprimeras.com.do\/wp-content\/uploads\/2024\/02\/FOTO-PRINCIPAL-PALACIO-NACIONAL-e1708074506177-1.jpg?resize=350%2C200&ssl=1","width":350,"height":200,"srcset":"https:\/\/i0.wp.com\/lasprimeras.com.do\/wp-content\/uploads\/2024\/02\/FOTO-PRINCIPAL-PALACIO-NACIONAL-e1708074506177-1.jpg?resize=350%2C200&ssl=1 1x, https:\/\/i0.wp.com\/lasprimeras.com.do\/wp-content\/uploads\/2024\/02\/FOTO-PRINCIPAL-PALACIO-NACIONAL-e1708074506177-1.jpg?resize=525%2C300&ssl=1 1.5x, https:\/\/i0.wp.com\/lasprimeras.com.do\/wp-content\/uploads\/2024\/02\/FOTO-PRINCIPAL-PALACIO-NACIONAL-e1708074506177-1.jpg?resize=700%2C400&ssl=1 2x, https:\/\/i0.wp.com\/lasprimeras.com.do\/wp-content\/uploads\/2024\/02\/FOTO-PRINCIPAL-PALACIO-NACIONAL-e1708074506177-1.jpg?resize=1050%2C600&ssl=1 3x"},"classes":[]}],"jetpack_sharing_enabled":true,"_links":{"self":[{"href":"https:\/\/lasprimeras.com.do\/index.php\/wp-json\/wp\/v2\/posts\/75372","targetHints":{"allow":["GET"]}}],"collection":[{"href":"https:\/\/lasprimeras.com.do\/index.php\/wp-json\/wp\/v2\/posts"}],"about":[{"href":"https:\/\/lasprimeras.com.do\/index.php\/wp-json\/wp\/v2\/types\/post"}],"author":[{"embeddable":true,"href":"https:\/\/lasprimeras.com.do\/index.php\/wp-json\/wp\/v2\/users\/2"}],"replies":[{"embeddable":true,"href":"https:\/\/lasprimeras.com.do\/index.php\/wp-json\/wp\/v2\/comments?post=75372"}],"version-history":[{"count":1,"href":"https:\/\/lasprimeras.com.do\/index.php\/wp-json\/wp\/v2\/posts\/75372\/revisions"}],"predecessor-version":[{"id":75373,"href":"https:\/\/lasprimeras.com.do\/index.php\/wp-json\/wp\/v2\/posts\/75372\/revisions\/75373"}],"wp:featuredmedia":[{"embeddable":true,"href":"https:\/\/lasprimeras.com.do\/index.php\/wp-json\/wp\/v2\/media\/58671"}],"wp:attachment":[{"href":"https:\/\/lasprimeras.com.do\/index.php\/wp-json\/wp\/v2\/media?parent=75372"}],"wp:term":[{"taxonomy":"category","embeddable":true,"href":"https:\/\/lasprimeras.com.do\/index.php\/wp-json\/wp\/v2\/categories?post=75372"},{"taxonomy":"post_tag","embeddable":true,"href":"https:\/\/lasprimeras.com.do\/index.php\/wp-json\/wp\/v2\/tags?post=75372"}],"curies":[{"name":"wp","href":"https:\/\/api.w.org\/{rel}","templated":true}]}}