{"id":75417,"date":"2024-02-01T08:06:14","date_gmt":"2024-02-01T12:06:14","guid":{"rendered":"https:\/\/lasprimeras.com.do\/?p=75417"},"modified":"2024-02-01T08:06:16","modified_gmt":"2024-02-01T12:06:16","slug":"luis-alberto-quiero-ver-un-municipio-de-jovenes-valiosos-y-emprendedores-2","status":"publish","type":"post","link":"https:\/\/lasprimeras.com.do\/index.php\/2024\/02\/01\/luis-alberto-quiero-ver-un-municipio-de-jovenes-valiosos-y-emprendedores-2\/","title":{"rendered":"Luis Alberto: Quiero ver un municipio de j\u00f3venes valiosos y emprendedores"},"content":{"rendered":"\n<p><strong>Revel\u00f3 que crear\u00e1 un Estudio de Grabaci\u00f3n Municipal para darle apoyo al talento art\u00edstico del municipio.<\/strong><\/p>\n\n\n\n<p>Al celebrarse este 31 de enero el D\u00eda Nacional de la Juventud, Luis Alberto Tejeda, candidato a alcalde de Santo Domingo Este por el Partido de la Liberaci\u00f3n Dominicana, prometi\u00f3 que trabajar\u00e1 y propiciar\u00e1 oportunidades de estudios y desarrollo para la juventud de ese municipio.<\/p>\n\n\n\n<p>La promesa fue hecha por Tejeda durante su participaci\u00f3n de un Podcast organizado dentro de la Campa\u00f1a Juvenil \u201cCuida tu Parque\u201d realizado en el parque de la Urbanizaci\u00f3n Italia.<\/p>\n\n\n\n<p>La actividad, que se inici\u00f3 a las 9:00 de la ma\u00f1ana y concluy\u00f3 pasada las 6:00 de la tarde este lunes, fue organizada por la coordinadora de juventud de su proyecto y cont\u00f3 tambi\u00e9n con la participaci\u00f3n de la candidata a senadora del PLD en la provincia, Cristina Lizardo.<\/p>\n\n\n\n<p>Luis Alberto asegur\u00f3 que la alcald\u00eda de Santo Domingo Este ser\u00e1 un espacio abierto para la juventud y que siempre estar\u00e1 presto a escucharla y gestionar todo lo necesario para poder hacer realidad sus sue\u00f1os.<\/p>\n\n\n\n<p>\u201cEse es uno de nuestros principales desaf\u00edos, sin importar las bander\u00edas pol\u00edticas y trabajando con todos los sectores y fuerzas vivas del municipio\u201d, expres\u00f3.<\/p>\n\n\n\n<p>Afirm\u00f3 que otras de sus prioridades es gestionar que definitivamente se construya una extensi\u00f3n de la Universidad Aut\u00f3noma de Santo Domingo en la zona oriental, la cual beneficiar\u00e1 a m\u00e1s de 40 mil j\u00f3venes que estudian en esa casa de altos estudios.<\/p>\n\n\n\n<p>Dijo que tambi\u00e9n propiciar\u00e1 capacitaci\u00f3n t\u00e9cnica para muchos j\u00f3venes a trav\u00e9s de las Escuelas Laborales del Ayuntamiento.<\/p>\n\n\n\n<p>\u201cVamos a instalar talleres para que nuestros j\u00f3venes puedan hacer cursos de marketing, desarrollo de aplicaciones, fotograf\u00eda, dise\u00f1o gr\u00e1fico, y edici\u00f3n de videos, entre otros\u201d, explic\u00f3.<\/p>\n\n\n\n<p>Manifest\u00f3 que otras de sus prioridades es incentivar el deporte, apoyando la creaci\u00f3n de m\u00e1s clubes y ligas, torneos inter-barriales y donaci\u00f3n de \u00fatiles deportivos, \u201cporque donde hay cuerpo sano hay mente sana y el deporte unifica la familia\u201d.<\/p>\n\n\n\n<p>Durante la entrevista de Podcast conducido por los j\u00f3venes Julio Cuello y Pedro Lorenzo, revel\u00f3 que crear\u00e1 un Estudio de Grabaci\u00f3n Municipal para darle apoyo al talento art\u00edstico del municipio.<\/p>\n\n\n\n<p>\u201cYo quiero ver un municipio de j\u00f3venes valiosos, emprendedores, yo soy del barrio igual que ustedes y eso lo vamos a promover en mi gesti\u00f3n, que se iniciar\u00e1 a partir del 24 de abril. Anoche le dec\u00eda a un grupo de j\u00f3venes, ustedes van a tener un alcalde con la pampara prend\u00eda\u201d, enfatiz\u00f3 Luis Alberto quien estuvo acompa\u00f1ado de su esposa Noem\u00ed Tavarez.<\/p>\n\n\n\n<p>El dirigente pol\u00edtico y empresario exhort\u00f3 a los j\u00f3venes a trabajar con una meta, ya que \u201ctodo se puede lograr a trav\u00e9s del sacrificio y el trabajo con mucho ah\u00ednco y siempre puesto en manos de Dios\u201d.<\/p>\n\n\n\n<p>Remozamiento del parque<\/p>\n\n\n\n<p>Anunci\u00f3 que en los primeros 100 d\u00edas de su gesti\u00f3n har\u00e1 los estudios presupuestarios para remozar el parque de la urbanizaci\u00f3n Italia donde se realiz\u00f3 la actividad, que incluir\u00e1 reemplazo de bombillas, tratamiento de \u00e1reas verdes, instalaci\u00f3n de c\u00e1maras de seguridad y polic\u00eda municipal para que lo cuide.<\/p>\n\n\n\n<p>Por su lado, la candidata a senadora Cristina Lizardo record\u00f3 que ese parque fue construido por el fenecido alcalde Juan de los Santos, y fue escenario de esparcimiento y diversi\u00f3n para toda la familia.<\/p>\n\n\n\n<p>Lizardo a\u00f1adi\u00f3 que durante 16 a\u00f1os celebraron en ese escenario al aire libre el \u201cbrindis por la paz\u201d, que congregaba a las autoridades y los mun\u00edcipes en ese compartir.<\/p>\n\n\n\n<p>Lizardo dijo estar convencida que cuando Luis Alberto asuma la sindicatura de SDE lo rescatar\u00e1 y le devolver\u00e1 su esplendor.<\/p>\n","protected":false},"excerpt":{"rendered":"<p>Revel\u00f3 que crear\u00e1 un Estudio de Grabaci\u00f3n Municipal para darle apoyo al talento art\u00edstico del municipio. Al celebrarse este 31 de enero el D\u00eda Nacional de la Juventud, Luis Alberto&hellip;<\/p>\n","protected":false},"author":2,"featured_media":75418,"comment_status":"open","ping_status":"open","sticky":false,"template":"","format":"standard","meta":{"content-type":"","jetpack_post_was_ever_published":false,"_jetpack_newsletter_access":"","_jetpack_dont_email_post_to_subs":false,"_jetpack_newsletter_tier_id":0,"_jetpack_memberships_contains_paywalled_content":false,"_jetpack_memberships_contains_paid_content":false,"footnotes":""},"categories":[25],"tags":[2920,11449,4694,1570],"class_list":["post-75417","post","type-post","status-publish","format-standard","has-post-thumbnail","hentry","category-portada","tag-emprendedores","tag-jovenes-valiosos","tag-luis-alberto","tag-santo-domingo-este"],"jetpack_featured_media_url":"https:\/\/lasprimeras.com.do\/wp-content\/uploads\/2024\/02\/Luis-Alberto-Tejeda.jpg","jetpack-related-posts":[{"id":75331,"url":"https:\/\/lasprimeras.com.do\/index.php\/2024\/01\/31\/luis-alberto-quiero-ver-un-municipio-de-jovenes-valiosos-y-emprendedores\/","url_meta":{"origin":75417,"position":0},"title":"Luis Alberto: Quiero ver un municipio de j\u00f3venes valiosos y emprendedores","author":"BIMARY DE JES\u00daS Matos","date":"31 de enero de 2024","format":false,"excerpt":"SANTO DOMINGO ESTE.- Al celebrarse este 31 de enero el D\u00eda Nacional de la Juventud, Luis Alberto Tejeda, candidato a alcalde de Santo Domingo Este por el Partido de la Liberaci\u00f3n Dominicana, prometi\u00f3 que trabajar\u00e1 y propiciar\u00e1 oportunidades de estudios y desarrollo para la juventud de ese municipio. La promesa\u2026","rel":"","context":"En \u00abSin categor\u00eda\u00bb","block_context":{"text":"Sin categor\u00eda","link":"https:\/\/lasprimeras.com.do\/index.php\/category\/sin-categoria\/"},"img":{"alt_text":"","src":"https:\/\/i0.wp.com\/lasprimeras.com.do\/wp-content\/uploads\/2024\/01\/1-millon-de-jovenes-votaran-en-las-elecciones-municipales-2-1.jpg?resize=350%2C200&ssl=1","width":350,"height":200,"srcset":"https:\/\/i0.wp.com\/lasprimeras.com.do\/wp-content\/uploads\/2024\/01\/1-millon-de-jovenes-votaran-en-las-elecciones-municipales-2-1.jpg?resize=350%2C200&ssl=1 1x, https:\/\/i0.wp.com\/lasprimeras.com.do\/wp-content\/uploads\/2024\/01\/1-millon-de-jovenes-votaran-en-las-elecciones-municipales-2-1.jpg?resize=525%2C300&ssl=1 1.5x"},"classes":[]},{"id":106331,"url":"https:\/\/lasprimeras.com.do\/index.php\/2025\/08\/12\/luis-alberto-tejeda-la-juventud-es-la-fuerza-que-transforma-la-nacion\/","url_meta":{"origin":75417,"position":1},"title":"Luis Alberto Tejeda: \u201cLa juventud es la fuerza que transforma la naci\u00f3n\u201d","author":"Nelson Feliz","date":"12 de agosto de 2025","format":false,"excerpt":"El miembro del Comit\u00e9 Pol\u00edtico del Partido de la Liberaci\u00f3n Dominicana (PLD), Luis Alberto Tejeda, destac\u00f3 que la juventud es una fuerza transformadora capaz de impulsar los cambios que demanda la sociedad y de construir un futuro de mayores oportunidades para todos. \u201cIndiscutiblemente, nuestros j\u00f3venes son la energ\u00eda que impulsa\u2026","rel":"","context":"En \u00abPOLITICA\u00bb","block_context":{"text":"POLITICA","link":"https:\/\/lasprimeras.com.do\/index.php\/category\/politica\/"},"img":{"alt_text":"Luis Alberto Tejeda","src":"https:\/\/i0.wp.com\/lasprimeras.com.do\/wp-content\/uploads\/2024\/06\/Luis-Alberto-Tejeda.jpg?resize=350%2C200&ssl=1","width":350,"height":200,"srcset":"https:\/\/i0.wp.com\/lasprimeras.com.do\/wp-content\/uploads\/2024\/06\/Luis-Alberto-Tejeda.jpg?resize=350%2C200&ssl=1 1x, https:\/\/i0.wp.com\/lasprimeras.com.do\/wp-content\/uploads\/2024\/06\/Luis-Alberto-Tejeda.jpg?resize=525%2C300&ssl=1 1.5x"},"classes":[]},{"id":63848,"url":"https:\/\/lasprimeras.com.do\/index.php\/2023\/10\/16\/luis-alberto-revela-tiene-un-56-de-aceptacion-en-sde-se-lo-atribuye-al-constante-trabajo\/","url_meta":{"origin":75417,"position":2},"title":"Luis Alberto revela tiene un 56% de aceptaci\u00f3n en SDE; se lo atribuye al constante trabajo","author":"Nelson Feliz","date":"16 de octubre de 2023","format":false,"excerpt":"Resalta que el PLD est\u00e1 monol\u00edticamente unido. El candidato a la alcald\u00eda del Municipio Santo Domingo Este por el Partido de la Liberaci\u00f3n Dominicana, Luis Alberto Tejeda, revel\u00f3 que en la encuesta de trabajo m\u00e1s reciente hecha en esa demarcaci\u00f3n su candidatura tiene un 56% de aceptaci\u00f3n. La revelaci\u00f3n fue\u2026","rel":"","context":"En \u00abPORTADA\u00bb","block_context":{"text":"PORTADA","link":"https:\/\/lasprimeras.com.do\/index.php\/category\/portada\/"},"img":{"alt_text":"Luis Alberto Tejada","src":"https:\/\/i0.wp.com\/lasprimeras.com.do\/wp-content\/uploads\/2023\/10\/Luis-Alberto-Tejada.jpg?resize=350%2C200&ssl=1","width":350,"height":200,"srcset":"https:\/\/i0.wp.com\/lasprimeras.com.do\/wp-content\/uploads\/2023\/10\/Luis-Alberto-Tejada.jpg?resize=350%2C200&ssl=1 1x, https:\/\/i0.wp.com\/lasprimeras.com.do\/wp-content\/uploads\/2023\/10\/Luis-Alberto-Tejada.jpg?resize=525%2C300&ssl=1 1.5x, https:\/\/i0.wp.com\/lasprimeras.com.do\/wp-content\/uploads\/2023\/10\/Luis-Alberto-Tejada.jpg?resize=700%2C400&ssl=1 2x"},"classes":[]},{"id":54738,"url":"https:\/\/lasprimeras.com.do\/index.php\/2023\/07\/13\/luis-alberto-manifiesta-transformara-santo-domingo-este\/","url_meta":{"origin":75417,"position":3},"title":"Luis Alberto manifiesta transformar\u00e1 Santo Domingo Este","author":"Nelson Feliz","date":"13 de julio de 2023","format":false,"excerpt":"Califica de ineficiente e irresponsable actual gesti\u00f3n. El candidato a alcalde del Partido de la Liberaci\u00f3n Dominicana (PLD) por el municipio Santo Domingo Este, Luis Alberto Tejeda, manifiesta que transformar\u00e1 a SDE y al mismo tiempo califica como ineficiente e irresponsable en todo el sentido de la palabra la actual\u2026","rel":"","context":"En \u00abPORTADA\u00bb","block_context":{"text":"PORTADA","link":"https:\/\/lasprimeras.com.do\/index.php\/category\/portada\/"},"img":{"alt_text":"Luis Alberto Tejeda","src":"https:\/\/i0.wp.com\/lasprimeras.com.do\/wp-content\/uploads\/2023\/07\/Luis-Alberto.jpg?resize=350%2C200&ssl=1","width":350,"height":200,"srcset":"https:\/\/i0.wp.com\/lasprimeras.com.do\/wp-content\/uploads\/2023\/07\/Luis-Alberto.jpg?resize=350%2C200&ssl=1 1x, https:\/\/i0.wp.com\/lasprimeras.com.do\/wp-content\/uploads\/2023\/07\/Luis-Alberto.jpg?resize=525%2C300&ssl=1 1.5x, https:\/\/i0.wp.com\/lasprimeras.com.do\/wp-content\/uploads\/2023\/07\/Luis-Alberto.jpg?resize=700%2C400&ssl=1 2x"},"classes":[]},{"id":74129,"url":"https:\/\/lasprimeras.com.do\/index.php\/2024\/01\/19\/pld-recorrera-diferentes-calles-del-sector-los-frailes-de-la-circunscripcion-3\/","url_meta":{"origin":75417,"position":4},"title":"PLD recorrer\u00e1 diferentes calles del sector Los Frailes de la Circunscripci\u00f3n 3","author":"BIMARY DE JES\u00daS Matos","date":"19 de enero de 2024","format":false,"excerpt":"SANTO DOMINGO ESTE.- El candidato del Partido de la Liberaci\u00f3n Dominicana a la alcald\u00eda de Santo Domingo Este, Luis Alberto Tejeda, realizar\u00e1 una gran marcha este s\u00e1bado 20 en la circunscripci\u00f3n electoral 3 de ese municipio. El anuncio fue hecho por el Comit\u00e9 de Campa\u00f1a del candidato, quien inform\u00f3 que\u2026","rel":"","context":"En \u00abPORTADA\u00bb","block_context":{"text":"PORTADA","link":"https:\/\/lasprimeras.com.do\/index.php\/category\/portada\/"},"img":{"alt_text":"","src":"https:\/\/i0.wp.com\/lasprimeras.com.do\/wp-content\/uploads\/2024\/01\/Demostenes-Martinez-Al-PRM-le-queda-poco-tiempo-en-el-poder-6.jpg?resize=350%2C200&ssl=1","width":350,"height":200,"srcset":"https:\/\/i0.wp.com\/lasprimeras.com.do\/wp-content\/uploads\/2024\/01\/Demostenes-Martinez-Al-PRM-le-queda-poco-tiempo-en-el-poder-6.jpg?resize=350%2C200&ssl=1 1x, https:\/\/i0.wp.com\/lasprimeras.com.do\/wp-content\/uploads\/2024\/01\/Demostenes-Martinez-Al-PRM-le-queda-poco-tiempo-en-el-poder-6.jpg?resize=525%2C300&ssl=1 1.5x"},"classes":[]},{"id":68564,"url":"https:\/\/lasprimeras.com.do\/index.php\/2023\/11\/25\/luis-alberto-a-las-mujeres-hay-que-cuidarlas-respetarlas-y-amarlas\/","url_meta":{"origin":75417,"position":5},"title":"Luis Alberto: \u201cA las mujeres hay que cuidarlas, respetarlas y amarlas\u201d","author":"BIMARY DE JES\u00daS Matos","date":"25 de noviembre de 2023","format":false,"excerpt":"SANTO DOMINGO ESTE.- Al conmemorarse este 25 de noviembre el D\u00eda Internacional de la Eliminaci\u00f3n de la Violencia contra la Mujer, el candidato a la alcald\u00eda del municipio Santo Domingo Este, Luis Alberto Tejeda, se comprometi\u00f3 a desarrollar pol\u00edticas p\u00fablicas de orientaci\u00f3n y prevenci\u00f3n de la violencia contra las mujeres.\u2026","rel":"","context":"En \u00abPORTADA\u00bb","block_context":{"text":"PORTADA","link":"https:\/\/lasprimeras.com.do\/index.php\/category\/portada\/"},"img":{"alt_text":"","src":"https:\/\/i0.wp.com\/lasprimeras.com.do\/wp-content\/uploads\/2023\/11\/WhatsApp-Image-2023-11-25-at-5.10.20-PM-3.jpeg?resize=350%2C200&ssl=1","width":350,"height":200,"srcset":"https:\/\/i0.wp.com\/lasprimeras.com.do\/wp-content\/uploads\/2023\/11\/WhatsApp-Image-2023-11-25-at-5.10.20-PM-3.jpeg?resize=350%2C200&ssl=1 1x, https:\/\/i0.wp.com\/lasprimeras.com.do\/wp-content\/uploads\/2023\/11\/WhatsApp-Image-2023-11-25-at-5.10.20-PM-3.jpeg?resize=525%2C300&ssl=1 1.5x, https:\/\/i0.wp.com\/lasprimeras.com.do\/wp-content\/uploads\/2023\/11\/WhatsApp-Image-2023-11-25-at-5.10.20-PM-3.jpeg?resize=700%2C400&ssl=1 2x, https:\/\/i0.wp.com\/lasprimeras.com.do\/wp-content\/uploads\/2023\/11\/WhatsApp-Image-2023-11-25-at-5.10.20-PM-3.jpeg?resize=1050%2C600&ssl=1 3x, https:\/\/i0.wp.com\/lasprimeras.com.do\/wp-content\/uploads\/2023\/11\/WhatsApp-Image-2023-11-25-at-5.10.20-PM-3.jpeg?resize=1400%2C800&ssl=1 4x"},"classes":[]}],"jetpack_sharing_enabled":true,"_links":{"self":[{"href":"https:\/\/lasprimeras.com.do\/index.php\/wp-json\/wp\/v2\/posts\/75417","targetHints":{"allow":["GET"]}}],"collection":[{"href":"https:\/\/lasprimeras.com.do\/index.php\/wp-json\/wp\/v2\/posts"}],"about":[{"href":"https:\/\/lasprimeras.com.do\/index.php\/wp-json\/wp\/v2\/types\/post"}],"author":[{"embeddable":true,"href":"https:\/\/lasprimeras.com.do\/index.php\/wp-json\/wp\/v2\/users\/2"}],"replies":[{"embeddable":true,"href":"https:\/\/lasprimeras.com.do\/index.php\/wp-json\/wp\/v2\/comments?post=75417"}],"version-history":[{"count":1,"href":"https:\/\/lasprimeras.com.do\/index.php\/wp-json\/wp\/v2\/posts\/75417\/revisions"}],"predecessor-version":[{"id":75419,"href":"https:\/\/lasprimeras.com.do\/index.php\/wp-json\/wp\/v2\/posts\/75417\/revisions\/75419"}],"wp:featuredmedia":[{"embeddable":true,"href":"https:\/\/lasprimeras.com.do\/index.php\/wp-json\/wp\/v2\/media\/75418"}],"wp:attachment":[{"href":"https:\/\/lasprimeras.com.do\/index.php\/wp-json\/wp\/v2\/media?parent=75417"}],"wp:term":[{"taxonomy":"category","embeddable":true,"href":"https:\/\/lasprimeras.com.do\/index.php\/wp-json\/wp\/v2\/categories?post=75417"},{"taxonomy":"post_tag","embeddable":true,"href":"https:\/\/lasprimeras.com.do\/index.php\/wp-json\/wp\/v2\/tags?post=75417"}],"curies":[{"name":"wp","href":"https:\/\/api.w.org\/{rel}","templated":true}]}}