{"id":75764,"date":"2024-02-04T23:57:06","date_gmt":"2024-02-05T03:57:06","guid":{"rendered":"https:\/\/lasprimeras.com.do\/?p=75764"},"modified":"2024-02-04T23:57:08","modified_gmt":"2024-02-05T03:57:08","slug":"abel-en-sfm-en-las-calles-hay-un-grito-popular-para-sacar-al-desgobierno-del-prm","status":"publish","type":"post","link":"https:\/\/lasprimeras.com.do\/index.php\/2024\/02\/04\/abel-en-sfm-en-las-calles-hay-un-grito-popular-para-sacar-al-desgobierno-del-prm\/","title":{"rendered":"Abel en SFM: \u00abEn las calles hay un grito popular para sacar al desgobierno del PRM\u00bb"},"content":{"rendered":"\n<p>El candidato presidencial por el Partido de la Liberaci\u00f3n Dominicana (PLD), Abel Mart\u00ednez, asegur\u00f3 que en los sectores y barrios de San Francisco de Macor\u00eds, y del pa\u00eds completo, hay un grito popular para sacar a las actuales autoridades del PRM.<\/p>\n\n\n\n<p>El l\u00edder de la oposici\u00f3n habl\u00f3 en un recorrido por los sectores y barrios de San Francisco de Macor\u00eds, en la provincia Duarte, junto a miles de ciudadanos que ondean banderas moradas y de otros partidos pertenecientes a la Alianza Rescate RD.<\/p>\n\n\n\n<p>\u00abEl pueblo est\u00e1 decidido a sacar al PRM del poder porque ha gobernado malo, porque subieron la comida, porque la delincuencia nos est\u00e1 arropando, porque hay un manejo torpe e incapaz de la econom\u00eda dominicana, por eso manifestaciones como estas se convierten en un grito popular\u00bb, exclam\u00f3 el l\u00edder opositor.<\/p>\n\n\n\n<p>Abel Mart\u00ednez encabeza este domingo la marcha-caravana junto a la candidata a alcalde de este municipio por la Alianza Rescate RD, Karilyn Chabebe.<\/p>\n\n\n\n<p>El recorrido abarca los sectores Hermanas Mirabal, Fernando Deligne, Pueblo Nuevo, San Pedro, San Vicente, Los Platanitos, Duarte Arriba, Rivera de Jaya, Puerto Rico, Buenos Aires, Visa Costura, El Convento, Santa Ana, El Gallinero, La Ceniza y Las Flores.<\/p>\n\n\n\n<p>En la actividad participan Johnny Pujols, coordinador de Gabinete; Luis Yang\u00fcela, candidato a senador; los miembros del Comit\u00e9 Pol\u00edtico Francisco Dom\u00ednguez Brito, Karen Ricardo y Jaime David Fern\u00e1ndez Mirabal.<\/p>\n\n\n\n<figure class=\"wp-block-embed is-type-rich is-provider-twitter wp-block-embed-twitter\"><div class=\"wp-block-embed__wrapper\">\n<div class=\"embed-twitter\"><blockquote class=\"twitter-tweet\" data-width=\"500\" data-dnt=\"true\"><p lang=\"es\" dir=\"ltr\">Abel en SFM: &quot;En las calles hay un grito popular para sacar al desgobierno del PRM&quot;. <a href=\"https:\/\/t.co\/MxRVdNPEQb\">pic.twitter.com\/MxRVdNPEQb<\/a><\/p>&mdash; PLD (@PLDenlinea) <a href=\"https:\/\/twitter.com\/PLDenlinea\/status\/1754275540133937272?ref_src=twsrc%5Etfw\">February 4, 2024<\/a><\/blockquote><script async src=\"https:\/\/platform.twitter.com\/widgets.js\" charset=\"utf-8\"><\/script><\/div>\n<\/div><\/figure>\n","protected":false},"excerpt":{"rendered":"<p>El candidato presidencial por el Partido de la Liberaci\u00f3n Dominicana (PLD), Abel Mart\u00ednez, asegur\u00f3 que en los sectores y barrios de San Francisco de Macor\u00eds, y del pa\u00eds completo, hay&hellip;<\/p>\n","protected":false},"author":2,"featured_media":75765,"comment_status":"open","ping_status":"open","sticky":false,"template":"","format":"standard","meta":{"content-type":"","jetpack_post_was_ever_published":false,"_jetpack_newsletter_access":"","_jetpack_dont_email_post_to_subs":false,"_jetpack_newsletter_tier_id":0,"_jetpack_memberships_contains_paywalled_content":false,"_jetpack_memberships_contains_paid_content":false,"footnotes":""},"categories":[25],"tags":[822,11525,11526,31,5961,59],"class_list":["post-75764","post","type-post","status-publish","format-standard","has-post-thumbnail","hentry","category-portada","tag-abel-martinez","tag-desgobierno","tag-grito-popular","tag-prm","tag-sacar","tag-sfm"],"jetpack_featured_media_url":"https:\/\/lasprimeras.com.do\/wp-content\/uploads\/2024\/02\/aBEL-mARTINEZ-2.jpeg","jetpack-related-posts":[{"id":113904,"url":"https:\/\/lasprimeras.com.do\/index.php\/2025\/11\/07\/cuestiona-inauguracion-de-hospital-en-sfm\/","url_meta":{"origin":75764,"position":0},"title":"Cuestiona inauguraci\u00f3n de Hospital en SFM","author":"Nelson Feliz","date":"7 de noviembre de 2025","format":false,"excerpt":"Yv\u00e1n Lorenzo califica de acto populista la inauguraci\u00f3n del hospital \u00c1ngel Mar\u00eda Gat\u00f3n en San Francisco de Macor\u00eds, que no est\u00e1 apto para operar Yv\u00e1n Lorenzo, vicepresidente del Partido de la Liberaci\u00f3n Dominicana (PLD), consider\u00f3 como un acto populista la inauguraci\u00f3n del Hospital Regional Dr. \u00c1ngel Mar\u00eda Gat\u00f3n, en San\u2026","rel":"","context":"En \u00abPOLITICA\u00bb","block_context":{"text":"POLITICA","link":"https:\/\/lasprimeras.com.do\/index.php\/category\/politica\/"},"img":{"alt_text":"Yv\u00e1n Lorenzo","src":"https:\/\/i0.wp.com\/lasprimeras.com.do\/wp-content\/uploads\/2025\/04\/Yvan-Lorenzo.jpg?resize=350%2C200&ssl=1","width":350,"height":200,"srcset":"https:\/\/i0.wp.com\/lasprimeras.com.do\/wp-content\/uploads\/2025\/04\/Yvan-Lorenzo.jpg?resize=350%2C200&ssl=1 1x, https:\/\/i0.wp.com\/lasprimeras.com.do\/wp-content\/uploads\/2025\/04\/Yvan-Lorenzo.jpg?resize=525%2C300&ssl=1 1.5x, https:\/\/i0.wp.com\/lasprimeras.com.do\/wp-content\/uploads\/2025\/04\/Yvan-Lorenzo.jpg?resize=700%2C400&ssl=1 2x"},"classes":[]},{"id":83020,"url":"https:\/\/lasprimeras.com.do\/index.php\/2024\/05\/10\/encuentro-nacional-agropecuario-este-sabado-en-sfm\/","url_meta":{"origin":75764,"position":1},"title":"Encuentro Nacional Agropecuario este s\u00e1bado en SFM.","author":"BIMARY DE JES\u00daS Matos","date":"10 de mayo de 2024","format":false,"excerpt":"Productores y profesionales agropecuarios firmar\u00e1n con Abel Mart\u00ednez, candidato presidencial del PLD, el \u201cPacto por la Rentabilidad Agropecuaria\u201d. Productores agr\u00edcolas, ganaderos, piscicultores, profesionales agropecuarios y actores del sector agr\u00edcola nacional han confirmado su participaci\u00f3n en el Encuentro Nacional Agropecuario, programado para este s\u00e1bado en San Francisco de Macor\u00eds. La actividad\u2026","rel":"","context":"En \u00abPORTADA\u00bb","block_context":{"text":"PORTADA","link":"https:\/\/lasprimeras.com.do\/index.php\/category\/portada\/"},"img":{"alt_text":"","src":"https:\/\/i0.wp.com\/lasprimeras.com.do\/wp-content\/uploads\/2024\/05\/6a0c8a05-4f4b-48f5-a1d9-1ad180753c4a-24.jpg?resize=350%2C200&ssl=1","width":350,"height":200,"srcset":"https:\/\/i0.wp.com\/lasprimeras.com.do\/wp-content\/uploads\/2024\/05\/6a0c8a05-4f4b-48f5-a1d9-1ad180753c4a-24.jpg?resize=350%2C200&ssl=1 1x, https:\/\/i0.wp.com\/lasprimeras.com.do\/wp-content\/uploads\/2024\/05\/6a0c8a05-4f4b-48f5-a1d9-1ad180753c4a-24.jpg?resize=525%2C300&ssl=1 1.5x, https:\/\/i0.wp.com\/lasprimeras.com.do\/wp-content\/uploads\/2024\/05\/6a0c8a05-4f4b-48f5-a1d9-1ad180753c4a-24.jpg?resize=700%2C400&ssl=1 2x, https:\/\/i0.wp.com\/lasprimeras.com.do\/wp-content\/uploads\/2024\/05\/6a0c8a05-4f4b-48f5-a1d9-1ad180753c4a-24.jpg?resize=1050%2C600&ssl=1 3x"},"classes":[]},{"id":83179,"url":"https:\/\/lasprimeras.com.do\/index.php\/2024\/05\/12\/abel-martinez-en-sfm-esta-lluvia-sella-la-esperanza-de-un-futuro-seguro\/","url_meta":{"origin":75764,"position":2},"title":"Abel Mart\u00ednez en SFM: \u201cEsta lluvia sella la esperanza de un futuro seguro\u201d","author":"Nelson Feliz","date":"12 de mayo de 2024","format":false,"excerpt":"Bajo un fuerte aguacero, Abel Mart\u00ednez se abraz\u00f3 al pueblo de San Francisco de Macor\u00eds, que desbordaron kil\u00f3metros de calles reflejando alegr\u00eda y entusiasmo a pesar de la fuerte lluvia. El candidato presidencial del Partido de la Liberaci\u00f3n Dominicana (PLD) Abel Mart\u00ednez, se mezcl\u00f3 con la multitud que lo esperaba\u2026","rel":"","context":"En \u00abPORTADA\u00bb","block_context":{"text":"PORTADA","link":"https:\/\/lasprimeras.com.do\/index.php\/category\/portada\/"},"img":{"alt_text":"Abel Mart\u00ednez SFM","src":"https:\/\/i0.wp.com\/lasprimeras.com.do\/wp-content\/uploads\/2024\/05\/Abel-Martinez-SFM.jpg?resize=350%2C200&ssl=1","width":350,"height":200,"srcset":"https:\/\/i0.wp.com\/lasprimeras.com.do\/wp-content\/uploads\/2024\/05\/Abel-Martinez-SFM.jpg?resize=350%2C200&ssl=1 1x, https:\/\/i0.wp.com\/lasprimeras.com.do\/wp-content\/uploads\/2024\/05\/Abel-Martinez-SFM.jpg?resize=525%2C300&ssl=1 1.5x"},"classes":[]},{"id":62813,"url":"https:\/\/lasprimeras.com.do\/index.php\/2023\/10\/08\/abel-a-prm-te-conozco-bacalao-aunque-vengas-disfrazao\/","url_meta":{"origin":75764,"position":3},"title":"Abel a PRM: \u00abTe conozco bacalao, aunque vengas disfrazao\u00bb","author":"Nelson Feliz","date":"8 de octubre de 2023","format":false,"excerpt":"El candidato presidencial del Partido de la Liberaci\u00f3n Dominicana (PLD), Abel Mart\u00ednez, enumer\u00f3 los sectores en los que, asegura, el Gobierno del PRM le ha fallado al pueblo. Se\u00f1al\u00f3 el colapso de los sistemas de salud y educativo, as\u00ed como el abandono de la producci\u00f3n agr\u00edcola, que ha quebrado a\u2026","rel":"","context":"En \u00abPORTADA\u00bb","block_context":{"text":"PORTADA","link":"https:\/\/lasprimeras.com.do\/index.php\/category\/portada\/"},"img":{"alt_text":"Abel Mart\u00ednez","src":"https:\/\/i0.wp.com\/lasprimeras.com.do\/wp-content\/uploads\/2023\/10\/Abel-Martinez.jpeg?resize=350%2C200&ssl=1","width":350,"height":200,"srcset":"https:\/\/i0.wp.com\/lasprimeras.com.do\/wp-content\/uploads\/2023\/10\/Abel-Martinez.jpeg?resize=350%2C200&ssl=1 1x, https:\/\/i0.wp.com\/lasprimeras.com.do\/wp-content\/uploads\/2023\/10\/Abel-Martinez.jpeg?resize=525%2C300&ssl=1 1.5x, https:\/\/i0.wp.com\/lasprimeras.com.do\/wp-content\/uploads\/2023\/10\/Abel-Martinez.jpeg?resize=700%2C400&ssl=1 2x, https:\/\/i0.wp.com\/lasprimeras.com.do\/wp-content\/uploads\/2023\/10\/Abel-Martinez.jpeg?resize=1050%2C600&ssl=1 3x"},"classes":[]},{"id":50445,"url":"https:\/\/lasprimeras.com.do\/index.php\/2023\/05\/21\/vocera-de-los-derechos-humanos-solicita-a-las-autoridades-ir-en-auxilio-de-sfm\/","url_meta":{"origin":75764,"position":4},"title":"Vocera de los Derechos Humanos solicita a las autoridades ir en auxilio de SFM","author":"prenxa100","date":"21 de mayo de 2023","format":false,"excerpt":"Santo Domingo.-. La vocera Nacional del Comit\u00e9 Dominicano de los Derechos Humanos, Rebeca Henr\u00edquez, solicit\u00f3 la intervenci\u00f3n de las autoridades locales para que salga en auxilio de la sociedad civil afectada los hechos delincuenciales ocurridos en los \u00faltimos d\u00edas en la provincia Duarte\/San Francisco de Macor\u00eds. Henr\u00edquez, record\u00f3 a las\u2026","rel":"","context":"En \u00abNACIONALES\u00bb","block_context":{"text":"NACIONALES","link":"https:\/\/lasprimeras.com.do\/index.php\/category\/nacionales\/"},"img":{"alt_text":"","src":"https:\/\/i0.wp.com\/img.youtube.com\/vi\/HLujrba_Fzw\/0.jpg?resize=350%2C200","width":350,"height":200},"classes":[]},{"id":104644,"url":"https:\/\/lasprimeras.com.do\/index.php\/2025\/07\/25\/abel-martinez-asegura-que-la-mejor-coyuntura-para-el-regreso-del-pld-al-poder-es-ahora\/","url_meta":{"origin":75764,"position":5},"title":"Abel Mart\u00ednez asegura que la mejor coyuntura para el regreso del PLD al poder es ahora","author":"Nelson Feliz","date":"25 de julio de 2025","format":false,"excerpt":"El miembro del Comit\u00e9 Pol\u00edtico del PLD , Abel Mart\u00ednez, considera que, con el reencuentro en 2028 entre el PLD y el pueblo dominicano, se cerrar\u00e1 el paso de las actuales promesas incumplidas, regresando las soluciones reales a los problemas que enfrenta RD.,\u00abLa historia nos da una nueva oportunidad, y\u2026","rel":"","context":"En \u00abPOLITICA\u00bb","block_context":{"text":"POLITICA","link":"https:\/\/lasprimeras.com.do\/index.php\/category\/politica\/"},"img":{"alt_text":"","src":"https:\/\/i0.wp.com\/lasprimeras.com.do\/wp-content\/uploads\/2024\/09\/ABEL-MARTINEZ.jpg?resize=350%2C200&ssl=1","width":350,"height":200,"srcset":"https:\/\/i0.wp.com\/lasprimeras.com.do\/wp-content\/uploads\/2024\/09\/ABEL-MARTINEZ.jpg?resize=350%2C200&ssl=1 1x, https:\/\/i0.wp.com\/lasprimeras.com.do\/wp-content\/uploads\/2024\/09\/ABEL-MARTINEZ.jpg?resize=525%2C300&ssl=1 1.5x, https:\/\/i0.wp.com\/lasprimeras.com.do\/wp-content\/uploads\/2024\/09\/ABEL-MARTINEZ.jpg?resize=700%2C400&ssl=1 2x"},"classes":[]}],"jetpack_sharing_enabled":true,"_links":{"self":[{"href":"https:\/\/lasprimeras.com.do\/index.php\/wp-json\/wp\/v2\/posts\/75764","targetHints":{"allow":["GET"]}}],"collection":[{"href":"https:\/\/lasprimeras.com.do\/index.php\/wp-json\/wp\/v2\/posts"}],"about":[{"href":"https:\/\/lasprimeras.com.do\/index.php\/wp-json\/wp\/v2\/types\/post"}],"author":[{"embeddable":true,"href":"https:\/\/lasprimeras.com.do\/index.php\/wp-json\/wp\/v2\/users\/2"}],"replies":[{"embeddable":true,"href":"https:\/\/lasprimeras.com.do\/index.php\/wp-json\/wp\/v2\/comments?post=75764"}],"version-history":[{"count":1,"href":"https:\/\/lasprimeras.com.do\/index.php\/wp-json\/wp\/v2\/posts\/75764\/revisions"}],"predecessor-version":[{"id":75766,"href":"https:\/\/lasprimeras.com.do\/index.php\/wp-json\/wp\/v2\/posts\/75764\/revisions\/75766"}],"wp:featuredmedia":[{"embeddable":true,"href":"https:\/\/lasprimeras.com.do\/index.php\/wp-json\/wp\/v2\/media\/75765"}],"wp:attachment":[{"href":"https:\/\/lasprimeras.com.do\/index.php\/wp-json\/wp\/v2\/media?parent=75764"}],"wp:term":[{"taxonomy":"category","embeddable":true,"href":"https:\/\/lasprimeras.com.do\/index.php\/wp-json\/wp\/v2\/categories?post=75764"},{"taxonomy":"post_tag","embeddable":true,"href":"https:\/\/lasprimeras.com.do\/index.php\/wp-json\/wp\/v2\/tags?post=75764"}],"curies":[{"name":"wp","href":"https:\/\/api.w.org\/{rel}","templated":true}]}}