{"id":75777,"date":"2024-02-05T07:16:01","date_gmt":"2024-02-05T11:16:01","guid":{"rendered":"https:\/\/lasprimeras.com.do\/?p=75777"},"modified":"2024-02-05T07:16:02","modified_gmt":"2024-02-05T11:16:02","slug":"registro-motoconcho-calificado-un-fracaso","status":"publish","type":"post","link":"https:\/\/lasprimeras.com.do\/index.php\/2024\/02\/05\/registro-motoconcho-calificado-un-fracaso\/","title":{"rendered":"Registro motoconcho, calificado un fracaso"},"content":{"rendered":"\n<p>SANTO DOMINGO.-Como un fracaso fue calificado el plan de regulaci\u00f3n de motoconchistas iniciado por el Instituto Nacional de Tr\u00e1nsito y Transporte Terrestre (INTRANT), en el 2022 en el que apenas 900 de estos lograron regularizar su estatus.<\/p>\n\n\n\n<p>De acuerdo con el presidente de la Federaci\u00f3n Nacional de Motoconchistas (Fenamoto), Oscar Alm\u00e1nzar, quien aglutina en esa organizaci\u00f3n m\u00e1s de 40 mil afiliados en 27 provincias del pa\u00eds y el Gran Santo Domingo unos 10 mil, pese a que los motociclistas dominan con m\u00e1s de 3 millones el parque vehicular del pa\u00eds, ese proceso qued\u00f3 trunco.<\/p>\n\n\n\n<p>\u201cAunque el presidente Luis Abinader ten\u00eda buenas intenciones, eso no funcion\u00f3 porque solo abarcaron novecientas motocicletas a nivel global y el resto de qued\u00f3, eso era para contribuir con la seguridad ciudadana como planteamos, pero aqu\u00ed son muy te\u00f3ricos pagan una millonada y no le dan participaci\u00f3n a los que tienen conocimiento sobre el tema, y los planes se da\u00f1an por el protagonismo\u201d, coment\u00f3 Almanzar.<\/p>\n","protected":false},"excerpt":{"rendered":"<p>SANTO DOMINGO.-Como un fracaso fue calificado el plan de regulaci\u00f3n de motoconchistas iniciado por el Instituto Nacional de Tr\u00e1nsito y Transporte Terrestre (INTRANT), en el 2022 en el que apenas&hellip;<\/p>\n","protected":false},"author":3,"featured_media":75778,"comment_status":"open","ping_status":"open","sticky":false,"template":"","format":"standard","meta":{"content-type":"","jetpack_post_was_ever_published":false,"_jetpack_newsletter_access":"","_jetpack_dont_email_post_to_subs":false,"_jetpack_newsletter_tier_id":0,"_jetpack_memberships_contains_paywalled_content":false,"_jetpack_memberships_contains_paid_content":false,"footnotes":""},"categories":[25],"tags":[],"class_list":["post-75777","post","type-post","status-publish","format-standard","has-post-thumbnail","hentry","category-portada"],"jetpack_featured_media_url":"https:\/\/lasprimeras.com.do\/wp-content\/uploads\/2024\/02\/Conoceran-esta-tarde-solicitud-de-cese-de-medida-de-coercion-a-Jean-Alain-Rodriguez-1.webp","jetpack-related-posts":[{"id":115332,"url":"https:\/\/lasprimeras.com.do\/index.php\/2025\/11\/20\/motoconchistas-apoyan-eliminar-el-medio-casco-pero-piden-buscar-solucion-para-los-pasajeros\/","url_meta":{"origin":75777,"position":0},"title":"Motoconchistas apoyan eliminar el medio casco; pero piden buscar soluci\u00f3n para los pasajeros","author":"Nelson Feliz","date":"20 de noviembre de 2025","format":false,"excerpt":"El presidente de la Federaci\u00f3n Nacional de Motoconchistas (Fenamoto), Oscar Alm\u00e1nzar, afirm\u00f3 que la organizaci\u00f3n apoya la nueva medida que busca sacar del mercado los \"medio casco\" y reemplazarlos por modelos certificados y homologados, al tiempo que analizan c\u00f3mo aplicar de manera efectiva la obligatoriedad del casco para los pasajeros.\u2026","rel":"","context":"En \u00abNACIONALES\u00bb","block_context":{"text":"NACIONALES","link":"https:\/\/lasprimeras.com.do\/index.php\/category\/nacionales\/"},"img":{"alt_text":"","src":"https:\/\/i0.wp.com\/lasprimeras.com.do\/wp-content\/uploads\/2025\/11\/moto.jpg?resize=350%2C200&ssl=1","width":350,"height":200,"srcset":"https:\/\/i0.wp.com\/lasprimeras.com.do\/wp-content\/uploads\/2025\/11\/moto.jpg?resize=350%2C200&ssl=1 1x, https:\/\/i0.wp.com\/lasprimeras.com.do\/wp-content\/uploads\/2025\/11\/moto.jpg?resize=525%2C300&ssl=1 1.5x, https:\/\/i0.wp.com\/lasprimeras.com.do\/wp-content\/uploads\/2025\/11\/moto.jpg?resize=700%2C400&ssl=1 2x"},"classes":[]},{"id":83278,"url":"https:\/\/lasprimeras.com.do\/index.php\/2024\/05\/14\/cientos-de-motoconchistas-sellan-triunfo-en-el-cierre-de-campana-junto-a-luis-abinader\/","url_meta":{"origin":75777,"position":1},"title":"Cientos de motoconchistas sellan triunfo en el cierre de campa\u00f1a junto a Luis Abinader","author":"Nelson Feliz","date":"14 de mayo de 2024","format":false,"excerpt":"El presidente del Partido Uni\u00f3n Dem\u00f3crata Cristiana (UDC), y cientos de motoconchistas sellaron el triunfo en el cierre de campa\u00f1a junto al presidente Luis Abinader, Taveras Guzm\u00e1n y los candidatos a diputados del gran Santo Domingo. En su discurso dijo que la oposici\u00f3n cambi\u00f3 la palabra de \"placa\"\u00a0 por \"plagas\"\u2026","rel":"","context":"En \u00abPORTADA\u00bb","block_context":{"text":"PORTADA","link":"https:\/\/lasprimeras.com.do\/index.php\/category\/portada\/"},"img":{"alt_text":"Luis El Gallo","src":"https:\/\/i0.wp.com\/lasprimeras.com.do\/wp-content\/uploads\/2024\/05\/Luis-El-Gallo.jpg?resize=350%2C200&ssl=1","width":350,"height":200,"srcset":"https:\/\/i0.wp.com\/lasprimeras.com.do\/wp-content\/uploads\/2024\/05\/Luis-El-Gallo.jpg?resize=350%2C200&ssl=1 1x, https:\/\/i0.wp.com\/lasprimeras.com.do\/wp-content\/uploads\/2024\/05\/Luis-El-Gallo.jpg?resize=525%2C300&ssl=1 1.5x, https:\/\/i0.wp.com\/lasprimeras.com.do\/wp-content\/uploads\/2024\/05\/Luis-El-Gallo.jpg?resize=700%2C400&ssl=1 2x"},"classes":[]},{"id":51195,"url":"https:\/\/lasprimeras.com.do\/index.php\/2023\/05\/29\/motoben-mejora-las-condiciones-de-vida-de-casi-40000-motoconchistas\/","url_meta":{"origin":75777,"position":2},"title":"MOTOBEN mejora las condiciones de vida de casi 40,000 motoconchistas","author":"prenxa100","date":"29 de mayo de 2023","format":false,"excerpt":"Santo Domingo.-.La Direcci\u00f3n de la Regi\u00f3n Ozama Metropolitana del Instituto de Transporte (INTRANT) y la Direcci\u00f3n de Motocicletas Nacional (MOTOBEN), Margarita Rodr\u00edguez, ha beneficiado a casi 40,000 motoconchistas desde que inici\u00f3 el gobierno del presidente Luis Abinader. Margarita Rodr\u00edguez, identifica los objetivos del programa: 1. Mejorar las condiciones de vida\u2026","rel":"","context":"En \u00abNACIONALES\u00bb","block_context":{"text":"NACIONALES","link":"https:\/\/lasprimeras.com.do\/index.php\/category\/nacionales\/"},"img":{"alt_text":"","src":"","width":0,"height":0},"classes":[]},{"id":123571,"url":"https:\/\/lasprimeras.com.do\/index.php\/2026\/03\/02\/spm-roce-de-vehiculos-provoca-pelea-entre-motoconchista-y-conductor\/","url_meta":{"origin":75777,"position":3},"title":"SPM: Roce de veh\u00edculos provoca pelea entre motoconchista y conductor","author":"Nelson Feliz","date":"2 de marzo de 2026","format":false,"excerpt":"Un roce de veh\u00edculos ocurrido la ma\u00f1ana de este lunes ocasion\u00f3 una pelea entre un motoconchista y el conductor de un carro en el sector Las 80 en la provincia San Pedro de Macor\u00eds. El hecho ocurri\u00f3 por un presunto roce entre un motorista y un carro marca Hyundai, modelo\u2026","rel":"","context":"En \u00abNACIONALES\u00bb","block_context":{"text":"NACIONALES","link":"https:\/\/lasprimeras.com.do\/index.php\/category\/nacionales\/"},"img":{"alt_text":"","src":"https:\/\/i0.wp.com\/lasprimeras.com.do\/wp-content\/uploads\/2026\/03\/Capture.jpg?resize=350%2C200&ssl=1","width":350,"height":200},"classes":[]},{"id":113152,"url":"https:\/\/lasprimeras.com.do\/index.php\/2025\/10\/30\/avanza-la-digitalizacion-del-trabajo-informal-en-republica-dominicana\/","url_meta":{"origin":75777,"position":4},"title":"Avanza la digitalizaci\u00f3n del trabajo informal en Rep\u00fablica Dominicana","author":"Nelson Feliz","date":"30 de octubre de 2025","format":false,"excerpt":"En alianza con el INTRANT, ENEVIAL y CONACERD, Nippy lidera proyectos de formaci\u00f3n, seguridad vial y educaci\u00f3n financiera para m\u00e1s de 400 mil trabajadores informales del pa\u00eds. Rep\u00fablica Dominicana contin\u00faa dando pasos firmes hacia la formalizaci\u00f3n y digitalizaci\u00f3n de su econom\u00eda informal. De la mano de Nippy, en alianza con\u2026","rel":"","context":"En \u00abNACIONALES\u00bb","block_context":{"text":"NACIONALES","link":"https:\/\/lasprimeras.com.do\/index.php\/category\/nacionales\/"},"img":{"alt_text":"","src":"https:\/\/i0.wp.com\/lasprimeras.com.do\/wp-content\/uploads\/2025\/10\/Diego-Amondaray-CEO-de-Nippy-durante-los-talleres-para-los-motoconchos.jpg?resize=350%2C200&ssl=1","width":350,"height":200,"srcset":"https:\/\/i0.wp.com\/lasprimeras.com.do\/wp-content\/uploads\/2025\/10\/Diego-Amondaray-CEO-de-Nippy-durante-los-talleres-para-los-motoconchos.jpg?resize=350%2C200&ssl=1 1x, https:\/\/i0.wp.com\/lasprimeras.com.do\/wp-content\/uploads\/2025\/10\/Diego-Amondaray-CEO-de-Nippy-durante-los-talleres-para-los-motoconchos.jpg?resize=525%2C300&ssl=1 1.5x, https:\/\/i0.wp.com\/lasprimeras.com.do\/wp-content\/uploads\/2025\/10\/Diego-Amondaray-CEO-de-Nippy-durante-los-talleres-para-los-motoconchos.jpg?resize=700%2C400&ssl=1 2x"},"classes":[]},{"id":71842,"url":"https:\/\/lasprimeras.com.do\/index.php\/2023\/12\/23\/luis-abinader-promete-construir-300-paradas-para-seguridad-de-motoconchos\/","url_meta":{"origin":75777,"position":5},"title":"Luis Abinader promete construir 300 paradas para seguridad de motoconchos","author":"BIMARY DE JES\u00daS Matos","date":"23 de diciembre de 2023","format":false,"excerpt":"Santo Domingo.-El presidente Luis Abinader expres\u00f3 este s\u00e1bado que su gesti\u00f3n tiene previsto la construcci\u00f3n de 300 paradas de motoconchos para la seguridad de los que integran el sector y les garantiz\u00f3 regularlos y favorecerlos. As\u00ed lo dio a conocer durante un almuerzo que encabez\u00f3 en el pabell\u00f3n de voleibol\u2026","rel":"","context":"En \u00abNACIONALES\u00bb","block_context":{"text":"NACIONALES","link":"https:\/\/lasprimeras.com.do\/index.php\/category\/nacionales\/"},"img":{"alt_text":"","src":"https:\/\/i0.wp.com\/lasprimeras.com.do\/wp-content\/uploads\/2023\/12\/Faride-Raful-confirma-no-sera-la-candidata-a-senadora-del-PRM-en-el-Distrito-Nacional-5.jpg?resize=350%2C200&ssl=1","width":350,"height":200,"srcset":"https:\/\/i0.wp.com\/lasprimeras.com.do\/wp-content\/uploads\/2023\/12\/Faride-Raful-confirma-no-sera-la-candidata-a-senadora-del-PRM-en-el-Distrito-Nacional-5.jpg?resize=350%2C200&ssl=1 1x, https:\/\/i0.wp.com\/lasprimeras.com.do\/wp-content\/uploads\/2023\/12\/Faride-Raful-confirma-no-sera-la-candidata-a-senadora-del-PRM-en-el-Distrito-Nacional-5.jpg?resize=525%2C300&ssl=1 1.5x, https:\/\/i0.wp.com\/lasprimeras.com.do\/wp-content\/uploads\/2023\/12\/Faride-Raful-confirma-no-sera-la-candidata-a-senadora-del-PRM-en-el-Distrito-Nacional-5.jpg?resize=700%2C400&ssl=1 2x"},"classes":[]}],"jetpack_sharing_enabled":true,"_links":{"self":[{"href":"https:\/\/lasprimeras.com.do\/index.php\/wp-json\/wp\/v2\/posts\/75777","targetHints":{"allow":["GET"]}}],"collection":[{"href":"https:\/\/lasprimeras.com.do\/index.php\/wp-json\/wp\/v2\/posts"}],"about":[{"href":"https:\/\/lasprimeras.com.do\/index.php\/wp-json\/wp\/v2\/types\/post"}],"author":[{"embeddable":true,"href":"https:\/\/lasprimeras.com.do\/index.php\/wp-json\/wp\/v2\/users\/3"}],"replies":[{"embeddable":true,"href":"https:\/\/lasprimeras.com.do\/index.php\/wp-json\/wp\/v2\/comments?post=75777"}],"version-history":[{"count":1,"href":"https:\/\/lasprimeras.com.do\/index.php\/wp-json\/wp\/v2\/posts\/75777\/revisions"}],"predecessor-version":[{"id":75779,"href":"https:\/\/lasprimeras.com.do\/index.php\/wp-json\/wp\/v2\/posts\/75777\/revisions\/75779"}],"wp:featuredmedia":[{"embeddable":true,"href":"https:\/\/lasprimeras.com.do\/index.php\/wp-json\/wp\/v2\/media\/75778"}],"wp:attachment":[{"href":"https:\/\/lasprimeras.com.do\/index.php\/wp-json\/wp\/v2\/media?parent=75777"}],"wp:term":[{"taxonomy":"category","embeddable":true,"href":"https:\/\/lasprimeras.com.do\/index.php\/wp-json\/wp\/v2\/categories?post=75777"},{"taxonomy":"post_tag","embeddable":true,"href":"https:\/\/lasprimeras.com.do\/index.php\/wp-json\/wp\/v2\/tags?post=75777"}],"curies":[{"name":"wp","href":"https:\/\/api.w.org\/{rel}","templated":true}]}}