{"id":76158,"date":"2024-02-07T21:54:08","date_gmt":"2024-02-08T01:54:08","guid":{"rendered":"https:\/\/lasprimeras.com.do\/?p=76158"},"modified":"2024-02-07T21:54:09","modified_gmt":"2024-02-08T01:54:09","slug":"presidente-de-acis-pide-mesa-de-dialogo-para-tratar-crisis-haiti","status":"publish","type":"post","link":"https:\/\/lasprimeras.com.do\/index.php\/2024\/02\/07\/presidente-de-acis-pide-mesa-de-dialogo-para-tratar-crisis-haiti\/","title":{"rendered":"Presidente de ACIS pide mesa de di\u00e1logo para tratar crisis Hait\u00ed"},"content":{"rendered":"\n<p>La Asociaci\u00f3n de Comerciantes e Industriales de Santiago (ACIS) declar\u00f3 que es urgente establecer una mesa de di\u00e1logo entre los comerciantes y empresarios que participan en los intercambios por los puntos fronterizos y que \u00faltimamente se han visto seriamente afectados por la crisis pol\u00edtica que vive Hait\u00ed.<\/p>\n\n\n\n<p>El presidente de la ACIS, Sandy Filpo, inform\u00f3 que la semana pasada una comisi\u00f3n de la entidad recibi\u00f3 al embajador haitiano en el pa\u00eds, Luc Garvey Jean Pierre, acompa\u00f1ado de funcionarios de la legaci\u00f3n para tratar el tema.<\/p>\n\n\n\n<p>\u201cLa ACIS hace un llamado activo a los sectores empresariales de ambas naciones para que nos unamos en la propuesta de establecer la mesa del di\u00e1logo comercial y empresarial\u201d, dijo.<\/p>\n\n\n\n<p>Precis\u00f3 que con la creaci\u00f3n de ese espacio, se podr\u00edan abordar de manera conjunta y constructiva, los desaf\u00edos comunes, promover la colaboraci\u00f3n comercial e identificar oportunidades de crecimiento y fortalecer las relaciones bilaterales.<\/p>\n\n\n\n<p>Entiende la ACIS, que con un \u00e1nimo de colaboraci\u00f3n de los empresarios de los dos pa\u00edses, saldr\u00edan beneficiados todos, incluso la misma naci\u00f3n vecina que busca su estabilidad democr\u00e1tica.<\/p>\n","protected":false},"excerpt":{"rendered":"<p>La Asociaci\u00f3n de Comerciantes e Industriales de Santiago (ACIS) declar\u00f3 que es urgente establecer una mesa de di\u00e1logo entre los comerciantes y empresarios que participan en los intercambios por los&hellip;<\/p>\n","protected":false},"author":2,"featured_media":76123,"comment_status":"open","ping_status":"open","sticky":false,"template":"","format":"standard","meta":{"content-type":"","jetpack_post_was_ever_published":false,"_jetpack_newsletter_access":"","_jetpack_dont_email_post_to_subs":false,"_jetpack_newsletter_tier_id":0,"_jetpack_memberships_contains_paywalled_content":false,"_jetpack_memberships_contains_paid_content":false,"footnotes":""},"categories":[39],"tags":[3508,216,217,11633],"class_list":["post-76158","post","type-post","status-publish","format-standard","has-post-thumbnail","hentry","category-economia","tag-acis","tag-crisis","tag-haiti","tag-mesa-de-dialogo"],"jetpack_featured_media_url":"https:\/\/lasprimeras.com.do\/wp-content\/uploads\/2024\/02\/Las-protestas-en-Haiti.jpg","jetpack-related-posts":[{"id":123063,"url":"https:\/\/lasprimeras.com.do\/index.php\/2026\/02\/25\/idoppril-y-acis-fortalecen-cooperacion-para-promover-seguridad-y-bienestar-laboral\/","url_meta":{"origin":76158,"position":0},"title":"IDOPPRIL y ACIS fortalecen cooperaci\u00f3n para promover seguridad y bienestar laboral","author":"Nelson Feliz","date":"25 de febrero de 2026","format":false,"excerpt":"El Instituto Dominicano de Prevenci\u00f3n y Protecci\u00f3n de Riesgos Laborales (IDOPPRIL) y la Asociaci\u00f3n de Comerciantes e Industriales de Santiago (ACIS) reafirmaron su compromiso de colaboraci\u00f3n interinstitucional para promover entornos de trabajo m\u00e1s seguros en el pa\u00eds. Durante un encuentro, ambas entidades destacaron la importancia de las acciones articuladas para\u2026","rel":"","context":"En \u00abECONOM\u00cdA\u00bb","block_context":{"text":"ECONOM\u00cdA","link":"https:\/\/lasprimeras.com.do\/index.php\/category\/economia\/"},"img":{"alt_text":"","src":"https:\/\/i0.wp.com\/lasprimeras.com.do\/wp-content\/uploads\/2026\/02\/IMG-20260225-WA0349.jpg?resize=350%2C200&ssl=1","width":350,"height":200,"srcset":"https:\/\/i0.wp.com\/lasprimeras.com.do\/wp-content\/uploads\/2026\/02\/IMG-20260225-WA0349.jpg?resize=350%2C200&ssl=1 1x, https:\/\/i0.wp.com\/lasprimeras.com.do\/wp-content\/uploads\/2026\/02\/IMG-20260225-WA0349.jpg?resize=525%2C300&ssl=1 1.5x, https:\/\/i0.wp.com\/lasprimeras.com.do\/wp-content\/uploads\/2026\/02\/IMG-20260225-WA0349.jpg?resize=700%2C400&ssl=1 2x, https:\/\/i0.wp.com\/lasprimeras.com.do\/wp-content\/uploads\/2026\/02\/IMG-20260225-WA0349.jpg?resize=1050%2C600&ssl=1 3x"},"classes":[]},{"id":66982,"url":"https:\/\/lasprimeras.com.do\/index.php\/2023\/11\/11\/acis-rechaza-llamado-a-huelga-para-el-lunes-13\/","url_meta":{"origin":76158,"position":1},"title":"ACIS rechaza llamado a huelga para el lunes 13","author":"Nelson Feliz","date":"11 de noviembre de 2023","format":false,"excerpt":"Sandy Filpo llama a socios abrir sus negocios e industrias. La Asociaci\u00f3n de Comerciantes e Industriales de Santiago (ACIS), hizo un llamado a sus socios a trav\u00e9s de un comunicado a continuar con las labores de sus empresas el pr\u00f3ximo lunes 13 de noviembre. Este comunicado lo comparten, en respuesta\u2026","rel":"","context":"En \u00abECONOM\u00cdA\u00bb","block_context":{"text":"ECONOM\u00cdA","link":"https:\/\/lasprimeras.com.do\/index.php\/category\/economia\/"},"img":{"alt_text":"ACIS","src":"https:\/\/i0.wp.com\/lasprimeras.com.do\/wp-content\/uploads\/2023\/11\/ACIS.jpg?resize=350%2C200&ssl=1","width":350,"height":200,"srcset":"https:\/\/i0.wp.com\/lasprimeras.com.do\/wp-content\/uploads\/2023\/11\/ACIS.jpg?resize=350%2C200&ssl=1 1x, https:\/\/i0.wp.com\/lasprimeras.com.do\/wp-content\/uploads\/2023\/11\/ACIS.jpg?resize=525%2C300&ssl=1 1.5x, https:\/\/i0.wp.com\/lasprimeras.com.do\/wp-content\/uploads\/2023\/11\/ACIS.jpg?resize=700%2C400&ssl=1 2x"},"classes":[]},{"id":52593,"url":"https:\/\/lasprimeras.com.do\/index.php\/2023\/06\/12\/acis-defiende-cumplimientos-requisitos-legales-y-estudios-impacto-ambiental-para-autopista-del-ambar\/","url_meta":{"origin":76158,"position":2},"title":"ACIS defiende cumplimientos requisitos legales y estudios impacto ambiental para Autopista del \u00c1mbar","author":"prenxa100","date":"12 de junio de 2023","format":false,"excerpt":"El presidente de la Asociaci\u00f3n de Comerciantes e Industriales de esta ciudad (ACIS), Sandy Filpo reiter\u00f3 su pleno respaldo a la construcci\u00f3n de la autopista del Ambar, que enlazar\u00e1 las provincias de Puerto Plata y Santiago, y dijo que se cumplieron todos los requisitos legales e incluso la realizaci\u00f3n de\u2026","rel":"","context":"En \u00abECONOM\u00cdA\u00bb","block_context":{"text":"ECONOM\u00cdA","link":"https:\/\/lasprimeras.com.do\/index.php\/category\/economia\/"},"img":{"alt_text":"","src":"https:\/\/i0.wp.com\/lasprimeras.com.do\/wp-content\/uploads\/2023\/06\/acis-defiende-cumplimientos-requisitos-legales-y-estudios-impacto-ambiental-para-autopista-del-ambar.jpg?resize=350%2C200&ssl=1","width":350,"height":200,"srcset":"https:\/\/i0.wp.com\/lasprimeras.com.do\/wp-content\/uploads\/2023\/06\/acis-defiende-cumplimientos-requisitos-legales-y-estudios-impacto-ambiental-para-autopista-del-ambar.jpg?resize=350%2C200&ssl=1 1x, https:\/\/i0.wp.com\/lasprimeras.com.do\/wp-content\/uploads\/2023\/06\/acis-defiende-cumplimientos-requisitos-legales-y-estudios-impacto-ambiental-para-autopista-del-ambar.jpg?resize=525%2C300&ssl=1 1.5x"},"classes":[]},{"id":89139,"url":"https:\/\/lasprimeras.com.do\/index.php\/2024\/09\/18\/infotep-fortalece-relaciones-con-el-sector-industrial-de-la-region-norte-del-pais\/","url_meta":{"origin":76158,"position":3},"title":"INFOTEP fortalece relaciones con el sector industrial de la Regi\u00f3n Norte del pa\u00eds","author":"Nelson Feliz","date":"18 de septiembre de 2024","format":false,"excerpt":"\u00b7 Junto a ACIS acuerdan capacitar auditores para declaraciones juradas. El Instituto Nacional de Formaci\u00f3n T\u00e9cnico Profesional (INFOTEP) y la Asociaci\u00f3n de Comerciantes e Industriales (ACIS) necesidades de formaci\u00f3n de la Regi\u00f3n Norte del pa\u00eds. Con esta iniciativa, ambas instituciones se proponen mejorar las habilidades de liderazgo y toma de\u2026","rel":"","context":"En \u00abNACIONALES\u00bb","block_context":{"text":"NACIONALES","link":"https:\/\/lasprimeras.com.do\/index.php\/category\/nacionales\/"},"img":{"alt_text":"","src":"https:\/\/i0.wp.com\/lasprimeras.com.do\/wp-content\/uploads\/2024\/09\/Rafael-Santos-Badia-y-Sandy-Abel-Filpo-1.jpg?resize=350%2C200&ssl=1","width":350,"height":200,"srcset":"https:\/\/i0.wp.com\/lasprimeras.com.do\/wp-content\/uploads\/2024\/09\/Rafael-Santos-Badia-y-Sandy-Abel-Filpo-1.jpg?resize=350%2C200&ssl=1 1x, https:\/\/i0.wp.com\/lasprimeras.com.do\/wp-content\/uploads\/2024\/09\/Rafael-Santos-Badia-y-Sandy-Abel-Filpo-1.jpg?resize=525%2C300&ssl=1 1.5x"},"classes":[]},{"id":95822,"url":"https:\/\/lasprimeras.com.do\/index.php\/2025\/03\/19\/modesto-guzman-se-reune-con-comerciantes-e-industriales-de-santiago\/","url_meta":{"origin":76158,"position":4},"title":"Modesto Guzm\u00e1n se re\u00fane con comerciantes e industriales de Santiago","author":"Nelson Feliz","date":"19 de marzo de 2025","format":false,"excerpt":"La DGDC impulsar\u00e1 planes estrat\u00e9gicos de desarrollo comunitario. El titular de la Direcci\u00f3n General de Desarrollo de la Comunidad, Modesto Guzm\u00e1n, sostuvo una reuni\u00f3n con los directivos de la Asociaci\u00f3n de Comerciantes e Industriales de Santiago (ACIS), con quienes socializ\u00f3 sobre las consultas que est\u00e1 desarrollando con el inter\u00e9s de\u2026","rel":"","context":"En \u00abECONOM\u00cdA\u00bb","block_context":{"text":"ECONOM\u00cdA","link":"https:\/\/lasprimeras.com.do\/index.php\/category\/economia\/"},"img":{"alt_text":"Modesto Guzm\u00e1n","src":"https:\/\/i0.wp.com\/lasprimeras.com.do\/wp-content\/uploads\/2025\/03\/Modesto-Guzman-1.jpg?resize=350%2C200&ssl=1","width":350,"height":200,"srcset":"https:\/\/i0.wp.com\/lasprimeras.com.do\/wp-content\/uploads\/2025\/03\/Modesto-Guzman-1.jpg?resize=350%2C200&ssl=1 1x, https:\/\/i0.wp.com\/lasprimeras.com.do\/wp-content\/uploads\/2025\/03\/Modesto-Guzman-1.jpg?resize=525%2C300&ssl=1 1.5x, https:\/\/i0.wp.com\/lasprimeras.com.do\/wp-content\/uploads\/2025\/03\/Modesto-Guzman-1.jpg?resize=700%2C400&ssl=1 2x"},"classes":[]},{"id":116495,"url":"https:\/\/lasprimeras.com.do\/index.php\/2025\/12\/01\/abinader-dice-que-no-existe-un-plan-para-someter-una-reforma-fiscal-en-enero-de-2026\/","url_meta":{"origin":76158,"position":5},"title":"Abinader dice que no existe un plan para someter una reforma fiscal en enero de 2026","author":"Nelson Feliz","date":"1 de diciembre de 2025","format":false,"excerpt":"El presidente de la Rep\u00fablica dijo que sobre el tema ya se ha pronunciado en varias ocasiones el ministro de Hacienda, Mag\u00edn D\u00edaz. El presidente de la Rep\u00fablica, Luis Abinader, neg\u00f3 que su gobierno tenga previsto someter una reforma fiscal en enero de 2026, luego de que surgieran rumores p\u00fablicos\u2026","rel":"","context":"En \u00abECONOM\u00cdA\u00bb","block_context":{"text":"ECONOM\u00cdA","link":"https:\/\/lasprimeras.com.do\/index.php\/category\/economia\/"},"img":{"alt_text":"","src":"https:\/\/i0.wp.com\/lasprimeras.com.do\/wp-content\/uploads\/2025\/11\/Luis-Abinader-4-2.jpg?resize=350%2C200&ssl=1","width":350,"height":200,"srcset":"https:\/\/i0.wp.com\/lasprimeras.com.do\/wp-content\/uploads\/2025\/11\/Luis-Abinader-4-2.jpg?resize=350%2C200&ssl=1 1x, https:\/\/i0.wp.com\/lasprimeras.com.do\/wp-content\/uploads\/2025\/11\/Luis-Abinader-4-2.jpg?resize=525%2C300&ssl=1 1.5x, https:\/\/i0.wp.com\/lasprimeras.com.do\/wp-content\/uploads\/2025\/11\/Luis-Abinader-4-2.jpg?resize=700%2C400&ssl=1 2x"},"classes":[]}],"jetpack_sharing_enabled":true,"_links":{"self":[{"href":"https:\/\/lasprimeras.com.do\/index.php\/wp-json\/wp\/v2\/posts\/76158","targetHints":{"allow":["GET"]}}],"collection":[{"href":"https:\/\/lasprimeras.com.do\/index.php\/wp-json\/wp\/v2\/posts"}],"about":[{"href":"https:\/\/lasprimeras.com.do\/index.php\/wp-json\/wp\/v2\/types\/post"}],"author":[{"embeddable":true,"href":"https:\/\/lasprimeras.com.do\/index.php\/wp-json\/wp\/v2\/users\/2"}],"replies":[{"embeddable":true,"href":"https:\/\/lasprimeras.com.do\/index.php\/wp-json\/wp\/v2\/comments?post=76158"}],"version-history":[{"count":1,"href":"https:\/\/lasprimeras.com.do\/index.php\/wp-json\/wp\/v2\/posts\/76158\/revisions"}],"predecessor-version":[{"id":76159,"href":"https:\/\/lasprimeras.com.do\/index.php\/wp-json\/wp\/v2\/posts\/76158\/revisions\/76159"}],"wp:featuredmedia":[{"embeddable":true,"href":"https:\/\/lasprimeras.com.do\/index.php\/wp-json\/wp\/v2\/media\/76123"}],"wp:attachment":[{"href":"https:\/\/lasprimeras.com.do\/index.php\/wp-json\/wp\/v2\/media?parent=76158"}],"wp:term":[{"taxonomy":"category","embeddable":true,"href":"https:\/\/lasprimeras.com.do\/index.php\/wp-json\/wp\/v2\/categories?post=76158"},{"taxonomy":"post_tag","embeddable":true,"href":"https:\/\/lasprimeras.com.do\/index.php\/wp-json\/wp\/v2\/tags?post=76158"}],"curies":[{"name":"wp","href":"https:\/\/api.w.org\/{rel}","templated":true}]}}