{"id":76160,"date":"2024-02-07T22:01:13","date_gmt":"2024-02-08T02:01:13","guid":{"rendered":"https:\/\/lasprimeras.com.do\/?p=76160"},"modified":"2024-02-07T22:01:14","modified_gmt":"2024-02-08T02:01:14","slug":"tc-ordena-a-la-jce-reconocer-a-camino-nuevo-como-partido-politico","status":"publish","type":"post","link":"https:\/\/lasprimeras.com.do\/index.php\/2024\/02\/07\/tc-ordena-a-la-jce-reconocer-a-camino-nuevo-como-partido-politico\/","title":{"rendered":"TC ordena a la JCE reconocer a \u201cCamino Nuevo\u201d como partido pol\u00edtico"},"content":{"rendered":"\n<p>El nuevo Tribunal Constitucional en su primera audiencia aprob\u00f3 que la organizaci\u00f3n \u201cCamino Nuevo\u201d que lidera Eglenin Morrison sea reconocida por la Junta Central Electoral como entidad pol\u00edtica, y que de esa forma pueda participar en los comicios presidenciales del pr\u00f3ximo mes de mayo.<\/p>\n\n\n\n<p>El organismo que preside el magistrado, Napole\u00f3n Est\u00e9vez, de manera un\u00e1nime tom\u00f3 la decisi\u00f3n y declar\u00f3 de urgencia su conocimiento por considerar que esta organizaci\u00f3n pol\u00edtica de reciente formaci\u00f3n fue objeto de violaciones graves en cuanto a derechos constitucionales tanto por la Junta Central Electoral, como por el Tribunal Superior Electoral.<\/p>\n\n\n\n<p>Seg\u00fan la entidad pol\u00edtica la declaratoria de urgencia para su conocimiento por parte del TC procura con esto que no le sean cercenado m\u00e1s derechos constitucionales, y resguardar el derecho de participar en las elecciones presidenciales del pr\u00f3ximo mes de mayo.<\/p>\n\n\n\n<p>Indica que no fue as\u00ed para los comicios del 18 de este mes de febrero para los cuales se\u00f1ala fueron afectados los derechos de participaci\u00f3n de m\u00e1s de 5 mil ciudadanos que ese partido ten\u00eda inscrito en su plataforma, que deseaban ser elegidos como alcaldes, regidores, directores y suplentes.<\/p>\n\n\n\n<p>Agrega que \u201cCamino Nuevo\u201d, es un partido compuesto por m\u00e1s de 10 mil miembros de los cuales el 80% son j\u00f3venes que se desempe\u00f1an como l\u00edderes comunitarios de los 158 municipios de la Rep\u00fablica Dominicana.<\/p>\n\n\n\n<p>A\u00f1ade que toca al Tribunal Superior Electoral, (TSE) como a los magistrados de la Junta Central Electoral (JCE) acatar a tiempo est\u00e1 sentencia<\/p>\n\n\n\n<p>Dice que seg\u00fan la Resoluci\u00f3n 34-2023 del 28 de julio del 2023 en que la JCE dict\u00f3 el rechazo de aprobaci\u00f3n de ese partido, y en la evaluaci\u00f3n realizada por los inspectores de la Junta Central Electoral (JCE), \u201cCamino Nuevo\u201d alcanz\u00f3 una puntuaci\u00f3n de un 98% de 100 en cuanto a la firma de sus dirigentes en 80 municipios evaluados por los inspectores de la Junta Central Electoral (JCE); inclusive, con una cantidad de 829 dirigentes miembros del comit\u00e9 central que present\u00f3 ese partido y m\u00e1s de 100 mil firmas de ciudadanos que apoyan su reconocimiento.<\/p>\n","protected":false},"excerpt":{"rendered":"<p>El nuevo Tribunal Constitucional en su primera audiencia aprob\u00f3 que la organizaci\u00f3n \u201cCamino Nuevo\u201d que lidera Eglenin Morrison sea reconocida por la Junta Central Electoral como entidad pol\u00edtica, y que&hellip;<\/p>\n","protected":false},"author":2,"featured_media":76161,"comment_status":"open","ping_status":"open","sticky":false,"template":"","format":"standard","meta":{"content-type":"","jetpack_post_was_ever_published":false,"_jetpack_newsletter_access":"","_jetpack_dont_email_post_to_subs":false,"_jetpack_newsletter_tier_id":0,"_jetpack_memberships_contains_paywalled_content":false,"_jetpack_memberships_contains_paid_content":false,"footnotes":""},"categories":[35],"tags":[11634,183,11635,2523],"class_list":["post-76160","post","type-post","status-publish","format-standard","has-post-thumbnail","hentry","category-nacionales","tag-camino-nuevo","tag-jce","tag-partido-politico","tag-tribunal-constitucional"],"jetpack_featured_media_url":"https:\/\/lasprimeras.com.do\/wp-content\/uploads\/2024\/02\/Eglenin-Morrison.jpg","jetpack-related-posts":[{"id":59050,"url":"https:\/\/lasprimeras.com.do\/index.php\/2023\/08\/30\/fp-nueva-resolucion-jce-traza-camino-peligroso-para-elecciones-2024\/","url_meta":{"origin":76160,"position":0},"title":"FP: Nueva resoluci\u00f3n JCE traza camino peligroso para elecciones 2024","author":"Nelson Feliz","date":"30 de agosto de 2023","format":false,"excerpt":"El\u00a0\u00a0delegado Pol\u00edtico del Partido Fuerza del Pueblo (FP) ante la Junta Central Electoral (JCE) asegur\u00f3 que con la resoluci\u00f3n 53-2023, el organismo comicial transita un camino peligroso y f\u00fanebre que coloca en alto riesgo el montaje de las elecciones municipales, congresuales y presidenciales del a\u00f1o 2024. \u201cCon su postura, dejando\u2026","rel":"","context":"En \u00abPORTADA\u00bb","block_context":{"text":"PORTADA","link":"https:\/\/lasprimeras.com.do\/index.php\/category\/portada\/"},"img":{"alt_text":"Manuel Crespo","src":"https:\/\/i0.wp.com\/lasprimeras.com.do\/wp-content\/uploads\/2023\/08\/Manuel-Crespo-1.jpg?resize=350%2C200&ssl=1","width":350,"height":200,"srcset":"https:\/\/i0.wp.com\/lasprimeras.com.do\/wp-content\/uploads\/2023\/08\/Manuel-Crespo-1.jpg?resize=350%2C200&ssl=1 1x, https:\/\/i0.wp.com\/lasprimeras.com.do\/wp-content\/uploads\/2023\/08\/Manuel-Crespo-1.jpg?resize=525%2C300&ssl=1 1.5x, https:\/\/i0.wp.com\/lasprimeras.com.do\/wp-content\/uploads\/2023\/08\/Manuel-Crespo-1.jpg?resize=700%2C400&ssl=1 2x"},"classes":[]},{"id":120327,"url":"https:\/\/lasprimeras.com.do\/index.php\/2026\/01\/22\/tc-admite-recurso-de-la-jce-y-deja-sin-efecto-registro-de-cuatro-menores-haitianos\/","url_meta":{"origin":76160,"position":1},"title":"TC admite recurso de la JCE y deja sin efecto registro de cuatro menores haitianos","author":"Nelson Feliz","date":"22 de enero de 2026","format":false,"excerpt":"La sentencia fue aprobada por la mayor\u00eda requerida de los jueces que integran el Tribunal Constitucional. El Tribunal Constitucional (TC) declar\u00f3 inadmisible la acci\u00f3n de amparo interpuesta contra la Junta Central Electoral (JCE) que buscaba ordenar el registro de nacimiento de cuatro menores de edad, tras acoger parcialmente un recurso\u2026","rel":"","context":"En \u00abNACIONALES\u00bb","block_context":{"text":"NACIONALES","link":"https:\/\/lasprimeras.com.do\/index.php\/category\/nacionales\/"},"img":{"alt_text":"Tribunal Constitucional","src":"https:\/\/i0.wp.com\/lasprimeras.com.do\/wp-content\/uploads\/2026\/01\/Tribunal-Constitucional.jpg?resize=350%2C200&ssl=1","width":350,"height":200,"srcset":"https:\/\/i0.wp.com\/lasprimeras.com.do\/wp-content\/uploads\/2026\/01\/Tribunal-Constitucional.jpg?resize=350%2C200&ssl=1 1x, https:\/\/i0.wp.com\/lasprimeras.com.do\/wp-content\/uploads\/2026\/01\/Tribunal-Constitucional.jpg?resize=525%2C300&ssl=1 1.5x, https:\/\/i0.wp.com\/lasprimeras.com.do\/wp-content\/uploads\/2026\/01\/Tribunal-Constitucional.jpg?resize=700%2C400&ssl=1 2x"},"classes":[]},{"id":105212,"url":"https:\/\/lasprimeras.com.do\/index.php\/2025\/07\/31\/isaias-ramos-critica-silencio-de-cupulas-religiosas\/","url_meta":{"origin":76160,"position":2},"title":"Isa\u00edas Ramos critica silencio de c\u00fapulas religiosas","author":"Nelson Feliz","date":"31 de julio de 2025","format":false,"excerpt":"Emplaza a la JCE a reglamentar participaci\u00f3n de candidatos independientes en 2028 El m\u00e9dico y dirigente del Frente C\u00edvico y Social, Dr. Isa\u00edas Ramos, arremeti\u00f3 contra las c\u00fapulas religiosas del pa\u00eds por su silencio ante lo que defini\u00f3 como una \u201cflagrante violaci\u00f3n a la Constituci\u00f3n\u201d, al tiempo que emplaz\u00f3 a\u2026","rel":"","context":"En \u00abPOLITICA\u00bb","block_context":{"text":"POLITICA","link":"https:\/\/lasprimeras.com.do\/index.php\/category\/politica\/"},"img":{"alt_text":"Isa\u00edas Ramos","src":"https:\/\/i0.wp.com\/lasprimeras.com.do\/wp-content\/uploads\/2025\/03\/Isaias-Ramos.jpg?resize=350%2C200&ssl=1","width":350,"height":200,"srcset":"https:\/\/i0.wp.com\/lasprimeras.com.do\/wp-content\/uploads\/2025\/03\/Isaias-Ramos.jpg?resize=350%2C200&ssl=1 1x, https:\/\/i0.wp.com\/lasprimeras.com.do\/wp-content\/uploads\/2025\/03\/Isaias-Ramos.jpg?resize=525%2C300&ssl=1 1.5x, https:\/\/i0.wp.com\/lasprimeras.com.do\/wp-content\/uploads\/2025\/03\/Isaias-Ramos.jpg?resize=700%2C400&ssl=1 2x"},"classes":[]},{"id":59187,"url":"https:\/\/lasprimeras.com.do\/index.php\/2023\/08\/31\/fp-designa-comision-que-asistira-a-cumbre-convocada-por-jce\/","url_meta":{"origin":76160,"position":3},"title":"FP designa comisi\u00f3n que asistir\u00e1 a cumbre convocada por JCE","author":"Nelson Feliz","date":"31 de agosto de 2023","format":false,"excerpt":"El partido Fuerza del Pueblo (FP) inform\u00f3 que asistir\u00e1 a la \u201cCumbre sobre el marco regulatorio de la precampa\u00f1a y campa\u00f1a electoral\u201d, convocada por la Junta Central Electoral para el martes 5 de septiembre. La Fuerza del Pueblo se har\u00e1 representar en la Cumbre, por una comisi\u00f3n encabezada por el\u2026","rel":"","context":"En \u00abPORTADA\u00bb","block_context":{"text":"PORTADA","link":"https:\/\/lasprimeras.com.do\/index.php\/category\/portada\/"},"img":{"alt_text":"","src":"https:\/\/i0.wp.com\/lasprimeras.com.do\/wp-content\/uploads\/2023\/06\/fp-elegira-candidatos-por-encuestas-y-asamblea-de-dirigentes.jpg?resize=350%2C200&ssl=1","width":350,"height":200,"srcset":"https:\/\/i0.wp.com\/lasprimeras.com.do\/wp-content\/uploads\/2023\/06\/fp-elegira-candidatos-por-encuestas-y-asamblea-de-dirigentes.jpg?resize=350%2C200&ssl=1 1x, https:\/\/i0.wp.com\/lasprimeras.com.do\/wp-content\/uploads\/2023\/06\/fp-elegira-candidatos-por-encuestas-y-asamblea-de-dirigentes.jpg?resize=525%2C300&ssl=1 1.5x, https:\/\/i0.wp.com\/lasprimeras.com.do\/wp-content\/uploads\/2023\/06\/fp-elegira-candidatos-por-encuestas-y-asamblea-de-dirigentes.jpg?resize=700%2C400&ssl=1 2x"},"classes":[]},{"id":98196,"url":"https:\/\/lasprimeras.com.do\/index.php\/2025\/05\/03\/peledeistas-analizan-en-diplomado-con-la-jce-el-sistema-electoral\/","url_meta":{"origin":76160,"position":4},"title":"Pelede\u00edstas analizan en diplomado con la JCE el sistema electoral","author":"Nelson Feliz","date":"3 de mayo de 2025","format":false,"excerpt":"Segunda jornada del Diplomado Especializado en Administraci\u00f3n Electoral de la JCE en el Partido de la Liberaci\u00f3n Dominicana (PLD). Delegados pol\u00edticos del Partido de la Liberaci\u00f3n Dominicana ante las Juntas Municipales Electorales, subsecretarios de Asuntos Electorales, encargados electorales en las direcciones provinciales, entre otros dirigentes nacionales del PLD, se manifestaron\u2026","rel":"","context":"En \u00abPOLITICA\u00bb","block_context":{"text":"POLITICA","link":"https:\/\/lasprimeras.com.do\/index.php\/category\/politica\/"},"img":{"alt_text":"","src":"https:\/\/i0.wp.com\/lasprimeras.com.do\/wp-content\/uploads\/2025\/05\/actividad-formativa-4.jpg?resize=350%2C200&ssl=1","width":350,"height":200,"srcset":"https:\/\/i0.wp.com\/lasprimeras.com.do\/wp-content\/uploads\/2025\/05\/actividad-formativa-4.jpg?resize=350%2C200&ssl=1 1x, https:\/\/i0.wp.com\/lasprimeras.com.do\/wp-content\/uploads\/2025\/05\/actividad-formativa-4.jpg?resize=525%2C300&ssl=1 1.5x, https:\/\/i0.wp.com\/lasprimeras.com.do\/wp-content\/uploads\/2025\/05\/actividad-formativa-4.jpg?resize=700%2C400&ssl=1 2x"},"classes":[]},{"id":57752,"url":"https:\/\/lasprimeras.com.do\/index.php\/2023\/08\/15\/partidos-de-oposicion-se-pronuncian-contra-prohibicion-jce-sobre-eventos-y-propaganda-en-precampana\/","url_meta":{"origin":76160,"position":5},"title":"Partidos de oposici\u00f3n se pronuncian contra prohibici\u00f3n JCE sobre eventos y propaganda en precampa\u00f1a","author":"Nelson Feliz","date":"15 de agosto de 2023","format":false,"excerpt":"El Partido Revolucionario Dominicano (PRD), junto a la Fuerza del Pueblo (FP) y el Partido de la Liberaci\u00f3n Dominicana (PLD), deposit\u00f3 este lunes un documento ante la Junta Central Electoral (JCE) donde estas tres organizaciones opositoras manifiestan su rechazo al comunicado en el que \u00f3rgano de comicios advirti\u00f3 sobre la\u2026","rel":"","context":"En \u00abPORTADA\u00bb","block_context":{"text":"PORTADA","link":"https:\/\/lasprimeras.com.do\/index.php\/category\/portada\/"},"img":{"alt_text":"JCE","src":"https:\/\/i0.wp.com\/lasprimeras.com.do\/wp-content\/uploads\/2023\/07\/JCE.jpg?resize=350%2C200&ssl=1","width":350,"height":200,"srcset":"https:\/\/i0.wp.com\/lasprimeras.com.do\/wp-content\/uploads\/2023\/07\/JCE.jpg?resize=350%2C200&ssl=1 1x, https:\/\/i0.wp.com\/lasprimeras.com.do\/wp-content\/uploads\/2023\/07\/JCE.jpg?resize=525%2C300&ssl=1 1.5x, https:\/\/i0.wp.com\/lasprimeras.com.do\/wp-content\/uploads\/2023\/07\/JCE.jpg?resize=700%2C400&ssl=1 2x"},"classes":[]}],"jetpack_sharing_enabled":true,"_links":{"self":[{"href":"https:\/\/lasprimeras.com.do\/index.php\/wp-json\/wp\/v2\/posts\/76160","targetHints":{"allow":["GET"]}}],"collection":[{"href":"https:\/\/lasprimeras.com.do\/index.php\/wp-json\/wp\/v2\/posts"}],"about":[{"href":"https:\/\/lasprimeras.com.do\/index.php\/wp-json\/wp\/v2\/types\/post"}],"author":[{"embeddable":true,"href":"https:\/\/lasprimeras.com.do\/index.php\/wp-json\/wp\/v2\/users\/2"}],"replies":[{"embeddable":true,"href":"https:\/\/lasprimeras.com.do\/index.php\/wp-json\/wp\/v2\/comments?post=76160"}],"version-history":[{"count":1,"href":"https:\/\/lasprimeras.com.do\/index.php\/wp-json\/wp\/v2\/posts\/76160\/revisions"}],"predecessor-version":[{"id":76162,"href":"https:\/\/lasprimeras.com.do\/index.php\/wp-json\/wp\/v2\/posts\/76160\/revisions\/76162"}],"wp:featuredmedia":[{"embeddable":true,"href":"https:\/\/lasprimeras.com.do\/index.php\/wp-json\/wp\/v2\/media\/76161"}],"wp:attachment":[{"href":"https:\/\/lasprimeras.com.do\/index.php\/wp-json\/wp\/v2\/media?parent=76160"}],"wp:term":[{"taxonomy":"category","embeddable":true,"href":"https:\/\/lasprimeras.com.do\/index.php\/wp-json\/wp\/v2\/categories?post=76160"},{"taxonomy":"post_tag","embeddable":true,"href":"https:\/\/lasprimeras.com.do\/index.php\/wp-json\/wp\/v2\/tags?post=76160"}],"curies":[{"name":"wp","href":"https:\/\/api.w.org\/{rel}","templated":true}]}}