{"id":76172,"date":"2024-02-07T22:46:14","date_gmt":"2024-02-08T02:46:14","guid":{"rendered":"https:\/\/lasprimeras.com.do\/?p=76172"},"modified":"2024-02-07T22:46:15","modified_gmt":"2024-02-08T02:46:15","slug":"rd-avanza-hacia-una-transicion-energetica-estrategica-eficaz","status":"publish","type":"post","link":"https:\/\/lasprimeras.com.do\/index.php\/2024\/02\/07\/rd-avanza-hacia-una-transicion-energetica-estrategica-eficaz\/","title":{"rendered":"RD avanza hacia una transici\u00f3n energ\u00e9tica estrat\u00e9gica eficaz"},"content":{"rendered":"\n<p>El Gobierno dominicano ha logrado avances significativos en su estrategia de planificaci\u00f3n energ\u00e9tica, que ha sido fundamental para impulsar el crecimiento de las energ\u00edas renovables y orientar al pa\u00eds hacia un futuro energ\u00e9tico m\u00e1s sostenible.<\/p>\n\n\n\n<p>El director ejecutivo de la Comisi\u00f3n Nacional de Energ\u00eda (CNE), Edward Veras, destac\u00f3 estos logros al revisar los avances y desaf\u00edos del Plan Energ\u00e9tico Nacional (PEN), durante el 1er Foro Empresarial de la XXIV Reuni\u00f3n Anual de Entidades Iberoamericanas de Reguladores de Energ\u00eda (ARIAE).<\/p>\n\n\n\n<p>Veras se\u00f1al\u00f3 que la falta de planeaci\u00f3n a largo plazo hab\u00eda sido un desaf\u00edo para el mercado el\u00e9ctrico dominicano, lo que llev\u00f3 a errores en la integraci\u00f3n de energ\u00eda.<\/p>\n\n\n\n<p>Sin embargo, en la actual administraci\u00f3n, se ha puesto un \u00e9nfasis renovado en este aspecto, con la emisi\u00f3n de una primera versi\u00f3n del PEN en el a\u00f1o 2022, que establece una hoja de ruta clara para la expansi\u00f3n de la generaci\u00f3n en base a gas natural y la integraci\u00f3n de energ\u00edas renovables.<\/p>\n\n\n\n<p>\u00abSi queremos evaluar ese plan, yo le pondr\u00eda un 100 porque realmente el Estado dominicano ha tomado las medidas para expandir la generaci\u00f3n tanto a corto, mediano y largo plazo. Por igual en energ\u00edas renovables nos hemos ganado un 90\u00bb, coment\u00f3 Veras.<\/p>\n\n\n\n<p>El funcionario destac\u00f3 que fruto de estas medidas acertadas, el sector energ\u00e9tico se ha consolidado como un atractivo para la inversi\u00f3n.<\/p>\n\n\n\n<p>\u00abPor ejemplo el decreto puente 608-21 permiti\u00f3 la firma de unos 36 contratos de compraventa de energ\u00eda, as\u00ed como la agilizaci\u00f3n de los procesos de cada una de las entidades\u00bb, indic\u00f3.<\/p>\n\n\n\n<p>Adem\u00e1s, Veras se\u00f1al\u00f3 que desde la CNE se han implementado medidas regulatorias para fomentar la inclusi\u00f3n de sistemas de almacenamiento en nuevos proyectos, lo que contribuye a mitigar las variaciones en la producci\u00f3n energ\u00e9tica, espec\u00edficamente en la solar, y mejorar la estabilidad de la red el\u00e9ctrica.<\/p>\n\n\n\n<p>\u00abHoy hemos tenido ese gran espaldarazo que el sector privado nos ha dado, ya hemos emitido dos concesiones definitivas con sistema de almacenamiento, una est\u00e1 en proceso de construcci\u00f3n y hay unos 18 proyectos aproximadamente que hoy se eval\u00faan\u00bb, inform\u00f3.<\/p>\n\n\n\n<p>Destac\u00f3 que uno de los retos que ten\u00edan era la planificaci\u00f3n de la red, sin embargo, ya la mayor\u00eda de los proyectos que se est\u00e1n concesionando tienen acceso a la red y existe la facilidad regulatoria para que la inversi\u00f3n privada, vista desde la \u00f3ptica de interconectar un proyecto, sea renumerada a trav\u00e9s del mercado. Asimismo, la transmisi\u00f3n no es un gran problema para la Rep\u00fablica Dominicana.<\/p>\n\n\n\n<p>La pr\u00f3xima fase de la planificaci\u00f3n energ\u00e9tica se centrar\u00e1 en abordar los desaf\u00edos espec\u00edficos que puedan surgir en la integraci\u00f3n agresiva de m\u00e1s energ\u00edas renovables, incluyendo consideraciones ambientales como el uso del suelo.<\/p>\n\n\n\n<p>El 1er Foro Empresarial dentro del marco de la XXIV Reuni\u00f3n Anual de Entidades Iberoamericanas de Reguladores de Energ\u00eda (ARIAE), se realiz\u00f3 en el Hotel El Embajador, con la Superintendencia de Electricidad como entidad anfitriona.<\/p>\n\n\n\n<p>En las palabras de apertura, el Superintendente Andr\u00e9s Astacio se\u00f1al\u00f3 que, como entidad reguladora del sector el\u00e9ctrico dominicano, valoran el foro como una oportunidad para continuar articulando esfuerzos encaminados al cumplimiento de las metas energ\u00e9ticas propuestas como naci\u00f3n y como regi\u00f3n.<\/p>\n\n\n\n<p>Tambi\u00e9n particip\u00f3 Antonio Almonte, ministro de Energ\u00edas y Minas; Omar Prias, presidente de ARIAE y director ejecutivo de la Comisi\u00f3n de Regulaci\u00f3n de Energ\u00eda (CREG) de Colombia; Andr\u00e9s Allamand, secretario general de la Secretar\u00eda General Iberoamericana (Segib), de modo virtual; Aura Caraballo y Sergio Antonio Grull\u00f3n Estrella, miembros del Consejo SIE, entre otros funcionarios y expertos del sector que promovieron temas de como la innovaci\u00f3n, la cooperaci\u00f3n y el intercambio de conocimientos entre reguladores energ\u00e9ticos nacionales e internacionales.<\/p>\n\n\n\n<p>ARIAE est\u00e1 integrada por las entidades reguladoras de: Argentina, Bolivia, Brasil, Chile, Colombia, Costa Rica, Cuba, Ecuador, El Salvador, Espa\u00f1a, Guatemala, Honduras, M\u00e9xico, Nicaragua, Panam\u00e1, Per\u00fa, Portugal, Puerto Rico y Uruguay. Su presencia procura representar un testimonio valioso de la cooperaci\u00f3n regional que impulse el progreso y la innovaci\u00f3n en la industria.<\/p>\n","protected":false},"excerpt":{"rendered":"<p>El Gobierno dominicano ha logrado avances significativos en su estrategia de planificaci\u00f3n energ\u00e9tica, que ha sido fundamental para impulsar el crecimiento de las energ\u00edas renovables y orientar al pa\u00eds hacia&hellip;<\/p>\n","protected":false},"author":2,"featured_media":76173,"comment_status":"open","ping_status":"open","sticky":false,"template":"","format":"standard","meta":{"content-type":"","jetpack_post_was_ever_published":false,"_jetpack_newsletter_access":"","_jetpack_dont_email_post_to_subs":false,"_jetpack_newsletter_tier_id":0,"_jetpack_memberships_contains_paywalled_content":false,"_jetpack_memberships_contains_paid_content":false,"footnotes":""},"categories":[39,25],"tags":[2911,9634,127,11640],"class_list":["post-76172","post","type-post","status-publish","format-standard","has-post-thumbnail","hentry","category-economia","category-portada","tag-estrategica","tag-planificacion","tag-rd","tag-transicion-energetica"],"jetpack_featured_media_url":"https:\/\/lasprimeras.com.do\/wp-content\/uploads\/2024\/02\/eNERGIA.jpg","jetpack-related-posts":[{"id":83637,"url":"https:\/\/lasprimeras.com.do\/index.php\/2024\/05\/22\/rd-necesita-u5400-millones-de-inversion-en-energia-renovable\/","url_meta":{"origin":76172,"position":0},"title":"RD necesita U$5,400 millones de inversi\u00f3n en energ\u00eda renovable","author":"Nelson Feliz","date":"22 de mayo de 2024","format":false,"excerpt":"Las inversiones privadas en proyectos de energ\u00eda renovable ser\u00e1n esenciales para alcanzar las metas energ\u00e9ticas nacionales establecidas para el a\u00f1o 2030. As\u00ed lo afirm\u00f3 el director ejecutivo de la Comisi\u00f3n Nacional de Energ\u00eda (CNE), Edward Veras, durante su participaci\u00f3n este martes en el panel \u201cOportunidades y Desaf\u00edos en la Transici\u00f3n\u2026","rel":"","context":"En \u00abECONOM\u00cdA\u00bb","block_context":{"text":"ECONOM\u00cdA","link":"https:\/\/lasprimeras.com.do\/index.php\/category\/economia\/"},"img":{"alt_text":"Edward Veras","src":"https:\/\/i0.wp.com\/lasprimeras.com.do\/wp-content\/uploads\/2024\/05\/Edward-Veras.jpg?resize=350%2C200&ssl=1","width":350,"height":200,"srcset":"https:\/\/i0.wp.com\/lasprimeras.com.do\/wp-content\/uploads\/2024\/05\/Edward-Veras.jpg?resize=350%2C200&ssl=1 1x, https:\/\/i0.wp.com\/lasprimeras.com.do\/wp-content\/uploads\/2024\/05\/Edward-Veras.jpg?resize=525%2C300&ssl=1 1.5x, https:\/\/i0.wp.com\/lasprimeras.com.do\/wp-content\/uploads\/2024\/05\/Edward-Veras.jpg?resize=700%2C400&ssl=1 2x"},"classes":[]},{"id":80671,"url":"https:\/\/lasprimeras.com.do\/index.php\/2024\/04\/10\/rd-expone-avances-de-su-transicion-energetica-en-energyear-espana-2024\/","url_meta":{"origin":76172,"position":1},"title":"RD expone avances de su transici\u00f3n energ\u00e9tica en Energyear Espa\u00f1a 2024","author":"BIMARY DE JES\u00daS Matos","date":"10 de abril de 2024","format":false,"excerpt":"Rep\u00fablica Dominicana se consolida como un destino clave para la inversi\u00f3n extranjera en el sector energ\u00e9tico, destacando su compromiso con la diversificaci\u00f3n de fuentes y su potencial de crecimiento sostenible. As\u00ed lo afirm\u00f3 este mi\u00e9rcoles el director ejecutivo de la Comisi\u00f3n Nacional de Energ\u00eda (CNE), Edward Veras, en el evento\u2026","rel":"","context":"En \u00abNACIONALES\u00bb","block_context":{"text":"NACIONALES","link":"https:\/\/lasprimeras.com.do\/index.php\/category\/nacionales\/"},"img":{"alt_text":"","src":"https:\/\/i0.wp.com\/lasprimeras.com.do\/wp-content\/uploads\/2024\/04\/IMG-20240410-WA0025.jpg?resize=350%2C200&ssl=1","width":350,"height":200,"srcset":"https:\/\/i0.wp.com\/lasprimeras.com.do\/wp-content\/uploads\/2024\/04\/IMG-20240410-WA0025.jpg?resize=350%2C200&ssl=1 1x, https:\/\/i0.wp.com\/lasprimeras.com.do\/wp-content\/uploads\/2024\/04\/IMG-20240410-WA0025.jpg?resize=525%2C300&ssl=1 1.5x, https:\/\/i0.wp.com\/lasprimeras.com.do\/wp-content\/uploads\/2024\/04\/IMG-20240410-WA0025.jpg?resize=700%2C400&ssl=1 2x, https:\/\/i0.wp.com\/lasprimeras.com.do\/wp-content\/uploads\/2024\/04\/IMG-20240410-WA0025.jpg?resize=1050%2C600&ssl=1 3x, https:\/\/i0.wp.com\/lasprimeras.com.do\/wp-content\/uploads\/2024\/04\/IMG-20240410-WA0025.jpg?resize=1400%2C800&ssl=1 4x"},"classes":[]},{"id":55314,"url":"https:\/\/lasprimeras.com.do\/index.php\/2023\/07\/19\/almonte-resalta-importancia-de-la-transicion-energetica\/","url_meta":{"origin":76172,"position":2},"title":"Almonte resalta importancia de la transici\u00f3n energ\u00e9tica","author":"Nelson Feliz","date":"19 de julio de 2023","format":false,"excerpt":"AMCHAMDR realiza almuerzo con ministro de Energ\u00eda y Minas, Antonio Almonte. El ministro de Energ\u00eda y Minas, Antonio Almonte comparti\u00f3 las estrategias y acciones implementadas desde el Gobierno para alcanzar una transici\u00f3n exitosa hacia un modelo energ\u00e9tico m\u00e1s limpio y eficiente. Almonte, abord\u00f3 tambi\u00e9n las perspectivas y futuro del sector\u2026","rel":"","context":"En \u00abECONOM\u00cdA\u00bb","block_context":{"text":"ECONOM\u00cdA","link":"https:\/\/lasprimeras.com.do\/index.php\/category\/economia\/"},"img":{"alt_text":"Antonio Almonte","src":"https:\/\/i0.wp.com\/lasprimeras.com.do\/wp-content\/uploads\/2023\/07\/Antonio-Almonte.jpg?resize=350%2C200&ssl=1","width":350,"height":200,"srcset":"https:\/\/i0.wp.com\/lasprimeras.com.do\/wp-content\/uploads\/2023\/07\/Antonio-Almonte.jpg?resize=350%2C200&ssl=1 1x, https:\/\/i0.wp.com\/lasprimeras.com.do\/wp-content\/uploads\/2023\/07\/Antonio-Almonte.jpg?resize=525%2C300&ssl=1 1.5x, https:\/\/i0.wp.com\/lasprimeras.com.do\/wp-content\/uploads\/2023\/07\/Antonio-Almonte.jpg?resize=700%2C400&ssl=1 2x"},"classes":[]},{"id":61675,"url":"https:\/\/lasprimeras.com.do\/index.php\/2023\/09\/29\/energyear-2023-cne-celebra-logros-de-las-energias-renovables-en-republica-dominicana\/","url_meta":{"origin":76172,"position":3},"title":"Energyear 2023: CNE celebra logros de las energ\u00edas renovables en Rep\u00fablica Dominicana","author":"Nelson Feliz","date":"29 de septiembre de 2023","format":false,"excerpt":"Con 11 proyectos en el Sistema El\u00e9ctrico Nacional Interconectado (SENI) y 22 que avanzan de forma acelerada para integrarse en los pr\u00f3ximos meses, Rep\u00fablica Dominicana se encamina a cumplir con la meta de tener en el a\u00f1o 2030 una matriz energ\u00e9tica basada en un 25% de energ\u00edas renovables. As\u00ed lo\u2026","rel":"","context":"En \u00abECONOM\u00cdA\u00bb","block_context":{"text":"ECONOM\u00cdA","link":"https:\/\/lasprimeras.com.do\/index.php\/category\/economia\/"},"img":{"alt_text":"","src":"https:\/\/i0.wp.com\/lasprimeras.com.do\/wp-content\/uploads\/2023\/09\/JORNADA.jpg?resize=350%2C200&ssl=1","width":350,"height":200,"srcset":"https:\/\/i0.wp.com\/lasprimeras.com.do\/wp-content\/uploads\/2023\/09\/JORNADA.jpg?resize=350%2C200&ssl=1 1x, https:\/\/i0.wp.com\/lasprimeras.com.do\/wp-content\/uploads\/2023\/09\/JORNADA.jpg?resize=525%2C300&ssl=1 1.5x, https:\/\/i0.wp.com\/lasprimeras.com.do\/wp-content\/uploads\/2023\/09\/JORNADA.jpg?resize=700%2C400&ssl=1 2x"},"classes":[]},{"id":55059,"url":"https:\/\/lasprimeras.com.do\/index.php\/2023\/07\/17\/reporte-de-la-onu-destaca-inversion-en-energias-renovables-en-la-rd\/","url_meta":{"origin":76172,"position":4},"title":"Reporte de la ONU destaca inversi\u00f3n en energ\u00edas renovables en la RD","author":"Nelson Feliz","date":"17 de julio de 2023","format":false,"excerpt":"-El documento menciona aportes del Plan Nacional Energ\u00e9tico 2022-2036, impulsado por la Comisi\u00f3n Nacional de Energ\u00eda (CNE). El sector energ\u00eda lidera la cartera de proyectos de inversi\u00f3n extranjera en el pa\u00eds, as\u00ed lo se\u00f1ala el Reporte de Inversi\u00f3n Mundial de 2023 de la Conferencia de las Naciones Unidas sobre Comercio\u2026","rel":"","context":"En \u00abECONOM\u00cdA\u00bb","block_context":{"text":"ECONOM\u00cdA","link":"https:\/\/lasprimeras.com.do\/index.php\/category\/economia\/"},"img":{"alt_text":"Energia Renovable","src":"https:\/\/i0.wp.com\/lasprimeras.com.do\/wp-content\/uploads\/2023\/07\/Energia-Renovable.jpg?resize=350%2C200&ssl=1","width":350,"height":200,"srcset":"https:\/\/i0.wp.com\/lasprimeras.com.do\/wp-content\/uploads\/2023\/07\/Energia-Renovable.jpg?resize=350%2C200&ssl=1 1x, https:\/\/i0.wp.com\/lasprimeras.com.do\/wp-content\/uploads\/2023\/07\/Energia-Renovable.jpg?resize=525%2C300&ssl=1 1.5x, https:\/\/i0.wp.com\/lasprimeras.com.do\/wp-content\/uploads\/2023\/07\/Energia-Renovable.jpg?resize=700%2C400&ssl=1 2x"},"classes":[]},{"id":125136,"url":"https:\/\/lasprimeras.com.do\/index.php\/2026\/03\/19\/transicion-energetica-en-rd-reduce-costos-de-generacion-y-mejora-calidad-de-vida\/","url_meta":{"origin":76172,"position":5},"title":"Transici\u00f3n energ\u00e9tica en RD reduce costos de generaci\u00f3n y mejora calidad de vida","author":"Nelson Feliz","date":"19 de marzo de 2026","format":false,"excerpt":"La viceministra Betty Soto destac\u00f3 que integraci\u00f3n de energ\u00eda limpia disminuye factura el\u00e9ctrica y reduce emisiones de gases de efecto invernadero. La viceministra de Innovaci\u00f3n y Transici\u00f3n Energ\u00e9tica, Betty Soto, afirm\u00f3 que la transici\u00f3n energ\u00e9tica en Rep\u00fablica Dominicana reduce costos de generaci\u00f3n, disminuye la factura y mejora calidad de vida\u2026","rel":"","context":"En \u00abTECNOL\u00d3GIA\u00bb","block_context":{"text":"TECNOL\u00d3GIA","link":"https:\/\/lasprimeras.com.do\/index.php\/category\/tecnologia\/"},"img":{"alt_text":"Betty Soto","src":"https:\/\/i0.wp.com\/lasprimeras.com.do\/wp-content\/uploads\/2026\/03\/Betty-Soto.jpg?resize=350%2C200&ssl=1","width":350,"height":200,"srcset":"https:\/\/i0.wp.com\/lasprimeras.com.do\/wp-content\/uploads\/2026\/03\/Betty-Soto.jpg?resize=350%2C200&ssl=1 1x, https:\/\/i0.wp.com\/lasprimeras.com.do\/wp-content\/uploads\/2026\/03\/Betty-Soto.jpg?resize=525%2C300&ssl=1 1.5x, https:\/\/i0.wp.com\/lasprimeras.com.do\/wp-content\/uploads\/2026\/03\/Betty-Soto.jpg?resize=700%2C400&ssl=1 2x"},"classes":[]}],"jetpack_sharing_enabled":true,"_links":{"self":[{"href":"https:\/\/lasprimeras.com.do\/index.php\/wp-json\/wp\/v2\/posts\/76172","targetHints":{"allow":["GET"]}}],"collection":[{"href":"https:\/\/lasprimeras.com.do\/index.php\/wp-json\/wp\/v2\/posts"}],"about":[{"href":"https:\/\/lasprimeras.com.do\/index.php\/wp-json\/wp\/v2\/types\/post"}],"author":[{"embeddable":true,"href":"https:\/\/lasprimeras.com.do\/index.php\/wp-json\/wp\/v2\/users\/2"}],"replies":[{"embeddable":true,"href":"https:\/\/lasprimeras.com.do\/index.php\/wp-json\/wp\/v2\/comments?post=76172"}],"version-history":[{"count":1,"href":"https:\/\/lasprimeras.com.do\/index.php\/wp-json\/wp\/v2\/posts\/76172\/revisions"}],"predecessor-version":[{"id":76174,"href":"https:\/\/lasprimeras.com.do\/index.php\/wp-json\/wp\/v2\/posts\/76172\/revisions\/76174"}],"wp:featuredmedia":[{"embeddable":true,"href":"https:\/\/lasprimeras.com.do\/index.php\/wp-json\/wp\/v2\/media\/76173"}],"wp:attachment":[{"href":"https:\/\/lasprimeras.com.do\/index.php\/wp-json\/wp\/v2\/media?parent=76172"}],"wp:term":[{"taxonomy":"category","embeddable":true,"href":"https:\/\/lasprimeras.com.do\/index.php\/wp-json\/wp\/v2\/categories?post=76172"},{"taxonomy":"post_tag","embeddable":true,"href":"https:\/\/lasprimeras.com.do\/index.php\/wp-json\/wp\/v2\/tags?post=76172"}],"curies":[{"name":"wp","href":"https:\/\/api.w.org\/{rel}","templated":true}]}}