{"id":76175,"date":"2024-02-08T06:22:32","date_gmt":"2024-02-08T10:22:32","guid":{"rendered":"https:\/\/lasprimeras.com.do\/?p=76175"},"modified":"2024-02-08T06:22:33","modified_gmt":"2024-02-08T10:22:33","slug":"presidente-de-la-jce-recibe-visita-de-cortesia-de-directivos-del-codue-expresan-respaldo-al-pleno","status":"publish","type":"post","link":"https:\/\/lasprimeras.com.do\/index.php\/2024\/02\/08\/presidente-de-la-jce-recibe-visita-de-cortesia-de-directivos-del-codue-expresan-respaldo-al-pleno\/","title":{"rendered":"Presidente de la JCE recibe visita de cortes\u00eda de directivos del CODUE; expresan respaldo al Pleno"},"content":{"rendered":"\n<p>El presidente de la Junta Central Electoral (JCE), Rom\u00e1n Andr\u00e9s J\u00e1quez Liranzo, recibi\u00f3 en su despacho una visita de cortes\u00eda de directivos del Consejo Dominicano de la Unidad Evang\u00e9lica (CODUE), con quienes convers\u00f3 sobre el avance del montaje de las elecciones municipales del pr\u00f3ximo domingo 18 de febrero de 2024.<\/p>\n\n\n\n<p>J\u00e1quez Liranzo habl\u00f3 del grado de cumplimiento de toda la planificaci\u00f3n en cuanto a la conformaci\u00f3n de los 16,851 Colegios Electorales, del personal que los integrar\u00e1, de la capacitaci\u00f3n alcanzada, la preparaci\u00f3n de las valijas y sobre las medidas preventivas tomadas para garantizar un desarrollo eficiente y transparente de las votaciones.<\/p>\n\n\n\n<p>Dijo que es importante recordar que se votar\u00e1 de manera manual con dos boletas en cada nivel, que resultar\u00e1 sumamente f\u00e1cil para la poblaci\u00f3n y que, pasada las votaciones, los delegados de las organizaciones pol\u00edticas podr\u00e1n utilizar sus tel\u00e9fonos u otros dispositivos para grabar las incidencias del escrutinio, lo que garantizar\u00e1 total transparencia del proceso.<\/p>\n\n\n\n<p><strong>CODUE felicita el manejo de la JCE<\/strong><\/p>\n\n\n\n<p>De su lado, el presidente del CODUE, Feliciano Lacen, felicit\u00f3 al Pleno y al \u00f3rgano electoral por el manejo que han tenido en el actual proceso.<\/p>\n\n\n\n<p>\u201cNosotros, como CODUE, siempre hemos levantado la bandera del fortalecimiento de la democracia. Como instituci\u00f3n nos sentimos bien seguros con el Pleno que dirige actualmente la Junta Central Electoral y los dem\u00e1s directivos que lucen comprometidos con sus familias, con el pa\u00eds y con la democracia, pero quisimos pasar a darles apoyo y a orar por todos y por la instituci\u00f3n para que todo siga como luce su marcha\u201d, dijo el reverendo Lacen.<\/p>\n\n\n\n<p>Dijo que, como organizaci\u00f3n cristiana seguida por una gran comunidad de fe, quer\u00edan llegar a la instituci\u00f3n para expresarle su soporte moral y espiritual de manera presencial a todo el Pleno para que cuente con las oraciones de la comunidad evang\u00e9lica.<\/p>\n\n\n\n<p>Al reverendo Lacen lo acompa\u00f1aron los reverendos Silverio Manuel Bello, Pedro Choi, la pastoral Raquel Mari\u00f1ez y el director ejecutivo del CODUE, Guarionex Corona.<\/p>\n","protected":false},"excerpt":{"rendered":"<p>El presidente de la Junta Central Electoral (JCE), Rom\u00e1n Andr\u00e9s J\u00e1quez Liranzo, recibi\u00f3 en su despacho una visita de cortes\u00eda de directivos del Consejo Dominicano de la Unidad Evang\u00e9lica (CODUE),&hellip;<\/p>\n","protected":false},"author":2,"featured_media":76176,"comment_status":"open","ping_status":"open","sticky":false,"template":"","format":"standard","meta":{"content-type":"","jetpack_post_was_ever_published":false,"_jetpack_newsletter_access":"","_jetpack_dont_email_post_to_subs":false,"_jetpack_newsletter_tier_id":0,"_jetpack_memberships_contains_paywalled_content":false,"_jetpack_memberships_contains_paid_content":false,"footnotes":""},"categories":[35],"tags":[1985,183,368],"class_list":["post-76175","post","type-post","status-publish","format-standard","has-post-thumbnail","hentry","category-nacionales","tag-codue","tag-jce","tag-pleno"],"jetpack_featured_media_url":"https:\/\/lasprimeras.com.do\/wp-content\/uploads\/2024\/02\/JCE.CODUE-1.jpg","jetpack-related-posts":[{"id":100567,"url":"https:\/\/lasprimeras.com.do\/index.php\/2025\/06\/08\/presidente-de-la-jce-roman-jaquez-visita-casa-nacional-del-pld\/","url_meta":{"origin":76175,"position":0},"title":"Presidente de la JCE Rom\u00e1n J\u00e1quez visita Casa Nacional del PLD","author":"Nelson Feliz","date":"8 de junio de 2025","format":false,"excerpt":"El presidente de la Junta Central Electoral (JCE), Rom\u00e1n J\u00e1quez Liranzo, visit\u00f3 la Casa Nacional Reinaldo Pared P\u00e9rez del Partido de la Liberaci\u00f3n Dominicana (PLD) compartiendo con los dirigentes de la organizaci\u00f3n pol\u00edtica quienes participan en el Diplomado Especializado en Administraci\u00f3n Electoral, organizado por la JCE, a trav\u00e9s del Instituto\u2026","rel":"","context":"En \u00abPOLITICA\u00bb","block_context":{"text":"POLITICA","link":"https:\/\/lasprimeras.com.do\/index.php\/category\/politica\/"},"img":{"alt_text":"","src":"https:\/\/i0.wp.com\/lasprimeras.com.do\/wp-content\/uploads\/2025\/06\/Roman-Jaquez.jpg?resize=350%2C200&ssl=1","width":350,"height":200,"srcset":"https:\/\/i0.wp.com\/lasprimeras.com.do\/wp-content\/uploads\/2025\/06\/Roman-Jaquez.jpg?resize=350%2C200&ssl=1 1x, https:\/\/i0.wp.com\/lasprimeras.com.do\/wp-content\/uploads\/2025\/06\/Roman-Jaquez.jpg?resize=525%2C300&ssl=1 1.5x, https:\/\/i0.wp.com\/lasprimeras.com.do\/wp-content\/uploads\/2025\/06\/Roman-Jaquez.jpg?resize=700%2C400&ssl=1 2x"},"classes":[]},{"id":112949,"url":"https:\/\/lasprimeras.com.do\/index.php\/2025\/10\/28\/jce-se-opone-radicalmente-a-uso-de-documento-diferente-a-la-cedula-para-ejercer-el-voto\/","url_meta":{"origin":76175,"position":1},"title":"JCE se opone radicalmente a uso de documento diferente a la c\u00e9dula para ejercer el voto","author":"Nelson Feliz","date":"28 de octubre de 2025","format":false,"excerpt":"Nueva York. El presidente de la Junta Central Electoral (JCE), Rom\u00e1n Andr\u00e9s J\u00e1quez Liranzo, afirm\u00f3 ayer que el Pleno de esa instituci\u00f3n \u201cse opone radicalmente\u201d al uso de otro documento que no sea la c\u00e9dula de identidad y electoral para ejercer el derecho al voto. J\u00e1quez Liranzo manifest\u00f3 que la\u2026","rel":"","context":"En \u00abNACIONALES\u00bb","block_context":{"text":"NACIONALES","link":"https:\/\/lasprimeras.com.do\/index.php\/category\/nacionales\/"},"img":{"alt_text":"Rom\u00e1n Andr\u00e9s J\u00e1quez Liranzo","src":"https:\/\/i0.wp.com\/lasprimeras.com.do\/wp-content\/uploads\/2025\/10\/Roman-Andres-Jaquez-Liranzo-2.jpg?resize=350%2C200&ssl=1","width":350,"height":200,"srcset":"https:\/\/i0.wp.com\/lasprimeras.com.do\/wp-content\/uploads\/2025\/10\/Roman-Andres-Jaquez-Liranzo-2.jpg?resize=350%2C200&ssl=1 1x, https:\/\/i0.wp.com\/lasprimeras.com.do\/wp-content\/uploads\/2025\/10\/Roman-Andres-Jaquez-Liranzo-2.jpg?resize=525%2C300&ssl=1 1.5x, https:\/\/i0.wp.com\/lasprimeras.com.do\/wp-content\/uploads\/2025\/10\/Roman-Andres-Jaquez-Liranzo-2.jpg?resize=700%2C400&ssl=1 2x"},"classes":[]},{"id":121265,"url":"https:\/\/lasprimeras.com.do\/index.php\/2026\/02\/02\/jce-entrega-nueva-cedula-a-personas-con-discapacidad-y-miembros-del-salon-de-la-fama\/","url_meta":{"origin":76175,"position":2},"title":"JCE entrega nueva c\u00e9dula a personas con discapacidad y miembros del Sal\u00f3n de la Fama","author":"Nelson Feliz","date":"2 de febrero de 2026","format":false,"excerpt":"Hirayda Marcelle Fern\u00e1ndez Guzm\u00e1n, David Ortiz, Juan Marichal, el presidente de la JCE, Rom\u00e1n Andr\u00e9s J\u00e1quez Liranzo; Pedro Mart\u00ednez y Dolores Altagracia Fern\u00e1ndez S\u00e1nchez. (FUENTE EXTERNA)","rel":"","context":"En \u00abNACIONALES\u00bb","block_context":{"text":"NACIONALES","link":"https:\/\/lasprimeras.com.do\/index.php\/category\/nacionales\/"},"img":{"alt_text":"Hirayda Marcelle Fern\u00e1ndez Guzm\u00e1n, David Ortiz, Juan Marichal, el presidente de la JCE, Rom\u00e1n Andr\u00e9s J\u00e1quez Liranzo; Pedro Mart\u00ednez y Dolores Altagracia Fern\u00e1ndez S\u00e1nchez. (FUENTE EXTERNA)","src":"https:\/\/i0.wp.com\/lasprimeras.com.do\/wp-content\/uploads\/2026\/02\/FAMA.jpg?resize=350%2C200&ssl=1","width":350,"height":200,"srcset":"https:\/\/i0.wp.com\/lasprimeras.com.do\/wp-content\/uploads\/2026\/02\/FAMA.jpg?resize=350%2C200&ssl=1 1x, https:\/\/i0.wp.com\/lasprimeras.com.do\/wp-content\/uploads\/2026\/02\/FAMA.jpg?resize=525%2C300&ssl=1 1.5x, https:\/\/i0.wp.com\/lasprimeras.com.do\/wp-content\/uploads\/2026\/02\/FAMA.jpg?resize=700%2C400&ssl=1 2x"},"classes":[]},{"id":125615,"url":"https:\/\/lasprimeras.com.do\/index.php\/2026\/03\/24\/jce-agota-primera-fase-para-implementar-norma-iso-antisoborno\/","url_meta":{"origin":76175,"position":3},"title":"JCE agota primera fase para implementar norma ISO antisoborno","author":"Nelson Feliz","date":"24 de marzo de 2026","format":false,"excerpt":"La Junta Central Electoral (JCE) concluy\u00f3 con la primera fase de implementaci\u00f3n del Sistema de Gesti\u00f3n Antisoborno (SGAS) tras completar cinco jornadas de capacitaci\u00f3n y sensibilizaci\u00f3n dirigidas a sus directivos y colaboradores. Con estas sesiones sobre la norma ISO 37001:2025, la instituci\u00f3n reafirma su compromiso con la integridad y la\u2026","rel":"","context":"En \u00abNACIONALES\u00bb","block_context":{"text":"NACIONALES","link":"https:\/\/lasprimeras.com.do\/index.php\/category\/nacionales\/"},"img":{"alt_text":"","src":"https:\/\/i0.wp.com\/lasprimeras.com.do\/wp-content\/uploads\/2026\/03\/Anti-06.jpg?resize=350%2C200&ssl=1","width":350,"height":200,"srcset":"https:\/\/i0.wp.com\/lasprimeras.com.do\/wp-content\/uploads\/2026\/03\/Anti-06.jpg?resize=350%2C200&ssl=1 1x, https:\/\/i0.wp.com\/lasprimeras.com.do\/wp-content\/uploads\/2026\/03\/Anti-06.jpg?resize=525%2C300&ssl=1 1.5x, https:\/\/i0.wp.com\/lasprimeras.com.do\/wp-content\/uploads\/2026\/03\/Anti-06.jpg?resize=700%2C400&ssl=1 2x"},"classes":[]},{"id":123087,"url":"https:\/\/lasprimeras.com.do\/index.php\/2026\/02\/25\/jce-presenta-calendario-electoral-para-las-elecciones-de-2028\/","url_meta":{"origin":76175,"position":4},"title":"JCE presenta calendario electoral para las elecciones de 2028","author":"Nelson Feliz","date":"25 de febrero de 2026","format":false,"excerpt":"La Junta Central Electoral,tambi\u00e9n presento el Libro de Resultados Electorales 2024 La Junta Central Electoral (JCE), a trav\u00e9s de su Direcci\u00f3n Nacional de Elecciones, present\u00f3 este mi\u00e9rcoles a los partidos, agrupaciones y movimientos pol\u00edticos reconocidos ante la instituci\u00f3n, la sociedad civil y medios de comunicaci\u00f3n, el calendario de actividades administrativas\u2026","rel":"","context":"En \u00abNACIONALES\u00bb","block_context":{"text":"NACIONALES","link":"https:\/\/lasprimeras.com.do\/index.php\/category\/nacionales\/"},"img":{"alt_text":"","src":"https:\/\/i0.wp.com\/lasprimeras.com.do\/wp-content\/uploads\/2026\/02\/Calendario-03.jpg?resize=350%2C200&ssl=1","width":350,"height":200,"srcset":"https:\/\/i0.wp.com\/lasprimeras.com.do\/wp-content\/uploads\/2026\/02\/Calendario-03.jpg?resize=350%2C200&ssl=1 1x, https:\/\/i0.wp.com\/lasprimeras.com.do\/wp-content\/uploads\/2026\/02\/Calendario-03.jpg?resize=525%2C300&ssl=1 1.5x, https:\/\/i0.wp.com\/lasprimeras.com.do\/wp-content\/uploads\/2026\/02\/Calendario-03.jpg?resize=700%2C400&ssl=1 2x"},"classes":[]},{"id":122699,"url":"https:\/\/lasprimeras.com.do\/index.php\/2026\/02\/20\/pleno-de-la-camara-de-cuentas-obtiene-nueva-cedula-de-identidad-y-electoral-en-la-jce\/","url_meta":{"origin":76175,"position":5},"title":"Pleno de la C\u00e1mara de Cuentas obtiene nueva c\u00e9dula de identidad y electoral en la JCE","author":"Nelson Feliz","date":"20 de febrero de 2026","format":false,"excerpt":"La presidenta y los miembros del Pleno de la C\u00e1mara de Cuentas de la Rep\u00fablica Dominicana (CCRD) realizaron el proceso de renovaci\u00f3n de la c\u00e9dula de identidad y electoral en la sede central de la Junta Central Electoral (JCE). Emma Polanco y los dem\u00e1s ejecutivos de la CCRD completaron los\u2026","rel":"","context":"En \u00abNACIONALES\u00bb","block_context":{"text":"NACIONALES","link":"https:\/\/lasprimeras.com.do\/index.php\/category\/nacionales\/"},"img":{"alt_text":"","src":"https:\/\/i0.wp.com\/lasprimeras.com.do\/wp-content\/uploads\/2026\/02\/IMG-20260220-WA0314-scaled.jpg?resize=350%2C200&ssl=1","width":350,"height":200,"srcset":"https:\/\/i0.wp.com\/lasprimeras.com.do\/wp-content\/uploads\/2026\/02\/IMG-20260220-WA0314-scaled.jpg?resize=350%2C200&ssl=1 1x, https:\/\/i0.wp.com\/lasprimeras.com.do\/wp-content\/uploads\/2026\/02\/IMG-20260220-WA0314-scaled.jpg?resize=525%2C300&ssl=1 1.5x, https:\/\/i0.wp.com\/lasprimeras.com.do\/wp-content\/uploads\/2026\/02\/IMG-20260220-WA0314-scaled.jpg?resize=700%2C400&ssl=1 2x, https:\/\/i0.wp.com\/lasprimeras.com.do\/wp-content\/uploads\/2026\/02\/IMG-20260220-WA0314-scaled.jpg?resize=1050%2C600&ssl=1 3x, https:\/\/i0.wp.com\/lasprimeras.com.do\/wp-content\/uploads\/2026\/02\/IMG-20260220-WA0314-scaled.jpg?resize=1400%2C800&ssl=1 4x"},"classes":[]}],"jetpack_sharing_enabled":true,"_links":{"self":[{"href":"https:\/\/lasprimeras.com.do\/index.php\/wp-json\/wp\/v2\/posts\/76175","targetHints":{"allow":["GET"]}}],"collection":[{"href":"https:\/\/lasprimeras.com.do\/index.php\/wp-json\/wp\/v2\/posts"}],"about":[{"href":"https:\/\/lasprimeras.com.do\/index.php\/wp-json\/wp\/v2\/types\/post"}],"author":[{"embeddable":true,"href":"https:\/\/lasprimeras.com.do\/index.php\/wp-json\/wp\/v2\/users\/2"}],"replies":[{"embeddable":true,"href":"https:\/\/lasprimeras.com.do\/index.php\/wp-json\/wp\/v2\/comments?post=76175"}],"version-history":[{"count":1,"href":"https:\/\/lasprimeras.com.do\/index.php\/wp-json\/wp\/v2\/posts\/76175\/revisions"}],"predecessor-version":[{"id":76177,"href":"https:\/\/lasprimeras.com.do\/index.php\/wp-json\/wp\/v2\/posts\/76175\/revisions\/76177"}],"wp:featuredmedia":[{"embeddable":true,"href":"https:\/\/lasprimeras.com.do\/index.php\/wp-json\/wp\/v2\/media\/76176"}],"wp:attachment":[{"href":"https:\/\/lasprimeras.com.do\/index.php\/wp-json\/wp\/v2\/media?parent=76175"}],"wp:term":[{"taxonomy":"category","embeddable":true,"href":"https:\/\/lasprimeras.com.do\/index.php\/wp-json\/wp\/v2\/categories?post=76175"},{"taxonomy":"post_tag","embeddable":true,"href":"https:\/\/lasprimeras.com.do\/index.php\/wp-json\/wp\/v2\/tags?post=76175"}],"curies":[{"name":"wp","href":"https:\/\/api.w.org\/{rel}","templated":true}]}}