{"id":76178,"date":"2024-02-08T06:54:34","date_gmt":"2024-02-08T10:54:34","guid":{"rendered":"https:\/\/lasprimeras.com.do\/?p=76178"},"modified":"2024-02-08T06:54:35","modified_gmt":"2024-02-08T10:54:35","slug":"911-coordina-asistencia-a-afectados-de-accidente-de-transito-en-guayacanes","status":"publish","type":"post","link":"https:\/\/lasprimeras.com.do\/index.php\/2024\/02\/08\/911-coordina-asistencia-a-afectados-de-accidente-de-transito-en-guayacanes\/","title":{"rendered":"911 coordina asistencia a afectados de accidente de tr\u00e1nsito en Guayacanes"},"content":{"rendered":"\n<p>Once unidades de las agencias de respuesta en escena. Reportan ocho afectados asistidos y trasladados a centros de salud cercanos.<\/p>\n\n\n\n<p>El 911 inform\u00f3 que brinda asistencia a un accidente de tr\u00e1nsito entre un cami\u00f3n, un carro y un autob\u00fas, en un hecho ocurrido en la Autov\u00eda del Este, municipio Guayacanes.<\/p>\n\n\n\n<p>El servicio de emergencia envi\u00f3 la asistencia de cinco ambulancias, de las cuales cuatro pertenecen a la Direcci\u00f3n de Servicios de Atenci\u00f3n a Emergencias Extrahospitalarias (DAEH) y una del Ministerio de Obras P\u00fablicas y Comunicaciones (MOPC); una unidad del Cuerpo de Bomberos de Guayacanes; una de la Polic\u00eda Nacional; una de la Direcci\u00f3n General de Seguridad de Tr\u00e1nsito y Transporte Terrestre (DIGESETT); adem\u00e1s de dos corredores del MOPC y una unidad de apoyo log\u00edstico de la DAEH.<\/p>\n\n\n\n<p>El personal en la escena reporta ocho personas afectadas que fueron trasladados a centros de salud cercano. El Sistema 911 es un servicio p\u00fablico gratuito que salvaguarda la vida y bienes de todos los dominicanos.<\/p>\n","protected":false},"excerpt":{"rendered":"<p>Once unidades de las agencias de respuesta en escena. Reportan ocho afectados asistidos y trasladados a centros de salud cercanos. El 911 inform\u00f3 que brinda asistencia a un accidente de&hellip;<\/p>\n","protected":false},"author":2,"featured_media":76179,"comment_status":"open","ping_status":"open","sticky":false,"template":"","format":"standard","meta":{"content-type":"","jetpack_post_was_ever_published":false,"_jetpack_newsletter_access":"","_jetpack_dont_email_post_to_subs":false,"_jetpack_newsletter_tier_id":0,"_jetpack_memberships_contains_paywalled_content":false,"_jetpack_memberships_contains_paid_content":false,"footnotes":""},"categories":[35],"tags":[11641,2211,2632,11642,2049],"class_list":["post-76178","post","type-post","status-publish","format-standard","has-post-thumbnail","hentry","category-nacionales","tag-11641","tag-accidente","tag-asistencia","tag-guayacanes","tag-transito"],"jetpack_featured_media_url":"https:\/\/lasprimeras.com.do\/wp-content\/uploads\/2024\/02\/911-coordina-asistencia-a-afectados-de-accidente-de-transito-en-Guayacan.-1.jpeg","jetpack-related-posts":[{"id":86552,"url":"https:\/\/lasprimeras.com.do\/index.php\/2024\/07\/27\/rescatan-naufragos-en-playa-el-pescador-guayacanes-spm\/","url_meta":{"origin":76178,"position":0},"title":"Rescatan n\u00e1ufragos en Playa El Pescador, Guayacanes, SPM","author":"Nelson Feliz","date":"27 de julio de 2024","format":false,"excerpt":"Las autoridades desplegaron varias unidades de emergencia para asistir a los afectados por el naufragio. El Sistema Nacional de Atenci\u00f3n a Emergencias y Seguridad 911 coordin\u00f3 la asistencia en un naufragio ocurrido en Playa El Pescador, sector Guayacanes, San Pedro de Macor\u00eds (SPM). El incidente se produjo cuando una yola\u2026","rel":"","context":"En \u00abNACIONALES\u00bb","block_context":{"text":"NACIONALES","link":"https:\/\/lasprimeras.com.do\/index.php\/category\/nacionales\/"},"img":{"alt_text":"911 coordina rescate de n\u00e1ufragos en Playa El Pescador, Guayacanes","src":"https:\/\/i0.wp.com\/lasprimeras.com.do\/wp-content\/uploads\/2024\/07\/911-coordina-rescate-de-naufragos-en-Playa-El-Pescador-Guayacanes.jpg?resize=350%2C200&ssl=1","width":350,"height":200,"srcset":"https:\/\/i0.wp.com\/lasprimeras.com.do\/wp-content\/uploads\/2024\/07\/911-coordina-rescate-de-naufragos-en-Playa-El-Pescador-Guayacanes.jpg?resize=350%2C200&ssl=1 1x, https:\/\/i0.wp.com\/lasprimeras.com.do\/wp-content\/uploads\/2024\/07\/911-coordina-rescate-de-naufragos-en-Playa-El-Pescador-Guayacanes.jpg?resize=525%2C300&ssl=1 1.5x, https:\/\/i0.wp.com\/lasprimeras.com.do\/wp-content\/uploads\/2024\/07\/911-coordina-rescate-de-naufragos-en-Playa-El-Pescador-Guayacanes.jpg?resize=700%2C400&ssl=1 2x"},"classes":[]},{"id":84962,"url":"https:\/\/lasprimeras.com.do\/index.php\/2024\/06\/18\/911-coordina-asistencia-en-accidente-ocurrido-en-av-jfk-con-lope-de-vega\/","url_meta":{"origin":76178,"position":1},"title":"911 coordina asistencia en accidente ocurrido en av. JFK con Lope de Vega","author":"Nelson Feliz","date":"18 de junio de 2024","format":false,"excerpt":"El personal en la escena inform\u00f3 sobre la asistencia de cuatro personas afectadas. El caso contin\u00faa en desarrollo. El Sistema Nacional de Atenci\u00f3n a Emergencias y Seguridad 911, se encuentra brindando asistencia a los afectados del accidente de tr\u00e1nsito m\u00faltiple en el que un minib\u00fas colision\u00f3 con una jeepeta en\u2026","rel":"","context":"En \u00abNACIONALES\u00bb","block_context":{"text":"NACIONALES","link":"https:\/\/lasprimeras.com.do\/index.php\/category\/nacionales\/"},"img":{"alt_text":"","src":"https:\/\/i0.wp.com\/lasprimeras.com.do\/wp-content\/uploads\/2024\/06\/accidente-1.jpg?resize=350%2C200&ssl=1","width":350,"height":200,"srcset":"https:\/\/i0.wp.com\/lasprimeras.com.do\/wp-content\/uploads\/2024\/06\/accidente-1.jpg?resize=350%2C200&ssl=1 1x, https:\/\/i0.wp.com\/lasprimeras.com.do\/wp-content\/uploads\/2024\/06\/accidente-1.jpg?resize=525%2C300&ssl=1 1.5x, https:\/\/i0.wp.com\/lasprimeras.com.do\/wp-content\/uploads\/2024\/06\/accidente-1.jpg?resize=700%2C400&ssl=1 2x"},"classes":[]},{"id":89676,"url":"https:\/\/lasprimeras.com.do\/index.php\/2024\/10\/02\/sistema-911-coordina-asistencia-en-accidente-de-transito-multiple-en-monsenor-nouel\/","url_meta":{"origin":76178,"position":2},"title":"Sistema 911 coordina asistencia en accidente de tr\u00e1nsito m\u00faltiple en Monse\u00f1or Nouel","author":"Paola Castillo","date":"2 de octubre de 2024","format":false,"excerpt":"Monse\u00f1or Nouel. - El Sistema Nacional de Atenci\u00f3n a Emergencias y Seguridad 911 coordin\u00f3 la respuesta a un accidente de tr\u00e1nsito ocurrido en la autopista Duarte, a la altura del sector El Setenta y Siete, municipio de Piedra Blanca. El incidente involucr\u00f3 a cinco veh\u00edculos, entre ellos un autob\u00fas y\u2026","rel":"","context":"En \u00abNACIONALES\u00bb","block_context":{"text":"NACIONALES","link":"https:\/\/lasprimeras.com.do\/index.php\/category\/nacionales\/"},"img":{"alt_text":"","src":"https:\/\/i0.wp.com\/lasprimeras.com.do\/wp-content\/uploads\/2024\/10\/911-1.jpeg?resize=350%2C200&ssl=1","width":350,"height":200,"srcset":"https:\/\/i0.wp.com\/lasprimeras.com.do\/wp-content\/uploads\/2024\/10\/911-1.jpeg?resize=350%2C200&ssl=1 1x, https:\/\/i0.wp.com\/lasprimeras.com.do\/wp-content\/uploads\/2024\/10\/911-1.jpeg?resize=525%2C300&ssl=1 1.5x, https:\/\/i0.wp.com\/lasprimeras.com.do\/wp-content\/uploads\/2024\/10\/911-1.jpeg?resize=700%2C400&ssl=1 2x, https:\/\/i0.wp.com\/lasprimeras.com.do\/wp-content\/uploads\/2024\/10\/911-1.jpeg?resize=1050%2C600&ssl=1 3x, https:\/\/i0.wp.com\/lasprimeras.com.do\/wp-content\/uploads\/2024\/10\/911-1.jpeg?resize=1400%2C800&ssl=1 4x"},"classes":[]},{"id":80242,"url":"https:\/\/lasprimeras.com.do\/index.php\/2024\/04\/05\/911-coordina-asistencia-a-varios-afectados-en-accidente\/","url_meta":{"origin":76178,"position":3},"title":"911 coordina asistencia a varios afectados en accidente","author":"BIMARY DE JES\u00daS Matos","date":"5 de abril de 2024","format":false,"excerpt":"La Romana. \u2013 El Sistema Nacional de Atenci\u00f3n a Emergencias y Seguridad 911 inform\u00f3 este viernes, que coordina la asistencia de un accidente de tr\u00e1nsito en el que estuvieron involucrados siete veh\u00edculos en un tramo de la autov\u00eda del Este, sector Villa Hermosa, provincia La Romana. El 911 despleg\u00f3 las\u2026","rel":"","context":"En \u00abNACIONALES\u00bb","block_context":{"text":"NACIONALES","link":"https:\/\/lasprimeras.com.do\/index.php\/category\/nacionales\/"},"img":{"alt_text":"","src":"https:\/\/i0.wp.com\/lasprimeras.com.do\/wp-content\/uploads\/2024\/04\/IMG-20240405-WA0030.jpg?resize=350%2C200&ssl=1","width":350,"height":200,"srcset":"https:\/\/i0.wp.com\/lasprimeras.com.do\/wp-content\/uploads\/2024\/04\/IMG-20240405-WA0030.jpg?resize=350%2C200&ssl=1 1x, https:\/\/i0.wp.com\/lasprimeras.com.do\/wp-content\/uploads\/2024\/04\/IMG-20240405-WA0030.jpg?resize=525%2C300&ssl=1 1.5x, https:\/\/i0.wp.com\/lasprimeras.com.do\/wp-content\/uploads\/2024\/04\/IMG-20240405-WA0030.jpg?resize=700%2C400&ssl=1 2x, https:\/\/i0.wp.com\/lasprimeras.com.do\/wp-content\/uploads\/2024\/04\/IMG-20240405-WA0030.jpg?resize=1050%2C600&ssl=1 3x, https:\/\/i0.wp.com\/lasprimeras.com.do\/wp-content\/uploads\/2024\/04\/IMG-20240405-WA0030.jpg?resize=1400%2C800&ssl=1 4x"},"classes":[]},{"id":78566,"url":"https:\/\/lasprimeras.com.do\/index.php\/2024\/03\/17\/ocho-unidades-del-911-dan-respuesta-en-accidente-de-la-autovia-del-coral\/","url_meta":{"origin":76178,"position":4},"title":"Ocho unidades del 911 dan respuesta en accidente de la autov\u00eda del Coral","author":"Nelson Feliz","date":"17 de marzo de 2024","format":false,"excerpt":"El personal en la escena report\u00f3 la asistencia de cinco personas que fueron trasladadas a centros de salud cercanos. El Sistema Nacional de Atenci\u00f3n a Emergencias y Seguridad 911 inform\u00f3 que despleg\u00f3 ocho unidades de respuesta para atender el accidente en la autov\u00eda del Coral, pr\u00f3ximo al aeropuerto de La\u2026","rel":"","context":"En \u00abNACIONALES\u00bb","block_context":{"text":"NACIONALES","link":"https:\/\/lasprimeras.com.do\/index.php\/category\/nacionales\/"},"img":{"alt_text":"911 asiste accidente autovia del Coral","src":"https:\/\/i0.wp.com\/lasprimeras.com.do\/wp-content\/uploads\/2024\/03\/911-asiste-accidente-autovia-del-Coral-2.jpeg?resize=350%2C200&ssl=1","width":350,"height":200,"srcset":"https:\/\/i0.wp.com\/lasprimeras.com.do\/wp-content\/uploads\/2024\/03\/911-asiste-accidente-autovia-del-Coral-2.jpeg?resize=350%2C200&ssl=1 1x, https:\/\/i0.wp.com\/lasprimeras.com.do\/wp-content\/uploads\/2024\/03\/911-asiste-accidente-autovia-del-Coral-2.jpeg?resize=525%2C300&ssl=1 1.5x"},"classes":[]},{"id":84016,"url":"https:\/\/lasprimeras.com.do\/index.php\/2024\/05\/28\/911-despliega-asistencia-ante-accidente-multiple-en-avenida-charles-de-gaulle\/","url_meta":{"origin":76178,"position":5},"title":"911 despliega asistencia ante accidente m\u00faltiple en Avenida Charles de Gaulle","author":"Nelson Feliz","date":"28 de mayo de 2024","format":false,"excerpt":"A la escena acudieron cuatro ambulancias para brindar auxilio a 10 afectados. El evento se encuentra en desarrollo. El Sistema Nacional de Atenci\u00f3n a Emergencias y Seguridad 911 despleg\u00f3 la asistencia ante un accidente de tr\u00e1nsito que implic\u00f3 la colisi\u00f3n de dos autobuses, en un hecho ocurrido la ma\u00f1ana de\u2026","rel":"","context":"En \u00abNACIONALES\u00bb","block_context":{"text":"NACIONALES","link":"https:\/\/lasprimeras.com.do\/index.php\/category\/nacionales\/"},"img":{"alt_text":"","src":"https:\/\/i0.wp.com\/lasprimeras.com.do\/wp-content\/uploads\/2024\/05\/911-1.jpg?resize=350%2C200&ssl=1","width":350,"height":200,"srcset":"https:\/\/i0.wp.com\/lasprimeras.com.do\/wp-content\/uploads\/2024\/05\/911-1.jpg?resize=350%2C200&ssl=1 1x, https:\/\/i0.wp.com\/lasprimeras.com.do\/wp-content\/uploads\/2024\/05\/911-1.jpg?resize=525%2C300&ssl=1 1.5x"},"classes":[]}],"jetpack_sharing_enabled":true,"_links":{"self":[{"href":"https:\/\/lasprimeras.com.do\/index.php\/wp-json\/wp\/v2\/posts\/76178","targetHints":{"allow":["GET"]}}],"collection":[{"href":"https:\/\/lasprimeras.com.do\/index.php\/wp-json\/wp\/v2\/posts"}],"about":[{"href":"https:\/\/lasprimeras.com.do\/index.php\/wp-json\/wp\/v2\/types\/post"}],"author":[{"embeddable":true,"href":"https:\/\/lasprimeras.com.do\/index.php\/wp-json\/wp\/v2\/users\/2"}],"replies":[{"embeddable":true,"href":"https:\/\/lasprimeras.com.do\/index.php\/wp-json\/wp\/v2\/comments?post=76178"}],"version-history":[{"count":1,"href":"https:\/\/lasprimeras.com.do\/index.php\/wp-json\/wp\/v2\/posts\/76178\/revisions"}],"predecessor-version":[{"id":76180,"href":"https:\/\/lasprimeras.com.do\/index.php\/wp-json\/wp\/v2\/posts\/76178\/revisions\/76180"}],"wp:featuredmedia":[{"embeddable":true,"href":"https:\/\/lasprimeras.com.do\/index.php\/wp-json\/wp\/v2\/media\/76179"}],"wp:attachment":[{"href":"https:\/\/lasprimeras.com.do\/index.php\/wp-json\/wp\/v2\/media?parent=76178"}],"wp:term":[{"taxonomy":"category","embeddable":true,"href":"https:\/\/lasprimeras.com.do\/index.php\/wp-json\/wp\/v2\/categories?post=76178"},{"taxonomy":"post_tag","embeddable":true,"href":"https:\/\/lasprimeras.com.do\/index.php\/wp-json\/wp\/v2\/tags?post=76178"}],"curies":[{"name":"wp","href":"https:\/\/api.w.org\/{rel}","templated":true}]}}