{"id":76181,"date":"2024-02-08T07:26:12","date_gmt":"2024-02-08T11:26:12","guid":{"rendered":"https:\/\/lasprimeras.com.do\/?p=76181"},"modified":"2024-02-08T07:26:14","modified_gmt":"2024-02-08T11:26:14","slug":"el-patronato-nacional-de-ganaderos-anuncia-feria-agropecuaria-nacional-2024","status":"publish","type":"post","link":"https:\/\/lasprimeras.com.do\/index.php\/2024\/02\/08\/el-patronato-nacional-de-ganaderos-anuncia-feria-agropecuaria-nacional-2024\/","title":{"rendered":"El Patronato Nacional de Ganaderos anuncia Feria Agropecuaria Nacional 2024"},"content":{"rendered":"\n<p><strong>Bajo el lema: \u201cUnidos hacia un desarrollo agropecuario sostenible\u201d, este a\u00f1o la feria tendr\u00e1 como pa\u00eds invitado a Francia.<\/strong><\/p>\n\n\n\n<p>La Feria Nacional Agropecuaria 2024 se llevar\u00e1 a cabo del 8 al 17 de marzo en la ciudad ganadera. Este evento anual, consolidado como un referente en el sector, convoca a expertos, agricultores, ganaderos, empresarios y figuras destacadas del \u00e1mbito agropecuario, con el prop\u00f3sito fundamental de fomentar el intercambio de conocimientos, promover innovaciones de vanguardia y fortalecer la colaboraci\u00f3n en aras de impulsar un desarrollo agropecuario sostenible en el pa\u00eds.<\/p>\n\n\n\n<p>Bajo el lema &#8220;Unidos hacia un Desarrollo Agropecuario Sostenible&#8221;, este a\u00f1o, la feria destaca la importancia de la colaboraci\u00f3n y la adopci\u00f3n de pr\u00e1cticas sostenibles en el sector.<\/p>\n\n\n\n<p>\u201cEn el contexto actual, la Rep\u00fablica Dominicana se enfrenta a desaf\u00edos significativos relacionados con la sostenibilidad agr\u00edcola. La presi\u00f3n sobre los recursos naturales, eventos clim\u00e1ticos extremos y la necesidad de garantizar la seguridad alimentaria hacen que la adopci\u00f3n de pr\u00e1cticas agr\u00edcolas sostenibles sea imperativa, por esta raz\u00f3n, la Feria Nacional Agropecuaria 2024 no solo representa una celebraci\u00f3n de los logros actuales en el sector, sino tambi\u00e9n un compromiso firme hacia un futuro agr\u00edcola m\u00e1s sostenible y pr\u00f3spero para en el sector\u201d indic\u00f3 Jos\u00e9 Mall\u00e9n, presidente del Patronato Nacional de Ganaderos.<\/p>\n\n\n\n<p><strong>Dedicaci\u00f3n y Participaci\u00f3n Especial: <\/strong>Este a\u00f1o, la feria rinde homenaje a la alcaldesa Carolina Mej\u00eda por su contribuci\u00f3n al desarrollo de la Ciudad Ganadera durante su gesti\u00f3n.<\/p>\n\n\n\n<p>Asimismo, se destacan las trayectorias y aportes de distinguidas personalidades como Carlos Eliseo Negr\u00edn, Romero Balbuena, Fausto de Le\u00f3n y \u00c1ngel Dar\u00edo Ramirez, quienes han dejado una huella significativa en la mejora de la ganader\u00eda lechera en el pa\u00eds.<\/p>\n\n\n\n<p>La Feria Nacional Agropecuaria 2024 tambi\u00e9n tendr\u00e1 el honor de contar con la participaci\u00f3n de Francia como pa\u00eds invitado, fortaleciendo la colaboraci\u00f3n internacional y promoviendo el intercambio de conocimientos y tecnolog\u00edas entre ambas naciones.<\/p>\n\n\n\n<p><strong>Actividades Destacadas: <\/strong>La feria ofrece una amplia variedad de actividades para el disfrute de toda la familia. Entre las novedades de este a\u00f1o, se destaca una exhibici\u00f3n especial de ganado de carne en desarrollo en el pa\u00eds.<\/p>\n\n\n\n<p>Adem\u00e1s, se llevar\u00e1n a cabo exposiciones de maquinaria agr\u00edcola, charlas sobre temas relevantes degustaciones gastron\u00f3micas y eventos recreativos para el entretenimiento del p\u00fablico.<\/p>\n\n\n\n<p><strong>Apoyo Institucional: <\/strong>La Feria Nacional Agropecuaria 2024 cuenta con el respaldo del Ministerio de Agricultura, la Direcci\u00f3n General de Ganader\u00eda, el Instituto Agrario Dominicano, Banco Agr\u00edcola, FEDA y Conaleche.<\/p>\n\n\n\n<p>La presencia activa de estas instituciones busca garantizar que el p\u00fablico tenga acceso a alimentos a precios asequibles, promoviendo as\u00ed la seguridad alimentaria.<\/p>\n","protected":false},"excerpt":{"rendered":"<p>Bajo el lema: \u201cUnidos hacia un desarrollo agropecuario sostenible\u201d, este a\u00f1o la feria tendr\u00e1 como pa\u00eds invitado a Francia. La Feria Nacional Agropecuaria 2024 se llevar\u00e1 a cabo del 8&hellip;<\/p>\n","protected":false},"author":2,"featured_media":76184,"comment_status":"open","ping_status":"open","sticky":false,"template":"","format":"standard","meta":{"content-type":"","jetpack_post_was_ever_published":false,"_jetpack_newsletter_access":"","_jetpack_dont_email_post_to_subs":false,"_jetpack_newsletter_tier_id":0,"_jetpack_memberships_contains_paywalled_content":false,"_jetpack_memberships_contains_paid_content":false,"footnotes":""},"categories":[39,25],"tags":[1212,1146,11643,172,11644],"class_list":["post-76181","post","type-post","status-publish","format-standard","has-post-thumbnail","hentry","category-economia","category-portada","tag-agropecuaria","tag-feria","tag-ganaderos","tag-nacional","tag-patronato"],"jetpack_featured_media_url":"https:\/\/lasprimeras.com.do\/wp-content\/uploads\/2024\/02\/Directiva-del-Patronato-Nacional-de-Ganaderos.jpg","jetpack-related-posts":[{"id":124494,"url":"https:\/\/lasprimeras.com.do\/index.php\/2026\/03\/13\/abinader-proyecta-al-campo-dominicano-hacia-el-futuro-con-la-apertura-de-la-38-feria-agropecuaria-nacional-2026\/","url_meta":{"origin":76181,"position":0},"title":"Abinader proyecta al campo dominicano hacia el futuro con la apertura de la 38 Feria Agropecuaria Nacional 2026","author":"Nelson Feliz","date":"13 de marzo de 2026","format":false,"excerpt":"Con la presencia del presidente Luis Abinader, el Patronato Nacional de Ganaderos inaugur\u00f3 la 38.\u00aa Feria Agropecuaria Nacional, un evento que este a\u00f1o pone especial \u00e9nfasis en la mecanizaci\u00f3n del campo dominicano y en el uso de tecnolog\u00edas para impulsar la productividad del sector agropecuario. La ceremonia se celebr\u00f3 en\u2026","rel":"","context":"En \u00abECONOM\u00cdA\u00bb","block_context":{"text":"ECONOM\u00cdA","link":"https:\/\/lasprimeras.com.do\/index.php\/category\/economia\/"},"img":{"alt_text":"","src":"https:\/\/i0.wp.com\/lasprimeras.com.do\/wp-content\/uploads\/2026\/03\/feria.jpg?resize=350%2C200&ssl=1","width":350,"height":200,"srcset":"https:\/\/i0.wp.com\/lasprimeras.com.do\/wp-content\/uploads\/2026\/03\/feria.jpg?resize=350%2C200&ssl=1 1x, https:\/\/i0.wp.com\/lasprimeras.com.do\/wp-content\/uploads\/2026\/03\/feria.jpg?resize=525%2C300&ssl=1 1.5x, https:\/\/i0.wp.com\/lasprimeras.com.do\/wp-content\/uploads\/2026\/03\/feria.jpg?resize=700%2C400&ssl=1 2x"},"classes":[]},{"id":125328,"url":"https:\/\/lasprimeras.com.do\/index.php\/2026\/03\/22\/raquel-pena-visita-la-feria-agropecuaria-nacional-en-su-ultimo-dia-previo-a-su-clausura-esta-noche\/","url_meta":{"origin":76181,"position":1},"title":"Raquel Pe\u00f1a visita la Feria Agropecuaria Nacional en su \u00faltimo d\u00eda, previo a su clausura esta noche","author":"Nelson Feliz","date":"22 de marzo de 2026","format":false,"excerpt":"La vicepresidenta visit\u00f3 la 38.\u00aa edici\u00f3n de la feria, un espacio que por m\u00e1s de tres d\u00e9cadas impulsa el desarrollo del sector agropecuario. La vicepresidenta de la Rep\u00fablica, Raquel Pe\u00f1a, realiz\u00f3 este domingo un recorrido por los pabellones de la 38.\u00aa Feria Agropecuaria Nacional, en su \u00faltimo d\u00eda, donde productores,\u2026","rel":"","context":"En \u00abNACIONALES\u00bb","block_context":{"text":"NACIONALES","link":"https:\/\/lasprimeras.com.do\/index.php\/category\/nacionales\/"},"img":{"alt_text":"Raquel Pe\u00f1a","src":"https:\/\/i0.wp.com\/lasprimeras.com.do\/wp-content\/uploads\/2026\/03\/Raquel-Pena-1-2.jpg?resize=350%2C200&ssl=1","width":350,"height":200,"srcset":"https:\/\/i0.wp.com\/lasprimeras.com.do\/wp-content\/uploads\/2026\/03\/Raquel-Pena-1-2.jpg?resize=350%2C200&ssl=1 1x, https:\/\/i0.wp.com\/lasprimeras.com.do\/wp-content\/uploads\/2026\/03\/Raquel-Pena-1-2.jpg?resize=525%2C300&ssl=1 1.5x, https:\/\/i0.wp.com\/lasprimeras.com.do\/wp-content\/uploads\/2026\/03\/Raquel-Pena-1-2.jpg?resize=700%2C400&ssl=1 2x"},"classes":[]},{"id":121501,"url":"https:\/\/lasprimeras.com.do\/index.php\/2026\/02\/04\/bagricola-anuncia-prestamos-con-tasa-del-6-en-la-feria-agropecuaria-2026\/","url_meta":{"origin":76181,"position":2},"title":"Bagr\u00edcola anuncia pr\u00e9stamos con tasa del 6% en la Feria Agropecuaria 2026","author":"Nelson Feliz","date":"4 de febrero de 2026","format":false,"excerpt":"Los pr\u00e9stamos del Banco Agr\u00edcola de la Rep\u00fablica Dominicana, a una tasa preferencial del 6% anual, figuran entre los principales atractivos de la Feria Agropecuaria Nacional 2026, que celebrar\u00e1 el Patronato Nacional de Ganaderos, del 12 al 22 de marzo, en la capital. El administrador del Bagr\u00edcola, Fernando Dur\u00e1n, expres\u00f3\u2026","rel":"","context":"En \u00abECONOM\u00cdA\u00bb","block_context":{"text":"ECONOM\u00cdA","link":"https:\/\/lasprimeras.com.do\/index.php\/category\/economia\/"},"img":{"alt_text":"","src":"https:\/\/i0.wp.com\/lasprimeras.com.do\/wp-content\/uploads\/2026\/02\/FERIA-AGROPECUARIA-2.jpg?resize=350%2C200&ssl=1","width":350,"height":200,"srcset":"https:\/\/i0.wp.com\/lasprimeras.com.do\/wp-content\/uploads\/2026\/02\/FERIA-AGROPECUARIA-2.jpg?resize=350%2C200&ssl=1 1x, https:\/\/i0.wp.com\/lasprimeras.com.do\/wp-content\/uploads\/2026\/02\/FERIA-AGROPECUARIA-2.jpg?resize=525%2C300&ssl=1 1.5x, https:\/\/i0.wp.com\/lasprimeras.com.do\/wp-content\/uploads\/2026\/02\/FERIA-AGROPECUARIA-2.jpg?resize=700%2C400&ssl=1 2x"},"classes":[]},{"id":95959,"url":"https:\/\/lasprimeras.com.do\/index.php\/2025\/03\/21\/abinader-inaugura-feria-agropecuaria-nacional-2025\/","url_meta":{"origin":76181,"position":3},"title":"Abinader inaugura Feria Agropecuaria Nacional 2025","author":"Nelson Feliz","date":"21 de marzo de 2025","format":false,"excerpt":"Somete proyecto de ley para designar Ciudad Ganadera con el nombre de Dr. Julio Antonio Brache Arzeno. El presidente Luis Abinader inaugur\u00f3 la Feria Agropecuaria Nacional 2025, escenario en el que anunci\u00f3 fue sometido ante el Congreso Nacional un proyecto de ley para designar la Ciudad Ganadera con el nombre\u2026","rel":"","context":"En \u00abECONOM\u00cdA\u00bb","block_context":{"text":"ECONOM\u00cdA","link":"https:\/\/lasprimeras.com.do\/index.php\/category\/economia\/"},"img":{"alt_text":"","src":"https:\/\/i0.wp.com\/lasprimeras.com.do\/wp-content\/uploads\/2025\/03\/Abinader-1.jpg?resize=350%2C200&ssl=1","width":350,"height":200,"srcset":"https:\/\/i0.wp.com\/lasprimeras.com.do\/wp-content\/uploads\/2025\/03\/Abinader-1.jpg?resize=350%2C200&ssl=1 1x, https:\/\/i0.wp.com\/lasprimeras.com.do\/wp-content\/uploads\/2025\/03\/Abinader-1.jpg?resize=525%2C300&ssl=1 1.5x, https:\/\/i0.wp.com\/lasprimeras.com.do\/wp-content\/uploads\/2025\/03\/Abinader-1.jpg?resize=700%2C400&ssl=1 2x"},"classes":[]},{"id":95530,"url":"https:\/\/lasprimeras.com.do\/index.php\/2025\/03\/14\/conaleche-anuncia-su-participacion-en-la-feria-agropecuaria-nacional-2025\/","url_meta":{"origin":76181,"position":4},"title":"CONALECHE anuncia su participaci\u00f3n en la Feria Agropecuaria Nacional 2025","author":"Nelson Feliz","date":"14 de marzo de 2025","format":false,"excerpt":"El Consejo Nacional para la Reglamentaci\u00f3n y Fomento de la Industria Lechera (CONALECHE) anunci\u00f3 su participaci\u00f3n en la Feria Agropecuaria Nacional 2025, que se celebrar\u00e1 del viernes 21 al domingo 30 de marzo en la Ciudad Ganadera. El director de CONALECHE, Miguel Laureano, invit\u00f3 a productores y al p\u00fablico en\u2026","rel":"","context":"En \u00abECONOM\u00cdA\u00bb","block_context":{"text":"ECONOM\u00cdA","link":"https:\/\/lasprimeras.com.do\/index.php\/category\/economia\/"},"img":{"alt_text":"Miguel Laureano","src":"https:\/\/i0.wp.com\/lasprimeras.com.do\/wp-content\/uploads\/2025\/03\/Miguel-Laureano.jpg?resize=350%2C200&ssl=1","width":350,"height":200,"srcset":"https:\/\/i0.wp.com\/lasprimeras.com.do\/wp-content\/uploads\/2025\/03\/Miguel-Laureano.jpg?resize=350%2C200&ssl=1 1x, https:\/\/i0.wp.com\/lasprimeras.com.do\/wp-content\/uploads\/2025\/03\/Miguel-Laureano.jpg?resize=525%2C300&ssl=1 1.5x"},"classes":[]},{"id":124615,"url":"https:\/\/lasprimeras.com.do\/index.php\/2026\/03\/15\/banco-agricola-anuncia-fondos-en-feria-agropecuaria\/","url_meta":{"origin":76181,"position":5},"title":"Banco Agr\u00edcola anuncia fondos en Feria Agropecuaria","author":"Nelson Feliz","date":"15 de marzo de 2026","format":false,"excerpt":"En el marco de la Feria Nacional Agropecuaria 2026, el Banco Agr\u00edcola anunci\u00f3 la disponibilidad de recursos para apoyar la tecnificaci\u00f3n y modernizaci\u00f3n de la producci\u00f3n agropecuaria, con financiamientos de a una tasa de feria del 6 % anual. Dicha iniciativa est\u00e1 dirigida a medianos y peque\u00f1os productores, tanto individuales\u2026","rel":"","context":"En \u00abECONOM\u00cdA\u00bb","block_context":{"text":"ECONOM\u00cdA","link":"https:\/\/lasprimeras.com.do\/index.php\/category\/economia\/"},"img":{"alt_text":"","src":"https:\/\/i0.wp.com\/lasprimeras.com.do\/wp-content\/uploads\/2026\/03\/CON-EL-MINISTRO-DE-AGRICULTURA.jpg?resize=350%2C200&ssl=1","width":350,"height":200,"srcset":"https:\/\/i0.wp.com\/lasprimeras.com.do\/wp-content\/uploads\/2026\/03\/CON-EL-MINISTRO-DE-AGRICULTURA.jpg?resize=350%2C200&ssl=1 1x, https:\/\/i0.wp.com\/lasprimeras.com.do\/wp-content\/uploads\/2026\/03\/CON-EL-MINISTRO-DE-AGRICULTURA.jpg?resize=525%2C300&ssl=1 1.5x, https:\/\/i0.wp.com\/lasprimeras.com.do\/wp-content\/uploads\/2026\/03\/CON-EL-MINISTRO-DE-AGRICULTURA.jpg?resize=700%2C400&ssl=1 2x"},"classes":[]}],"jetpack_sharing_enabled":true,"_links":{"self":[{"href":"https:\/\/lasprimeras.com.do\/index.php\/wp-json\/wp\/v2\/posts\/76181","targetHints":{"allow":["GET"]}}],"collection":[{"href":"https:\/\/lasprimeras.com.do\/index.php\/wp-json\/wp\/v2\/posts"}],"about":[{"href":"https:\/\/lasprimeras.com.do\/index.php\/wp-json\/wp\/v2\/types\/post"}],"author":[{"embeddable":true,"href":"https:\/\/lasprimeras.com.do\/index.php\/wp-json\/wp\/v2\/users\/2"}],"replies":[{"embeddable":true,"href":"https:\/\/lasprimeras.com.do\/index.php\/wp-json\/wp\/v2\/comments?post=76181"}],"version-history":[{"count":1,"href":"https:\/\/lasprimeras.com.do\/index.php\/wp-json\/wp\/v2\/posts\/76181\/revisions"}],"predecessor-version":[{"id":76185,"href":"https:\/\/lasprimeras.com.do\/index.php\/wp-json\/wp\/v2\/posts\/76181\/revisions\/76185"}],"wp:featuredmedia":[{"embeddable":true,"href":"https:\/\/lasprimeras.com.do\/index.php\/wp-json\/wp\/v2\/media\/76184"}],"wp:attachment":[{"href":"https:\/\/lasprimeras.com.do\/index.php\/wp-json\/wp\/v2\/media?parent=76181"}],"wp:term":[{"taxonomy":"category","embeddable":true,"href":"https:\/\/lasprimeras.com.do\/index.php\/wp-json\/wp\/v2\/categories?post=76181"},{"taxonomy":"post_tag","embeddable":true,"href":"https:\/\/lasprimeras.com.do\/index.php\/wp-json\/wp\/v2\/tags?post=76181"}],"curies":[{"name":"wp","href":"https:\/\/api.w.org\/{rel}","templated":true}]}}