{"id":76186,"date":"2024-02-08T07:54:19","date_gmt":"2024-02-08T11:54:19","guid":{"rendered":"https:\/\/lasprimeras.com.do\/?p=76186"},"modified":"2024-02-08T07:54:20","modified_gmt":"2024-02-08T11:54:20","slug":"gobierno-deja-iniciado-trabajos-de-construccion-de-planta-de-reciclaje-en-spm","status":"publish","type":"post","link":"https:\/\/lasprimeras.com.do\/index.php\/2024\/02\/08\/gobierno-deja-iniciado-trabajos-de-construccion-de-planta-de-reciclaje-en-spm\/","title":{"rendered":"Gobierno deja iniciado trabajos de construcci\u00f3n de planta de reciclaje en SPM"},"content":{"rendered":"\n<p>La gobernadora de San Pedro de Macor\u00eds, Aracelis Villanueva y la vicepresidenta de la Rep\u00fablica, Raquel Pe\u00f1a, dejaron iniciados los trabajos de construcci\u00f3n de la Planta Renacer.<\/p>\n\n\n\n<p>La planta de reciclaje &#8220;botella a botella&#8221; de pl\u00e1stico PET, grado alimenticio, la primera de este tipo en Rep\u00fablica Dominicana y el Caribe, que se levantar\u00e1 en el municipio Quisqueya en San Pedro de Macor\u00eds.<\/p>\n\n\n\n<p>Adem\u00e1s de Pe\u00f1a y Villanueva, participaron en esta actividad el presidente de la empresa centroamericana de reciclaje Inversiones Materiales (Inverna), George Catlin, el CEO del grupo de empresas de empaques y bebidas Diesco, Manuel Diez Cabral, el ministro de Industria y Comercio, V\u00edctor Bison\u00f3, la ministra de la Mujer, Mayra Jim\u00e9nez, y el alcalde Richard Montilla, entre otras personalidades.<\/p>\n\n\n\n<p>La Planta Renacer, con 14,000 metros de construcci\u00f3n y una inversi\u00f3n privada de m\u00e1s de USD 50 millones de d\u00f3lares, proyecta con su modelo de operaci\u00f3n generar unos 500 empleos directos, as\u00ed como m\u00e1s de 5,000 empleos indirectos, incluyendo una red nacional de recolectores.<\/p>\n","protected":false},"excerpt":{"rendered":"<p>La gobernadora de San Pedro de Macor\u00eds, Aracelis Villanueva y la vicepresidenta de la Rep\u00fablica, Raquel Pe\u00f1a, dejaron iniciados los trabajos de construcci\u00f3n de la Planta Renacer. La planta de&hellip;<\/p>\n","protected":false},"author":2,"featured_media":76193,"comment_status":"open","ping_status":"open","sticky":false,"template":"","format":"standard","meta":{"content-type":"","jetpack_post_was_ever_published":false,"_jetpack_newsletter_access":"","_jetpack_dont_email_post_to_subs":false,"_jetpack_newsletter_tier_id":0,"_jetpack_memberships_contains_paywalled_content":false,"_jetpack_memberships_contains_paid_content":false,"footnotes":""},"categories":[39],"tags":[970,3000,11645,11646,966,2874],"class_list":["post-76186","post","type-post","status-publish","format-standard","has-post-thumbnail","hentry","category-economia","tag-construccion","tag-gobernadora","tag-planta-de-reciclaje","tag-quisqueya","tag-spm","tag-vicepresidenta"],"jetpack_featured_media_url":"https:\/\/lasprimeras.com.do\/wp-content\/uploads\/2024\/02\/Raquel-Pena-1.jpg","jetpack-related-posts":[{"id":127890,"url":"https:\/\/lasprimeras.com.do\/index.php\/2026\/04\/17\/abinader-inaugura-planta-renacer-primera-del-caribe-en-producir-resina-pet-reciclada-para-alimentos\/","url_meta":{"origin":76186,"position":0},"title":"Abinader inaugura Planta Renacer, primera del Caribe en producir resina PET reciclada para alimentos","author":"Nelson Feliz","date":"17 de abril de 2026","format":false,"excerpt":"El proyecto generar\u00e1 500 empleos directos y 5,000 indirectos. El presidente Luis Abinaderdej\u00f3 inaugurada este jueves la\u00a0Planta Renacer, la primera instalaci\u00f3n del Caribe especializada en producir\u00a0resina PET reciclada grado alimenticio, un proyecto pionero que transformar\u00e1 millones de\u00a0botellas pl\u00e1sticas en nueva materia primapara la industria. Esta generar\u00e1\u00a0m\u00e1s de 500 empleos directos\u2026","rel":"","context":"En \u00abNACIONALES\u00bb","block_context":{"text":"NACIONALES","link":"https:\/\/lasprimeras.com.do\/index.php\/category\/nacionales\/"},"img":{"alt_text":"","src":"https:\/\/i0.wp.com\/lasprimeras.com.do\/wp-content\/uploads\/2026\/04\/WhatsApp-Image-2026-04-16-at-1.06.44-PM.jpeg?resize=350%2C200&ssl=1","width":350,"height":200,"srcset":"https:\/\/i0.wp.com\/lasprimeras.com.do\/wp-content\/uploads\/2026\/04\/WhatsApp-Image-2026-04-16-at-1.06.44-PM.jpeg?resize=350%2C200&ssl=1 1x, https:\/\/i0.wp.com\/lasprimeras.com.do\/wp-content\/uploads\/2026\/04\/WhatsApp-Image-2026-04-16-at-1.06.44-PM.jpeg?resize=525%2C300&ssl=1 1.5x, https:\/\/i0.wp.com\/lasprimeras.com.do\/wp-content\/uploads\/2026\/04\/WhatsApp-Image-2026-04-16-at-1.06.44-PM.jpeg?resize=700%2C400&ssl=1 2x, https:\/\/i0.wp.com\/lasprimeras.com.do\/wp-content\/uploads\/2026\/04\/WhatsApp-Image-2026-04-16-at-1.06.44-PM.jpeg?resize=1050%2C600&ssl=1 3x"},"classes":[]},{"id":103117,"url":"https:\/\/lasprimeras.com.do\/index.php\/2025\/07\/11\/abinader-desarrollara-agenda-de-trabajo-este-fin-de-semana-spm-sd-este-y-boca-chica\/","url_meta":{"origin":76186,"position":1},"title":"Abinader desarrollar\u00e1 agenda de trabajo este fin de semana SPM, SD-Este y Boca Chica","author":"Nelson Feliz","date":"11 de julio de 2025","format":false,"excerpt":"El presidente Luis Abinader, continuar\u00e1 este fin de semana con su agenda de trabajo en el territorio nacional, con actividades programadas el s\u00e1bado 12 y domingo 13 de julio en la provincia de San Pedro de Macor\u00eds, Santo Domingo Este y Boca Chica en beneficio de la ciudadan\u00eda. Las acciones\u2026","rel":"","context":"En \u00abNACIONALES\u00bb","block_context":{"text":"NACIONALES","link":"https:\/\/lasprimeras.com.do\/index.php\/category\/nacionales\/"},"img":{"alt_text":"","src":"https:\/\/i0.wp.com\/lasprimeras.com.do\/wp-content\/uploads\/2025\/07\/Luis-Abinader-4-1.jpg?resize=350%2C200&ssl=1","width":350,"height":200,"srcset":"https:\/\/i0.wp.com\/lasprimeras.com.do\/wp-content\/uploads\/2025\/07\/Luis-Abinader-4-1.jpg?resize=350%2C200&ssl=1 1x, https:\/\/i0.wp.com\/lasprimeras.com.do\/wp-content\/uploads\/2025\/07\/Luis-Abinader-4-1.jpg?resize=525%2C300&ssl=1 1.5x, https:\/\/i0.wp.com\/lasprimeras.com.do\/wp-content\/uploads\/2025\/07\/Luis-Abinader-4-1.jpg?resize=700%2C400&ssl=1 2x"},"classes":[]},{"id":92014,"url":"https:\/\/lasprimeras.com.do\/index.php\/2024\/12\/11\/raquel-pena-inaugura-destacamento-en-sde-y-escuela-en-spm\/","url_meta":{"origin":76186,"position":2},"title":"Raquel Pe\u00f1a inaugura destacamento en SDE y escuela en SPM","author":"Nelson Feliz","date":"11 de diciembre de 2024","format":false,"excerpt":"La vicepresidenta tambi\u00e9n comparti\u00f3 almuerzos navide\u00f1os con cientos de comunitarios de la regi\u00f3n Este. Con el objetivo de continuar sumando pelda\u00f1os a la escalada por la transformaci\u00f3n de la Polic\u00eda Nacional y el sistema educativo dominicano, la vicepresidenta de la Rep\u00fablica, Raquel Pe\u00f1a, inaugur\u00f3 un nuevo destacamento y una escuela\u2026","rel":"","context":"En \u00abNACIONALES\u00bb","block_context":{"text":"NACIONALES","link":"https:\/\/lasprimeras.com.do\/index.php\/category\/nacionales\/"},"img":{"alt_text":"Raquel Pe\u00f1a","src":"https:\/\/i0.wp.com\/lasprimeras.com.do\/wp-content\/uploads\/2024\/12\/Raquel-Pena.jpg?resize=350%2C200&ssl=1","width":350,"height":200,"srcset":"https:\/\/i0.wp.com\/lasprimeras.com.do\/wp-content\/uploads\/2024\/12\/Raquel-Pena.jpg?resize=350%2C200&ssl=1 1x, https:\/\/i0.wp.com\/lasprimeras.com.do\/wp-content\/uploads\/2024\/12\/Raquel-Pena.jpg?resize=525%2C300&ssl=1 1.5x"},"classes":[]},{"id":108904,"url":"https:\/\/lasprimeras.com.do\/index.php\/2025\/09\/11\/senado-sesiona-en-san-pedro-de-macoris-al-conmemorarse-el-143-aniversario-de-la-ciudad\/","url_meta":{"origin":76186,"position":3},"title":"Senado sesiona en San Pedro de Macor\u00eds al conmemorarse el 143 aniversario de la ciudad","author":"Nelson Feliz","date":"11 de septiembre de 2025","format":false,"excerpt":"El Senado de la Rep\u00fablica celebr\u00f3 una sesi\u00f3n hist\u00f3rica en la provincia de San Pedro de Macor\u00eds en el 143 aniversario de la ciudad y en la conmemoraci\u00f3n del 118 aniversario de su designaci\u00f3n como provincia. El pleno del Senado se traslad\u00f3 a la sede de la Universidad Central del\u2026","rel":"","context":"En \u00abNACIONALES\u00bb","block_context":{"text":"NACIONALES","link":"https:\/\/lasprimeras.com.do\/index.php\/category\/nacionales\/"},"img":{"alt_text":"","src":"https:\/\/i0.wp.com\/lasprimeras.com.do\/wp-content\/uploads\/2025\/09\/senado.jpg?resize=350%2C200&ssl=1","width":350,"height":200,"srcset":"https:\/\/i0.wp.com\/lasprimeras.com.do\/wp-content\/uploads\/2025\/09\/senado.jpg?resize=350%2C200&ssl=1 1x, https:\/\/i0.wp.com\/lasprimeras.com.do\/wp-content\/uploads\/2025\/09\/senado.jpg?resize=525%2C300&ssl=1 1.5x, https:\/\/i0.wp.com\/lasprimeras.com.do\/wp-content\/uploads\/2025\/09\/senado.jpg?resize=700%2C400&ssl=1 2x"},"classes":[]},{"id":103152,"url":"https:\/\/lasprimeras.com.do\/index.php\/2025\/07\/12\/abinader-celebra-cumpleanos-entregando-titulos-de-propiedad-en-el-municipio-de-quisqueya\/","url_meta":{"origin":76186,"position":4},"title":"Abinader celebra cumplea\u00f1os entregando t\u00edtulos de propiedad en el municipio de Quisqueya","author":"Nelson Feliz","date":"12 de julio de 2025","format":false,"excerpt":"Mandatario dice que la mejor celebraci\u00f3n de cumplea\u00f1os es entregando t\u00edtulos a los m\u00e1s necesitados. El presidente Luis Abinader manifest\u00f3 que la mejor manera que puede tener para celebrar su cumplea\u00f1os es entregar t\u00edtulos a los m\u00e1s necesitados. El mandatario se traslad\u00f3 este s\u00e1bado, en el d\u00eda de su cumplea\u00f1os,\u2026","rel":"","context":"En \u00abNACIONALES\u00bb","block_context":{"text":"NACIONALES","link":"https:\/\/lasprimeras.com.do\/index.php\/category\/nacionales\/"},"img":{"alt_text":"","src":"https:\/\/i0.wp.com\/lasprimeras.com.do\/wp-content\/uploads\/2025\/07\/Luis-Abinader-6.jpg?resize=350%2C200&ssl=1","width":350,"height":200,"srcset":"https:\/\/i0.wp.com\/lasprimeras.com.do\/wp-content\/uploads\/2025\/07\/Luis-Abinader-6.jpg?resize=350%2C200&ssl=1 1x, https:\/\/i0.wp.com\/lasprimeras.com.do\/wp-content\/uploads\/2025\/07\/Luis-Abinader-6.jpg?resize=525%2C300&ssl=1 1.5x, https:\/\/i0.wp.com\/lasprimeras.com.do\/wp-content\/uploads\/2025\/07\/Luis-Abinader-6.jpg?resize=700%2C400&ssl=1 2x"},"classes":[]},{"id":114205,"url":"https:\/\/lasprimeras.com.do\/index.php\/2025\/11\/12\/celso-marranzini-aclara-apagon-nacional-descarta-sabotaje-y-senala-error-en-subestacion-de-san-pedro-de-macoris\/","url_meta":{"origin":76186,"position":5},"title":"Celso Marranzini aclara apag\u00f3n nacional; descarta sabotaje y se\u00f1ala error en subestaci\u00f3n de San Pedro de Macor\u00eds","author":"Nelson Feliz","date":"12 de noviembre de 2025","format":false,"excerpt":"El presidente del Consejo Unificado de las Empresas Distribuidoras de Electricidad (CUEDE), Celso Marranzini, ofreci\u00f3 detalles sobre el apag\u00f3n generalizado que afect\u00f3 al pa\u00eds, confirmando que el incidente se debi\u00f3 a un error t\u00e9cnico en una subestaci\u00f3n de transmisi\u00f3n el\u00e9ctrica en San Pedro de Macor\u00eds, gestionada por la Empresa de\u2026","rel":"","context":"En \u00abNACIONALES\u00bb","block_context":{"text":"NACIONALES","link":"https:\/\/lasprimeras.com.do\/index.php\/category\/nacionales\/"},"img":{"alt_text":"celso-marranzini","src":"https:\/\/i0.wp.com\/lasprimeras.com.do\/wp-content\/uploads\/2024\/07\/celso-marranzini.jpg?resize=350%2C200&ssl=1","width":350,"height":200,"srcset":"https:\/\/i0.wp.com\/lasprimeras.com.do\/wp-content\/uploads\/2024\/07\/celso-marranzini.jpg?resize=350%2C200&ssl=1 1x, https:\/\/i0.wp.com\/lasprimeras.com.do\/wp-content\/uploads\/2024\/07\/celso-marranzini.jpg?resize=525%2C300&ssl=1 1.5x"},"classes":[]}],"jetpack_sharing_enabled":true,"_links":{"self":[{"href":"https:\/\/lasprimeras.com.do\/index.php\/wp-json\/wp\/v2\/posts\/76186","targetHints":{"allow":["GET"]}}],"collection":[{"href":"https:\/\/lasprimeras.com.do\/index.php\/wp-json\/wp\/v2\/posts"}],"about":[{"href":"https:\/\/lasprimeras.com.do\/index.php\/wp-json\/wp\/v2\/types\/post"}],"author":[{"embeddable":true,"href":"https:\/\/lasprimeras.com.do\/index.php\/wp-json\/wp\/v2\/users\/2"}],"replies":[{"embeddable":true,"href":"https:\/\/lasprimeras.com.do\/index.php\/wp-json\/wp\/v2\/comments?post=76186"}],"version-history":[{"count":1,"href":"https:\/\/lasprimeras.com.do\/index.php\/wp-json\/wp\/v2\/posts\/76186\/revisions"}],"predecessor-version":[{"id":76194,"href":"https:\/\/lasprimeras.com.do\/index.php\/wp-json\/wp\/v2\/posts\/76186\/revisions\/76194"}],"wp:featuredmedia":[{"embeddable":true,"href":"https:\/\/lasprimeras.com.do\/index.php\/wp-json\/wp\/v2\/media\/76193"}],"wp:attachment":[{"href":"https:\/\/lasprimeras.com.do\/index.php\/wp-json\/wp\/v2\/media?parent=76186"}],"wp:term":[{"taxonomy":"category","embeddable":true,"href":"https:\/\/lasprimeras.com.do\/index.php\/wp-json\/wp\/v2\/categories?post=76186"},{"taxonomy":"post_tag","embeddable":true,"href":"https:\/\/lasprimeras.com.do\/index.php\/wp-json\/wp\/v2\/tags?post=76186"}],"curies":[{"name":"wp","href":"https:\/\/api.w.org\/{rel}","templated":true}]}}