{"id":76187,"date":"2024-02-08T07:52:06","date_gmt":"2024-02-08T11:52:06","guid":{"rendered":"https:\/\/lasprimeras.com.do\/?p=76187"},"modified":"2024-02-08T07:52:08","modified_gmt":"2024-02-08T11:52:08","slug":"ministerio-de-salud-informa-aplico-mas-de-seis-millones-de-dosis","status":"publish","type":"post","link":"https:\/\/lasprimeras.com.do\/index.php\/2024\/02\/08\/ministerio-de-salud-informa-aplico-mas-de-seis-millones-de-dosis\/","title":{"rendered":"Ministerio de Salud informa aplic\u00f3 m\u00e1s de seis millones de dosis"},"content":{"rendered":"\n<p>Santo Domingo.-Durante el 2023 al 31 de enero del presente a\u00f1o, el Ministerio de Salud P\u00fablica aplic\u00f3 seis millones de dosis de diferentes tipos de vacunas, revel\u00f3 este mi\u00e9rcoles la directora de Inmunoprevenibles por Vacunas, doctora Aida Luc\u00eda Vargas, las que sostuvo contribuir\u00e1n a mantener el control y erradicaci\u00f3n de enfermedades prevenibles por vacunas contempladas en el esquema regular de vacunaci\u00f3n.<\/p>\n\n\n\n<p>Dijo que a trav\u00e9s de esa dependencia, el MSP aplica 17 tipos de vacunas las cuales previenen contra 19 enfermedades, a las que tienen acceso toda la poblaci\u00f3n, acorde a sus rangos de edades y al perfil epidemiol\u00f3gico de la poblaci\u00f3n dominicana.<\/p>\n\n\n\n<p>Refiri\u00f3 que solo de difteria y t\u00e9tanos se aplicaron 1, 087,089 dosis a la poblaci\u00f3n objeto, la cual se aplica de manera regular a la poblaci\u00f3n infantil desde los dos meses hasta los 14 a\u00f1os; 199,999 de \u00e9stas se aplicaron a trabajadores agr\u00edcolas y de la construcci\u00f3n, 197,856 a ni\u00f1os de 7 a 8 a\u00f1os y 591,449 a ni\u00f1os de 9 a 14 a\u00f1os.\u201c<\/p>\n\n\n\n<p>Necesitamos de una mayor conciencia de parte de los padres, tutores y jefes de familia, sobre la importancia en que vacunen sus ni\u00f1as contra esa enfermedad, la cual es responsable de por lo menos 550 defunciones cada a\u00f1o\u201d, advirti\u00f3 la doctora Vargas.<\/p>\n\n\n\n<p>Contra el sarampi\u00f3n y rub\u00e9ola, Vargas manifest\u00f3 que se aplicaron 170 mil 183 ni\u00f1os y se alcanz\u00f3 cobertura de 93.7%; ambas enfermedades est\u00e1n erradicadas en el pa\u00eds, no obstante, se mantiene la vacunaci\u00f3n constante para evitar la importaci\u00f3n de casos provenientes de otros pa\u00edses de la regi\u00f3n de las Am\u00e9ricas, en los que se han reportado casos de sarampi\u00f3n en los \u00faltimos a\u00f1os.<\/p>\n","protected":false},"excerpt":{"rendered":"<p>Santo Domingo.-Durante el 2023 al 31 de enero del presente a\u00f1o, el Ministerio de Salud P\u00fablica aplic\u00f3 seis millones de dosis de diferentes tipos de vacunas, revel\u00f3 este mi\u00e9rcoles la&hellip;<\/p>\n","protected":false},"author":3,"featured_media":76188,"comment_status":"open","ping_status":"open","sticky":false,"template":"","format":"standard","meta":{"content-type":"","jetpack_post_was_ever_published":false,"_jetpack_newsletter_access":"","_jetpack_dont_email_post_to_subs":false,"_jetpack_newsletter_tier_id":0,"_jetpack_memberships_contains_paywalled_content":false,"_jetpack_memberships_contains_paid_content":false,"footnotes":""},"categories":[25],"tags":[],"class_list":["post-76187","post","type-post","status-publish","format-standard","has-post-thumbnail","hentry","category-portada"],"jetpack_featured_media_url":"https:\/\/lasprimeras.com.do\/wp-content\/uploads\/2024\/02\/descarga-4.jpeg","jetpack-related-posts":[{"id":119223,"url":"https:\/\/lasprimeras.com.do\/index.php\/2026\/01\/08\/sociedad-de-pediatria-pide-respetar-esquema-local-de-vacunas-pese-a-cambios-en-ee-uu\/","url_meta":{"origin":76187,"position":0},"title":"Sociedad de Pediatr\u00eda pide respetar esquema local de vacunas pese a cambios en EE.UU.","author":"Nelson Feliz","date":"8 de enero de 2026","format":false,"excerpt":"La Sociedad Dominicana de Pediatr\u00eda pidi\u00f3 este jueves a la poblaci\u00f3n cumplir con el esquema completo de vacunaci\u00f3n, tal como est\u00e1 establecido por la Direcci\u00f3n de Inmunoprevenibles por Vacunas (DIV). \"Es importante recordar que, en nuestro pa\u00eds, contamos con un esquema de vacunaci\u00f3n que se adhiere a las necesidades de\u2026","rel":"","context":"En \u00abSALUD\u00bb","block_context":{"text":"SALUD","link":"https:\/\/lasprimeras.com.do\/index.php\/category\/salud\/"},"img":{"alt_text":"","src":"https:\/\/i0.wp.com\/lasprimeras.com.do\/wp-content\/uploads\/2026\/01\/vacuna.jpg?resize=350%2C200&ssl=1","width":350,"height":200,"srcset":"https:\/\/i0.wp.com\/lasprimeras.com.do\/wp-content\/uploads\/2026\/01\/vacuna.jpg?resize=350%2C200&ssl=1 1x, https:\/\/i0.wp.com\/lasprimeras.com.do\/wp-content\/uploads\/2026\/01\/vacuna.jpg?resize=525%2C300&ssl=1 1.5x, https:\/\/i0.wp.com\/lasprimeras.com.do\/wp-content\/uploads\/2026\/01\/vacuna.jpg?resize=700%2C400&ssl=1 2x"},"classes":[]},{"id":91751,"url":"https:\/\/lasprimeras.com.do\/index.php\/2024\/12\/01\/salud-publica-vacuna-contra-varias-enfermedades-a-cientos-de-ninos-en-sde\/","url_meta":{"origin":76187,"position":1},"title":"Salud P\u00fablica vacuna contra varias enfermedades a cientos de ni\u00f1os en SDE","author":"Nelson Feliz","date":"1 de diciembre de 2024","format":false,"excerpt":"Vacunas contra sarampi\u00f3n, rub\u00e9ola, paperas, polio, difteria, t\u00e9tanos, VPH, influenza, Covid-19 y otras, se aplicaron durante la jornada El \u00c1rea II del Ministerio de Salud P\u00fablica a trav\u00e9s de la Direcci\u00f3n de Inmunoprevenibles por Vacunas (DIV), llev\u00f3 a cabo una jornada de vacunaci\u00f3n que brind\u00f3 protecci\u00f3n a decenas de ni\u00f1os\u2026","rel":"","context":"En \u00abPORTADA\u00bb","block_context":{"text":"PORTADA","link":"https:\/\/lasprimeras.com.do\/index.php\/category\/portada\/"},"img":{"alt_text":"Aida Luc\u00eda Vargas","src":"https:\/\/i0.wp.com\/lasprimeras.com.do\/wp-content\/uploads\/2024\/12\/Aida-Lucia-Vargas.jpg?resize=350%2C200&ssl=1","width":350,"height":200,"srcset":"https:\/\/i0.wp.com\/lasprimeras.com.do\/wp-content\/uploads\/2024\/12\/Aida-Lucia-Vargas.jpg?resize=350%2C200&ssl=1 1x, https:\/\/i0.wp.com\/lasprimeras.com.do\/wp-content\/uploads\/2024\/12\/Aida-Lucia-Vargas.jpg?resize=525%2C300&ssl=1 1.5x"},"classes":[]},{"id":98163,"url":"https:\/\/lasprimeras.com.do\/index.php\/2025\/05\/02\/ministerio-de-salud-introduce-vacuna-hexavalente-acelular\/","url_meta":{"origin":76187,"position":2},"title":"Ministerio de Salud introduce vacuna hexavalente acelular","author":"Nelson Feliz","date":"2 de mayo de 2025","format":false,"excerpt":"El cambio se realiza en el marco de la Semana de Vacunaci\u00f3n en las Am\u00e9ricas junto a la OPS\/OMS El ministro de Salud, V\u00edctor Atallah, anunci\u00f3 la inclusi\u00f3n de la vacuna hexavalente acelular al esquema nacional de vacunaci\u00f3n, sustituyendo progresivamente la vacuna pentavalente, con el objetivo de preservar y proteger\u2026","rel":"","context":"En \u00abSALUD\u00bb","block_context":{"text":"SALUD","link":"https:\/\/lasprimeras.com.do\/index.php\/category\/salud\/"},"img":{"alt_text":"V\u00edctor Atallah","src":"https:\/\/i0.wp.com\/lasprimeras.com.do\/wp-content\/uploads\/2025\/05\/Victor-Atallah-1.jpg?resize=350%2C200&ssl=1","width":350,"height":200,"srcset":"https:\/\/i0.wp.com\/lasprimeras.com.do\/wp-content\/uploads\/2025\/05\/Victor-Atallah-1.jpg?resize=350%2C200&ssl=1 1x, https:\/\/i0.wp.com\/lasprimeras.com.do\/wp-content\/uploads\/2025\/05\/Victor-Atallah-1.jpg?resize=525%2C300&ssl=1 1.5x, https:\/\/i0.wp.com\/lasprimeras.com.do\/wp-content\/uploads\/2025\/05\/Victor-Atallah-1.jpg?resize=700%2C400&ssl=1 2x"},"classes":[]},{"id":81854,"url":"https:\/\/lasprimeras.com.do\/index.php\/2024\/04\/25\/lyssette-cardona-la-vacunacion-es-la-mejor-forma-de-prevenir-el-sarampion\/","url_meta":{"origin":76187,"position":3},"title":"Lyssette Cardona: &#8220;La vacunaci\u00f3n es la mejor forma de prevenir el sarampi\u00f3n&#8221;","author":"Nelson Feliz","date":"25 de abril de 2024","format":false,"excerpt":"Esta enfermedad puede afectar a personas de cualquier edad que no hayan sido vacunadas o que no la padecieran antes. En el marco de la Semana Mundial de la Inmunizaci\u00f3n, especialista de enfermedades infecciosas hace un llamado a la poblaci\u00f3n para vacunarse en contra del sarampi\u00f3n, dada la presencia y\u2026","rel":"","context":"En \u00abSin categor\u00eda\u00bb","block_context":{"text":"Sin categor\u00eda","link":"https:\/\/lasprimeras.com.do\/index.php\/category\/sin-categoria\/"},"img":{"alt_text":"Doctora Lyssette Cardona, especialista en enfermedades infecciosas","src":"https:\/\/i0.wp.com\/lasprimeras.com.do\/wp-content\/uploads\/2024\/04\/Doctora-Lyssette-Cardona-especialista-en-enfermedades-infecciosas.jpg?resize=350%2C200&ssl=1","width":350,"height":200,"srcset":"https:\/\/i0.wp.com\/lasprimeras.com.do\/wp-content\/uploads\/2024\/04\/Doctora-Lyssette-Cardona-especialista-en-enfermedades-infecciosas.jpg?resize=350%2C200&ssl=1 1x, https:\/\/i0.wp.com\/lasprimeras.com.do\/wp-content\/uploads\/2024\/04\/Doctora-Lyssette-Cardona-especialista-en-enfermedades-infecciosas.jpg?resize=525%2C300&ssl=1 1.5x"},"classes":[]},{"id":77530,"url":"https:\/\/lasprimeras.com.do\/index.php\/2024\/02\/22\/pai-llama-a-la-poblacion-vacunarse-contra-el-sarampion-y-otras-enfermedades\/","url_meta":{"origin":76187,"position":4},"title":"PAI llama a la poblaci\u00f3n vacunarse contra el sarampi\u00f3n y otras enfermedades","author":"BIMARY DE JES\u00daS Matos","date":"22 de febrero de 2024","format":false,"excerpt":"Santo Domingo.- La directora del Programa Ampliado de Inmunizaci\u00f3n (PAI), doctora A\u00edda Luc\u00eda Vargas (Luchy), realiz\u00f3 un llamado a la poblaci\u00f3n a acudir a centros de vacunaci\u00f3n a inocularse contra el sarampi\u00f3n, rub\u00e9ola, papera y otras enfermedades del esquema de vacunaci\u00f3n. \u201cLa sociedad no debe preocuparse, m\u00e1s bien deben ocuparse\u2026","rel":"","context":"En \u00abPORTADA\u00bb","block_context":{"text":"PORTADA","link":"https:\/\/lasprimeras.com.do\/index.php\/category\/portada\/"},"img":{"alt_text":"","src":"https:\/\/i0.wp.com\/lasprimeras.com.do\/wp-content\/uploads\/2024\/02\/FQzWcX0XMAc82og-1.webp?resize=350%2C200&ssl=1","width":350,"height":200,"srcset":"https:\/\/i0.wp.com\/lasprimeras.com.do\/wp-content\/uploads\/2024\/02\/FQzWcX0XMAc82og-1.webp?resize=350%2C200&ssl=1 1x, https:\/\/i0.wp.com\/lasprimeras.com.do\/wp-content\/uploads\/2024\/02\/FQzWcX0XMAc82og-1.webp?resize=525%2C300&ssl=1 1.5x, https:\/\/i0.wp.com\/lasprimeras.com.do\/wp-content\/uploads\/2024\/02\/FQzWcX0XMAc82og-1.webp?resize=700%2C400&ssl=1 2x, https:\/\/i0.wp.com\/lasprimeras.com.do\/wp-content\/uploads\/2024\/02\/FQzWcX0XMAc82og-1.webp?resize=1050%2C600&ssl=1 3x, https:\/\/i0.wp.com\/lasprimeras.com.do\/wp-content\/uploads\/2024\/02\/FQzWcX0XMAc82og-1.webp?resize=1400%2C800&ssl=1 4x"},"classes":[]},{"id":113798,"url":"https:\/\/lasprimeras.com.do\/index.php\/2025\/11\/05\/ministro-de-salud-anuncia-jornada-nacional-de-vacunacion-contra-la-influenza\/","url_meta":{"origin":76187,"position":5},"title":"Ministro de Salud anuncia Jornada Nacional de Vacunaci\u00f3n contra la influenza","author":"Nelson Feliz","date":"5 de noviembre de 2025","format":false,"excerpt":"Priorizar\u00e1n vacunaci\u00f3n a embarazadas, menores de tres a\u00f1os, adultos mayores y personas con condiciones de salud delicadas. El ministro de Salud, V\u00edctor Atallah, anunci\u00f3 el inicio de la jornada nacional de vacunaci\u00f3n contra la influenza A (H1N1), A (H3N2) y tipo B, con el objetivo de reducir la circulaci\u00f3n de\u2026","rel":"","context":"En \u00abSin categor\u00eda\u00bb","block_context":{"text":"Sin categor\u00eda","link":"https:\/\/lasprimeras.com.do\/index.php\/category\/sin-categoria\/"},"img":{"alt_text":"","src":"https:\/\/i0.wp.com\/lasprimeras.com.do\/wp-content\/uploads\/2025\/11\/Victor-Atallah.jpg?resize=350%2C200&ssl=1","width":350,"height":200,"srcset":"https:\/\/i0.wp.com\/lasprimeras.com.do\/wp-content\/uploads\/2025\/11\/Victor-Atallah.jpg?resize=350%2C200&ssl=1 1x, https:\/\/i0.wp.com\/lasprimeras.com.do\/wp-content\/uploads\/2025\/11\/Victor-Atallah.jpg?resize=525%2C300&ssl=1 1.5x, https:\/\/i0.wp.com\/lasprimeras.com.do\/wp-content\/uploads\/2025\/11\/Victor-Atallah.jpg?resize=700%2C400&ssl=1 2x"},"classes":[]}],"jetpack_sharing_enabled":true,"_links":{"self":[{"href":"https:\/\/lasprimeras.com.do\/index.php\/wp-json\/wp\/v2\/posts\/76187","targetHints":{"allow":["GET"]}}],"collection":[{"href":"https:\/\/lasprimeras.com.do\/index.php\/wp-json\/wp\/v2\/posts"}],"about":[{"href":"https:\/\/lasprimeras.com.do\/index.php\/wp-json\/wp\/v2\/types\/post"}],"author":[{"embeddable":true,"href":"https:\/\/lasprimeras.com.do\/index.php\/wp-json\/wp\/v2\/users\/3"}],"replies":[{"embeddable":true,"href":"https:\/\/lasprimeras.com.do\/index.php\/wp-json\/wp\/v2\/comments?post=76187"}],"version-history":[{"count":1,"href":"https:\/\/lasprimeras.com.do\/index.php\/wp-json\/wp\/v2\/posts\/76187\/revisions"}],"predecessor-version":[{"id":76189,"href":"https:\/\/lasprimeras.com.do\/index.php\/wp-json\/wp\/v2\/posts\/76187\/revisions\/76189"}],"wp:featuredmedia":[{"embeddable":true,"href":"https:\/\/lasprimeras.com.do\/index.php\/wp-json\/wp\/v2\/media\/76188"}],"wp:attachment":[{"href":"https:\/\/lasprimeras.com.do\/index.php\/wp-json\/wp\/v2\/media?parent=76187"}],"wp:term":[{"taxonomy":"category","embeddable":true,"href":"https:\/\/lasprimeras.com.do\/index.php\/wp-json\/wp\/v2\/categories?post=76187"},{"taxonomy":"post_tag","embeddable":true,"href":"https:\/\/lasprimeras.com.do\/index.php\/wp-json\/wp\/v2\/tags?post=76187"}],"curies":[{"name":"wp","href":"https:\/\/api.w.org\/{rel}","templated":true}]}}