{"id":76190,"date":"2024-02-08T07:55:59","date_gmt":"2024-02-08T11:55:59","guid":{"rendered":"https:\/\/lasprimeras.com.do\/?p=76190"},"modified":"2024-02-08T07:56:01","modified_gmt":"2024-02-08T11:56:01","slug":"chile-comienza-a-rendirle-honores-a-sebastian-pinera","status":"publish","type":"post","link":"https:\/\/lasprimeras.com.do\/index.php\/2024\/02\/08\/chile-comienza-a-rendirle-honores-a-sebastian-pinera\/","title":{"rendered":"Chile comienza a rendirle honores a Sebasti\u00e1n Pi\u00f1era"},"content":{"rendered":"\n<p>Santiago de Chile. Chile amaneci\u00f3 ayer pendiente de la llegada a Santiago del cuerpo del expresidente Sebasti\u00e1n Pi\u00f1era, fallecido este martes en un accidente de helic\u00f3ptero a los 74 a\u00f1os, para despedirlo primero en un velatorio, que se alargar\u00e1 desde este mi\u00e9rcoles hasta el jueves en el antiguo Congreso de Santiago, y luego en el funeral de Estado el viernes.<\/p>\n\n\n\n<p>Con m\u00e1s de una hora de retraso, el f\u00e9retro, cubierto con una bandera chilena, lleg\u00f3 sobre las 12:00 hora local (15:00 GMT) en un avi\u00f3n de la Fuerza A\u00e9rea de Chile (FACh) al aeropuerto de Santiago y fue recibido con honores por el presidente Gabriel Boric y varios de sus ministros.<\/p>\n\n\n\n<p>Al son de un himno f\u00fanebre militar, el ata\u00fad fue sacado del avi\u00f3n por uniformados de la FACh y transportado unos metros en un carruaje de madera, escoltado por sus hijos y parte de sus nietos, hasta un auto que lo condujo a la antigua sede del Congreso Nacional de la capital, donde desde hac\u00eda m\u00e1s de cuatro horas lo esperaban cientos de admiradores bajo el sol abrasador de la primera hora de la tarde.\u201c<\/p>\n\n\n\n<p>Fue impactante su muerte, hasta el \u00faltimo momento no dej\u00f3 de luchar por los dem\u00e1s, lo mismo que siempre hizo por el pa\u00eds.<\/p>\n\n\n\n<p>La verdad que estamos muy consternados\u201d, dice a EFE Isabel Valencia de la ciudad norte\u00f1a de La Serena, que estaba de paso por la capital cuando ocurri\u00f3 la cat\u00e1strofe.<\/p>\n\n\n\n<p>A las 15:30 hora local del martes, el helic\u00f3ptero que pilotaba Pi\u00f1era, junto a otras tres personas que lograron salvarse, una de ellas su hermana Magdalena, se precipit\u00f3 al poco tiempo de despegar sobre el Lago Ranco, un balneario tur\u00edstico situado a 800 kil\u00f3metros al sur de Santiago, donde sol\u00eda pasar los veranos con su familia<\/p>\n","protected":false},"excerpt":{"rendered":"<p>Santiago de Chile. Chile amaneci\u00f3 ayer pendiente de la llegada a Santiago del cuerpo del expresidente Sebasti\u00e1n Pi\u00f1era, fallecido este martes en un accidente de helic\u00f3ptero a los 74 a\u00f1os,&hellip;<\/p>\n","protected":false},"author":3,"featured_media":76192,"comment_status":"open","ping_status":"open","sticky":false,"template":"","format":"standard","meta":{"content-type":"","jetpack_post_was_ever_published":false,"_jetpack_newsletter_access":"","_jetpack_dont_email_post_to_subs":false,"_jetpack_newsletter_tier_id":0,"_jetpack_memberships_contains_paywalled_content":false,"_jetpack_memberships_contains_paid_content":false,"footnotes":""},"categories":[1],"tags":[],"class_list":["post-76190","post","type-post","status-publish","format-standard","has-post-thumbnail","hentry","category-sin-categoria"],"jetpack_featured_media_url":"https:\/\/lasprimeras.com.do\/wp-content\/uploads\/2024\/02\/segunda-pineira-7-768x432-1.jpg","jetpack-related-posts":[{"id":76119,"url":"https:\/\/lasprimeras.com.do\/index.php\/2024\/02\/07\/muerte-de-pinera-fiscalia-entrega-autopsia-a-la-familia-y-prosigue-invetigacion-del-accidente\/","url_meta":{"origin":76190,"position":0},"title":"Muerte de Pi\u00f1era: fiscal\u00eda entrega autopsia a la familia y prosigue invetigaci\u00f3n del accidente","author":"Nelson Feliz","date":"7 de febrero de 2024","format":false,"excerpt":"La investigaci\u00f3n todav\u00eda est\u00e1 en curso y sigue otras dos l\u00edneas. SANTIAGO DE CHILE, EFE- Un equipo multidisciplinario, coordinado por la Fiscal\u00eda de la regi\u00f3n de los R\u00edos, en el sur del pa\u00eds, contin\u00faa las investigaciones sobre las causas precisas de la muerte el martes del expresidente de Chile Sebasti\u00e1n\u2026","rel":"","context":"En \u00abSin categor\u00eda\u00bb","block_context":{"text":"Sin categor\u00eda","link":"https:\/\/lasprimeras.com.do\/index.php\/category\/sin-categoria\/"},"img":{"alt_text":"Tatiana Esquivel","src":"https:\/\/i0.wp.com\/lasprimeras.com.do\/wp-content\/uploads\/2024\/02\/Tatiana-Esquivel.jpg?resize=350%2C200&ssl=1","width":350,"height":200,"srcset":"https:\/\/i0.wp.com\/lasprimeras.com.do\/wp-content\/uploads\/2024\/02\/Tatiana-Esquivel.jpg?resize=350%2C200&ssl=1 1x, https:\/\/i0.wp.com\/lasprimeras.com.do\/wp-content\/uploads\/2024\/02\/Tatiana-Esquivel.jpg?resize=525%2C300&ssl=1 1.5x, https:\/\/i0.wp.com\/lasprimeras.com.do\/wp-content\/uploads\/2024\/02\/Tatiana-Esquivel.jpg?resize=700%2C400&ssl=1 2x"},"classes":[]},{"id":76007,"url":"https:\/\/lasprimeras.com.do\/index.php\/2024\/02\/06\/muere-en-un-accidente-aereo-el-ex-presidente-sebastian-pinera\/","url_meta":{"origin":76190,"position":1},"title":"Muere en un accidente a\u00e9reo el ex presidente Sebasti\u00e1n Pi\u00f1era","author":"Nelson Feliz","date":"6 de febrero de 2024","format":false,"excerpt":"Chile.-. Un accidente a\u00e9reo se registr\u00f3 esta tarde en el sector rural de Ilihue, en localidad del Lago Ranco, regi\u00f3n de los R\u00edos, Chile. Un helic\u00f3ptero privado se precipit\u00f3 en medio del cuerpo de agua, con al menos cuatro ocupantes. Entre ellos estar\u00eda el ex presidente Sebasti\u00e1n Pi\u00f1era. Seg\u00fan los\u2026","rel":"","context":"En \u00abSin categor\u00eda\u00bb","block_context":{"text":"Sin categor\u00eda","link":"https:\/\/lasprimeras.com.do\/index.php\/category\/sin-categoria\/"},"img":{"alt_text":"Sebastian Pi\u00f1era","src":"https:\/\/i0.wp.com\/lasprimeras.com.do\/wp-content\/uploads\/2024\/02\/Sebastian-Pinera.jpg?resize=350%2C200&ssl=1","width":350,"height":200,"srcset":"https:\/\/i0.wp.com\/lasprimeras.com.do\/wp-content\/uploads\/2024\/02\/Sebastian-Pinera.jpg?resize=350%2C200&ssl=1 1x, https:\/\/i0.wp.com\/lasprimeras.com.do\/wp-content\/uploads\/2024\/02\/Sebastian-Pinera.jpg?resize=525%2C300&ssl=1 1.5x, https:\/\/i0.wp.com\/lasprimeras.com.do\/wp-content\/uploads\/2024\/02\/Sebastian-Pinera.jpg?resize=700%2C400&ssl=1 2x"},"classes":[]},{"id":76047,"url":"https:\/\/lasprimeras.com.do\/index.php\/2024\/02\/06\/abinader-expresa-sus-condolencias-por-muerte-de-sebastian-pinera\/","url_meta":{"origin":76190,"position":2},"title":"Abinader expresa sus condolencias por muerte de Sebasti\u00e1n Pi\u00f1era","author":"Nelson Feliz","date":"6 de febrero de 2024","format":false,"excerpt":"Abinader describi\u00f3 a Pi\u00f1era como un \u201camigo\u201d, extendiendo el p\u00e9same a la esposa del fallecido y a sus hijos. El presidente de la Rep\u00fablica, Luis Abinader, expres\u00f3 este martes sus condolencias por la muerte del exmandatario chileno Sebasti\u00e1n Pi\u00f1era, quien falleci\u00f3 en un accidente a\u00e9reo, luego de que el helic\u00f3ptero\u2026","rel":"","context":"En \u00abNACIONALES\u00bb","block_context":{"text":"NACIONALES","link":"https:\/\/lasprimeras.com.do\/index.php\/category\/nacionales\/"},"img":{"alt_text":"ABINADER Y PI\u00d1ERA","src":"https:\/\/i0.wp.com\/lasprimeras.com.do\/wp-content\/uploads\/2024\/02\/ABINADER-Y-PINERA.jpg?resize=350%2C200&ssl=1","width":350,"height":200,"srcset":"https:\/\/i0.wp.com\/lasprimeras.com.do\/wp-content\/uploads\/2024\/02\/ABINADER-Y-PINERA.jpg?resize=350%2C200&ssl=1 1x, https:\/\/i0.wp.com\/lasprimeras.com.do\/wp-content\/uploads\/2024\/02\/ABINADER-Y-PINERA.jpg?resize=525%2C300&ssl=1 1.5x"},"classes":[]},{"id":76458,"url":"https:\/\/lasprimeras.com.do\/index.php\/2024\/02\/11\/parlacen-expresa-condolencias-por-el-fallecimiento-del-expresidente-sebastian-pinera\/","url_meta":{"origin":76190,"position":3},"title":"Parlacen expresa condolencias por el fallecimiento del Expresidente Sebasti\u00e1n Pi\u00f1era","author":"Nelson Feliz","date":"11 de febrero de 2024","format":false,"excerpt":"Adem\u00e1s, se solidariza ante los catastr\u00f3ficos incendios en Chile Guatemala, Centroam\u00e9rica. La Presidenta del Parlamento Centroamericano, Silvia Garc\u00eda Polanco, junto con la Junta Directiva, emiten el d\u00eda de hoy una profunda declaraci\u00f3n de condolencias y solidaridad tras los recientes eventos ocurridos en la Rep\u00fablica de Chile. Es con gran pesar\u2026","rel":"","context":"En \u00abNACIONALES\u00bb","block_context":{"text":"NACIONALES","link":"https:\/\/lasprimeras.com.do\/index.php\/category\/nacionales\/"},"img":{"alt_text":"Parlacen","src":"https:\/\/i0.wp.com\/lasprimeras.com.do\/wp-content\/uploads\/2024\/02\/Parlacen.jpg?resize=350%2C200&ssl=1","width":350,"height":200,"srcset":"https:\/\/i0.wp.com\/lasprimeras.com.do\/wp-content\/uploads\/2024\/02\/Parlacen.jpg?resize=350%2C200&ssl=1 1x, https:\/\/i0.wp.com\/lasprimeras.com.do\/wp-content\/uploads\/2024\/02\/Parlacen.jpg?resize=525%2C300&ssl=1 1.5x, https:\/\/i0.wp.com\/lasprimeras.com.do\/wp-content\/uploads\/2024\/02\/Parlacen.jpg?resize=700%2C400&ssl=1 2x"},"classes":[]},{"id":76010,"url":"https:\/\/lasprimeras.com.do\/index.php\/2024\/02\/06\/sebastian-pinera-visito-rd-en-al-menos-cinco-ocasiones-critico-la-educacion-y-motivo-dialogo-con-haiti\/","url_meta":{"origin":76190,"position":4},"title":"Sebasti\u00e1n Pi\u00f1era visit\u00f3 RD en al menos cinco ocasiones; critic\u00f3 la educaci\u00f3n y motiv\u00f3 di\u00e1logo con Hait\u00ed","author":"Nelson Feliz","date":"6 de febrero de 2024","format":false,"excerpt":"Pi\u00f1era, quien lider\u00f3 Chile en los periodos 2010-2014 y 2018-2022, visit\u00f3 Rep\u00fablica Dominicana para establecer una cooperaci\u00f3n y entendimiento mutuo. Santo Domingo, RD.-. El expresidente chileno Sebasti\u00e1n Pi\u00f1era quien falleci\u00f3 la tarde de este martes en un accidente a\u00e9reo, hab\u00eda visitado Rep\u00fablica Dominicana en diferentes ocasiones, forjando un legado de\u2026","rel":"","context":"En \u00abNACIONALES\u00bb","block_context":{"text":"NACIONALES","link":"https:\/\/lasprimeras.com.do\/index.php\/category\/nacionales\/"},"img":{"alt_text":"Sebasti\u00e1n Pi\u00f1era","src":"https:\/\/i0.wp.com\/lasprimeras.com.do\/wp-content\/uploads\/2024\/02\/Sebastian-Pinera-1.jpeg?resize=350%2C200&ssl=1","width":350,"height":200,"srcset":"https:\/\/i0.wp.com\/lasprimeras.com.do\/wp-content\/uploads\/2024\/02\/Sebastian-Pinera-1.jpeg?resize=350%2C200&ssl=1 1x, https:\/\/i0.wp.com\/lasprimeras.com.do\/wp-content\/uploads\/2024\/02\/Sebastian-Pinera-1.jpeg?resize=525%2C300&ssl=1 1.5x, https:\/\/i0.wp.com\/lasprimeras.com.do\/wp-content\/uploads\/2024\/02\/Sebastian-Pinera-1.jpeg?resize=700%2C400&ssl=1 2x"},"classes":[]},{"id":124301,"url":"https:\/\/lasprimeras.com.do\/index.php\/2026\/03\/10\/presidente-abinader-llego-a-chile-para-la-investidura-del-presidente-jose-antonio-kast\/","url_meta":{"origin":76190,"position":5},"title":"Presidente Abinader lleg\u00f3 a Chile para la investidura del presidente Jos\u00e9 Antonio Kast","author":"Nelson Feliz","date":"10 de marzo de 2026","format":false,"excerpt":"Participar\u00e1 de actos oficiales junto a otros jefes de Estado y de Gobierno Santiago de Chile.- El presidente Luis Abinader arrib\u00f3 este martes a las 6:30 P.M., hora de Chile, al Aeropuerto Arturo Merino Ben\u00edtez, de Santiago de Chile, para asistir a la investidura como nuevo mandatario chileno, Jos\u00e9 Antonio\u2026","rel":"","context":"En \u00abINTERNACIONALES\u00bb","block_context":{"text":"INTERNACIONALES","link":"https:\/\/lasprimeras.com.do\/index.php\/category\/sin-categoria\/internacionales\/"},"img":{"alt_text":"","src":"https:\/\/i0.wp.com\/lasprimeras.com.do\/wp-content\/uploads\/2026\/03\/Abinader-llego-a-Chile-1.jpg?resize=350%2C200&ssl=1","width":350,"height":200,"srcset":"https:\/\/i0.wp.com\/lasprimeras.com.do\/wp-content\/uploads\/2026\/03\/Abinader-llego-a-Chile-1.jpg?resize=350%2C200&ssl=1 1x, https:\/\/i0.wp.com\/lasprimeras.com.do\/wp-content\/uploads\/2026\/03\/Abinader-llego-a-Chile-1.jpg?resize=525%2C300&ssl=1 1.5x, https:\/\/i0.wp.com\/lasprimeras.com.do\/wp-content\/uploads\/2026\/03\/Abinader-llego-a-Chile-1.jpg?resize=700%2C400&ssl=1 2x"},"classes":[]}],"jetpack_sharing_enabled":true,"_links":{"self":[{"href":"https:\/\/lasprimeras.com.do\/index.php\/wp-json\/wp\/v2\/posts\/76190","targetHints":{"allow":["GET"]}}],"collection":[{"href":"https:\/\/lasprimeras.com.do\/index.php\/wp-json\/wp\/v2\/posts"}],"about":[{"href":"https:\/\/lasprimeras.com.do\/index.php\/wp-json\/wp\/v2\/types\/post"}],"author":[{"embeddable":true,"href":"https:\/\/lasprimeras.com.do\/index.php\/wp-json\/wp\/v2\/users\/3"}],"replies":[{"embeddable":true,"href":"https:\/\/lasprimeras.com.do\/index.php\/wp-json\/wp\/v2\/comments?post=76190"}],"version-history":[{"count":1,"href":"https:\/\/lasprimeras.com.do\/index.php\/wp-json\/wp\/v2\/posts\/76190\/revisions"}],"predecessor-version":[{"id":76196,"href":"https:\/\/lasprimeras.com.do\/index.php\/wp-json\/wp\/v2\/posts\/76190\/revisions\/76196"}],"wp:featuredmedia":[{"embeddable":true,"href":"https:\/\/lasprimeras.com.do\/index.php\/wp-json\/wp\/v2\/media\/76192"}],"wp:attachment":[{"href":"https:\/\/lasprimeras.com.do\/index.php\/wp-json\/wp\/v2\/media?parent=76190"}],"wp:term":[{"taxonomy":"category","embeddable":true,"href":"https:\/\/lasprimeras.com.do\/index.php\/wp-json\/wp\/v2\/categories?post=76190"},{"taxonomy":"post_tag","embeddable":true,"href":"https:\/\/lasprimeras.com.do\/index.php\/wp-json\/wp\/v2\/tags?post=76190"}],"curies":[{"name":"wp","href":"https:\/\/api.w.org\/{rel}","templated":true}]}}