{"id":76197,"date":"2024-02-08T07:59:26","date_gmt":"2024-02-08T11:59:26","guid":{"rendered":"https:\/\/lasprimeras.com.do\/?p=76197"},"modified":"2024-02-08T07:59:28","modified_gmt":"2024-02-08T11:59:28","slug":"panama-vence-a-dominicana-3-1-todo-definido-para-semifinales-en-serie-del-caribe","status":"publish","type":"post","link":"https:\/\/lasprimeras.com.do\/index.php\/2024\/02\/08\/panama-vence-a-dominicana-3-1-todo-definido-para-semifinales-en-serie-del-caribe\/","title":{"rendered":"Panam\u00e1 vence a Dominicana 3-1; todo definido para semifinales en Serie del Caribe"},"content":{"rendered":"\n<p>Miami.- Los Federales de Chiriqu\u00ed, de Panam\u00e1, consiguieron anoche un resonante triunfo tres vueltas por una sobre los Tigres del Licey, de la Rep\u00fablica Dominicana, para culminar en la segunda posici\u00f3n de la ronde regular de la 66ava Serie del Caribe.<\/p>\n\n\n\n<p>Ahora tienen marca de cinco ganados y uno perdido, seguido de Venezuela con foja de 4-1, pero juega el \u00faltimo choque de la jornada del mi\u00e9rcoles ante Nicaragua.<\/p>\n\n\n\n<p>Si Venezuela gana quedar\u00e1 en el primer lugar, ya que venci\u00f3 a Panam\u00e1 en su choque directo.<\/p>\n\n\n\n<p>Panam\u00e1 quedar\u00eda en segundo, Dominicana en tercero y Curazao en cuarto lugar.<\/p>\n\n\n\n<p>Los pa\u00edses que avanzan a las semifinales de hoy fueron Panam\u00e1, Venezuela, Dominicana y Curazao. Anoche se defin\u00eda el ocupante del primer lugar.<\/p>\n\n\n\n<p>Los ganadores terminaron la preliminar con marca de 4-2, en la segunda posici\u00f3n, mientras que los dominicanos finalizaron con 3-3 para ocupar la tercera posici\u00f3n.<\/p>\n\n\n\n<p>Por Panam\u00e1 inici\u00f3 Ernesto Silva, quien labor\u00f3 en cinco entradas, cinco hits, una carrera y tres boletos.<\/p>\n\n\n\n<p>Luego sigui\u00f3 David Romero, quien se llev\u00f3 la victoria<\/p>\n","protected":false},"excerpt":{"rendered":"<p>Miami.- Los Federales de Chiriqu\u00ed, de Panam\u00e1, consiguieron anoche un resonante triunfo tres vueltas por una sobre los Tigres del Licey, de la Rep\u00fablica Dominicana, para culminar en la segunda&hellip;<\/p>\n","protected":false},"author":3,"featured_media":76198,"comment_status":"open","ping_status":"open","sticky":false,"template":"","format":"standard","meta":{"content-type":"","jetpack_post_was_ever_published":false,"_jetpack_newsletter_access":"","_jetpack_dont_email_post_to_subs":false,"_jetpack_newsletter_tier_id":0,"_jetpack_memberships_contains_paywalled_content":false,"_jetpack_memberships_contains_paid_content":false,"footnotes":""},"categories":[1],"tags":[],"class_list":["post-76197","post","type-post","status-publish","format-standard","has-post-thumbnail","hentry","category-sin-categoria"],"jetpack_featured_media_url":"https:\/\/lasprimeras.com.do\/wp-content\/uploads\/2024\/02\/Panama-vence-RD-scaled-1.webp","jetpack-related-posts":[{"id":79852,"url":"https:\/\/lasprimeras.com.do\/index.php\/2024\/03\/31\/republica-dominicana-gana-titulo-de-la-primera-serie-del-caribe-kids-2024-sobre-venezuela\/","url_meta":{"origin":76197,"position":0},"title":"Rep\u00fablica Dominicana gana t\u00edtulo de la primera Serie del Caribe Kids 2024 sobre Venezuela","author":"Nelson Feliz","date":"31 de marzo de 2024","format":false,"excerpt":"Ganaron el partido 12-10; Juan de Pe\u00f1a fue seleccionado el Jugador M\u00e1s Valioso Ciudad De Panam\u00e1.-. En un partido digno de una gran final, la representaci\u00f3n de la Liga de B\u00e9isbol de la Rep\u00fablica Dominicana hizo historia al coronarse campe\u00f3n de la Primera Serie del Caribe Kids al derrotar 12\u2026","rel":"","context":"En \u00abSin categor\u00eda\u00bb","block_context":{"text":"Sin categor\u00eda","link":"https:\/\/lasprimeras.com.do\/index.php\/category\/sin-categoria\/"},"img":{"alt_text":"Integrantes del equipo de Rep\u00fablica Dominicana que gan\u00f3 el trofeo de campe\u00f3n de la primera Serie del Caribe Kids al derrotar a Venezuela en Ciudad de Panam\u00e1, Panam\u00e1 la noche de este s\u00e1bado 30 de marzo de 2024. (PRENSA\/CBPC)","src":"https:\/\/i0.wp.com\/lasprimeras.com.do\/wp-content\/uploads\/2024\/03\/Serie-del-Caribe-Kids.jpg?resize=350%2C200&ssl=1","width":350,"height":200,"srcset":"https:\/\/i0.wp.com\/lasprimeras.com.do\/wp-content\/uploads\/2024\/03\/Serie-del-Caribe-Kids.jpg?resize=350%2C200&ssl=1 1x, https:\/\/i0.wp.com\/lasprimeras.com.do\/wp-content\/uploads\/2024\/03\/Serie-del-Caribe-Kids.jpg?resize=525%2C300&ssl=1 1.5x, https:\/\/i0.wp.com\/lasprimeras.com.do\/wp-content\/uploads\/2024\/03\/Serie-del-Caribe-Kids.jpg?resize=700%2C400&ssl=1 2x"},"classes":[]},{"id":76522,"url":"https:\/\/lasprimeras.com.do\/index.php\/2024\/02\/12\/serie-del-caribe-anuncia-340325-fanaticos\/","url_meta":{"origin":76197,"position":1},"title":"Serie del Caribe anuncia\u00a0 340,325 fan\u00e1ticos","author":"BIMARY DE JES\u00daS Matos","date":"12 de febrero de 2024","format":false,"excerpt":"Santo Domingo.-La Serie del Caribe culmin\u00f3 con unos Tiburones de la Guaira conquistando el octavo cetro para Venezuela ante una asistencia r\u00e9cord de 36,677 fan\u00e1ticos que se dieron cita en el LoanDepot Park de la ciudad de Miami para presenciar ese \u00faltimo partido del cl\u00e1sico que tuvo como gran rival\u2026","rel":"","context":"En \u00abSin categor\u00eda\u00bb","block_context":{"text":"Sin categor\u00eda","link":"https:\/\/lasprimeras.com.do\/index.php\/category\/sin-categoria\/"},"img":{"alt_text":"","src":"https:\/\/i0.wp.com\/lasprimeras.com.do\/wp-content\/uploads\/2024\/02\/tiburones-de-la-guaira-768x461-1.jpg?resize=350%2C200&ssl=1","width":350,"height":200,"srcset":"https:\/\/i0.wp.com\/lasprimeras.com.do\/wp-content\/uploads\/2024\/02\/tiburones-de-la-guaira-768x461-1.jpg?resize=350%2C200&ssl=1 1x, https:\/\/i0.wp.com\/lasprimeras.com.do\/wp-content\/uploads\/2024\/02\/tiburones-de-la-guaira-768x461-1.jpg?resize=525%2C300&ssl=1 1.5x, https:\/\/i0.wp.com\/lasprimeras.com.do\/wp-content\/uploads\/2024\/02\/tiburones-de-la-guaira-768x461-1.jpg?resize=700%2C400&ssl=1 2x"},"classes":[]},{"id":70128,"url":"https:\/\/lasprimeras.com.do\/index.php\/2023\/12\/08\/anuncian-en-panama-la-primera-serie-del-caribe-kids-para-marzo\/","url_meta":{"origin":76197,"position":2},"title":"Anuncian en Panam\u00e1 la primera Serie del Caribe Kids para marzo","author":"BIMARY DE JES\u00daS Matos","date":"8 de diciembre de 2023","format":false,"excerpt":"CIUDAD DE PANAMA.- El comisionado de la Confederaci\u00f3n de B\u00e9isbol Profesional del Caribe (CBPC), el dominicano Juan Francisco Puello, inform\u00f3 que Panam\u00e1 ser\u00e1 la sede de la primera Serie del Caribe Kids, que se desarrollar\u00e1 del 25 al 30 de marzo del pr\u00f3ximo a\u00f1o. \u00abLa Serie del Caribe tiene un\u2026","rel":"","context":"En \u00abSin categor\u00eda\u00bb","block_context":{"text":"Sin categor\u00eda","link":"https:\/\/lasprimeras.com.do\/index.php\/category\/sin-categoria\/"},"img":{"alt_text":"","src":"https:\/\/i0.wp.com\/lasprimeras.com.do\/wp-content\/uploads\/2023\/12\/407687961_18403296082008455_1909368182557485689_n-5.jpg?resize=350%2C200&ssl=1","width":350,"height":200,"srcset":"https:\/\/i0.wp.com\/lasprimeras.com.do\/wp-content\/uploads\/2023\/12\/407687961_18403296082008455_1909368182557485689_n-5.jpg?resize=350%2C200&ssl=1 1x, https:\/\/i0.wp.com\/lasprimeras.com.do\/wp-content\/uploads\/2023\/12\/407687961_18403296082008455_1909368182557485689_n-5.jpg?resize=525%2C300&ssl=1 1.5x"},"classes":[]},{"id":76030,"url":"https:\/\/lasprimeras.com.do\/index.php\/2024\/02\/06\/dominicana-pasa-a-semifinal-de-serie-del-caribe-al-vencer-a-curazao\/","url_meta":{"origin":76197,"position":3},"title":"Dominicana pasa a semifinal de Serie del Caribe al vencer a Curazao","author":"BIMARY DE JES\u00daS Matos","date":"6 de febrero de 2024","format":false,"excerpt":"SANTO DOMINGO.- Los Tigres de Licey, de la Rep\u00fablica Dominicana, consiguieron este martes su pase a la semifinal de la Serie del Caribe 2024 tras vencer por 2-0 a los\u00a0Curazao\u00a0Suns, celebrado en el LoanDepot Park de Miami. El lanzador zurdo\u00a0Ra\u00fal Vald\u00e9s.\u00a0trabaj\u00f3 en cinco entradas, permiti\u00f3 apenas dos hits, no dio\u2026","rel":"","context":"En \u00abSin categor\u00eda\u00bb","block_context":{"text":"Sin categor\u00eda","link":"https:\/\/lasprimeras.com.do\/index.php\/category\/sin-categoria\/"},"img":{"alt_text":"","src":"","width":0,"height":0},"classes":[]},{"id":115080,"url":"https:\/\/lasprimeras.com.do\/index.php\/2025\/11\/19\/panama-curazao-y-haiti-se-clasifican-directamente-al-mundial\/","url_meta":{"origin":76197,"position":4},"title":"Panam\u00e1, Curazao y Hait\u00ed se clasifican directamente al Mundial","author":"Nelson Feliz","date":"19 de noviembre de 2025","format":false,"excerpt":". Jamaica y Surinam van al repechaje POR JUAN ZAMORANO CIUDAD DE PANAM\u00c1 (AP) \u2014 Panam\u00e1 se vali\u00f3 de goles de C\u00e9sar Blackman, Eric Davis y Jos\u00e9 Luis Rodr\u00edguez para arrollar el martes 3-0 a El Salvador y clasificarse a la segunda Copa del Mundo en su historia. En un\u2026","rel":"","context":"En \u00abDEPORTES\u00bb","block_context":{"text":"DEPORTES","link":"https:\/\/lasprimeras.com.do\/index.php\/category\/deportes\/"},"img":{"alt_text":"","src":"https:\/\/i0.wp.com\/lasprimeras.com.do\/wp-content\/uploads\/2025\/11\/Mundial.jpg?resize=350%2C200&ssl=1","width":350,"height":200,"srcset":"https:\/\/i0.wp.com\/lasprimeras.com.do\/wp-content\/uploads\/2025\/11\/Mundial.jpg?resize=350%2C200&ssl=1 1x, https:\/\/i0.wp.com\/lasprimeras.com.do\/wp-content\/uploads\/2025\/11\/Mundial.jpg?resize=525%2C300&ssl=1 1.5x, https:\/\/i0.wp.com\/lasprimeras.com.do\/wp-content\/uploads\/2025\/11\/Mundial.jpg?resize=700%2C400&ssl=1 2x"},"classes":[]},{"id":75517,"url":"https:\/\/lasprimeras.com.do\/index.php\/2024\/02\/02\/gran-entusiasmo-genera-serie-del-caribe-2024\/","url_meta":{"origin":76197,"position":5},"title":"Gran entusiasmo genera Serie del Caribe 2024","author":"BIMARY DE JES\u00daS Matos","date":"2 de febrero de 2024","format":false,"excerpt":"Miami .-La edici\u00f3n n\u00famero 66 de la Serie del Caribe arranc\u00f3 con gran entusiasmo en esta ciudad.Siete equipos campeones del \u00e1rea del Caribe dan un sabor de Cl\u00e1sico Mundial al estadio Loan Depot Park. \u201cPara nosotros ha sido m\u00e1s que satisfactorio ver el entusiasmo entre los fan\u00e1ticos de los diferentes\u2026","rel":"","context":"En \u00abSin categor\u00eda\u00bb","block_context":{"text":"Sin categor\u00eda","link":"https:\/\/lasprimeras.com.do\/index.php\/category\/sin-categoria\/"},"img":{"alt_text":"","src":"https:\/\/i0.wp.com\/lasprimeras.com.do\/wp-content\/uploads\/2024\/02\/CANDIDATO-A-REGIDOR-Justicia-Social-JOSUE-MENDEZ-APOYARA-A-DIO-ASTACIO-DEL-PRM-3.webp?resize=350%2C200&ssl=1","width":350,"height":200,"srcset":"https:\/\/i0.wp.com\/lasprimeras.com.do\/wp-content\/uploads\/2024\/02\/CANDIDATO-A-REGIDOR-Justicia-Social-JOSUE-MENDEZ-APOYARA-A-DIO-ASTACIO-DEL-PRM-3.webp?resize=350%2C200&ssl=1 1x, https:\/\/i0.wp.com\/lasprimeras.com.do\/wp-content\/uploads\/2024\/02\/CANDIDATO-A-REGIDOR-Justicia-Social-JOSUE-MENDEZ-APOYARA-A-DIO-ASTACIO-DEL-PRM-3.webp?resize=525%2C300&ssl=1 1.5x, https:\/\/i0.wp.com\/lasprimeras.com.do\/wp-content\/uploads\/2024\/02\/CANDIDATO-A-REGIDOR-Justicia-Social-JOSUE-MENDEZ-APOYARA-A-DIO-ASTACIO-DEL-PRM-3.webp?resize=700%2C400&ssl=1 2x, https:\/\/i0.wp.com\/lasprimeras.com.do\/wp-content\/uploads\/2024\/02\/CANDIDATO-A-REGIDOR-Justicia-Social-JOSUE-MENDEZ-APOYARA-A-DIO-ASTACIO-DEL-PRM-3.webp?resize=1050%2C600&ssl=1 3x, https:\/\/i0.wp.com\/lasprimeras.com.do\/wp-content\/uploads\/2024\/02\/CANDIDATO-A-REGIDOR-Justicia-Social-JOSUE-MENDEZ-APOYARA-A-DIO-ASTACIO-DEL-PRM-3.webp?resize=1400%2C800&ssl=1 4x"},"classes":[]}],"jetpack_sharing_enabled":true,"_links":{"self":[{"href":"https:\/\/lasprimeras.com.do\/index.php\/wp-json\/wp\/v2\/posts\/76197","targetHints":{"allow":["GET"]}}],"collection":[{"href":"https:\/\/lasprimeras.com.do\/index.php\/wp-json\/wp\/v2\/posts"}],"about":[{"href":"https:\/\/lasprimeras.com.do\/index.php\/wp-json\/wp\/v2\/types\/post"}],"author":[{"embeddable":true,"href":"https:\/\/lasprimeras.com.do\/index.php\/wp-json\/wp\/v2\/users\/3"}],"replies":[{"embeddable":true,"href":"https:\/\/lasprimeras.com.do\/index.php\/wp-json\/wp\/v2\/comments?post=76197"}],"version-history":[{"count":1,"href":"https:\/\/lasprimeras.com.do\/index.php\/wp-json\/wp\/v2\/posts\/76197\/revisions"}],"predecessor-version":[{"id":76199,"href":"https:\/\/lasprimeras.com.do\/index.php\/wp-json\/wp\/v2\/posts\/76197\/revisions\/76199"}],"wp:featuredmedia":[{"embeddable":true,"href":"https:\/\/lasprimeras.com.do\/index.php\/wp-json\/wp\/v2\/media\/76198"}],"wp:attachment":[{"href":"https:\/\/lasprimeras.com.do\/index.php\/wp-json\/wp\/v2\/media?parent=76197"}],"wp:term":[{"taxonomy":"category","embeddable":true,"href":"https:\/\/lasprimeras.com.do\/index.php\/wp-json\/wp\/v2\/categories?post=76197"},{"taxonomy":"post_tag","embeddable":true,"href":"https:\/\/lasprimeras.com.do\/index.php\/wp-json\/wp\/v2\/tags?post=76197"}],"curies":[{"name":"wp","href":"https:\/\/api.w.org\/{rel}","templated":true}]}}