{"id":76200,"date":"2024-02-08T08:02:30","date_gmt":"2024-02-08T12:02:30","guid":{"rendered":"https:\/\/lasprimeras.com.do\/?p=76200"},"modified":"2024-02-08T08:02:32","modified_gmt":"2024-02-08T12:02:32","slug":"hay-mas-8-millones-votantes-en-la-rd","status":"publish","type":"post","link":"https:\/\/lasprimeras.com.do\/index.php\/2024\/02\/08\/hay-mas-8-millones-votantes-en-la-rd\/","title":{"rendered":"Hay m\u00e1s 8 millones votantes en la RD"},"content":{"rendered":"\n<p>Santo Domingo.-M\u00e1s de 8 millones de votantes aparecen en el padr\u00f3n para las elecciones generales de 2024, de ellos un 55,52 % se concentran en cinco provincias y en su mayor\u00eda son mujeres y j\u00f3venes, con un rango de edad predominante de 18 a 40 a\u00f1os, seg\u00fan un estudio publicado este mi\u00e9rcoles por el Observatorio Pol\u00edtico Dominicano (OPD).<\/p>\n\n\n\n<p>\u00abEl padr\u00f3n electoral cerr\u00f3 para las elecciones municipales con 8,105,151 votantes; mientras que, al corte del 10 de julio de 2023 (par\u00e1metro utilizado para este informe), estaba compuesto por 8,081,991 electores (7.33 % m\u00e1s que en 2020), siendo 4,144,995 mujeres frente a 3,936,996 hombres, para una diferencia de 207,999 electores\u00bb y con el rango de edad de 18 a 40 a\u00f1os predominante entre ambos g\u00e9neros (47.55 %), detalla el informe del OPD, adscrito a la Fundaci\u00f3n Global Democracia y Desarrollo (Funglode).<\/p>\n\n\n\n<p>Adem\u00e1s, cinco provincias concentran el 55,52 % del censo electoral: Santo Domingo, Distrito Nacional, Santiago, San Crist\u00f3bal y La Vega.<\/p>\n\n\n\n<p>Esta investigaci\u00f3n, elaborada por la Unidad de Partidos Pol\u00edticos y Sistemas Electorales del OPD-Funglode, habla tambi\u00e9n sobre cuota de g\u00e9nero, tope de gastos, plazos de campa\u00f1a, transfuguismo, voto penitenciario o voto en el exterior; entre otros aspectos \u00abcontrovertidos\u00bb.<\/p>\n\n\n\n<p>Indica que este proceso electoral estar\u00e1 configurado por voto y escrutinio manual, digitalizaci\u00f3n, escaneo y transmisi\u00f3n de los resultados electorales, junto a la implementaci\u00f3n nueva vez del voto penitenciario, el ensanchamiento del voto en el exterior, el voto preferencial en el nivel municipal y unas campa\u00f1as con los mismos plazos y topes de gastos.<\/p>\n","protected":false},"excerpt":{"rendered":"<p>Santo Domingo.-M\u00e1s de 8 millones de votantes aparecen en el padr\u00f3n para las elecciones generales de 2024, de ellos un 55,52 % se concentran en cinco provincias y en su&hellip;<\/p>\n","protected":false},"author":3,"featured_media":76201,"comment_status":"open","ping_status":"open","sticky":false,"template":"","format":"standard","meta":{"content-type":"","jetpack_post_was_ever_published":false,"_jetpack_newsletter_access":"","_jetpack_dont_email_post_to_subs":false,"_jetpack_newsletter_tier_id":0,"_jetpack_memberships_contains_paywalled_content":false,"_jetpack_memberships_contains_paid_content":false,"footnotes":""},"categories":[1],"tags":[183],"class_list":["post-76200","post","type-post","status-publish","format-standard","has-post-thumbnail","hentry","category-sin-categoria","tag-jce"],"jetpack_featured_media_url":"https:\/\/lasprimeras.com.do\/wp-content\/uploads\/2024\/02\/elecciones-RD.jpg","jetpack-related-posts":[{"id":68423,"url":"https:\/\/lasprimeras.com.do\/index.php\/2023\/11\/24\/el-padron-para-las-municipales-cierra-con-8-millones-105-mil-electores\/","url_meta":{"origin":76200,"position":0},"title":"El padr\u00f3n para las municipales cierra con 8 millones 105 mil electores","author":"BIMARY DE JES\u00daS Matos","date":"24 de noviembre de 2023","format":false,"excerpt":"Santo Domingo.-Con 8 millones 105 mil 151 votantes cerr\u00f3 de manera definitiva el padr\u00f3n de electores para los comicios municipales del 18 de febrero del 2024, de los cuales 4 millones 156 mil 628 son mujeres (51.28 %) y 3 millones 948 mil 523 hombres (48.72 %). Con el \u00faltimo\u2026","rel":"","context":"En \u00abSin categor\u00eda\u00bb","block_context":{"text":"Sin categor\u00eda","link":"https:\/\/lasprimeras.com.do\/index.php\/category\/sin-categoria\/"},"img":{"alt_text":"","src":"https:\/\/i0.wp.com\/lasprimeras.com.do\/wp-content\/uploads\/2023\/11\/WhatsApp-Image-2023-11-23-at-4.05.08-PM-1.jpeg?resize=350%2C200&ssl=1","width":350,"height":200,"srcset":"https:\/\/i0.wp.com\/lasprimeras.com.do\/wp-content\/uploads\/2023\/11\/WhatsApp-Image-2023-11-23-at-4.05.08-PM-1.jpeg?resize=350%2C200&ssl=1 1x, https:\/\/i0.wp.com\/lasprimeras.com.do\/wp-content\/uploads\/2023\/11\/WhatsApp-Image-2023-11-23-at-4.05.08-PM-1.jpeg?resize=525%2C300&ssl=1 1.5x"},"classes":[]},{"id":64682,"url":"https:\/\/lasprimeras.com.do\/index.php\/2023\/10\/22\/padron-de-rd-para-2024-cuenta-con-mas-de-8-millones-de-electores-mujeres-lideran-con-51\/","url_meta":{"origin":76200,"position":1},"title":"Padr\u00f3n de RD para 2024 cuenta con m\u00e1s de 8 millones de electores; mujeres lideran con 51 %","author":"Nelson Feliz","date":"22 de octubre de 2023","format":false,"excerpt":"La Junta Central Electoral inform\u00f3 que para las elecciones municipales y generales de 2024 m\u00e1s de 8 millones de personas se encuentran h\u00e1biles para votar en Rep\u00fablica Dominicana. Unos 8,103,291 dominicanos podr\u00e1n ejercer su derecho al voto en los sufragios municipales, que se celebrar\u00e1n el pr\u00f3ximo 18 de febrero. Mientras,\u2026","rel":"","context":"En \u00abPORTADA\u00bb","block_context":{"text":"PORTADA","link":"https:\/\/lasprimeras.com.do\/index.php\/category\/portada\/"},"img":{"alt_text":"JCE","src":"https:\/\/i0.wp.com\/lasprimeras.com.do\/wp-content\/uploads\/2023\/07\/JCE.jpg?resize=350%2C200&ssl=1","width":350,"height":200,"srcset":"https:\/\/i0.wp.com\/lasprimeras.com.do\/wp-content\/uploads\/2023\/07\/JCE.jpg?resize=350%2C200&ssl=1 1x, https:\/\/i0.wp.com\/lasprimeras.com.do\/wp-content\/uploads\/2023\/07\/JCE.jpg?resize=525%2C300&ssl=1 1.5x, https:\/\/i0.wp.com\/lasprimeras.com.do\/wp-content\/uploads\/2023\/07\/JCE.jpg?resize=700%2C400&ssl=1 2x"},"classes":[]},{"id":75297,"url":"https:\/\/lasprimeras.com.do\/index.php\/2024\/01\/31\/mas-de-1-millon-de-jovenes-votaran-en-las-elecciones-municipales\/","url_meta":{"origin":76200,"position":2},"title":"M\u00e1s de 1 mill\u00f3n de j\u00f3venes votar\u00e1n en las elecciones municipales","author":"BIMARY DE JES\u00daS Matos","date":"31 de enero de 2024","format":false,"excerpt":"Santo Domingo.-Durante los pr\u00f3ximos comicios electorales los j\u00f3venes jugar\u00e1n un papel decisivo, seg\u00fan los datos generales de la Junta Central Electoral (JCE), ya que los dominicanos de un rango de edad entre los 18 a los 25 a\u00f1os representan el 16.09% de los votantes. De los 8,084,800 electores que participar\u00e1n\u2026","rel":"","context":"En \u00abSin categor\u00eda\u00bb","block_context":{"text":"Sin categor\u00eda","link":"https:\/\/lasprimeras.com.do\/index.php\/category\/sin-categoria\/"},"img":{"alt_text":"","src":"https:\/\/i0.wp.com\/lasprimeras.com.do\/wp-content\/uploads\/2024\/01\/CANDIDATO-A-REGIDOR-Justicia-Social-JOSUE-MENDEZ-APOYARA-A-DIO-ASTACIO-DEL-PRM-7.webp?resize=350%2C200&ssl=1","width":350,"height":200,"srcset":"https:\/\/i0.wp.com\/lasprimeras.com.do\/wp-content\/uploads\/2024\/01\/CANDIDATO-A-REGIDOR-Justicia-Social-JOSUE-MENDEZ-APOYARA-A-DIO-ASTACIO-DEL-PRM-7.webp?resize=350%2C200&ssl=1 1x, https:\/\/i0.wp.com\/lasprimeras.com.do\/wp-content\/uploads\/2024\/01\/CANDIDATO-A-REGIDOR-Justicia-Social-JOSUE-MENDEZ-APOYARA-A-DIO-ASTACIO-DEL-PRM-7.webp?resize=525%2C300&ssl=1 1.5x, https:\/\/i0.wp.com\/lasprimeras.com.do\/wp-content\/uploads\/2024\/01\/CANDIDATO-A-REGIDOR-Justicia-Social-JOSUE-MENDEZ-APOYARA-A-DIO-ASTACIO-DEL-PRM-7.webp?resize=700%2C400&ssl=1 2x, https:\/\/i0.wp.com\/lasprimeras.com.do\/wp-content\/uploads\/2024\/01\/CANDIDATO-A-REGIDOR-Justicia-Social-JOSUE-MENDEZ-APOYARA-A-DIO-ASTACIO-DEL-PRM-7.webp?resize=1050%2C600&ssl=1 3x"},"classes":[]},{"id":64853,"url":"https:\/\/lasprimeras.com.do\/index.php\/2023\/10\/24\/estan-aptos-para-votar-en-el-2024-mas-de-8-millones-de-dominicanos\/","url_meta":{"origin":76200,"position":3},"title":"Est\u00e1n aptos para votar en el 2024 m\u00e1s de 8 millones de dominicanos","author":"BIMARY DE JES\u00daS Matos","date":"24 de octubre de 2023","format":false,"excerpt":"SANTO DOMINGO.- M\u00e1s de ocho millones de dominicanos se encuentran aptos para votar en las elecciones municipales y generales de 2024, inform\u00f3 la Junta Central Electoral (JCE). Ese organismo indic\u00f3 que unos ocho millones 103 mil 291 ciudadanos podr\u00e1n ejercer su derecho al voto en los comicios municipales del 18\u2026","rel":"","context":"En \u00abSin categor\u00eda\u00bb","block_context":{"text":"Sin categor\u00eda","link":"https:\/\/lasprimeras.com.do\/index.php\/category\/sin-categoria\/"},"img":{"alt_text":"","src":"https:\/\/i0.wp.com\/lasprimeras.com.do\/wp-content\/uploads\/2023\/10\/WhatsApp-Image-2023-10-23-at-11.47.46-AM-11.jpeg?resize=350%2C200&ssl=1","width":350,"height":200,"srcset":"https:\/\/i0.wp.com\/lasprimeras.com.do\/wp-content\/uploads\/2023\/10\/WhatsApp-Image-2023-10-23-at-11.47.46-AM-11.jpeg?resize=350%2C200&ssl=1 1x, https:\/\/i0.wp.com\/lasprimeras.com.do\/wp-content\/uploads\/2023\/10\/WhatsApp-Image-2023-10-23-at-11.47.46-AM-11.jpeg?resize=525%2C300&ssl=1 1.5x, https:\/\/i0.wp.com\/lasprimeras.com.do\/wp-content\/uploads\/2023\/10\/WhatsApp-Image-2023-10-23-at-11.47.46-AM-11.jpeg?resize=700%2C400&ssl=1 2x"},"classes":[]},{"id":63212,"url":"https:\/\/lasprimeras.com.do\/index.php\/2023\/10\/11\/el-88-de-los-dominicanos-estan-registrados-como-solteros-en-el-padron-electoral\/","url_meta":{"origin":76200,"position":4},"title":"El 88 % de los dominicanos est\u00e1n registrados como solteros en el padr\u00f3n electoral","author":"BIMARY DE JES\u00daS Matos","date":"11 de octubre de 2023","format":false,"excerpt":"Santo Domingo.-Un 88.07 % de los dominicanos aptos para votar est\u00e1n registrados como solteros en el padr\u00f3n de electores de la Junta Central Electoral (JCE), en el que solo un 11.93 % figura como casado. De acuerdo a las estad\u00edsticas oficiales, 7,143,593 dominicanos son solteros y 968,060 casados. El padr\u00f3n\u2026","rel":"","context":"En \u00abSin categor\u00eda\u00bb","block_context":{"text":"Sin categor\u00eda","link":"https:\/\/lasprimeras.com.do\/index.php\/category\/sin-categoria\/"},"img":{"alt_text":"","src":"https:\/\/i0.wp.com\/lasprimeras.com.do\/wp-content\/uploads\/2023\/10\/IMG-20231010-WA0108-1.jpg?resize=350%2C200&ssl=1","width":350,"height":200,"srcset":"https:\/\/i0.wp.com\/lasprimeras.com.do\/wp-content\/uploads\/2023\/10\/IMG-20231010-WA0108-1.jpg?resize=350%2C200&ssl=1 1x, https:\/\/i0.wp.com\/lasprimeras.com.do\/wp-content\/uploads\/2023\/10\/IMG-20231010-WA0108-1.jpg?resize=525%2C300&ssl=1 1.5x, https:\/\/i0.wp.com\/lasprimeras.com.do\/wp-content\/uploads\/2023\/10\/IMG-20231010-WA0108-1.jpg?resize=700%2C400&ssl=1 2x"},"classes":[]},{"id":77057,"url":"https:\/\/lasprimeras.com.do\/index.php\/2024\/02\/17\/san-cristobal-elige-este-domingo-18-de-febrero-a-su-nuevo-alcalde-con-un-padron-de-195-mil-electores\/","url_meta":{"origin":76200,"position":5},"title":"San Crist\u00f3bal elige este domingo 18 de febrero a su nuevo alcalde con un padr\u00f3n de 195 mil electores","author":"Nelson Feliz","date":"17 de febrero de 2024","format":false,"excerpt":"Por Emmanuel Solano San Crist\u00f3bal se dispone a escoger a su nuevo gobierno municipal con un padr\u00f3n de 195 mil inscripto donde se disputan la victoria Nelson de la Rosa del Partido Revolucionario Moderno (PRM) y aliados y Josefina Tamarez, de la Fuerza del Pueblo (FP) y Nelson Guill\u00e9n del\u2026","rel":"","context":"En \u00abPORTADA\u00bb","block_context":{"text":"PORTADA","link":"https:\/\/lasprimeras.com.do\/index.php\/category\/portada\/"},"img":{"alt_text":"","src":"","width":0,"height":0},"classes":[]}],"jetpack_sharing_enabled":true,"_links":{"self":[{"href":"https:\/\/lasprimeras.com.do\/index.php\/wp-json\/wp\/v2\/posts\/76200","targetHints":{"allow":["GET"]}}],"collection":[{"href":"https:\/\/lasprimeras.com.do\/index.php\/wp-json\/wp\/v2\/posts"}],"about":[{"href":"https:\/\/lasprimeras.com.do\/index.php\/wp-json\/wp\/v2\/types\/post"}],"author":[{"embeddable":true,"href":"https:\/\/lasprimeras.com.do\/index.php\/wp-json\/wp\/v2\/users\/3"}],"replies":[{"embeddable":true,"href":"https:\/\/lasprimeras.com.do\/index.php\/wp-json\/wp\/v2\/comments?post=76200"}],"version-history":[{"count":1,"href":"https:\/\/lasprimeras.com.do\/index.php\/wp-json\/wp\/v2\/posts\/76200\/revisions"}],"predecessor-version":[{"id":76202,"href":"https:\/\/lasprimeras.com.do\/index.php\/wp-json\/wp\/v2\/posts\/76200\/revisions\/76202"}],"wp:featuredmedia":[{"embeddable":true,"href":"https:\/\/lasprimeras.com.do\/index.php\/wp-json\/wp\/v2\/media\/76201"}],"wp:attachment":[{"href":"https:\/\/lasprimeras.com.do\/index.php\/wp-json\/wp\/v2\/media?parent=76200"}],"wp:term":[{"taxonomy":"category","embeddable":true,"href":"https:\/\/lasprimeras.com.do\/index.php\/wp-json\/wp\/v2\/categories?post=76200"},{"taxonomy":"post_tag","embeddable":true,"href":"https:\/\/lasprimeras.com.do\/index.php\/wp-json\/wp\/v2\/tags?post=76200"}],"curies":[{"name":"wp","href":"https:\/\/api.w.org\/{rel}","templated":true}]}}