{"id":76209,"date":"2024-02-08T08:28:43","date_gmt":"2024-02-08T12:28:43","guid":{"rendered":"https:\/\/lasprimeras.com.do\/?p=76209"},"modified":"2024-02-08T08:28:44","modified_gmt":"2024-02-08T12:28:44","slug":"aquilino-serrata-afirma-derrotara-mucho-a-poquito-ex-alcalde-del-prm","status":"publish","type":"post","link":"https:\/\/lasprimeras.com.do\/index.php\/2024\/02\/08\/aquilino-serrata-afirma-derrotara-mucho-a-poquito-ex-alcalde-del-prm\/","title":{"rendered":"Aquilino Serrata afirma derrotar\u00e1 \u201cmucho a poquito\u201d ex alcalde del PRM"},"content":{"rendered":"\n<p><strong>Serrata encabeza Cena Pro-recaudaci\u00f3n de fondos.<\/strong><\/p>\n\n\n\n<p>El candidato a la alcald\u00eda del municipio Santo Domingo Oeste (SDO) por el Partido Fuerza del Pueblo (FP) y la Alianza Rescate RD, Aquilino Serrata (Son), al encabezar una Cena Pro-recaudaci\u00f3n de fondos para su campa\u00f1a electoral, asegur\u00f3 que derrotar\u00e1 \u201cmucho a poquito\u201d al ex alcalde y candidato del Partido Revolucionario Moderno (PRM), por el p\u00e9simo trabajo durante sus 18 a\u00f1os de gesti\u00f3n al frente de la alcald\u00eda.<\/p>\n\n\n\n<p>\u201cEn las primeras palabras de esta importante actividad, quiero agradecer la presencia del sector empresarial y comercial de mi querido municipio, a la dirigencia de mi partido y dem\u00e1s representantes de organizaciones pol\u00edticas aliadas, amigos, as\u00ed como a los l\u00edderes comunitarios por el respaldo a nuestro proyecto de gobierno municipal, de verdad me siento afortunado\u201d, se\u00f1al\u00f3.<\/p>\n\n\n\n<p>\u201cCon el sector comercial y empresarial queremos trabajar, entre otros temas, el proyecto de embellecimiento visual, donde vamos a brindarle la oportunidad para que apadrinen su frente. Le vamos a presentar el dise\u00f1o y nosotros desde la alcald\u00eda nos encargaremos de que la zona este bien limpia, y de que por fin esas aguas negras no inunden ning\u00fan comercio del municipio\u201d, signific\u00f3.<\/p>\n\n\n\n<p>El tambi\u00e9n miembro de la Direcci\u00f3n Central de la FP dijo que encabezar\u00e1 una gesti\u00f3n cercana a la gente, comprometida y transparente, dirigida a transformar los sectores, barrios y comunidades de esa demarcaci\u00f3n.<\/p>\n\n\n\n<p>\u201cLleg\u00f3 el momento de que SDO ocupe el lugar que se merece, no solo como parte del Gran Santo Domingo, sino en toda la Rep\u00fablica Dominicana, ya que somos el municipio con m\u00e1s zonas industriales, y sin embargo tambi\u00e9n nos consideran como uno de los m\u00e1s arrabalizado y desorganizado que tiene nuestro pa\u00eds\u201d, indic\u00f3.<\/p>\n\n\n\n<p>Aquilino Serrata (Son) explic\u00f3 que tan pronto asuma la alcald\u00eda a partir del mes de abril pr\u00f3ximo, implementar\u00eda una serie de medidas y programas con el prop\u00f3sito de convertir esa zona, como una de las m\u00e1s limpias y organizadas de toda la geograf\u00eda nacional.<\/p>\n\n\n\n<p>\u201cVamos hacer una transformaci\u00f3n tan radical de nuestro municipio, que no solo vendr\u00e1n autoridades de varios lugares del pa\u00eds, sino de otras naciones para constatar y ver con sus propios ojos, en qu\u00e9 se ha convertido SDO, y eso lo haremos con el apoyo de todos los sectores\u201d, asegur\u00f3.<\/p>\n\n\n\n<p>Durante la actividad, el candidato de la FP y la Alianza Rescate RD estuvo acompa\u00f1ado de su esposa Keyla Reyna, miembro de la Direcci\u00f3n Pol\u00edtica de la organizaci\u00f3n y de su director Operativo, Alex Ram\u00edrez.<\/p>\n\n\n\n<figure class=\"wp-block-image size-full is-resized\"><img decoding=\"async\" width=\"700\" height=\"462\" src=\"https:\/\/lasprimeras.com.do\/wp-content\/uploads\/2024\/02\/cena.jpg\" alt=\"\" class=\"wp-image-76211\" style=\"width:840px;height:auto\" srcset=\"https:\/\/lasprimeras.com.do\/wp-content\/uploads\/2024\/02\/cena.jpg 700w, https:\/\/lasprimeras.com.do\/wp-content\/uploads\/2024\/02\/cena-300x198.jpg 300w\" sizes=\"(max-width: 700px) 100vw, 700px\" \/><\/figure>\n\n\n\n<p>Cabe destacar adem\u00e1s, la asistencia a la Cena Pro-recaudaci\u00f3n de fondos del director de Comunicaciones de la FP, Omar Liriano; el Asistente Personal del expresidente Leonel Fern\u00e1ndez, V\u00edctor Crisp\u00edn Zorrilla y los miembros de la Direcci\u00f3n Pol\u00edtica, Ana Garc\u00eda y el ex diputado Henry Mer\u00e1n, entre otras personalidades.<\/p>\n\n\n\n<p>Los participantes en el evento disfrutaron de la m\u00fasica del reconocido salsero Felix Manuel, entre otros artistas dominicanos.<\/p>\n","protected":false},"excerpt":{"rendered":"<p>Serrata encabeza Cena Pro-recaudaci\u00f3n de fondos. El candidato a la alcald\u00eda del municipio Santo Domingo Oeste (SDO) por el Partido Fuerza del Pueblo (FP) y la Alianza Rescate RD, Aquilino&hellip;<\/p>\n","protected":false},"author":2,"featured_media":76210,"comment_status":"open","ping_status":"open","sticky":false,"template":"","format":"standard","meta":{"content-type":"","jetpack_post_was_ever_published":false,"_jetpack_newsletter_access":"","_jetpack_dont_email_post_to_subs":false,"_jetpack_newsletter_tier_id":0,"_jetpack_memberships_contains_paywalled_content":false,"_jetpack_memberships_contains_paid_content":false,"footnotes":""},"categories":[25],"tags":[1428,11648,211,158,31],"class_list":["post-76209","post","type-post","status-publish","format-standard","has-post-thumbnail","hentry","category-portada","tag-aquilino-serrata","tag-cena-pro-recaudacion","tag-fondos","tag-fuerza-del-pueblo","tag-prm"],"jetpack_featured_media_url":"https:\/\/lasprimeras.com.do\/wp-content\/uploads\/2024\/02\/Aquilino-Serrata.jpg","jetpack-related-posts":[{"id":63185,"url":"https:\/\/lasprimeras.com.do\/index.php\/2023\/10\/10\/aquilino-serrata-prm-ha-multiplicado-apoyo-a-mis-aspiraciones\/","url_meta":{"origin":76209,"position":0},"title":"Aquilino Serrata: \u201cPRM ha multiplicado apoyo a mis aspiraciones\u201d","author":"Nelson Feliz","date":"10 de octubre de 2023","format":false,"excerpt":"El precandidato a la alcald\u00eda de la Fuerza del Pueblo (FP) por el municipio Santo Domingo Oeste (SDO), Aquilino Serrata (Son), asegur\u00f3 que ganar\u00e1 c\u00f3modamente las elecciones municipales en febrero del pr\u00f3ximo a\u00f1o, con el respaldo de dirigentes de todos los partidos pol\u00edticos y sectores de la sociedad, que no\u2026","rel":"","context":"En \u00abSin categor\u00eda\u00bb","block_context":{"text":"Sin categor\u00eda","link":"https:\/\/lasprimeras.com.do\/index.php\/category\/sin-categoria\/"},"img":{"alt_text":"Aquilino Serrata","src":"https:\/\/i0.wp.com\/lasprimeras.com.do\/wp-content\/uploads\/2023\/10\/SON.jpg?resize=350%2C200&ssl=1","width":350,"height":200,"srcset":"https:\/\/i0.wp.com\/lasprimeras.com.do\/wp-content\/uploads\/2023\/10\/SON.jpg?resize=350%2C200&ssl=1 1x, https:\/\/i0.wp.com\/lasprimeras.com.do\/wp-content\/uploads\/2023\/10\/SON.jpg?resize=525%2C300&ssl=1 1.5x, https:\/\/i0.wp.com\/lasprimeras.com.do\/wp-content\/uploads\/2023\/10\/SON.jpg?resize=700%2C400&ssl=1 2x"},"classes":[]},{"id":76840,"url":"https:\/\/lasprimeras.com.do\/index.php\/2024\/02\/14\/diputada-ana-maria-pena-llama-a-votar-por-aquilino-serrata-candidato-a-alcalde-por-sdo\/","url_meta":{"origin":76209,"position":1},"title":"Diputada Ana Mar\u00eda Pe\u00f1a llama a votar por Aquilino Serrata candidato a alcalde por SDO","author":"Nelson Feliz","date":"14 de febrero de 2024","format":false,"excerpt":"La diputada y candidata a la misma posici\u00f3n por el Partido de la Liberaci\u00f3n Dominicana (PLD) en Santo Domingo Oeste, Ana Mar\u00eda Pe\u00f1a, llam\u00f3 a los sectores sociales, profesionales, culturales y deportivos de esta demarcaci\u00f3n, a votar masivamente por el candidato a la alcald\u00eda de la alianza Rescate RD, Aquilino\u2026","rel":"","context":"En \u00abPORTADA\u00bb","block_context":{"text":"PORTADA","link":"https:\/\/lasprimeras.com.do\/index.php\/category\/portada\/"},"img":{"alt_text":"Diputada Ana Mar\u00eda Pe\u00f1a","src":"https:\/\/i0.wp.com\/lasprimeras.com.do\/wp-content\/uploads\/2024\/02\/Diputada-Ana-Maria-Pena.jpg?resize=350%2C200&ssl=1","width":350,"height":200,"srcset":"https:\/\/i0.wp.com\/lasprimeras.com.do\/wp-content\/uploads\/2024\/02\/Diputada-Ana-Maria-Pena.jpg?resize=350%2C200&ssl=1 1x, https:\/\/i0.wp.com\/lasprimeras.com.do\/wp-content\/uploads\/2024\/02\/Diputada-Ana-Maria-Pena.jpg?resize=525%2C300&ssl=1 1.5x"},"classes":[]},{"id":53357,"url":"https:\/\/lasprimeras.com.do\/index.php\/2023\/06\/25\/acusa-alcaldia-sdo-de-abandonar-y-arrabalizar-barrios-sdo\/","url_meta":{"origin":76209,"position":2},"title":"Acusa Alcald\u00eda SDO de abandonar y arrabalizar barrios SDO","author":"Nelson Feliz","date":"25 de junio de 2023","format":false,"excerpt":"\u201cEs lamentable y muy preocupante el\u00a0\u00a0estado de abandono en que se encuentran sumidos\u00a0\u00a0barrios, comunidades y sectores de Santo Domingo Oeste por las autoridades municipales\u201d, deplor\u00f3 el diputado y aspirante a la Alcald\u00eda de ese municipio por el Partido Fuerza del Pueblo (FP), Aquilino Serrata (Son). Dijo no entender como la\u2026","rel":"","context":"En \u00abSin categor\u00eda\u00bb","block_context":{"text":"Sin categor\u00eda","link":"https:\/\/lasprimeras.com.do\/index.php\/category\/sin-categoria\/"},"img":{"alt_text":"Aquilino Serrata","src":"https:\/\/i0.wp.com\/lasprimeras.com.do\/wp-content\/uploads\/2023\/06\/SON.jpg?resize=350%2C200&ssl=1","width":350,"height":200,"srcset":"https:\/\/i0.wp.com\/lasprimeras.com.do\/wp-content\/uploads\/2023\/06\/SON.jpg?resize=350%2C200&ssl=1 1x, https:\/\/i0.wp.com\/lasprimeras.com.do\/wp-content\/uploads\/2023\/06\/SON.jpg?resize=525%2C300&ssl=1 1.5x, https:\/\/i0.wp.com\/lasprimeras.com.do\/wp-content\/uploads\/2023\/06\/SON.jpg?resize=700%2C400&ssl=1 2x"},"classes":[]},{"id":49755,"url":"https:\/\/lasprimeras.com.do\/index.php\/2023\/05\/14\/diputado-lamenta-a-tres-anos-alcaldia-sdo-no-haya-construido-obras-importantes\/","url_meta":{"origin":76209,"position":3},"title":"Diputado lamenta\u00a0\u00a0a tres a\u00f1os Alcald\u00eda SDO no haya construido obras importantes","author":"prenxa100","date":"14 de mayo de 2023","format":false,"excerpt":"Santo Domingo, Oeste.-. El precandidato a la Alcald\u00eda por la Fuerza del Pueblo, diputado Aquilino Serrata (Son) asegur\u00f3 que es preocupante y penoso que a tres a\u00f1os de gesti\u00f3n el alcalde del municipio Santo Domingo Oeste (SDO), Jos\u00e9 And\u00fajar, no haya construido ni siquiera una peque\u00f1a\u00a0\u00a0funeraria y as\u00ed colaborar con\u2026","rel":"","context":"En \u00abSin categor\u00eda\u00bb","block_context":{"text":"Sin categor\u00eda","link":"https:\/\/lasprimeras.com.do\/index.php\/category\/sin-categoria\/"},"img":{"alt_text":"","src":"","width":0,"height":0},"classes":[]},{"id":75960,"url":"https:\/\/lasprimeras.com.do\/index.php\/2024\/02\/06\/diputada-ana-maria-pena-vaticina-triunfo-de-la-alianza-rescate-rd-en-sdo\/","url_meta":{"origin":76209,"position":4},"title":"Diputada Ana Mar\u00eda Pe\u00f1a vaticina triunfo de la alianza Rescate RD en SDO","author":"Nelson Feliz","date":"6 de febrero de 2024","format":false,"excerpt":"La legisladora llam\u00f3 a votar el pr\u00f3ximo 18 de este mes por el candidato a la alcald\u00eda, Aquilino Serrata (Son). La diputada del Partido de la Liberaci\u00f3n Dominicana (PLD) por Santo Domingo Oeste, Ana Mar\u00eda Pe\u00f1a, vaticin\u00f3 un triunfo \u201carrollador\u201d de los candidatos que forman parte de la alianza Rescate\u2026","rel":"","context":"En \u00abPORTADA\u00bb","block_context":{"text":"PORTADA","link":"https:\/\/lasprimeras.com.do\/index.php\/category\/portada\/"},"img":{"alt_text":"Diputada Ana Mar\u00eda Pe\u00f1a vaticina triunfo de la alianza Rescate RD en SDO","src":"https:\/\/i0.wp.com\/lasprimeras.com.do\/wp-content\/uploads\/2024\/02\/Diputada-Ana-Maria-Pena-vaticina-triunfo-de-la-alianza-Rescate-RD-en-SDO-1.jpg?resize=350%2C200&ssl=1","width":350,"height":200,"srcset":"https:\/\/i0.wp.com\/lasprimeras.com.do\/wp-content\/uploads\/2024\/02\/Diputada-Ana-Maria-Pena-vaticina-triunfo-de-la-alianza-Rescate-RD-en-SDO-1.jpg?resize=350%2C200&ssl=1 1x, https:\/\/i0.wp.com\/lasprimeras.com.do\/wp-content\/uploads\/2024\/02\/Diputada-Ana-Maria-Pena-vaticina-triunfo-de-la-alianza-Rescate-RD-en-SDO-1.jpg?resize=525%2C300&ssl=1 1.5x"},"classes":[]},{"id":54055,"url":"https:\/\/lasprimeras.com.do\/index.php\/2023\/07\/06\/francisco-pena-y-elias-baez-serian-los-favoritos-para-la-alcaldia-de-sdo\/","url_meta":{"origin":76209,"position":5},"title":"Francisco Pe\u00f1a y El\u00edas B\u00e1ez ser\u00edan los favoritos para la alcald\u00eda de SDO","author":"Nelson Feliz","date":"6 de julio de 2023","format":false,"excerpt":"\u0619El exalcalde por Santo Domingo Oeste (SDO), Francisco Pe\u00f1a y el diputado El\u00edas B\u00e1ez, ambos del Partido Revolucionario Moderno (PRM), ser\u00edan los favoritos para medirse a la alcald\u00eda de este municipio en las elecciones municipales de febrero de 2024, esto seg\u00fan los resultados de una encuesta. De acuerdo con el\u2026","rel":"","context":"En \u00abPORTADA\u00bb","block_context":{"text":"PORTADA","link":"https:\/\/lasprimeras.com.do\/index.php\/category\/portada\/"},"img":{"alt_text":"Francisco Pe\u00f1a y El\u00edas B\u00e1ez","src":"https:\/\/i0.wp.com\/lasprimeras.com.do\/wp-content\/uploads\/2023\/07\/Francisco-Pena-y-Elias-Baez.jpg?resize=350%2C200&ssl=1","width":350,"height":200},"classes":[]}],"jetpack_sharing_enabled":true,"_links":{"self":[{"href":"https:\/\/lasprimeras.com.do\/index.php\/wp-json\/wp\/v2\/posts\/76209","targetHints":{"allow":["GET"]}}],"collection":[{"href":"https:\/\/lasprimeras.com.do\/index.php\/wp-json\/wp\/v2\/posts"}],"about":[{"href":"https:\/\/lasprimeras.com.do\/index.php\/wp-json\/wp\/v2\/types\/post"}],"author":[{"embeddable":true,"href":"https:\/\/lasprimeras.com.do\/index.php\/wp-json\/wp\/v2\/users\/2"}],"replies":[{"embeddable":true,"href":"https:\/\/lasprimeras.com.do\/index.php\/wp-json\/wp\/v2\/comments?post=76209"}],"version-history":[{"count":1,"href":"https:\/\/lasprimeras.com.do\/index.php\/wp-json\/wp\/v2\/posts\/76209\/revisions"}],"predecessor-version":[{"id":76212,"href":"https:\/\/lasprimeras.com.do\/index.php\/wp-json\/wp\/v2\/posts\/76209\/revisions\/76212"}],"wp:featuredmedia":[{"embeddable":true,"href":"https:\/\/lasprimeras.com.do\/index.php\/wp-json\/wp\/v2\/media\/76210"}],"wp:attachment":[{"href":"https:\/\/lasprimeras.com.do\/index.php\/wp-json\/wp\/v2\/media?parent=76209"}],"wp:term":[{"taxonomy":"category","embeddable":true,"href":"https:\/\/lasprimeras.com.do\/index.php\/wp-json\/wp\/v2\/categories?post=76209"},{"taxonomy":"post_tag","embeddable":true,"href":"https:\/\/lasprimeras.com.do\/index.php\/wp-json\/wp\/v2\/tags?post=76209"}],"curies":[{"name":"wp","href":"https:\/\/api.w.org\/{rel}","templated":true}]}}