{"id":76213,"date":"2024-02-08T08:41:16","date_gmt":"2024-02-08T12:41:16","guid":{"rendered":"https:\/\/lasprimeras.com.do\/?p=76213"},"modified":"2024-02-08T08:41:18","modified_gmt":"2024-02-08T12:41:18","slug":"la-corte-suprema-de-colorado-busca-expulsar-a-trump-de-las-elecciones-por-el-ataque-al-capitolio","status":"publish","type":"post","link":"https:\/\/lasprimeras.com.do\/index.php\/2024\/02\/08\/la-corte-suprema-de-colorado-busca-expulsar-a-trump-de-las-elecciones-por-el-ataque-al-capitolio\/","title":{"rendered":"La Corte Suprema de Colorado busca expulsar a Trump de las elecciones por el ataque al Capitolio"},"content":{"rendered":"\n<p>POR MARK SHERMAN<\/p>\n\n\n\n<p>WASHINGTON (AP) \u2014 La Corte Suprema escuchar\u00e1 el jueves la apelaci\u00f3n del expresidente Donald Trump para permanecer en la boleta electoral de 2024 , el caso electoral de mayor trascendencia de los magistrados desde Bush contra Gore en 2000.<\/p>\n\n\n\n<p>El tribunal sopesar\u00e1 los argumentos sobre si Trump est\u00e1 descalificado para reclamar la Casa Blanca debido a sus esfuerzos por revertir su derrota en las elecciones de 2020, que terminaron con el ataque del 6 de enero de 2021 al Capitolio de Estados Unidos.<\/p>\n\n\n\n<p>El caso marca la primera vez que los jueces considerar\u00e1n una disposici\u00f3n constitucional adoptada despu\u00e9s de la Guerra Civil para impedir que ex funcionarios que \u201cparticiparon en la insurrecci\u00f3n\u201d vuelvan a ocupar sus cargos.<\/p>\n\n\n\n<p>Establece precisamente el tipo de caso que al tribunal le gusta evitar, uno en el que es el \u00e1rbitro final de una disputa pol\u00edtica.<\/p>\n\n\n\n<p>La Corte Suprema de Colorado dictamin\u00f3 que Trump incit\u00f3 a los disturbios en la capital del pa\u00eds y no es elegible para volver a ser presidente.<\/p>\n\n\n\n<p>Como resultado, no deber\u00eda estar en la boleta electoral para las primarias estatales del 5 de marzo, dictamin\u00f3 el tribunal. Fue la primera vez que se aplic\u00f3 la Secci\u00f3n 3 de la 14\u00aa Enmienda a un candidato presidencial.<\/p>\n\n\n\n<p>Los abogados de Trump argumentan que la enmienda no puede usarse para mantener a Trump fuera de las elecciones por varias razones.<\/p>\n\n\n\n<p>Por un lado, sostienen que el mot\u00edn del 6 de enero no fue una insurrecci\u00f3n y, aunque lo fuera, Trump no particip\u00f3. La redacci\u00f3n de la enmienda tambi\u00e9n excluye a la presidencia y a los candidatos que se presentan a la presidencia, afirman.<\/p>\n\n\n\n<p>Incluso si est\u00e1n equivocados en todo eso, argumentan que el Congreso debe aprobar legislaci\u00f3n para revitalizar la Secci\u00f3n 3.<\/p>\n\n\n\n<p>Los abogados de los votantes republicanos e independientes que demandaron para eliminar el nombre de Trump del recuento de votos en Colorado afirman que existe amplia evidencia de que los acontecimientos del 6 de enero constituyeron una insurrecci\u00f3n y que Trump la incit\u00f3.<\/p>\n\n\n\n<p>Dicen que ser\u00eda absurdo aplicar la Secci\u00f3n 3 a todo menos a la presidencia o que Trump est\u00e9 de alguna manera exento. Y la disposici\u00f3n no necesita legislaci\u00f3n habilitante, argumentan.<\/p>\n","protected":false},"excerpt":{"rendered":"<p>POR MARK SHERMAN WASHINGTON (AP) \u2014 La Corte Suprema escuchar\u00e1 el jueves la apelaci\u00f3n del expresidente Donald Trump para permanecer en la boleta electoral de 2024 , el caso electoral&hellip;<\/p>\n","protected":false},"author":2,"featured_media":76214,"comment_status":"open","ping_status":"open","sticky":false,"template":"","format":"standard","meta":{"content-type":"","jetpack_post_was_ever_published":false,"_jetpack_newsletter_access":"","_jetpack_dont_email_post_to_subs":false,"_jetpack_newsletter_tier_id":0,"_jetpack_memberships_contains_paywalled_content":false,"_jetpack_memberships_contains_paid_content":false,"footnotes":""},"categories":[1],"tags":[1601,6998,978,182,11649],"class_list":["post-76213","post","type-post","status-publish","format-standard","has-post-thumbnail","hentry","category-sin-categoria","tag-ataque","tag-capitolio","tag-donald-trump","tag-elecciones","tag-la-corte-suprema"],"jetpack_featured_media_url":"https:\/\/lasprimeras.com.do\/wp-content\/uploads\/2024\/02\/colorado.jpg","jetpack-related-posts":[{"id":73679,"url":"https:\/\/lasprimeras.com.do\/index.php\/2024\/01\/15\/la-corte-suprema-decidira-si-donald-trump-puede-quedar-fuera-de-las-elecciones-presidenciales-de-2024\/","url_meta":{"origin":76213,"position":0},"title":"La Corte Suprema decidir\u00e1 si Donald Trump puede quedar fuera de las elecciones presidenciales de 2024","author":"Nelson Feliz","date":"15 de enero de 2024","format":false,"excerpt":"WASHINGTON (AP) \u2014 La Corte Suprema dijo el viernes que decidir\u00e1 si el expresidente Donald Trump puede quedar fuera de las boletas debido a sus esfuerzos por revertir su derrota electoral de 2020, insertando de lleno a la corte en la campa\u00f1a presidencial de 2024. Los jueces reconocieron la necesidad\u2026","rel":"","context":"En \u00abSin categor\u00eda\u00bb","block_context":{"text":"Sin categor\u00eda","link":"https:\/\/lasprimeras.com.do\/index.php\/category\/sin-categoria\/"},"img":{"alt_text":"Donald Trump","src":"https:\/\/i0.wp.com\/lasprimeras.com.do\/wp-content\/uploads\/2024\/01\/Donald-Trump-1-1.jpg?resize=350%2C200&ssl=1","width":350,"height":200,"srcset":"https:\/\/i0.wp.com\/lasprimeras.com.do\/wp-content\/uploads\/2024\/01\/Donald-Trump-1-1.jpg?resize=350%2C200&ssl=1 1x, https:\/\/i0.wp.com\/lasprimeras.com.do\/wp-content\/uploads\/2024\/01\/Donald-Trump-1-1.jpg?resize=525%2C300&ssl=1 1.5x"},"classes":[]},{"id":70483,"url":"https:\/\/lasprimeras.com.do\/index.php\/2023\/12\/11\/el-tribunal-supremo-estudiara-la-peticion-para-decidir-sobre-la-inmunidad-de-donald-trump\/","url_meta":{"origin":76213,"position":1},"title":"El Tribunal Supremo estudiar\u00e1 la petici\u00f3n para decidir sobre la inmunidad de Donald Trump","author":"Nelson Feliz","date":"11 de diciembre de 2023","format":false,"excerpt":"Washington D.C., Estados Unidos - El Tribunal Supremo de Estados Unidos acept\u00f3 este lunes estudiar la petici\u00f3n del fiscal especial Jack Smith para decidir sobre la inmunidad presidencial de Trump con relaci\u00f3n a los sucesos ocurridos el 6 de enero de 2021, cuando el Capitolio fue asaltado para tratar de\u2026","rel":"","context":"En \u00abSin categor\u00eda\u00bb","block_context":{"text":"Sin categor\u00eda","link":"https:\/\/lasprimeras.com.do\/index.php\/category\/sin-categoria\/"},"img":{"alt_text":"Donald Trump","src":"https:\/\/i0.wp.com\/lasprimeras.com.do\/wp-content\/uploads\/2023\/12\/Donald-Trump-1.jpg?resize=350%2C200&ssl=1","width":350,"height":200,"srcset":"https:\/\/i0.wp.com\/lasprimeras.com.do\/wp-content\/uploads\/2023\/12\/Donald-Trump-1.jpg?resize=350%2C200&ssl=1 1x, https:\/\/i0.wp.com\/lasprimeras.com.do\/wp-content\/uploads\/2023\/12\/Donald-Trump-1.jpg?resize=525%2C300&ssl=1 1.5x, https:\/\/i0.wp.com\/lasprimeras.com.do\/wp-content\/uploads\/2023\/12\/Donald-Trump-1.jpg?resize=700%2C400&ssl=1 2x"},"classes":[]},{"id":72018,"url":"https:\/\/lasprimeras.com.do\/index.php\/2023\/12\/26\/fbi-investiga-amenazas-a-jueces-excluyeron-a-trump-de-elecciones\/","url_meta":{"origin":76213,"position":2},"title":"FBI investiga amenazas a jueces excluyeron a Trump de elecciones","author":"BIMARY DE JES\u00daS Matos","date":"26 de diciembre de 2023","format":false,"excerpt":"WASHINGTON.- La Oficina Federal de Investigaci\u00f3n (FBI) de Estados Unidos ha anunciado que est\u00e1 investigando denuncias sobre amenazas violentas contra jueces del Tribunal Supremo de Colorado, que fallaron la semana pasada que el expresidente Donald Trump no pod\u00eda ser candidato presidencial debido a su papel en el asalto al Capitolio.\u2026","rel":"","context":"En \u00abSin categor\u00eda\u00bb","block_context":{"text":"Sin categor\u00eda","link":"https:\/\/lasprimeras.com.do\/index.php\/category\/sin-categoria\/"},"img":{"alt_text":"","src":"https:\/\/i0.wp.com\/lasprimeras.com.do\/wp-content\/uploads\/2023\/12\/WhatsApp-Image-2023-12-25-at-12.45.01-PM-9.jpeg?resize=350%2C200&ssl=1","width":350,"height":200,"srcset":"https:\/\/i0.wp.com\/lasprimeras.com.do\/wp-content\/uploads\/2023\/12\/WhatsApp-Image-2023-12-25-at-12.45.01-PM-9.jpeg?resize=350%2C200&ssl=1 1x, https:\/\/i0.wp.com\/lasprimeras.com.do\/wp-content\/uploads\/2023\/12\/WhatsApp-Image-2023-12-25-at-12.45.01-PM-9.jpeg?resize=525%2C300&ssl=1 1.5x"},"classes":[]},{"id":88386,"url":"https:\/\/lasprimeras.com.do\/index.php\/2024\/08\/27\/trump-tacha-de-ridicula-la-nueva-acusacion-contra-el-y-cree-que-habria-que-desestimarla\/","url_meta":{"origin":76213,"position":3},"title":"Trump tacha de rid\u00edcula la nueva acusaci\u00f3n contra \u00e9l y cree que habr\u00eda que desestimarla","author":"Nelson Feliz","date":"27 de agosto de 2024","format":false,"excerpt":"Washington (EFE).- El expresidente estadounidense y candidato republicano, Donald Trump (2017-2021), calific\u00f3 este martes de rid\u00edcula la nueva acusaci\u00f3n contra \u00e9l presentada en Washington en el caso del asalto al Capitolio y afirm\u00f3 que habr\u00eda que desestimarla. Trump consider\u00f3 en su red social, Truth Social, que el fiscal especial al\u2026","rel":"","context":"En \u00abSin categor\u00eda\u00bb","block_context":{"text":"Sin categor\u00eda","link":"https:\/\/lasprimeras.com.do\/index.php\/category\/sin-categoria\/"},"img":{"alt_text":"Donald Trump","src":"https:\/\/i0.wp.com\/lasprimeras.com.do\/wp-content\/uploads\/2024\/08\/Donald-Trump-2-1.jpg?resize=350%2C200&ssl=1","width":350,"height":200,"srcset":"https:\/\/i0.wp.com\/lasprimeras.com.do\/wp-content\/uploads\/2024\/08\/Donald-Trump-2-1.jpg?resize=350%2C200&ssl=1 1x, https:\/\/i0.wp.com\/lasprimeras.com.do\/wp-content\/uploads\/2024\/08\/Donald-Trump-2-1.jpg?resize=525%2C300&ssl=1 1.5x, https:\/\/i0.wp.com\/lasprimeras.com.do\/wp-content\/uploads\/2024\/08\/Donald-Trump-2-1.jpg?resize=700%2C400&ssl=1 2x"},"classes":[]},{"id":60721,"url":"https:\/\/lasprimeras.com.do\/index.php\/2023\/09\/18\/trump-se-niega-a-decir-en-una-entrevista-televisiva-como-vio-desarrollarse-el-ataque-del-6-de-enero-en-el-capitolio-de-ee-uu\/","url_meta":{"origin":76213,"position":4},"title":"Trump se niega a decir en una entrevista televisiva c\u00f3mo vio desarrollarse el ataque del 6 de enero en el Capitolio de EE.UU.","author":"Nelson Feliz","date":"18 de septiembre de 2023","format":false,"excerpt":"POR MICHELLE L.PRECIO NUEVA YORK (AP) \u2014 El expresidente Donald Trump se neg\u00f3 repetidamente en una entrevista transmitida el domingo a responder preguntas sobre si vio c\u00f3mo se desarrollaba el mot\u00edn en el Capitolio por televisi\u00f3n, diciendo que \u201cse lo dir\u00eda a la gente m\u00e1s tarde en el momento apropiado\u201d.\u2026","rel":"","context":"En \u00abSin categor\u00eda\u00bb","block_context":{"text":"Sin categor\u00eda","link":"https:\/\/lasprimeras.com.do\/index.php\/category\/sin-categoria\/"},"img":{"alt_text":"Donald Trump","src":"https:\/\/i0.wp.com\/lasprimeras.com.do\/wp-content\/uploads\/2023\/09\/Donald-Trump-1.jpg?resize=350%2C200&ssl=1","width":350,"height":200,"srcset":"https:\/\/i0.wp.com\/lasprimeras.com.do\/wp-content\/uploads\/2023\/09\/Donald-Trump-1.jpg?resize=350%2C200&ssl=1 1x, https:\/\/i0.wp.com\/lasprimeras.com.do\/wp-content\/uploads\/2023\/09\/Donald-Trump-1.jpg?resize=525%2C300&ssl=1 1.5x, https:\/\/i0.wp.com\/lasprimeras.com.do\/wp-content\/uploads\/2023\/09\/Donald-Trump-1.jpg?resize=700%2C400&ssl=1 2x"},"classes":[]},{"id":85515,"url":"https:\/\/lasprimeras.com.do\/index.php\/2024\/07\/01\/corte-suprema-de-eeuu-falla-que-expresidentes-tienen-amplia-inmunidad-en-caso-relacionado-con-trump\/","url_meta":{"origin":76213,"position":5},"title":"Corte Suprema de EEUU falla que expresidentes tienen amplia inmunidad, en caso relacionado con Trump","author":"Nelson Feliz","date":"1 de julio de 2024","format":false,"excerpt":"BY MARK SHERMAN WASHINGTON (AP) \u2014 La Corte Suprema de Estados Unidos fall\u00f3 el lunes que los expresidentes tienen amplia inmunidad ante la justicia, extendiendo la pr\u00f3rroga en el proceso penal que se le sigue a Donald Trump en Washington por acusaciones de que conspir\u00f3 para anular su derrota en\u2026","rel":"","context":"En \u00abSin categor\u00eda\u00bb","block_context":{"text":"Sin categor\u00eda","link":"https:\/\/lasprimeras.com.do\/index.php\/category\/sin-categoria\/"},"img":{"alt_text":"","src":"https:\/\/i0.wp.com\/lasprimeras.com.do\/wp-content\/uploads\/2024\/07\/trump.jpg?resize=350%2C200&ssl=1","width":350,"height":200,"srcset":"https:\/\/i0.wp.com\/lasprimeras.com.do\/wp-content\/uploads\/2024\/07\/trump.jpg?resize=350%2C200&ssl=1 1x, https:\/\/i0.wp.com\/lasprimeras.com.do\/wp-content\/uploads\/2024\/07\/trump.jpg?resize=525%2C300&ssl=1 1.5x, https:\/\/i0.wp.com\/lasprimeras.com.do\/wp-content\/uploads\/2024\/07\/trump.jpg?resize=700%2C400&ssl=1 2x"},"classes":[]}],"jetpack_sharing_enabled":true,"_links":{"self":[{"href":"https:\/\/lasprimeras.com.do\/index.php\/wp-json\/wp\/v2\/posts\/76213","targetHints":{"allow":["GET"]}}],"collection":[{"href":"https:\/\/lasprimeras.com.do\/index.php\/wp-json\/wp\/v2\/posts"}],"about":[{"href":"https:\/\/lasprimeras.com.do\/index.php\/wp-json\/wp\/v2\/types\/post"}],"author":[{"embeddable":true,"href":"https:\/\/lasprimeras.com.do\/index.php\/wp-json\/wp\/v2\/users\/2"}],"replies":[{"embeddable":true,"href":"https:\/\/lasprimeras.com.do\/index.php\/wp-json\/wp\/v2\/comments?post=76213"}],"version-history":[{"count":1,"href":"https:\/\/lasprimeras.com.do\/index.php\/wp-json\/wp\/v2\/posts\/76213\/revisions"}],"predecessor-version":[{"id":76215,"href":"https:\/\/lasprimeras.com.do\/index.php\/wp-json\/wp\/v2\/posts\/76213\/revisions\/76215"}],"wp:featuredmedia":[{"embeddable":true,"href":"https:\/\/lasprimeras.com.do\/index.php\/wp-json\/wp\/v2\/media\/76214"}],"wp:attachment":[{"href":"https:\/\/lasprimeras.com.do\/index.php\/wp-json\/wp\/v2\/media?parent=76213"}],"wp:term":[{"taxonomy":"category","embeddable":true,"href":"https:\/\/lasprimeras.com.do\/index.php\/wp-json\/wp\/v2\/categories?post=76213"},{"taxonomy":"post_tag","embeddable":true,"href":"https:\/\/lasprimeras.com.do\/index.php\/wp-json\/wp\/v2\/tags?post=76213"}],"curies":[{"name":"wp","href":"https:\/\/api.w.org\/{rel}","templated":true}]}}