{"id":76303,"date":"2024-02-08T23:46:42","date_gmt":"2024-02-09T03:46:42","guid":{"rendered":"https:\/\/lasprimeras.com.do\/?p=76303"},"modified":"2024-02-08T23:46:42","modified_gmt":"2024-02-09T03:46:42","slug":"luis-alberto-pido-a-dios-me-ilumine-y-fortalezca-para-dirigir-este-territorio","status":"publish","type":"post","link":"https:\/\/lasprimeras.com.do\/index.php\/2024\/02\/08\/luis-alberto-pido-a-dios-me-ilumine-y-fortalezca-para-dirigir-este-territorio\/","title":{"rendered":"Luis Alberto: \u201cPido a Dios me ilumine y fortalezca, para dirigir este territorio\u201d"},"content":{"rendered":"\n<p><strong>Dijo: \u201cCuando los justos gobiernan, el pueblo se alegra\u201d<\/strong><\/p>\n\n\n\n<p>El candidato a la alcald\u00eda por el Partido de la Liberaci\u00f3n Dominicana (PLD), en santo Domingo Este, Luis Alberto Tejeda, revel\u00f3 hoy que, ha pedido a Dios en oraci\u00f3n que, le ilumine y fortalezca para poder dirigir el municipio oriental, luego que sea electo alcalde en febrero 18 para el periodo 2024-2028.<\/p>\n\n\n\n<p>\u201cNuestro proyecto, ha sido abrazado en todo los sectores, del municipios, quienes se han identificados con nuestra propuesta, por entender que, es la sinceras y real\u201d, dijo Tejeda.<\/p>\n\n\n\n<p>El candidato, manifest\u00f3 que, la comunidad cristiana evang\u00e9lica, cat\u00f3lica y de otras denominaciones han estado orando por el proyecto, as\u00ed como la propuesta de trabajo presentada, a los fines de ser guiado por el creador para llevar a cabo todos los planes que se propone a favor del municipio.<\/p>\n\n\n\n<p>\u201cCuando los justos gobiernan, el pueblo se alegra\u201d, adujo refiri\u00e9ndose a una cita b\u00edblica encontrada en el libro de los evangelios.<\/p>\n\n\n\n<p>Tejeda, quien sustenta su programa de gobierno municipal basado en 21 ejes b\u00e1sicos que detallan el conjunto de pol\u00edticas p\u00fablicas, proyectos y actividades que realizar\u00eda en los cuatro a\u00f1os de su posible gesti\u00f3n (2024-2028).<\/p>\n\n\n\n<p>El popular candidato reiter\u00f3, que s\u00f3lo Dios puede impedir el triunfo de su candidatura, debido al gran respaldo que viene brindado de los mun\u00edcipes y de todas las fuerzas vivas durante el trayecto de la campa\u00f1a.<\/p>\n\n\n\n<p>\u201cConfiamos en que los ciudadanos sabr\u00e1n elegir con plena consciencia sobre lo que realmente desea para el municipio\u201d, record\u00f3.<\/p>\n\n\n\n<p>Tejeda, ofreci\u00f3 esta declaraciones, al ser cuestionados por periodistas quienes cubr\u00edan un acto proselitista.<\/p>\n\n\n\n<p>Luis Alberto Tejeda, muestra una fortaleza abismal en esta recta final previa a la celebraci\u00f3n de las elecciones municipales de febrero, con una s\u00f3lida simpat\u00eda y la intenci\u00f3n del voto al situarse de 52% a 55% para ganar las elecciones en esa demarcaci\u00f3n.<\/p>\n\n\n\n<p>Igualmente, retir\u00f3 su compromiso de trabajar duro, para que cada residente se sienta orgulloso de pertenecer a Santo Domingo Este.<\/p>\n\n\n\n<p>Etapa final<\/p>\n\n\n\n<p>En este tramo final de la campa\u00f1a, el equipo pol\u00edtico y electoral, informaron mediante un despach\u00f3 de prensa, que afinan detalles para el proceso del pr\u00f3ximo domingo 18 de febrero.<\/p>\n","protected":false},"excerpt":{"rendered":"<p>Dijo: \u201cCuando los justos gobiernan, el pueblo se alegra\u201d El candidato a la alcald\u00eda por el Partido de la Liberaci\u00f3n Dominicana (PLD), en santo Domingo Este, Luis Alberto Tejeda, revel\u00f3&hellip;<\/p>\n","protected":false},"author":2,"featured_media":76304,"comment_status":"open","ping_status":"open","sticky":false,"template":"","format":"standard","meta":{"content-type":"","jetpack_post_was_ever_published":false,"_jetpack_newsletter_access":"","_jetpack_dont_email_post_to_subs":false,"_jetpack_newsletter_tier_id":0,"_jetpack_memberships_contains_paywalled_content":false,"_jetpack_memberships_contains_paid_content":false,"footnotes":""},"categories":[25],"tags":[3892],"class_list":["post-76303","post","type-post","status-publish","format-standard","has-post-thumbnail","hentry","category-portada","tag-luis-alberto-tejeda"],"jetpack_featured_media_url":"https:\/\/lasprimeras.com.do\/wp-content\/uploads\/2024\/02\/Luis-Alberto-Tejeda-1.jpg","jetpack-related-posts":[{"id":106331,"url":"https:\/\/lasprimeras.com.do\/index.php\/2025\/08\/12\/luis-alberto-tejeda-la-juventud-es-la-fuerza-que-transforma-la-nacion\/","url_meta":{"origin":76303,"position":0},"title":"Luis Alberto Tejeda: \u201cLa juventud es la fuerza que transforma la naci\u00f3n\u201d","author":"Nelson Feliz","date":"12 de agosto de 2025","format":false,"excerpt":"El miembro del Comit\u00e9 Pol\u00edtico del Partido de la Liberaci\u00f3n Dominicana (PLD), Luis Alberto Tejeda, destac\u00f3 que la juventud es una fuerza transformadora capaz de impulsar los cambios que demanda la sociedad y de construir un futuro de mayores oportunidades para todos. \u201cIndiscutiblemente, nuestros j\u00f3venes son la energ\u00eda que impulsa\u2026","rel":"","context":"En \u00abPOLITICA\u00bb","block_context":{"text":"POLITICA","link":"https:\/\/lasprimeras.com.do\/index.php\/category\/politica\/"},"img":{"alt_text":"Luis Alberto Tejeda","src":"https:\/\/i0.wp.com\/lasprimeras.com.do\/wp-content\/uploads\/2024\/06\/Luis-Alberto-Tejeda.jpg?resize=350%2C200&ssl=1","width":350,"height":200,"srcset":"https:\/\/i0.wp.com\/lasprimeras.com.do\/wp-content\/uploads\/2024\/06\/Luis-Alberto-Tejeda.jpg?resize=350%2C200&ssl=1 1x, https:\/\/i0.wp.com\/lasprimeras.com.do\/wp-content\/uploads\/2024\/06\/Luis-Alberto-Tejeda.jpg?resize=525%2C300&ssl=1 1.5x"},"classes":[]},{"id":105250,"url":"https:\/\/lasprimeras.com.do\/index.php\/2025\/07\/31\/luis-alberto-tejeda-llama-a-la-validacion-activa-de-estructuras-partidarias\/","url_meta":{"origin":76303,"position":1},"title":"Luis Alberto Tejeda llama a la validaci\u00f3n activa de estructuras partidarias","author":"Nelson Feliz","date":"31 de julio de 2025","format":false,"excerpt":"El miembro del Comit\u00e9 Pol\u00edtico del Partido de la Liberaci\u00f3n Dominicana (PLD) y excandidato a la alcald\u00eda de Santo Domingo Este, Luis Alberto Tejeda, hizo un llamado enf\u00e1tico a la militancia pelede\u00edsta a participar activamente en el proceso de validaci\u00f3n interna. \u201cCon esta validaci\u00f3n quiero motivar a todos los miembros\u2026","rel":"","context":"En \u00abPOLITICA\u00bb","block_context":{"text":"POLITICA","link":"https:\/\/lasprimeras.com.do\/index.php\/category\/politica\/"},"img":{"alt_text":"Luis Alberto Tejeda","src":"https:\/\/i0.wp.com\/lasprimeras.com.do\/wp-content\/uploads\/2025\/07\/Luis-Alberto-Tejeda-1.jpg?resize=350%2C200&ssl=1","width":350,"height":200,"srcset":"https:\/\/i0.wp.com\/lasprimeras.com.do\/wp-content\/uploads\/2025\/07\/Luis-Alberto-Tejeda-1.jpg?resize=350%2C200&ssl=1 1x, https:\/\/i0.wp.com\/lasprimeras.com.do\/wp-content\/uploads\/2025\/07\/Luis-Alberto-Tejeda-1.jpg?resize=525%2C300&ssl=1 1.5x, https:\/\/i0.wp.com\/lasprimeras.com.do\/wp-content\/uploads\/2025\/07\/Luis-Alberto-Tejeda-1.jpg?resize=700%2C400&ssl=1 2x"},"classes":[]},{"id":76594,"url":"https:\/\/lasprimeras.com.do\/index.php\/2024\/02\/12\/luis-alberto-recibe-respaldo-de-cientos-de-pastores-en-santo-domingo-este\/","url_meta":{"origin":76303,"position":2},"title":"Luis Alberto recibe respaldo de cientos de pastores en Santo Domingo Este","author":"Nelson Feliz","date":"12 de febrero de 2024","format":false,"excerpt":"Crear\u00e1 un Consejo Interreligioso que sirva de enlace con las iglesias. El candidato a alcalde por Santo Domingo Este, Luis Alberto Tejeda, recibi\u00f3 este lunes el apoyo de cientos de pastores pertenecientes al liderazgo religioso del referido municipio. Durante el encuentro con los l\u00edderes que dirigen las principales iglesias del\u2026","rel":"","context":"En \u00abPORTADA\u00bb","block_context":{"text":"PORTADA","link":"https:\/\/lasprimeras.com.do\/index.php\/category\/portada\/"},"img":{"alt_text":"Luis Alberto Tejeda","src":"https:\/\/i0.wp.com\/lasprimeras.com.do\/wp-content\/uploads\/2024\/02\/Luis-Alberto-Tejeda-4.jpg?resize=350%2C200&ssl=1","width":350,"height":200,"srcset":"https:\/\/i0.wp.com\/lasprimeras.com.do\/wp-content\/uploads\/2024\/02\/Luis-Alberto-Tejeda-4.jpg?resize=350%2C200&ssl=1 1x, https:\/\/i0.wp.com\/lasprimeras.com.do\/wp-content\/uploads\/2024\/02\/Luis-Alberto-Tejeda-4.jpg?resize=525%2C300&ssl=1 1.5x"},"classes":[]},{"id":103487,"url":"https:\/\/lasprimeras.com.do\/index.php\/2025\/07\/15\/luis-a-tejeda-ciudad-juan-bosch-no-necesita-visitas-politicas-necesita-soluciones\/","url_meta":{"origin":76303,"position":3},"title":"Luis A. Tejeda: \u201cCiudad Juan Bosch no necesita visitas pol\u00edticas, necesita soluciones\u201d","author":"Nelson Feliz","date":"15 de julio de 2025","format":false,"excerpt":"El miembro del Comit\u00e9 Pol\u00edtico del Partido de la Liberaci\u00f3n Dominicana (PLD), Luis Alberto Tejeda, afirm\u00f3 este domingo que los problemas estructurales que afectan a los mun\u00edcipes de Ciudad Juan Bosch no se resuelven con visitas improvisadas, sino con acciones concretas y voluntad de gobernar con responsabilidad. Ante las denuncias\u2026","rel":"","context":"En \u00abPOLITICA\u00bb","block_context":{"text":"POLITICA","link":"https:\/\/lasprimeras.com.do\/index.php\/category\/politica\/"},"img":{"alt_text":"","src":"https:\/\/i0.wp.com\/lasprimeras.com.do\/wp-content\/uploads\/2025\/07\/Luis-Alberto-Tejeda.jpg?resize=350%2C200&ssl=1","width":350,"height":200,"srcset":"https:\/\/i0.wp.com\/lasprimeras.com.do\/wp-content\/uploads\/2025\/07\/Luis-Alberto-Tejeda.jpg?resize=350%2C200&ssl=1 1x, https:\/\/i0.wp.com\/lasprimeras.com.do\/wp-content\/uploads\/2025\/07\/Luis-Alberto-Tejeda.jpg?resize=525%2C300&ssl=1 1.5x, https:\/\/i0.wp.com\/lasprimeras.com.do\/wp-content\/uploads\/2025\/07\/Luis-Alberto-Tejeda.jpg?resize=700%2C400&ssl=1 2x"},"classes":[]},{"id":76438,"url":"https:\/\/lasprimeras.com.do\/index.php\/2024\/02\/11\/luis-alberto-al-prm-le-llego-la-hora-epa-fuera-que-van\/","url_meta":{"origin":76303,"position":4},"title":"Luis Alberto: Al PRM le lleg\u00f3 la hora e\u2019pa\u2019 fuera que van\u201d","author":"Nelson Feliz","date":"11 de febrero de 2024","format":false,"excerpt":"Dice tiene 60% de la preferencia electoral de SDE y por todos los lados los mun\u00edcipe dicen que lleg\u00f3 la hora de su triunfo El candidato a alcalde de Santo Domingo Este, Luis Alberto Tejeda, manifest\u00f3 que cuenta con el 60 % de la simpat\u00eda de los electores del referido\u2026","rel":"","context":"En \u00abPORTADA\u00bb","block_context":{"text":"PORTADA","link":"https:\/\/lasprimeras.com.do\/index.php\/category\/portada\/"},"img":{"alt_text":"Luis Alberto Tejeda","src":"https:\/\/i0.wp.com\/lasprimeras.com.do\/wp-content\/uploads\/2024\/02\/Luis-Alberto-Tejeda-2-1.jpg?resize=350%2C200&ssl=1","width":350,"height":200,"srcset":"https:\/\/i0.wp.com\/lasprimeras.com.do\/wp-content\/uploads\/2024\/02\/Luis-Alberto-Tejeda-2-1.jpg?resize=350%2C200&ssl=1 1x, https:\/\/i0.wp.com\/lasprimeras.com.do\/wp-content\/uploads\/2024\/02\/Luis-Alberto-Tejeda-2-1.jpg?resize=525%2C300&ssl=1 1.5x"},"classes":[]},{"id":57754,"url":"https:\/\/lasprimeras.com.do\/index.php\/2023\/08\/15\/luis-alberto-expresa-su-consternacion-con-tragedia-en-sc-suspende-actividades-este-jueves\/","url_meta":{"origin":76303,"position":5},"title":"Luis Alberto expresa su consternaci\u00f3n con tragedia en SC; suspende actividades este jueves","author":"Nelson Feliz","date":"15 de agosto de 2023","format":false,"excerpt":"El candidato a alcalde por el Partido de la Liberaci\u00f3n Dominicana (PLD) en Santo Domingo Este, Luis Alberto Tejeda, expres\u00f3 su consternaci\u00f3n ante la tragedia ocurrida en San Crist\u00f3bal donde una explosi\u00f3n provoc\u00f3 la muerte al menos de 10 personas y provoc\u00f3 heridas a una cantidad indeterminada de ciudadanos. A\u2026","rel":"","context":"En \u00abPORTADA\u00bb","block_context":{"text":"PORTADA","link":"https:\/\/lasprimeras.com.do\/index.php\/category\/portada\/"},"img":{"alt_text":"Luis Alberto Tejeda","src":"https:\/\/i0.wp.com\/lasprimeras.com.do\/wp-content\/uploads\/2023\/08\/Luis-Alberto-Tejeda-2.jpg?resize=350%2C200&ssl=1","width":350,"height":200,"srcset":"https:\/\/i0.wp.com\/lasprimeras.com.do\/wp-content\/uploads\/2023\/08\/Luis-Alberto-Tejeda-2.jpg?resize=350%2C200&ssl=1 1x, https:\/\/i0.wp.com\/lasprimeras.com.do\/wp-content\/uploads\/2023\/08\/Luis-Alberto-Tejeda-2.jpg?resize=525%2C300&ssl=1 1.5x, https:\/\/i0.wp.com\/lasprimeras.com.do\/wp-content\/uploads\/2023\/08\/Luis-Alberto-Tejeda-2.jpg?resize=700%2C400&ssl=1 2x"},"classes":[]}],"jetpack_sharing_enabled":true,"_links":{"self":[{"href":"https:\/\/lasprimeras.com.do\/index.php\/wp-json\/wp\/v2\/posts\/76303","targetHints":{"allow":["GET"]}}],"collection":[{"href":"https:\/\/lasprimeras.com.do\/index.php\/wp-json\/wp\/v2\/posts"}],"about":[{"href":"https:\/\/lasprimeras.com.do\/index.php\/wp-json\/wp\/v2\/types\/post"}],"author":[{"embeddable":true,"href":"https:\/\/lasprimeras.com.do\/index.php\/wp-json\/wp\/v2\/users\/2"}],"replies":[{"embeddable":true,"href":"https:\/\/lasprimeras.com.do\/index.php\/wp-json\/wp\/v2\/comments?post=76303"}],"version-history":[{"count":1,"href":"https:\/\/lasprimeras.com.do\/index.php\/wp-json\/wp\/v2\/posts\/76303\/revisions"}],"predecessor-version":[{"id":76305,"href":"https:\/\/lasprimeras.com.do\/index.php\/wp-json\/wp\/v2\/posts\/76303\/revisions\/76305"}],"wp:featuredmedia":[{"embeddable":true,"href":"https:\/\/lasprimeras.com.do\/index.php\/wp-json\/wp\/v2\/media\/76304"}],"wp:attachment":[{"href":"https:\/\/lasprimeras.com.do\/index.php\/wp-json\/wp\/v2\/media?parent=76303"}],"wp:term":[{"taxonomy":"category","embeddable":true,"href":"https:\/\/lasprimeras.com.do\/index.php\/wp-json\/wp\/v2\/categories?post=76303"},{"taxonomy":"post_tag","embeddable":true,"href":"https:\/\/lasprimeras.com.do\/index.php\/wp-json\/wp\/v2\/tags?post=76303"}],"curies":[{"name":"wp","href":"https:\/\/api.w.org\/{rel}","templated":true}]}}