{"id":76365,"date":"2024-02-09T12:55:49","date_gmt":"2024-02-09T16:55:49","guid":{"rendered":"https:\/\/lasprimeras.com.do\/?p=76365"},"modified":"2024-02-09T12:55:51","modified_gmt":"2024-02-09T16:55:51","slug":"dncd-lamenta-fallecimiento-del-oficial-salas-romero","status":"publish","type":"post","link":"https:\/\/lasprimeras.com.do\/index.php\/2024\/02\/09\/dncd-lamenta-fallecimiento-del-oficial-salas-romero\/","title":{"rendered":"DNCD lamenta fallecimiento del oficial Salas Romero"},"content":{"rendered":"\n<p>Cabrera Ulloa se une al dolor de su familia.<\/p>\n\n\n\n<p>Por Martin Restituyo<\/p>\n\n\n\n<p>El presidente de la Direcci\u00f3n Nacional de Control de Drogas (DNCD), vicealmirante Jos\u00e9 M. Cabrera Ulloa, lament\u00f3 el fallecimiento del teniente de nav\u00edo, Hector Julio Salas Romero, quien muri\u00f3 a causa de un infarto, en su residencia del Ensanche Isabelita, municipio Santo Domingo Este.<\/p>\n\n\n\n<p>Al momento de su muerte el oficial de la Armada de Rep\u00fablica Dominicana (ARD), se desempe\u00f1aba como asistente de la Direcci\u00f3n Operativa de la Presidencia de la DNCD.<\/p>\n\n\n\n<p>El vicealmirante Cabrera Ulloa, presidente del organismo, tras lamentar su triste e irreparable p\u00e9rdida, resalt\u00f3 el esp\u00edritu de trabajo, entrega y dedicaci\u00f3n del joven oficial.<\/p>\n\n\n\n<p>\u201cLa DNCD expresa sus m\u00e1s sinceras condolencias, lamenta profundamente la muerte del teniente de nav\u00edo Salas Romero y se une al dolor que embarga a toda su familia, amigos y relacionados en este momento tan triste&#8221;<\/p>\n\n\n\n<p>El oficial ingres\u00f3 en septiembre del 2011 a las Fuerzas Armadas y ten\u00eda varios a\u00f1os laborando en la instituci\u00f3n, dej\u00f3 en la orfandad, tres ni\u00f1as, dos de seis a\u00f1os y una de tres.<\/p>\n\n\n\n<p>Paz a su alma\u2026<\/p>\n","protected":false},"excerpt":{"rendered":"<p>Cabrera Ulloa se une al dolor de su familia. Por Martin Restituyo El presidente de la Direcci\u00f3n Nacional de Control de Drogas (DNCD), vicealmirante Jos\u00e9 M. Cabrera Ulloa, lament\u00f3 el&hellip;<\/p>\n","protected":false},"author":2,"featured_media":76366,"comment_status":"open","ping_status":"open","sticky":false,"template":"","format":"standard","meta":{"content-type":"","jetpack_post_was_ever_published":false,"_jetpack_newsletter_access":"","_jetpack_dont_email_post_to_subs":false,"_jetpack_newsletter_tier_id":0,"_jetpack_memberships_contains_paywalled_content":false,"_jetpack_memberships_contains_paid_content":false,"footnotes":""},"categories":[35,25],"tags":[3707,1065,11673],"class_list":["post-76365","post","type-post","status-publish","format-standard","has-post-thumbnail","hentry","category-nacionales","category-portada","tag-dncd","tag-fallecimiento","tag-hector-julio-salas-romero"],"jetpack_featured_media_url":"https:\/\/lasprimeras.com.do\/wp-content\/uploads\/2024\/02\/Hector-Julio-Salas-Romero.jpg","jetpack-related-posts":[{"id":121897,"url":"https:\/\/lasprimeras.com.do\/index.php\/2026\/02\/11\/dncd-y-ard-pasan-balance-a-operaciones-de-inteligencia-contra-el-narcotrafico\/","url_meta":{"origin":76365,"position":0},"title":"DNCD y ARD pasan balance a operaciones de inteligencia contra el narcotr\u00e1fico","author":"Nelson Feliz","date":"11 de febrero de 2026","format":false,"excerpt":"_El encuentro fue encabezado por los Vicealmirantes Jos\u00e9 M. Cabrera Ulloa y Juan B. Cris\u00f3stomo Mart\u00ednez_ La Direcci\u00f3n Nacional de Control de Drogas (DNCD) y la Armada de Rep\u00fablica Dominicana (ARD) reunieron su Estado Mayor Coordinador, para pasar balance a las operaciones de inteligencia, persecuci\u00f3n e interdicci\u00f3n en contra del\u2026","rel":"","context":"En \u00abMILITARES\u00bb","block_context":{"text":"MILITARES","link":"https:\/\/lasprimeras.com.do\/index.php\/category\/militares\/"},"img":{"alt_text":"","src":"https:\/\/i0.wp.com\/lasprimeras.com.do\/wp-content\/uploads\/2025\/04\/dncd.jpg?resize=350%2C200&ssl=1","width":350,"height":200,"srcset":"https:\/\/i0.wp.com\/lasprimeras.com.do\/wp-content\/uploads\/2025\/04\/dncd.jpg?resize=350%2C200&ssl=1 1x, https:\/\/i0.wp.com\/lasprimeras.com.do\/wp-content\/uploads\/2025\/04\/dncd.jpg?resize=525%2C300&ssl=1 1.5x, https:\/\/i0.wp.com\/lasprimeras.com.do\/wp-content\/uploads\/2025\/04\/dncd.jpg?resize=700%2C400&ssl=1 2x"},"classes":[]},{"id":119632,"url":"https:\/\/lasprimeras.com.do\/index.php\/2026\/01\/15\/embajadora-de-eeuu-leah-campos-se-reune-con-el-presidente-de-la-dncd-cabrera-ulloa\/","url_meta":{"origin":76365,"position":1},"title":"Embajadora de EEUU Leah Campos se re\u00fane con el presidente de la DNCD Cabrera Ulloa","author":"Nelson Feliz","date":"15 de enero de 2026","format":false,"excerpt":"_Durante el encuentro se acord\u00f3 reforzar la cooperaci\u00f3n bilateral contra el narcotr\u00e1fico, el lavado de activos y la criminalidad organizada transnacional_ La Embajadora de Estados Unidos en Rep\u00fablica Dominicana, Leah F. Campos se reuni\u00f3 por primera vez con el vicealmirante Jos\u00e9 Manuel Cabrera Ulloa, presidente de la Direcci\u00f3n Nacional de\u2026","rel":"","context":"En \u00abNACIONALES\u00bb","block_context":{"text":"NACIONALES","link":"https:\/\/lasprimeras.com.do\/index.php\/category\/nacionales\/"},"img":{"alt_text":"","src":"https:\/\/i0.wp.com\/lasprimeras.com.do\/wp-content\/uploads\/2026\/01\/IMG-20260115-WA0095-scaled.jpg?resize=350%2C200&ssl=1","width":350,"height":200,"srcset":"https:\/\/i0.wp.com\/lasprimeras.com.do\/wp-content\/uploads\/2026\/01\/IMG-20260115-WA0095-scaled.jpg?resize=350%2C200&ssl=1 1x, https:\/\/i0.wp.com\/lasprimeras.com.do\/wp-content\/uploads\/2026\/01\/IMG-20260115-WA0095-scaled.jpg?resize=525%2C300&ssl=1 1.5x, https:\/\/i0.wp.com\/lasprimeras.com.do\/wp-content\/uploads\/2026\/01\/IMG-20260115-WA0095-scaled.jpg?resize=700%2C400&ssl=1 2x, https:\/\/i0.wp.com\/lasprimeras.com.do\/wp-content\/uploads\/2026\/01\/IMG-20260115-WA0095-scaled.jpg?resize=1050%2C600&ssl=1 3x, https:\/\/i0.wp.com\/lasprimeras.com.do\/wp-content\/uploads\/2026\/01\/IMG-20260115-WA0095-scaled.jpg?resize=1400%2C800&ssl=1 4x"},"classes":[]},{"id":106603,"url":"https:\/\/lasprimeras.com.do\/index.php\/2025\/08\/17\/presidente-dncd-rd-a-decomisado-mas-de-224-toneladas-de-drogas-en-los-ultimos-cinco-anos\/","url_meta":{"origin":76365,"position":2},"title":"Presidente DNCD: RD a decomisado m\u00e1s de 224 toneladas de drogas en los \u00faltimos cinco a\u00f1os","author":"Nelson Feliz","date":"17 de agosto de 2025","format":false,"excerpt":"El presidente de la Direcci\u00f3n Nacional de Control de Drogas (DNCD), vicealmirante Jose M. Cabrera Ulloa, resalt\u00f3 el liderazgo del Gobierno del Presidente Luis Abinader, en la lucha contra el narcotr\u00e1fico y la criminalidad organizada transnacional, durante la graduaci\u00f3n de la 124 promoci\u00f3n del Curso B\u00e1sico de la Unidad de\u2026","rel":"","context":"En \u00abNACIONALES\u00bb","block_context":{"text":"NACIONALES","link":"https:\/\/lasprimeras.com.do\/index.php\/category\/nacionales\/"},"img":{"alt_text":"","src":"https:\/\/i0.wp.com\/lasprimeras.com.do\/wp-content\/uploads\/2025\/08\/ggg.jpg?resize=350%2C200&ssl=1","width":350,"height":200,"srcset":"https:\/\/i0.wp.com\/lasprimeras.com.do\/wp-content\/uploads\/2025\/08\/ggg.jpg?resize=350%2C200&ssl=1 1x, https:\/\/i0.wp.com\/lasprimeras.com.do\/wp-content\/uploads\/2025\/08\/ggg.jpg?resize=525%2C300&ssl=1 1.5x, https:\/\/i0.wp.com\/lasprimeras.com.do\/wp-content\/uploads\/2025\/08\/ggg.jpg?resize=700%2C400&ssl=1 2x"},"classes":[]},{"id":126388,"url":"https:\/\/lasprimeras.com.do\/index.php\/2026\/04\/01\/dncd-refuerza-operaciones-en-aeropuertos-puertos-fronteras-en-todo-el-territorio\/","url_meta":{"origin":76365,"position":3},"title":"DNCD refuerza operaciones en aeropuertos, puertos, fronteras en todo el territorio","author":"Nelson Feliz","date":"1 de abril de 2026","format":false,"excerpt":"_La medida busca enfrentar el tr\u00e1fico de drogas y otros delitos durante el largo feriado de Semana Santa_ El presidente de la Direccion Nacional de Control de Drogas (DNCD), vicealmirante Jose M. Cabrera Ulloa, dispuso el reforzamiento de las operaciones de inteligencia e interdicci\u00f3n, contra el tr\u00e1fico de estupefacientes, en\u2026","rel":"","context":"En \u00abMILITARES\u00bb","block_context":{"text":"MILITARES","link":"https:\/\/lasprimeras.com.do\/index.php\/category\/militares\/"},"img":{"alt_text":"","src":"https:\/\/i0.wp.com\/lasprimeras.com.do\/wp-content\/uploads\/2026\/04\/IMG-20260401-WA0441.jpg?resize=350%2C200&ssl=1","width":350,"height":200,"srcset":"https:\/\/i0.wp.com\/lasprimeras.com.do\/wp-content\/uploads\/2026\/04\/IMG-20260401-WA0441.jpg?resize=350%2C200&ssl=1 1x, https:\/\/i0.wp.com\/lasprimeras.com.do\/wp-content\/uploads\/2026\/04\/IMG-20260401-WA0441.jpg?resize=525%2C300&ssl=1 1.5x, https:\/\/i0.wp.com\/lasprimeras.com.do\/wp-content\/uploads\/2026\/04\/IMG-20260401-WA0441.jpg?resize=700%2C400&ssl=1 2x, https:\/\/i0.wp.com\/lasprimeras.com.do\/wp-content\/uploads\/2026\/04\/IMG-20260401-WA0441.jpg?resize=1050%2C600&ssl=1 3x, https:\/\/i0.wp.com\/lasprimeras.com.do\/wp-content\/uploads\/2026\/04\/IMG-20260401-WA0441.jpg?resize=1400%2C800&ssl=1 4x"},"classes":[]},{"id":124575,"url":"https:\/\/lasprimeras.com.do\/index.php\/2026\/03\/13\/embajadora-ee-uu-presenta-al-presidente-dncd-nuevo-agregado-de-la-dea-en-rd\/","url_meta":{"origin":76365,"position":4},"title":"Embajadora EE. UU. presenta al presidente DNCD nuevo agregado de la DEA en RD","author":"Nelson Feliz","date":"13 de marzo de 2026","format":false,"excerpt":"\u00a0La unidad funcionar\u00e1 bajo una nueva direcci\u00f3n marcando un nuevo cap\u00edtulo en la lucha contra el narcotr\u00e1fico y sus delitos conexos La Embajadora de Estados Unidos, Leah F. Campos, se reuni\u00f3 con el presidente de la Direcci\u00f3n Nacional de Control de Drogas (DNCD), vicealmirante Jos\u00e9 M. Cabrera Ulloa, donde present\u00f3\u2026","rel":"","context":"En \u00abNACIONALES\u00bb","block_context":{"text":"NACIONALES","link":"https:\/\/lasprimeras.com.do\/index.php\/category\/nacionales\/"},"img":{"alt_text":"Leah F. Campos","src":"https:\/\/i0.wp.com\/lasprimeras.com.do\/wp-content\/uploads\/2026\/03\/Leah-F.-Campos-1.jpg?resize=350%2C200&ssl=1","width":350,"height":200,"srcset":"https:\/\/i0.wp.com\/lasprimeras.com.do\/wp-content\/uploads\/2026\/03\/Leah-F.-Campos-1.jpg?resize=350%2C200&ssl=1 1x, https:\/\/i0.wp.com\/lasprimeras.com.do\/wp-content\/uploads\/2026\/03\/Leah-F.-Campos-1.jpg?resize=525%2C300&ssl=1 1.5x, https:\/\/i0.wp.com\/lasprimeras.com.do\/wp-content\/uploads\/2026\/03\/Leah-F.-Campos-1.jpg?resize=700%2C400&ssl=1 2x"},"classes":[]},{"id":114966,"url":"https:\/\/lasprimeras.com.do\/index.php\/2025\/11\/18\/presidente-dncdcreacion-procuraduria-contra-el-trafico-de-drogas-robustece-el-crimen-transnacional\/","url_meta":{"origin":76365,"position":5},"title":"Presidente DNCD:Creaci\u00f3n procuradur\u00eda contra el Tr\u00e1fico de Drogas robustece el crimen transnacional","author":"Nelson Feliz","date":"18 de noviembre de 2025","format":false,"excerpt":"El vicealmirante Cabrera Ulloa asegura nuevo organismo pone al pa\u00eds a la vanguardia en lucha contra el narcotr\u00e1fico y el delito transnacional El presidente de la Direccion Nacional de Control de Drogas (DNCD), vicealmirante Jose M. Cabrera Ulloa, saludo la creaci\u00f3n de la nueva Procuradur\u00eda Especializada contra el Tr\u00e1fico Il\u00edcito\u2026","rel":"","context":"En \u00abMILITARES\u00bb","block_context":{"text":"MILITARES","link":"https:\/\/lasprimeras.com.do\/index.php\/category\/militares\/"},"img":{"alt_text":"","src":"https:\/\/i0.wp.com\/lasprimeras.com.do\/wp-content\/uploads\/2025\/11\/Jose-M.-Cabrera-Ulloa-1.jpg?resize=350%2C200&ssl=1","width":350,"height":200,"srcset":"https:\/\/i0.wp.com\/lasprimeras.com.do\/wp-content\/uploads\/2025\/11\/Jose-M.-Cabrera-Ulloa-1.jpg?resize=350%2C200&ssl=1 1x, https:\/\/i0.wp.com\/lasprimeras.com.do\/wp-content\/uploads\/2025\/11\/Jose-M.-Cabrera-Ulloa-1.jpg?resize=525%2C300&ssl=1 1.5x, https:\/\/i0.wp.com\/lasprimeras.com.do\/wp-content\/uploads\/2025\/11\/Jose-M.-Cabrera-Ulloa-1.jpg?resize=700%2C400&ssl=1 2x"},"classes":[]}],"jetpack_sharing_enabled":true,"_links":{"self":[{"href":"https:\/\/lasprimeras.com.do\/index.php\/wp-json\/wp\/v2\/posts\/76365","targetHints":{"allow":["GET"]}}],"collection":[{"href":"https:\/\/lasprimeras.com.do\/index.php\/wp-json\/wp\/v2\/posts"}],"about":[{"href":"https:\/\/lasprimeras.com.do\/index.php\/wp-json\/wp\/v2\/types\/post"}],"author":[{"embeddable":true,"href":"https:\/\/lasprimeras.com.do\/index.php\/wp-json\/wp\/v2\/users\/2"}],"replies":[{"embeddable":true,"href":"https:\/\/lasprimeras.com.do\/index.php\/wp-json\/wp\/v2\/comments?post=76365"}],"version-history":[{"count":1,"href":"https:\/\/lasprimeras.com.do\/index.php\/wp-json\/wp\/v2\/posts\/76365\/revisions"}],"predecessor-version":[{"id":76367,"href":"https:\/\/lasprimeras.com.do\/index.php\/wp-json\/wp\/v2\/posts\/76365\/revisions\/76367"}],"wp:featuredmedia":[{"embeddable":true,"href":"https:\/\/lasprimeras.com.do\/index.php\/wp-json\/wp\/v2\/media\/76366"}],"wp:attachment":[{"href":"https:\/\/lasprimeras.com.do\/index.php\/wp-json\/wp\/v2\/media?parent=76365"}],"wp:term":[{"taxonomy":"category","embeddable":true,"href":"https:\/\/lasprimeras.com.do\/index.php\/wp-json\/wp\/v2\/categories?post=76365"},{"taxonomy":"post_tag","embeddable":true,"href":"https:\/\/lasprimeras.com.do\/index.php\/wp-json\/wp\/v2\/tags?post=76365"}],"curies":[{"name":"wp","href":"https:\/\/api.w.org\/{rel}","templated":true}]}}