{"id":76371,"date":"2024-02-09T13:23:52","date_gmt":"2024-02-09T17:23:52","guid":{"rendered":"https:\/\/lasprimeras.com.do\/?p=76371"},"modified":"2024-02-09T13:23:53","modified_gmt":"2024-02-09T17:23:53","slug":"juristas-vuelven-a-marchar-en-contra-de-la-ley-que-crea-la-dni","status":"publish","type":"post","link":"https:\/\/lasprimeras.com.do\/index.php\/2024\/02\/09\/juristas-vuelven-a-marchar-en-contra-de-la-ley-que-crea-la-dni\/","title":{"rendered":"Juristas vuelven a marchar en contra de la ley que crea la DNI"},"content":{"rendered":"\n<p>Con ata\u00fad en mano y gritando que &#8220;ha muerto la democracia&#8221; llegaron la ma\u00f1ana de este viernes decenas de abogados y otros representantes de la sociedad civil hasta el Palacio Nacional para protestar contra la Ley 01-24 que crea la Direcci\u00f3n Nacional de Investigaci\u00f3n (DNI). Es la segunda vez que los abogados se manifiestan en rechazo a esa pieza.<\/p>\n\n\n\n<p>La marcha que comenz\u00f3 en el Parque Independencia hacia el Palacio Nacional, para solicitar al presidente de la Rep\u00fablica, Luis Abinader, que convoque a una legislatura extraordinaria para derogar la legislaci\u00f3n, fue liderada por el expresidente del Colegio de Abogados de la Rep\u00fablica Dominicana (CARD), Miguel Surun Hern\u00e1ndez.<\/p>\n\n\n\n<p>Denunci\u00f3 que las autoridades del Gobierno est\u00e1n imponiendo una dictadura al afirmar que esta ley constituye un ataque al estado de derecho y a las instituciones democr\u00e1ticas del pa\u00eds, &#8220;las cuales tantos esfuerzos costaron a los periodistas para asegurar la libertad de expresi\u00f3n&#8221;.<\/p>\n\n\n\n<p>Adem\u00e1s, sostiene que el Gobierno intenta ocultar casos de corrupci\u00f3n y acciones en contra del pueblo dominicano.<\/p>\n\n\n\n<p>&#8220;Estamos en presencia de un Gobierno que no escucha, de un Gobierno que est\u00e1 empecinado en perseguir a los periodistas y a los comunicadores, muchos de los cuales han sido excluidos de sus medios ordinarios, precisamente por suposiciones contrarias a las pol\u00edticas y a la matriz medi\u00e1tica del presente Gobierno&#8221;, expres\u00f3 el jurista.<\/p>\n\n\n\n<p>Advirti\u00f3 que esta legislaci\u00f3n permite la interceptaci\u00f3n extrajudicial de comunicaciones telef\u00f3nicas y electr\u00f3nicas y que adem\u00e1s, impone sanciones a quienes no entreguen la informaci\u00f3n solicitada por el DNI.<\/p>\n\n\n\n<p>Puntualiz\u00f3 que el art\u00edculo 26 de la legislaci\u00f3n es especialmente preocupante, ya que establece penas de 2 a 3 a\u00f1os de c\u00e1rcel para periodistas, abogados, m\u00e9dicos, bancos, empresas telef\u00f3nicas y cualquier entidad p\u00fablica o privada que se niegue a entregar informaci\u00f3n.<\/p>\n\n\n\n<p>A su juicio, esta ley pone fin al secreto profesional del abogado, a la cl\u00e1usula de conciencia del periodista y al secreto m\u00e9dico, bancario y de las comunicaciones, &#8220;institucionalizando as\u00ed la intromisi\u00f3n del Estado&#8221;.<\/p>\n\n\n\n<p>Manifest\u00f3 que hasta el momento no ha habido di\u00e1logo por parte del Gobierno a lo que calific\u00f3 como &#8220;mero tr\u00e1mite de entretenimiento&#8221; para que la poblaci\u00f3n entienda que todo est\u00e1 bien y al final no hacer nada.<\/p>\n\n\n\n<p>Durante la marcha, los abogados y otros representantes de la sociedad civil se presentaron con pancartas en mano y vociferando &#8220;no a la dictadura&#8221;, &#8220;libertad de expresi\u00f3n&#8221;.<\/p>\n\n\n\n<p>Polic\u00eda Nacional es calificada como entidad &#8220;pol\u00edtica&#8221;<\/p>\n\n\n\n<p>El jurista agreg\u00f3 que la Polic\u00eda Nacional se ha convertido en una instituci\u00f3n pol\u00edtica y que est\u00e1 trabajando para reprimir la oposici\u00f3n siguiendo \u00f3rdenes del Gobierno.<\/p>\n\n\n\n<p>Decenas de agentes de la Polic\u00eda Nacional y de Operaciones Especiales (Lince) se encontraban en las inmediaciones del Palacio Nacional.<\/p>\n","protected":false},"excerpt":{"rendered":"<p>Con ata\u00fad en mano y gritando que &#8220;ha muerto la democracia&#8221; llegaron la ma\u00f1ana de este viernes decenas de abogados y otros representantes de la sociedad civil hasta el Palacio&hellip;<\/p>\n","protected":false},"author":2,"featured_media":76372,"comment_status":"open","ping_status":"open","sticky":false,"template":"","format":"standard","meta":{"content-type":"","jetpack_post_was_ever_published":false,"_jetpack_newsletter_access":"","_jetpack_dont_email_post_to_subs":false,"_jetpack_newsletter_tier_id":0,"_jetpack_memberships_contains_paywalled_content":false,"_jetpack_memberships_contains_paid_content":false,"footnotes":""},"categories":[35,25],"tags":[6978,6940,411,3108],"class_list":["post-76371","post","type-post","status-publish","format-standard","has-post-thumbnail","hentry","category-nacionales","category-portada","tag-dni","tag-juristas","tag-ley","tag-marchan"],"jetpack_featured_media_url":"https:\/\/lasprimeras.com.do\/wp-content\/uploads\/2024\/02\/SURUN.jpg","jetpack-related-posts":[{"id":78594,"url":"https:\/\/lasprimeras.com.do\/index.php\/2024\/03\/18\/comision-abogados-entrega-observaciones-ley-crea-dni\/","url_meta":{"origin":76371,"position":0},"title":"Comisi\u00f3n abogados entrega observaciones ley crea DNI","author":"BIMARY DE JES\u00daS Matos","date":"18 de marzo de 2024","format":false,"excerpt":"Santo Domingo.-Los abogados Olivo Rodr\u00edguez Huertas, Harold Modesto, Eric Raful y Carolina Ram\u00edrez entregaron un informe preliminar a la comisi\u00f3n de la Sociedad Dominicana de Diarios, Inc. (SDD) y al Gobierno sobre diferentes propuestas para reformar la controversial Ley 1-24 que crea la Direcci\u00f3n Nacional de Investigaciones (DNI). El informe\u2026","rel":"","context":"En \u00abNACIONALES\u00bb","block_context":{"text":"NACIONALES","link":"https:\/\/lasprimeras.com.do\/index.php\/category\/nacionales\/"},"img":{"alt_text":"","src":"","width":0,"height":0},"classes":[]},{"id":75930,"url":"https:\/\/lasprimeras.com.do\/index.php\/2024\/02\/05\/consultor-juridico-espera-comision-termine-esta-semana-informe-sobre-ley-dni\/","url_meta":{"origin":76371,"position":1},"title":"Consultor jur\u00eddico espera comisi\u00f3n termine esta semana informe sobre ley DNI","author":"Nelson Feliz","date":"5 de febrero de 2024","format":false,"excerpt":"El informe corre a cargo de dos abogados de la Sociedad Dominicana de Diarios y dos del Poder Ejecutivo. El consultor jur\u00eddico del Poder Ejecutivo, Antoliano Peralta Romero, espera que la comisi\u00f3n que trabaja en la reforma de la ley 1-24, que crea la Direcci\u00f3n Nacional de Inteligencia (DNI), pueda\u2026","rel":"","context":"En \u00abNACIONALES\u00bb","block_context":{"text":"NACIONALES","link":"https:\/\/lasprimeras.com.do\/index.php\/category\/nacionales\/"},"img":{"alt_text":"Miembros de la Sociedad Dominicana de Diarios hablaron con el consultor jur\u00eddico del Poder Ejecutivo, Antoliano Peralta, sobre la ley DNI.","src":"https:\/\/i0.wp.com\/lasprimeras.com.do\/wp-content\/uploads\/2024\/02\/prensa.jpg?resize=350%2C200&ssl=1","width":350,"height":200,"srcset":"https:\/\/i0.wp.com\/lasprimeras.com.do\/wp-content\/uploads\/2024\/02\/prensa.jpg?resize=350%2C200&ssl=1 1x, https:\/\/i0.wp.com\/lasprimeras.com.do\/wp-content\/uploads\/2024\/02\/prensa.jpg?resize=525%2C300&ssl=1 1.5x, https:\/\/i0.wp.com\/lasprimeras.com.do\/wp-content\/uploads\/2024\/02\/prensa.jpg?resize=700%2C400&ssl=1 2x"},"classes":[]},{"id":81966,"url":"https:\/\/lasprimeras.com.do\/index.php\/2024\/04\/27\/tribunal-constitucional-conoce-siete-expedientes-que-atacan-ley-que-crea-dni\/","url_meta":{"origin":76371,"position":2},"title":"Tribunal Constitucional conoce siete expedientes que atacan ley que crea DNI","author":"BIMARY DE JES\u00daS Matos","date":"27 de abril de 2024","format":false,"excerpt":"Santo Domingo. \u2013 El Tribunal Constitucional inform\u00f3 este viernes que el Pleno de jueces conoci\u00f3 siete expedientes que atacan la Ley n\u00fam. 1-24, que crea la Direcci\u00f3n Nacional de Inteligencia (DNI), del 15 de enero de 2024, los cuales quedaron pendiente de ser fallados. Indic\u00f3 adem\u00e1s que conoci\u00f3 el expediente\u2026","rel":"","context":"En \u00abNACIONALES\u00bb","block_context":{"text":"NACIONALES","link":"https:\/\/lasprimeras.com.do\/index.php\/category\/nacionales\/"},"img":{"alt_text":"","src":"https:\/\/i0.wp.com\/lasprimeras.com.do\/wp-content\/uploads\/2024\/04\/6a0c8a05-4f4b-48f5-a1d9-1ad180753c4a-53.jpg?resize=350%2C200&ssl=1","width":350,"height":200,"srcset":"https:\/\/i0.wp.com\/lasprimeras.com.do\/wp-content\/uploads\/2024\/04\/6a0c8a05-4f4b-48f5-a1d9-1ad180753c4a-53.jpg?resize=350%2C200&ssl=1 1x, https:\/\/i0.wp.com\/lasprimeras.com.do\/wp-content\/uploads\/2024\/04\/6a0c8a05-4f4b-48f5-a1d9-1ad180753c4a-53.jpg?resize=525%2C300&ssl=1 1.5x, https:\/\/i0.wp.com\/lasprimeras.com.do\/wp-content\/uploads\/2024\/04\/6a0c8a05-4f4b-48f5-a1d9-1ad180753c4a-53.jpg?resize=700%2C400&ssl=1 2x, https:\/\/i0.wp.com\/lasprimeras.com.do\/wp-content\/uploads\/2024\/04\/6a0c8a05-4f4b-48f5-a1d9-1ad180753c4a-53.jpg?resize=1050%2C600&ssl=1 3x, https:\/\/i0.wp.com\/lasprimeras.com.do\/wp-content\/uploads\/2024\/04\/6a0c8a05-4f4b-48f5-a1d9-1ad180753c4a-53.jpg?resize=1400%2C800&ssl=1 4x"},"classes":[]},{"id":80941,"url":"https:\/\/lasprimeras.com.do\/index.php\/2024\/04\/14\/persio-maldonado-continua-dialogo-para-consensuar-la-ley-que-creo-la-dni\/","url_meta":{"origin":76371,"position":3},"title":"Persio Maldonado: contin\u00faa di\u00e1logo para consensuar la ley que cre\u00f3 la DNI","author":"Nelson Feliz","date":"14 de abril de 2024","format":false,"excerpt":"La comisi\u00f3n designada por el presidente Luis Abinader para buscar un consenso en torno a la controversial Ley 1-24 que cre\u00f3 la Direcci\u00f3n Nacional de Inteligencia (DNI) contin\u00faa trabajando en aras de llegar a un entendimiento entre el Gobierno y los sectores de la sociedad que se han pronunciado contra\u2026","rel":"","context":"En \u00abNACIONALES\u00bb","block_context":{"text":"NACIONALES","link":"https:\/\/lasprimeras.com.do\/index.php\/category\/nacionales\/"},"img":{"alt_text":"Persio Maldonado","src":"https:\/\/i0.wp.com\/lasprimeras.com.do\/wp-content\/uploads\/2024\/04\/Persio-Maldonado.jpg?resize=350%2C200&ssl=1","width":350,"height":200,"srcset":"https:\/\/i0.wp.com\/lasprimeras.com.do\/wp-content\/uploads\/2024\/04\/Persio-Maldonado.jpg?resize=350%2C200&ssl=1 1x, https:\/\/i0.wp.com\/lasprimeras.com.do\/wp-content\/uploads\/2024\/04\/Persio-Maldonado.jpg?resize=525%2C300&ssl=1 1.5x, https:\/\/i0.wp.com\/lasprimeras.com.do\/wp-content\/uploads\/2024\/04\/Persio-Maldonado.jpg?resize=700%2C400&ssl=1 2x"},"classes":[]},{"id":74534,"url":"https:\/\/lasprimeras.com.do\/index.php\/2024\/01\/24\/diputado-opositor-llama-a-luis-abinader-a-no-aplicar-la-ley-1-24\/","url_meta":{"origin":76371,"position":4},"title":"Diputado opositor llama a Luis Abinader a no aplicar la Ley 1-24","author":"Nelson Feliz","date":"24 de enero de 2024","format":false,"excerpt":"El diputado nacional y presidente de la Comisi\u00f3n Nacional de Derechos Humanos de la C\u00e1mara de Diputados, Juan Dionicio Rodr\u00edguez, fue el \u00fanico legislador que vot\u00f3 en contra de la ley que crea la Direcci\u00f3n Nacional de Inteligencia (DNI) en su segunda lectura. hoy fuente externa. 23\/01\/2024 Ley que modific\u00f3\u2026","rel":"","context":"En \u00abPORTADA\u00bb","block_context":{"text":"PORTADA","link":"https:\/\/lasprimeras.com.do\/index.php\/category\/portada\/"},"img":{"alt_text":"Juan Dionicio Rodr\u00edguez","src":"https:\/\/i0.wp.com\/lasprimeras.com.do\/wp-content\/uploads\/2024\/01\/Juan-Dionicio-Rodriguez.jpg?resize=350%2C200&ssl=1","width":350,"height":200,"srcset":"https:\/\/i0.wp.com\/lasprimeras.com.do\/wp-content\/uploads\/2024\/01\/Juan-Dionicio-Rodriguez.jpg?resize=350%2C200&ssl=1 1x, https:\/\/i0.wp.com\/lasprimeras.com.do\/wp-content\/uploads\/2024\/01\/Juan-Dionicio-Rodriguez.jpg?resize=525%2C300&ssl=1 1.5x"},"classes":[]},{"id":81013,"url":"https:\/\/lasprimeras.com.do\/index.php\/2024\/04\/16\/comision-sigue-labor-para-reforma-ley-dni\/","url_meta":{"origin":76371,"position":5},"title":"Comisi\u00f3n sigue labor para reforma ley DNI","author":"BIMARY DE JES\u00daS Matos","date":"16 de abril de 2024","format":false,"excerpt":"Santo Domingo.-La comisi\u00f3n designada por el Poder Ejecutivo para consensuar la Ley 1-24, que crea la Direcci\u00f3n Nacional de Inteligencia (DNI), sigue los trabajos, a fin de lograr un entendimiento entre el Gobierno y los diferentes sectores de la sociedad que han rechazado esa legislaci\u00f3n. Persio Maldonado, coordinador de la\u2026","rel":"","context":"En \u00abPORTADA\u00bb","block_context":{"text":"PORTADA","link":"https:\/\/lasprimeras.com.do\/index.php\/category\/portada\/"},"img":{"alt_text":"","src":"https:\/\/i0.wp.com\/lasprimeras.com.do\/wp-content\/uploads\/2024\/04\/imagen-abel-mar-focus-0.28-0.1-896-504-2.jpg?resize=350%2C200&ssl=1","width":350,"height":200,"srcset":"https:\/\/i0.wp.com\/lasprimeras.com.do\/wp-content\/uploads\/2024\/04\/imagen-abel-mar-focus-0.28-0.1-896-504-2.jpg?resize=350%2C200&ssl=1 1x, https:\/\/i0.wp.com\/lasprimeras.com.do\/wp-content\/uploads\/2024\/04\/imagen-abel-mar-focus-0.28-0.1-896-504-2.jpg?resize=525%2C300&ssl=1 1.5x, https:\/\/i0.wp.com\/lasprimeras.com.do\/wp-content\/uploads\/2024\/04\/imagen-abel-mar-focus-0.28-0.1-896-504-2.jpg?resize=700%2C400&ssl=1 2x, https:\/\/i0.wp.com\/lasprimeras.com.do\/wp-content\/uploads\/2024\/04\/imagen-abel-mar-focus-0.28-0.1-896-504-2.jpg?resize=1050%2C600&ssl=1 3x"},"classes":[]}],"jetpack_sharing_enabled":true,"_links":{"self":[{"href":"https:\/\/lasprimeras.com.do\/index.php\/wp-json\/wp\/v2\/posts\/76371","targetHints":{"allow":["GET"]}}],"collection":[{"href":"https:\/\/lasprimeras.com.do\/index.php\/wp-json\/wp\/v2\/posts"}],"about":[{"href":"https:\/\/lasprimeras.com.do\/index.php\/wp-json\/wp\/v2\/types\/post"}],"author":[{"embeddable":true,"href":"https:\/\/lasprimeras.com.do\/index.php\/wp-json\/wp\/v2\/users\/2"}],"replies":[{"embeddable":true,"href":"https:\/\/lasprimeras.com.do\/index.php\/wp-json\/wp\/v2\/comments?post=76371"}],"version-history":[{"count":1,"href":"https:\/\/lasprimeras.com.do\/index.php\/wp-json\/wp\/v2\/posts\/76371\/revisions"}],"predecessor-version":[{"id":76373,"href":"https:\/\/lasprimeras.com.do\/index.php\/wp-json\/wp\/v2\/posts\/76371\/revisions\/76373"}],"wp:featuredmedia":[{"embeddable":true,"href":"https:\/\/lasprimeras.com.do\/index.php\/wp-json\/wp\/v2\/media\/76372"}],"wp:attachment":[{"href":"https:\/\/lasprimeras.com.do\/index.php\/wp-json\/wp\/v2\/media?parent=76371"}],"wp:term":[{"taxonomy":"category","embeddable":true,"href":"https:\/\/lasprimeras.com.do\/index.php\/wp-json\/wp\/v2\/categories?post=76371"},{"taxonomy":"post_tag","embeddable":true,"href":"https:\/\/lasprimeras.com.do\/index.php\/wp-json\/wp\/v2\/tags?post=76371"}],"curies":[{"name":"wp","href":"https:\/\/api.w.org\/{rel}","templated":true}]}}