{"id":76383,"date":"2024-02-09T14:56:18","date_gmt":"2024-02-09T18:56:18","guid":{"rendered":"https:\/\/lasprimeras.com.do\/?p=76383"},"modified":"2024-02-09T14:56:20","modified_gmt":"2024-02-09T18:56:20","slug":"ministerio-publico-presento-acto-conclusivo-contra-implicados-muerte-del-nino-gioser-luis-feliz","status":"publish","type":"post","link":"https:\/\/lasprimeras.com.do\/index.php\/2024\/02\/09\/ministerio-publico-presento-acto-conclusivo-contra-implicados-muerte-del-nino-gioser-luis-feliz\/","title":{"rendered":"Ministerio P\u00fablico present\u00f3 acto conclusivo contra implicados muerte del ni\u00f1o Gioser Luis Feliz"},"content":{"rendered":"\n<p>Santo Domingo.-El\u00a0Ministerio P\u00fablico\u00a0(MP) present\u00f3\u00a0acto conclusivo\u00a0contra los seis\u00a0implicados\u00a0en el\u00a0crimen\u00a0de\u00a0Gioser Luis Feliz, de nueve a\u00f1os de edad, en medio de un intento de atraco mientras sal\u00eda del aeropuerto Cibao junto a su familia.<\/p>\n\n\n\n<p>El \u00f3rgano present\u00f3 la\u00a0acusaci\u00f3n\u00a0en contra de Derlyn Javier Mercado Mart\u00ednez (Eyery), de 24 a\u00f1os; C\u00e9sar Junior Ulloa Cuevas, 23 a\u00f1os; Luis \u00c1ngel Vargas Brito (el Cu\u00f1ao), 20 a\u00f1os; Jos\u00e9 Manuel Almonte Santana (Buqui), 20 a\u00f1os; Eli\u00e1n Mart\u00ednez S\u00e1nchez (Odalis y\/o la Leche), 21 a\u00f1os; y Tom\u00e1s Pe\u00f1a Morel (Tomasito).<\/p>\n\n\n\n<p>Contra el grupo, las autoridades presentan\u00a0cargos\u00a0tipificados y sancionados en los art\u00edculos 265, 266, 2, 379, 382, 386-2, 295 y 304 del C\u00f3digo Penal Dominicano, que contemplan sanciones contra la asociaci\u00f3n de malhechores, homicidio y\u00a0robo agravado, este \u00faltimo en grado de tentativa.<\/p>\n\n\n\n<p>Tambi\u00e9n, se le atribuye\u00a0violaci\u00f3n\u00a0a la\u00a0Ley 631-16\u00a0para el Control y Regulaci\u00f3n de Armas, Municiones y Materiales Relacionados, por el uso del arma con la que se arrebat\u00f3 la vida a la v\u00edctima menor de edad.<\/p>\n","protected":false},"excerpt":{"rendered":"<p>Santo Domingo.-El\u00a0Ministerio P\u00fablico\u00a0(MP) present\u00f3\u00a0acto conclusivo\u00a0contra los seis\u00a0implicados\u00a0en el\u00a0crimen\u00a0de\u00a0Gioser Luis Feliz, de nueve a\u00f1os de edad, en medio de un intento de atraco mientras sal\u00eda del aeropuerto Cibao junto a su&hellip;<\/p>\n","protected":false},"author":3,"featured_media":76384,"comment_status":"open","ping_status":"open","sticky":false,"template":"","format":"standard","meta":{"content-type":"","jetpack_post_was_ever_published":false,"_jetpack_newsletter_access":"","_jetpack_dont_email_post_to_subs":false,"_jetpack_newsletter_tier_id":0,"_jetpack_memberships_contains_paywalled_content":false,"_jetpack_memberships_contains_paid_content":false,"footnotes":""},"categories":[25],"tags":[],"class_list":["post-76383","post","type-post","status-publish","format-standard","has-post-thumbnail","hentry","category-portada"],"jetpack_featured_media_url":"https:\/\/lasprimeras.com.do\/wp-content\/uploads\/2024\/02\/crimen-del-nino-gioser-luis-feliz-ministerio-publico-presenta-acto-co-focus-0-0-546-350.jpg","jetpack-related-posts":[{"id":76368,"url":"https:\/\/lasprimeras.com.do\/index.php\/2024\/02\/09\/mp-presento-acto-conclusivo-contra-implicados-muerte-del-nino-gioser-luis-feliz\/","url_meta":{"origin":76383,"position":0},"title":"MP present\u00f3 acto conclusivo contra implicados muerte del ni\u00f1o Gioser Luis Feliz","author":"Nelson Feliz","date":"9 de febrero de 2024","format":false,"excerpt":"El Ministerio P\u00fablico (MP) present\u00f3 acto conclusivo contra los seis implicados en el crimen de Gioser Luis Feliz, de nueve a\u00f1os de edad, en medio de un intento de atraco mientras sal\u00eda del aeropuerto Cibao junto a su familia. El \u00f3rgano present\u00f3 la acusaci\u00f3n en contra de Derlyn Javier Mercado\u2026","rel":"","context":"En \u00abJUSTICIA\u00bb","block_context":{"text":"JUSTICIA","link":"https:\/\/lasprimeras.com.do\/index.php\/category\/justicia\/"},"img":{"alt_text":"abogado","src":"https:\/\/i0.wp.com\/lasprimeras.com.do\/wp-content\/uploads\/2024\/02\/abogado.jpg?resize=350%2C200&ssl=1","width":350,"height":200,"srcset":"https:\/\/i0.wp.com\/lasprimeras.com.do\/wp-content\/uploads\/2024\/02\/abogado.jpg?resize=350%2C200&ssl=1 1x, https:\/\/i0.wp.com\/lasprimeras.com.do\/wp-content\/uploads\/2024\/02\/abogado.jpg?resize=525%2C300&ssl=1 1.5x"},"classes":[]},{"id":48960,"url":"https:\/\/lasprimeras.com.do\/index.php\/2023\/05\/05\/dictan-12-meses-de-prision-preventiva-a-implicados-en-muerte-de-gioser-luis-feliz\/","url_meta":{"origin":76383,"position":1},"title":"Dictan 12 Meses de prisi\u00f3n preventiva a implicados en muerte de Gioser Luis Feliz","author":"prenxa100","date":"5 de mayo de 2023","format":false,"excerpt":"Santo Domingo. \u2013 La jueza de la\u00a0Oficina Judicial de Servicios de Atenci\u00f3n Permanente de Santiago,\u00a0dict\u00f3 doce meses de prisi\u00f3n preventiva como medida de coerci\u00f3n en contra de los seis imputados en el homicidio de Gioser Luis Feliz de 9 a\u00f1os de edad. La magistrada Kimberly Tatis, del referido tribunal, tambi\u00e9n\u2026","rel":"","context":"En \u00abJUSTICIA\u00bb","block_context":{"text":"JUSTICIA","link":"https:\/\/lasprimeras.com.do\/index.php\/category\/justicia\/"},"img":{"alt_text":"","src":"","width":0,"height":0},"classes":[]},{"id":50507,"url":"https:\/\/lasprimeras.com.do\/index.php\/2023\/05\/21\/chiquito-y-luis-implicados-en-muerte-de-joshua-estuvieron-en-dos-audiencias-del-caso-gioser-feliz\/","url_meta":{"origin":76383,"position":2},"title":"Chiquito y Luis, implicados en muerte de Joshua, estuvieron en dos audiencias del caso Gioser F\u00e9liz","author":"prenxa100","date":"21 de mayo de 2023","format":false,"excerpt":"Santiago, RD.-. \u201cLuis\u201d y \u201cChiquito\u201d, ambos implicados en el caso Joshua Fern\u00e1ndez, estuvieron presentes en el Palacio de Justicia de Santiago en al menos dos audiencias de solicitud de medida de coerci\u00f3n de los imputados por la muerte de Gioser Luis Feliz Camilo, el ni\u00f1o que falleci\u00f3 luego de que\u2026","rel":"","context":"En \u00abJUSTICIA\u00bb","block_context":{"text":"JUSTICIA","link":"https:\/\/lasprimeras.com.do\/index.php\/category\/justicia\/"},"img":{"alt_text":"","src":"","width":0,"height":0},"classes":[]},{"id":81556,"url":"https:\/\/lasprimeras.com.do\/index.php\/2024\/04\/22\/pepca-anuncia-nuevas-pruebas-y-otros-imputados-en-caso-calamar\/","url_meta":{"origin":76383,"position":3},"title":"PEPCA anuncia nuevas pruebas y otros imputados en caso Calamar","author":"BIMARY DE JES\u00daS Matos","date":"22 de abril de 2024","format":false,"excerpt":"SANTO DOMINGO.- El director de la Procuradur\u00eda Especializada de Persecuci\u00f3n de la Corrupci\u00f3n Administrativa (PEPCA), Wilson Camacho, anunci\u00f3 que en los pr\u00f3ximos d\u00edas informar\u00e1 de nuevos imputados y presentar\u00e1 otras pruebas del caso Calamar. Hizo el anuncio luego de que la jueza suplente del Segundo Juzgado de la Instrucci\u00f3n del\u2026","rel":"","context":"En \u00abNACIONALES\u00bb","block_context":{"text":"NACIONALES","link":"https:\/\/lasprimeras.com.do\/index.php\/category\/nacionales\/"},"img":{"alt_text":"","src":"https:\/\/i0.wp.com\/lasprimeras.com.do\/wp-content\/uploads\/2024\/04\/6a0c8a05-4f4b-48f5-a1d9-1ad180753c4a-29.jpg?resize=350%2C200&ssl=1","width":350,"height":200,"srcset":"https:\/\/i0.wp.com\/lasprimeras.com.do\/wp-content\/uploads\/2024\/04\/6a0c8a05-4f4b-48f5-a1d9-1ad180753c4a-29.jpg?resize=350%2C200&ssl=1 1x, https:\/\/i0.wp.com\/lasprimeras.com.do\/wp-content\/uploads\/2024\/04\/6a0c8a05-4f4b-48f5-a1d9-1ad180753c4a-29.jpg?resize=525%2C300&ssl=1 1.5x, https:\/\/i0.wp.com\/lasprimeras.com.do\/wp-content\/uploads\/2024\/04\/6a0c8a05-4f4b-48f5-a1d9-1ad180753c4a-29.jpg?resize=700%2C400&ssl=1 2x"},"classes":[]},{"id":56981,"url":"https:\/\/lasprimeras.com.do\/index.php\/2023\/08\/07\/fiscalia-de-sde-y-norte-obtiene-20-anos-de-prision-contra-hombre-que-mato-otro-en-san-luis\/","url_meta":{"origin":76383,"position":4},"title":"Fiscal\u00eda de SDE y Norte obtiene 20 a\u00f1os de prisi\u00f3n contra hombre que mat\u00f3 otro en San Luis","author":"Nelson Feliz","date":"7 de agosto de 2023","format":false,"excerpt":"La Fiscal\u00eda de Santo Domingo Este y Norte obtuvo una condena de 20 a\u00f1os de prisi\u00f3n y el pago de una indemnizaci\u00f3n de un mill\u00f3n de pesos en contra de un hombre que le quit\u00f3 la vida a otro a causa de heridas de arma blanca, en un hecho ocurrido\u2026","rel":"","context":"En \u00abJUSTICIA\u00bb","block_context":{"text":"JUSTICIA","link":"https:\/\/lasprimeras.com.do\/index.php\/category\/justicia\/"},"img":{"alt_text":"","src":"","width":0,"height":0},"classes":[]},{"id":119523,"url":"https:\/\/lasprimeras.com.do\/index.php\/2026\/01\/14\/ministerio-publico-presentara-conclusiones-del-caso-coral-y-coral-5g\/","url_meta":{"origin":76383,"position":5},"title":"Ministerio P\u00fablico presentar\u00e1 conclusiones del caso Coral y Coral 5G","author":"Nelson Feliz","date":"14 de enero de 2026","format":false,"excerpt":"La red de corrupci\u00f3n administrativa procesada desfalc\u00f3 al Estado dominicano con m\u00e1s de 4,500 millones de pesos El Ministerio P\u00fablico dio a conocer este martes, ante el Primer Tribunal Colegiado del Distrito Nacional, que en la pr\u00f3xima audiencia iniciar\u00e1 la presentaci\u00f3n de las conclusiones en la acusaci\u00f3n contra los procesados\u2026","rel":"","context":"En \u00abJUSTICIA\u00bb","block_context":{"text":"JUSTICIA","link":"https:\/\/lasprimeras.com.do\/index.php\/category\/justicia\/"},"img":{"alt_text":"","src":"https:\/\/i0.wp.com\/lasprimeras.com.do\/wp-content\/uploads\/2025\/09\/Ministerio-Publico.jpg?resize=350%2C200&ssl=1","width":350,"height":200,"srcset":"https:\/\/i0.wp.com\/lasprimeras.com.do\/wp-content\/uploads\/2025\/09\/Ministerio-Publico.jpg?resize=350%2C200&ssl=1 1x, https:\/\/i0.wp.com\/lasprimeras.com.do\/wp-content\/uploads\/2025\/09\/Ministerio-Publico.jpg?resize=525%2C300&ssl=1 1.5x"},"classes":[]}],"jetpack_sharing_enabled":true,"_links":{"self":[{"href":"https:\/\/lasprimeras.com.do\/index.php\/wp-json\/wp\/v2\/posts\/76383","targetHints":{"allow":["GET"]}}],"collection":[{"href":"https:\/\/lasprimeras.com.do\/index.php\/wp-json\/wp\/v2\/posts"}],"about":[{"href":"https:\/\/lasprimeras.com.do\/index.php\/wp-json\/wp\/v2\/types\/post"}],"author":[{"embeddable":true,"href":"https:\/\/lasprimeras.com.do\/index.php\/wp-json\/wp\/v2\/users\/3"}],"replies":[{"embeddable":true,"href":"https:\/\/lasprimeras.com.do\/index.php\/wp-json\/wp\/v2\/comments?post=76383"}],"version-history":[{"count":1,"href":"https:\/\/lasprimeras.com.do\/index.php\/wp-json\/wp\/v2\/posts\/76383\/revisions"}],"predecessor-version":[{"id":76385,"href":"https:\/\/lasprimeras.com.do\/index.php\/wp-json\/wp\/v2\/posts\/76383\/revisions\/76385"}],"wp:featuredmedia":[{"embeddable":true,"href":"https:\/\/lasprimeras.com.do\/index.php\/wp-json\/wp\/v2\/media\/76384"}],"wp:attachment":[{"href":"https:\/\/lasprimeras.com.do\/index.php\/wp-json\/wp\/v2\/media?parent=76383"}],"wp:term":[{"taxonomy":"category","embeddable":true,"href":"https:\/\/lasprimeras.com.do\/index.php\/wp-json\/wp\/v2\/categories?post=76383"},{"taxonomy":"post_tag","embeddable":true,"href":"https:\/\/lasprimeras.com.do\/index.php\/wp-json\/wp\/v2\/tags?post=76383"}],"curies":[{"name":"wp","href":"https:\/\/api.w.org\/{rel}","templated":true}]}}