{"id":76386,"date":"2024-02-09T20:54:07","date_gmt":"2024-02-10T00:54:07","guid":{"rendered":"https:\/\/lasprimeras.com.do\/?p=76386"},"modified":"2024-02-09T20:54:09","modified_gmt":"2024-02-10T00:54:09","slug":"roberto-angel-resalta-desarrollo-de-pedernales-en-agenda-de-abinader","status":"publish","type":"post","link":"https:\/\/lasprimeras.com.do\/index.php\/2024\/02\/09\/roberto-angel-resalta-desarrollo-de-pedernales-en-agenda-de-abinader\/","title":{"rendered":"Roberto \u00c1ngel resalta desarrollo de Pedernales en agenda de Abinader"},"content":{"rendered":"\n<p><strong>Encabeza junto a Hecmilio Galv\u00e1n, enlace del PRM; sendos encuentros pol\u00edticos de apoyo a los candidatos del nivel municipal en los territorios de la provincia Pedernales<\/strong><\/p>\n\n\n\n<p>El destacado dirigente y miembro de la Direcci\u00f3n Ejecutiva del Partido Revolucionario Moderno (PRM), Roberto \u00c1ngel Salcedo, resalt\u00f3 este viernes que el desarrollo de la provincia Pedernales es prioridad en la agenda del presidente Luis Abinader.<\/p>\n\n\n\n<p>Record\u00f3 que por m\u00e1s de tres d\u00e9cadas, los gobiernos prometieron ir en auxilio de Pedernales, pero \u201ctodo se qued\u00f3 ah\u00ed, en promesas\u201d<\/p>\n\n\n\n<p>Roberto \u00c1ngel, dijo que desde su llegada al poder, en el 2020, Abinader se propuso desarrollar la referida ciudad fronteriza y convertirla en un polo tur\u00edstico de categor\u00eda mundial.<\/p>\n\n\n\n<p>Signific\u00f3, que el enfoque en el progreso de esta provincia refleja la determinaci\u00f3n de este gobierno para impulsar el desarrollo sostenible y mejorar la calidad de vida de sus habitantes y fomentar oportunidades de crecimiento econ\u00f3mico.<\/p>\n\n\n\n<p>Roberto \u00c1ngel puso como ejemplo el Proyecto Ecotur\u00edstico de Cabo Rojo en Pedernales, proyectado con un total de m\u00e1s de 40 mil millones de pesos de inversi\u00f3n p\u00fablica-privada, entre otros importantes proyectos de desarrollo que ejecuta el gobierno y el sector privado en beneficio de la regi\u00f3n Sur y el pa\u00eds.<\/p>\n\n\n\n<p>El alto dirigente del PRM se expres\u00f3 en estos t\u00e9rminos, durante un encuentro pol\u00edtico de apoyo a los candidatos a alcaldes, regidores, directores distritales y vocales de esta demarcaci\u00f3n, realizado en el multiuso deportivo del municipio de Oviedo, donde tambi\u00e9n participaron dirigentes, militantes y simpatizantes de esta organizaci\u00f3n pol\u00edtica.<\/p>\n\n\n\n<p>El miembro de la Direcci\u00f3n Ejecutiva del PRM, Roberto \u00c1ngel Salcedo, se manifest\u00f3 en esos mismos t\u00e9rminos en una asamblea pol\u00edtica, efectuada en el local del partido en el municipio cabecera.<\/p>\n\n\n\n<p><strong>Afirma PRM ganar\u00e1 mayor\u00eda de alcald\u00edas<\/strong><\/p>\n\n\n\n<p>Roberto \u00c1ngel reafirm\u00f3 que el pr\u00f3ximo 18 de febrero, entre el 70 y 75% de las alcald\u00edas ser\u00e1n ganadas por el PRM, incluyendo las de Oviedo, Pedernales, Juancho, Jos\u00e9 Francisco Pe\u00f1a G\u00f3mez, as\u00ed como las pertenecientes a los municipios cabeceras de las m\u00e1s importantes provincias del pa\u00eds en t\u00e9rminos electorales.<\/p>\n\n\n\n<p><strong>Dirigencia pol\u00edtica<\/strong><\/p>\n\n\n\n<p>En las diferentes actividades pol\u00edticas, Roberto \u00c1ngel, estuvo acompa\u00f1ado del enlace-coordinador de campa\u00f1a del PRM, Hecmilio Galv\u00e1n en esta provincia y otros importantes dirigentes pol\u00edticos locales.<\/p>\n\n\n\n<p>Asimismo, estuvieron presentes los candidatos a alcaldes del municipio cabecera, Alfredo Franc\u00e9s; de Oviedo, Ram\u00f3n P\u00e9rez Terrero; (Petete); de los distritos municipales de Juancho, Henri Garcia; y Jos\u00e9 Francisco Pe\u00f1a G\u00f3mez, C\u00e9sar Peralta; adem\u00e1s del candidato a senador Agusto Vel\u00e1zquez Pimentel y los diferentes candidatos a regidores de cada demarcaci\u00f3n.<\/p>\n\n\n\n<p>Tambi\u00e9n, el presidente provincial, el secretario general y la coordinadora provincial de la mujer perremeista, Mari\u00e1n Brea de Gonz\u00e1lez, entre otros.<\/p>\n","protected":false},"excerpt":{"rendered":"<p>Encabeza junto a Hecmilio Galv\u00e1n, enlace del PRM; sendos encuentros pol\u00edticos de apoyo a los candidatos del nivel municipal en los territorios de la provincia Pedernales El destacado dirigente y&hellip;<\/p>\n","protected":false},"author":2,"featured_media":76387,"comment_status":"open","ping_status":"open","sticky":false,"template":"","format":"standard","meta":{"content-type":"","jetpack_post_was_ever_published":false,"_jetpack_newsletter_access":"","_jetpack_dont_email_post_to_subs":false,"_jetpack_newsletter_tier_id":0,"_jetpack_memberships_contains_paywalled_content":false,"_jetpack_memberships_contains_paid_content":false,"footnotes":""},"categories":[25],"tags":[361,363,67,30,646],"class_list":["post-76386","post","type-post","status-publish","format-standard","has-post-thumbnail","hentry","category-portada","tag-agenda","tag-desarrollo","tag-luis-abinader","tag-pedernales","tag-roberto-angel-salcedo"],"jetpack_featured_media_url":"https:\/\/lasprimeras.com.do\/wp-content\/uploads\/2024\/02\/Roberto-Angel-Salcedo-3.jpg","jetpack-related-posts":[{"id":52541,"url":"https:\/\/lasprimeras.com.do\/index.php\/2023\/06\/11\/gobierno-asiste-familias-vulnerables-de-duverge-y-oviedo-con-jornadas-primero-tu\/","url_meta":{"origin":76386,"position":0},"title":"Gobierno asiste familias vulnerables de Duverg\u00e9 y Oviedo con jornadas \u201cPrimero T\u00fa\u201d","author":"prenxa100","date":"11 de junio de 2023","format":false,"excerpt":"El director de Propeep, Roberto \u00c1ngel Salcedo, encabez\u00f3 sendas jornadas de inclusi\u00f3n social en las provincias Independencia y en Pedernales. La Direcci\u00f3n de Proyectos Estrat\u00e9gicos y Especiales de la Presidencia (Propeep) benefici\u00f3 este fin de semana a cerca de siete mil personas de comunidades pobres de Independencia y Pedernales, con\u2026","rel":"","context":"En \u00abNACIONALES\u00bb","block_context":{"text":"NACIONALES","link":"https:\/\/lasprimeras.com.do\/index.php\/category\/nacionales\/"},"img":{"alt_text":"","src":"","width":0,"height":0},"classes":[]},{"id":102891,"url":"https:\/\/lasprimeras.com.do\/index.php\/2025\/07\/09\/robert-polanco-asegura-abinader-apuesta-al-desarrollo-de-pedernales-con-inversion-sin-precedentes\/","url_meta":{"origin":76386,"position":1},"title":"Robert Polanco asegura Abinader apuesta al desarrollo de Pedernales con inversi\u00f3n sin precedentes","author":"Nelson Feliz","date":"9 de julio de 2025","format":false,"excerpt":"Al encabezar una Jornada \u201cPrimero T\u00fa\u201d, el funcionario dijo que este Gobierno no espera; va donde est\u00e1 la gente, escucha, act\u00faa y transforma. El director de los Proyectos Estrat\u00e9gicos y Especiales de la Presidencia (Propeep) Robert Polanco asegur\u00f3 este mi\u00e9rcoles que el presidente Luis Abinader apuesta al desarrollo de Pedernales\u2026","rel":"","context":"En \u00abNACIONALES\u00bb","block_context":{"text":"NACIONALES","link":"https:\/\/lasprimeras.com.do\/index.php\/category\/nacionales\/"},"img":{"alt_text":"Robert Polanco","src":"https:\/\/i0.wp.com\/lasprimeras.com.do\/wp-content\/uploads\/2025\/07\/Robert-Polanco-1-1.jpg?resize=350%2C200&ssl=1","width":350,"height":200,"srcset":"https:\/\/i0.wp.com\/lasprimeras.com.do\/wp-content\/uploads\/2025\/07\/Robert-Polanco-1-1.jpg?resize=350%2C200&ssl=1 1x, https:\/\/i0.wp.com\/lasprimeras.com.do\/wp-content\/uploads\/2025\/07\/Robert-Polanco-1-1.jpg?resize=525%2C300&ssl=1 1.5x, https:\/\/i0.wp.com\/lasprimeras.com.do\/wp-content\/uploads\/2025\/07\/Robert-Polanco-1-1.jpg?resize=700%2C400&ssl=1 2x"},"classes":[]},{"id":81404,"url":"https:\/\/lasprimeras.com.do\/index.php\/2024\/04\/20\/roberto-angel-afirma-que-sjm-y-elias-pina-respaldaran-a-abinader-y-el-prm\/","url_meta":{"origin":76386,"position":2},"title":"Roberto \u00c1ngel afirma que SJM y El\u00edas Pi\u00f1a respaldar\u00e1n a Abinader y el PRM","author":"Nelson Feliz","date":"20 de abril de 2024","format":false,"excerpt":"Cumple amplia agenda pol\u00edtica en ambas provincias para consolidar el voto por la reelecci\u00f3n de Abinader y ganar la mayor\u00eda en el Senado y la C\u00e1mara de Diputados. Por Martin Restituyo El miembro de la Direcci\u00f3n Ejecutiva del Partido Revolucionario Moderno (PRM), Roberto \u00c1ngel Salcedo, vaticin\u00f3 este s\u00e1bado que por\u2026","rel":"","context":"En \u00abPORTADA\u00bb","block_context":{"text":"PORTADA","link":"https:\/\/lasprimeras.com.do\/index.php\/category\/portada\/"},"img":{"alt_text":"Roberto \u00c1ngel Salcedo","src":"https:\/\/i0.wp.com\/lasprimeras.com.do\/wp-content\/uploads\/2024\/04\/Roberto-Angel-Salcedo-12.jpg?resize=350%2C200&ssl=1","width":350,"height":200,"srcset":"https:\/\/i0.wp.com\/lasprimeras.com.do\/wp-content\/uploads\/2024\/04\/Roberto-Angel-Salcedo-12.jpg?resize=350%2C200&ssl=1 1x, https:\/\/i0.wp.com\/lasprimeras.com.do\/wp-content\/uploads\/2024\/04\/Roberto-Angel-Salcedo-12.jpg?resize=525%2C300&ssl=1 1.5x"},"classes":[]},{"id":80870,"url":"https:\/\/lasprimeras.com.do\/index.php\/2024\/04\/13\/roberto-angel-la-linea-noroeste-tomo-su-decision-de-seguir-el-cambio-del-prm-y-abinader\/","url_meta":{"origin":76386,"position":3},"title":"Roberto \u00c1ngel: \u201cLa L\u00ednea Noroeste tom\u00f3 su decisi\u00f3n de seguir el cambio del PRM y Abinader\u201d","author":"Nelson Feliz","date":"13 de abril de 2024","format":false,"excerpt":"Realiza recorrido y participa en juramentaci\u00f3n de los comandos de campa\u00f1a,\u00a0 y prev\u00e9 que votaciones en candidatura presidencial y congresuales del PRM en Valverde, Santiago Rodr\u00edguez y Montecristi superar\u00e1n el 70% El destacado dirigente pol\u00edtico Roberto \u00c1ngel Salcedo llam\u00f3 a la dirigencia pol\u00edtica, a los militantes y simpatizantes del Partido\u2026","rel":"","context":"En \u00abPORTADA\u00bb","block_context":{"text":"PORTADA","link":"https:\/\/lasprimeras.com.do\/index.php\/category\/portada\/"},"img":{"alt_text":"Roberto \u00c1ngel Salcedo","src":"https:\/\/i0.wp.com\/lasprimeras.com.do\/wp-content\/uploads\/2024\/04\/Roberto-Angel-Salcedo-3.jpg?resize=350%2C200&ssl=1","width":350,"height":200,"srcset":"https:\/\/i0.wp.com\/lasprimeras.com.do\/wp-content\/uploads\/2024\/04\/Roberto-Angel-Salcedo-3.jpg?resize=350%2C200&ssl=1 1x, https:\/\/i0.wp.com\/lasprimeras.com.do\/wp-content\/uploads\/2024\/04\/Roberto-Angel-Salcedo-3.jpg?resize=525%2C300&ssl=1 1.5x"},"classes":[]},{"id":81341,"url":"https:\/\/lasprimeras.com.do\/index.php\/2024\/04\/19\/roberto-angel-peravia-garantiza-triunfo-de-abinader-y-julito-como-senador\/","url_meta":{"origin":76386,"position":4},"title":"Roberto \u00c1ngel: \u201cPeravia garantiza triunfo de Abinader y Julito como Senador\u201d","author":"Nelson Feliz","date":"19 de abril de 2024","format":false,"excerpt":"Encabeza asamblea con dirigencia del PRM en Ban\u00ed, y mano a mano en el distrito Villa Fundaci\u00f3n, de respaldo al candidato a senador y a las diputaciones en la provincia. El miembro de la Direcci\u00f3n Ejecutiva del Partido Revolucionario Moderno (PRM), Roberto \u00c1ngel Salcedo, asegur\u00f3 este viernes que el presidente\u2026","rel":"","context":"En \u00abPORTADA\u00bb","block_context":{"text":"PORTADA","link":"https:\/\/lasprimeras.com.do\/index.php\/category\/portada\/"},"img":{"alt_text":"Roberto \u00c1ngel Salcedo","src":"https:\/\/i0.wp.com\/lasprimeras.com.do\/wp-content\/uploads\/2024\/04\/Roberto-Angel-Salcedo-9.jpg?resize=350%2C200&ssl=1","width":350,"height":200,"srcset":"https:\/\/i0.wp.com\/lasprimeras.com.do\/wp-content\/uploads\/2024\/04\/Roberto-Angel-Salcedo-9.jpg?resize=350%2C200&ssl=1 1x, https:\/\/i0.wp.com\/lasprimeras.com.do\/wp-content\/uploads\/2024\/04\/Roberto-Angel-Salcedo-9.jpg?resize=525%2C300&ssl=1 1.5x, https:\/\/i0.wp.com\/lasprimeras.com.do\/wp-content\/uploads\/2024\/04\/Roberto-Angel-Salcedo-9.jpg?resize=700%2C400&ssl=1 2x"},"classes":[]},{"id":74946,"url":"https:\/\/lasprimeras.com.do\/index.php\/2024\/01\/27\/roberto-angel-el-triunfo-del-prm-y-aliados-en-azua-sera-contundente\/","url_meta":{"origin":76386,"position":5},"title":"Roberto \u00c1ngel: \u201cEl triunfo del PRM y aliados en Azua ser\u00e1 contundente\u201d","author":"Nelson Feliz","date":"27 de enero de 2024","format":false,"excerpt":"El alto dirigente pol\u00edtico encabez\u00f3 una marcha-caravana en apoyo a Rafael Hidalgo, candidato a alcalde del municipio de Azua, junto a la senadora L\u00eda D\u00edaz El miembro de la Direcci\u00f3n Ejecutiva del Partido Revolucionario Moderno(PRM), Roberto \u00c1ngel Salcedo, asegur\u00f3 este s\u00e1bado que el triunfo de esa organizaci\u00f3n y sus aliados\u2026","rel":"","context":"En \u00abPORTADA\u00bb","block_context":{"text":"PORTADA","link":"https:\/\/lasprimeras.com.do\/index.php\/category\/portada\/"},"img":{"alt_text":"Roberto \u00c1ngel Salcedo","src":"https:\/\/i0.wp.com\/lasprimeras.com.do\/wp-content\/uploads\/2024\/01\/Roberto-Angel-Salcedo-7.jpg?resize=350%2C200&ssl=1","width":350,"height":200,"srcset":"https:\/\/i0.wp.com\/lasprimeras.com.do\/wp-content\/uploads\/2024\/01\/Roberto-Angel-Salcedo-7.jpg?resize=350%2C200&ssl=1 1x, https:\/\/i0.wp.com\/lasprimeras.com.do\/wp-content\/uploads\/2024\/01\/Roberto-Angel-Salcedo-7.jpg?resize=525%2C300&ssl=1 1.5x, https:\/\/i0.wp.com\/lasprimeras.com.do\/wp-content\/uploads\/2024\/01\/Roberto-Angel-Salcedo-7.jpg?resize=700%2C400&ssl=1 2x"},"classes":[]}],"jetpack_sharing_enabled":true,"_links":{"self":[{"href":"https:\/\/lasprimeras.com.do\/index.php\/wp-json\/wp\/v2\/posts\/76386","targetHints":{"allow":["GET"]}}],"collection":[{"href":"https:\/\/lasprimeras.com.do\/index.php\/wp-json\/wp\/v2\/posts"}],"about":[{"href":"https:\/\/lasprimeras.com.do\/index.php\/wp-json\/wp\/v2\/types\/post"}],"author":[{"embeddable":true,"href":"https:\/\/lasprimeras.com.do\/index.php\/wp-json\/wp\/v2\/users\/2"}],"replies":[{"embeddable":true,"href":"https:\/\/lasprimeras.com.do\/index.php\/wp-json\/wp\/v2\/comments?post=76386"}],"version-history":[{"count":1,"href":"https:\/\/lasprimeras.com.do\/index.php\/wp-json\/wp\/v2\/posts\/76386\/revisions"}],"predecessor-version":[{"id":76388,"href":"https:\/\/lasprimeras.com.do\/index.php\/wp-json\/wp\/v2\/posts\/76386\/revisions\/76388"}],"wp:featuredmedia":[{"embeddable":true,"href":"https:\/\/lasprimeras.com.do\/index.php\/wp-json\/wp\/v2\/media\/76387"}],"wp:attachment":[{"href":"https:\/\/lasprimeras.com.do\/index.php\/wp-json\/wp\/v2\/media?parent=76386"}],"wp:term":[{"taxonomy":"category","embeddable":true,"href":"https:\/\/lasprimeras.com.do\/index.php\/wp-json\/wp\/v2\/categories?post=76386"},{"taxonomy":"post_tag","embeddable":true,"href":"https:\/\/lasprimeras.com.do\/index.php\/wp-json\/wp\/v2\/tags?post=76386"}],"curies":[{"name":"wp","href":"https:\/\/api.w.org\/{rel}","templated":true}]}}