{"id":76455,"date":"2024-02-11T12:32:23","date_gmt":"2024-02-11T16:32:23","guid":{"rendered":"https:\/\/lasprimeras.com.do\/?p=76455"},"modified":"2024-02-11T12:32:24","modified_gmt":"2024-02-11T16:32:24","slug":"leonel-recorre-la-region-este-en-apoyo-a-candidatos-de-la-fp-y-aliados","status":"publish","type":"post","link":"https:\/\/lasprimeras.com.do\/index.php\/2024\/02\/11\/leonel-recorre-la-region-este-en-apoyo-a-candidatos-de-la-fp-y-aliados\/","title":{"rendered":"Leonel recorre la regi\u00f3n Este en apoyo a candidatos de la FP y aliados"},"content":{"rendered":"\n<p>El candidato presidencial del partido Fuerza del Pueblo (FP) y l\u00edder de la oposici\u00f3n pol\u00edtica dominicana, Leonel Fern\u00e1ndez, contin\u00fao recorriendo las calles de los diferentes municipios y distritos municipales del pa\u00eds, en apoyo a los candidatos que postulan esa organizaci\u00f3n y sus aliados.<\/p>\n\n\n\n<p>Fern\u00e1ndez lleg\u00f3 a primeras horas de este s\u00e1bado al municipio de Miches, para apoyar al candidato a la Alcald\u00eda de esa poblaci\u00f3n, Cesar Rafael Nieves (Rafa).<\/p>\n\n\n\n<p>All\u00ed, cientos de personas portando propagandas de los candidatos a puestos municipales, congresuales y presidenciales de la Fuerza del Pueblo, coreaban al ritmo de los temas musicales de campa\u00f1a.<\/p>\n\n\n\n<p>Tras su visita a Miches, Fern\u00e1ndez se dirigi\u00f3 al distrito municipal de Ver\u00f3n, donde ofreci\u00f3 su apoyo a Crucito B\u00e1ez, candidato a director de esta localidad por la Fuerza del Pueblo.<\/p>\n\n\n\n<p>Al llegar al lugar, en medio de sol intenso, no fue obst\u00e1culo para que la poblaci\u00f3n se lanzara a las calles en respaldo a los candidatos opositores.<\/p>\n\n\n\n<p>Al iniciar la tarde, Leonel Fern\u00e1ndez encabez\u00f3 otra gran marcha-caravana en Hig\u00fcey, provincia La Altagracia, en respaldo a Yonina Barriola, candidata a la Alcald\u00eda de este municipio, a quien la mayor\u00eda de las encuestas y sondeos dan como favorita.<\/p>\n\n\n\n<p>Fern\u00e1ndez, quien se perfila como el gran ganador de los procesos electorales de febrero y mayo, posteriormente se dirigi\u00f3 a Boca de Yuma, para apoyar a Raymond Mota, candidato a dirigir los destinos de ese distrito municipal.<\/p>\n\n\n\n<p>En esa poblaci\u00f3n, el l\u00edder pol\u00edtico opositor recibi\u00f3 la ovaci\u00f3n de cientos de personas que salieron a las calles a proclamarlo como el pr\u00f3ximo presidente de la Rep\u00fablica.<\/p>\n\n\n\n<p>Para concluir su periplo en respaldo a los candidatos municipales y distritales en la provincia La Altagracia, Fern\u00e1ndez, levant\u00f3 el brazo derecho a Elvis Rodr\u00edguez, aspirante a alcalde por la Fuerza del Pueblo y aliados en el municipio de San Rafael de Yuma.<\/p>\n\n\n\n<p>Desde San Rafael de Yuma, ir\u00e1 a La Romana, donde encabezar\u00e1 otra marcha-caravana, en esta ocasi\u00f3n acompa\u00f1ado de Amarilis Santana, candidata a la Alcald\u00eda de ese municipio por la FP y aliados.<\/p>\n\n\n\n<p>La agenda de este s\u00e1bado del l\u00edder pol\u00edtico dominicano concluir\u00e1 en San Pedro de Macor\u00eds, con una movilizaci\u00f3n por los diferentes sectores de La Sultana del Este, en compa\u00f1\u00eda de Sergio Cede\u00f1o, candidato a alcalde por la alianza Rescate RD.<\/p>\n","protected":false},"excerpt":{"rendered":"<p>El candidato presidencial del partido Fuerza del Pueblo (FP) y l\u00edder de la oposici\u00f3n pol\u00edtica dominicana, Leonel Fern\u00e1ndez, contin\u00fao recorriendo las calles de los diferentes municipios y distritos municipales del&hellip;<\/p>\n","protected":false},"author":2,"featured_media":76456,"comment_status":"open","ping_status":"open","sticky":false,"template":"","format":"standard","meta":{"content-type":"","jetpack_post_was_ever_published":false,"_jetpack_newsletter_access":"","_jetpack_dont_email_post_to_subs":false,"_jetpack_newsletter_tier_id":0,"_jetpack_memberships_contains_paywalled_content":false,"_jetpack_memberships_contains_paid_content":false,"footnotes":""},"categories":[25],"tags":[2621,158,51,11383],"class_list":["post-76455","post","type-post","status-publish","format-standard","has-post-thumbnail","hentry","category-portada","tag-candidatos","tag-fuerza-del-pueblo","tag-leonel-fernandez","tag-region-este"],"jetpack_featured_media_url":"https:\/\/lasprimeras.com.do\/wp-content\/uploads\/2024\/02\/Leonel-Fernandez-1.jpg","jetpack-related-posts":[{"id":76306,"url":"https:\/\/lasprimeras.com.do\/index.php\/2024\/02\/08\/leonel-estara-este-fin-de-semana-en-santo-domingo-y-provincias-del-este\/","url_meta":{"origin":76455,"position":0},"title":"Leonel estar\u00e1 este fin de semana en Santo Domingo y provincias del Este","author":"Nelson Feliz","date":"8 de febrero de 2024","format":false,"excerpt":"El candidato presidencial del partido Fuerza del Pueblo y organizaciones aliadas, Leonel Fern\u00e1ndez, estar\u00e1 este fin de semana en m\u00faltiples actividades proselitistas, en Santo Domingo y varias provincias de la regi\u00f3n Este. Desde el viernes y hasta el domingo, Fern\u00e1ndez tendr\u00e1 una agitada agenda, que iniciar\u00e1 en horas de la\u2026","rel":"","context":"En \u00abPORTADA\u00bb","block_context":{"text":"PORTADA","link":"https:\/\/lasprimeras.com.do\/index.php\/category\/portada\/"},"img":{"alt_text":"Leonel Fern\u00e1ndez","src":"https:\/\/i0.wp.com\/lasprimeras.com.do\/wp-content\/uploads\/2024\/02\/Leonel-Fernandez.jpg?resize=350%2C200&ssl=1","width":350,"height":200,"srcset":"https:\/\/i0.wp.com\/lasprimeras.com.do\/wp-content\/uploads\/2024\/02\/Leonel-Fernandez.jpg?resize=350%2C200&ssl=1 1x, https:\/\/i0.wp.com\/lasprimeras.com.do\/wp-content\/uploads\/2024\/02\/Leonel-Fernandez.jpg?resize=525%2C300&ssl=1 1.5x, https:\/\/i0.wp.com\/lasprimeras.com.do\/wp-content\/uploads\/2024\/02\/Leonel-Fernandez.jpg?resize=700%2C400&ssl=1 2x"},"classes":[]},{"id":74918,"url":"https:\/\/lasprimeras.com.do\/index.php\/2024\/01\/27\/leonel-recibe-solido-respaldo-en-san-francisco\/","url_meta":{"origin":76455,"position":1},"title":"Leonel recibe s\u00f3lido respaldo en San Francisco","author":"Nelson Feliz","date":"27 de enero de 2024","format":false,"excerpt":"Fern\u00e1ndez juramenta al exdiputado y exalcalde reformista H\u00e9ctor Mora Mart\u00ednez El presidente y l\u00edder del partido Fuerza del Pueblo (FP), Leonel Fern\u00e1ndez, jurament\u00f3 en esa organizaci\u00f3n pol\u00edtica al exdiputado reformista por la provincia Duarte y exalcalde del municipio de Castillo, H\u00e9ctor Mora Mart\u00ednez. El exdirigente del PRSC se integr\u00f3 a\u2026","rel":"","context":"En \u00abPORTADA\u00bb","block_context":{"text":"PORTADA","link":"https:\/\/lasprimeras.com.do\/index.php\/category\/portada\/"},"img":{"alt_text":"Leonel Fernandez","src":"https:\/\/i0.wp.com\/lasprimeras.com.do\/wp-content\/uploads\/2024\/01\/Leonel-Fernandez-1.jpg?resize=350%2C200&ssl=1","width":350,"height":200,"srcset":"https:\/\/i0.wp.com\/lasprimeras.com.do\/wp-content\/uploads\/2024\/01\/Leonel-Fernandez-1.jpg?resize=350%2C200&ssl=1 1x, https:\/\/i0.wp.com\/lasprimeras.com.do\/wp-content\/uploads\/2024\/01\/Leonel-Fernandez-1.jpg?resize=525%2C300&ssl=1 1.5x"},"classes":[]},{"id":75748,"url":"https:\/\/lasprimeras.com.do\/index.php\/2024\/02\/04\/leonel-asegura-que-el-gobierno-esta-anticipando-la-pela-que-van-a-recibir-en-febrero\/","url_meta":{"origin":76455,"position":2},"title":"Leonel asegura que el gobierno est\u00e1 anticipando la pela que van a recibir en febrero","author":"Nelson Feliz","date":"4 de febrero de 2024","format":false,"excerpt":"LF moviliza miles de personas en respaldo a candidatura de Josefina Tam\u00e1rez a la Alcald\u00eda de San Crist\u00f3bal San Crist\u00f3bal.- El candidato presidencial y l\u00edder del partido Fuerza del Pueblo, Leonel Fern\u00e1ndez, declar\u00f3 aqu\u00ed que desde el gobierno se est\u00e1n anticipando \u201ca la pela que van a recibir\u201d el 18\u2026","rel":"","context":"En \u00abPORTADA\u00bb","block_context":{"text":"PORTADA","link":"https:\/\/lasprimeras.com.do\/index.php\/category\/portada\/"},"img":{"alt_text":"LEONEL FERNANDEZ SC","src":"https:\/\/i0.wp.com\/lasprimeras.com.do\/wp-content\/uploads\/2024\/02\/LEONEL-FERNANDEZ-SC.jpg?resize=350%2C200&ssl=1","width":350,"height":200,"srcset":"https:\/\/i0.wp.com\/lasprimeras.com.do\/wp-content\/uploads\/2024\/02\/LEONEL-FERNANDEZ-SC.jpg?resize=350%2C200&ssl=1 1x, https:\/\/i0.wp.com\/lasprimeras.com.do\/wp-content\/uploads\/2024\/02\/LEONEL-FERNANDEZ-SC.jpg?resize=525%2C300&ssl=1 1.5x, https:\/\/i0.wp.com\/lasprimeras.com.do\/wp-content\/uploads\/2024\/02\/LEONEL-FERNANDEZ-SC.jpg?resize=700%2C400&ssl=1 2x"},"classes":[]},{"id":74191,"url":"https:\/\/lasprimeras.com.do\/index.php\/2024\/01\/20\/leonel-juramenta-en-la-fp-al-regidor-y-secretario-gral-del-prm-en-gonzalo\/","url_meta":{"origin":76455,"position":3},"title":"Leonel juramenta en la FP al regidor y secretario Gral. del PRM en Gonzalo\u00a0","author":"Nelson Feliz","date":"20 de enero de 2024","format":false,"excerpt":"GONZALO, Monte Plata.- El presidente del partido Fuerza del Pueblo (FP), Leonel Fern\u00e1ndez, inici\u00f3 su recorrido de fin de semana, con la juramentaci\u00f3n en esa organizaci\u00f3n pol\u00edtica del que fuera secretario general y regidor, en este distrito municipal, del partido de gobierno, PRM, Agust\u00edn Olivo. Al iniciar las actividades en\u2026","rel":"","context":"En \u00abPORTADA\u00bb","block_context":{"text":"PORTADA","link":"https:\/\/lasprimeras.com.do\/index.php\/category\/portada\/"},"img":{"alt_text":"Leonel Fern\u00e1ndez","src":"https:\/\/i0.wp.com\/lasprimeras.com.do\/wp-content\/uploads\/2024\/01\/Leonel-Fernandez.jpg?resize=350%2C200&ssl=1","width":350,"height":200,"srcset":"https:\/\/i0.wp.com\/lasprimeras.com.do\/wp-content\/uploads\/2024\/01\/Leonel-Fernandez.jpg?resize=350%2C200&ssl=1 1x, https:\/\/i0.wp.com\/lasprimeras.com.do\/wp-content\/uploads\/2024\/01\/Leonel-Fernandez.jpg?resize=525%2C300&ssl=1 1.5x, https:\/\/i0.wp.com\/lasprimeras.com.do\/wp-content\/uploads\/2024\/01\/Leonel-Fernandez.jpg?resize=700%2C400&ssl=1 2x"},"classes":[]},{"id":75674,"url":"https:\/\/lasprimeras.com.do\/index.php\/2024\/02\/03\/leonel-acusa-al-gobierno-del-prm-de-paralizar-el-pais\/","url_meta":{"origin":76455,"position":4},"title":"Leonel acusa al gobierno del PRM de paralizar el pa\u00eds","author":"Nelson Feliz","date":"3 de febrero de 2024","format":false,"excerpt":"Encabeza actividades en apoyo a candidatos municipales de las provincias Peravia y Azua, va camino a Bahoruco y Barahona Azua.- El presidente del partido Fuerza del Pueblo y l\u00edder de la oposici\u00f3n pol\u00edtica dominicana, Leonel Fern\u00e1ndez, declar\u00f3 que el gobierno de Luis Abinader mantiene al pa\u00eds paralizado. \u201cLo que estamos\u2026","rel":"","context":"En \u00abPORTADA\u00bb","block_context":{"text":"PORTADA","link":"https:\/\/lasprimeras.com.do\/index.php\/category\/portada\/"},"img":{"alt_text":"Leonel Fern\u00e1ndez","src":"https:\/\/i0.wp.com\/lasprimeras.com.do\/wp-content\/uploads\/2024\/02\/Leonel-Fernandez-3.jpg?resize=350%2C200&ssl=1","width":350,"height":200,"srcset":"https:\/\/i0.wp.com\/lasprimeras.com.do\/wp-content\/uploads\/2024\/02\/Leonel-Fernandez-3.jpg?resize=350%2C200&ssl=1 1x, https:\/\/i0.wp.com\/lasprimeras.com.do\/wp-content\/uploads\/2024\/02\/Leonel-Fernandez-3.jpg?resize=525%2C300&ssl=1 1.5x, https:\/\/i0.wp.com\/lasprimeras.com.do\/wp-content\/uploads\/2024\/02\/Leonel-Fernandez-3.jpg?resize=700%2C400&ssl=1 2x"},"classes":[]},{"id":76231,"url":"https:\/\/lasprimeras.com.do\/index.php\/2024\/02\/08\/leonel-fernandez-el-primer-paso-para-el-progreso-es-convertir-en-alcaldes-los-candidatos-de-fp\/","url_meta":{"origin":76455,"position":5},"title":"Leonel Fern\u00e1ndez: &#8220;el primer paso para el progreso es convertir en alcaldes los candidatos de FP&#8221;","author":"Nelson Feliz","date":"8 de febrero de 2024","format":false,"excerpt":"El exmandatario dice que sus candidatos rescatar\u00e1n todos los municipios del pa\u00eds. El presidente del partido Fuerza del Pueblo (FP), Leonel Fern\u00e1ndez asegur\u00f3 que el primer paso para lograr una nueva etapa de progreso en el pa\u00eds: \"es convertir en alcaldes a los candidatos de la Fuerza del Pueblo y\u2026","rel":"","context":"En \u00abPORTADA\u00bb","block_context":{"text":"PORTADA","link":"https:\/\/lasprimeras.com.do\/index.php\/category\/portada\/"},"img":{"alt_text":"Leonel Fern\u00e1ndez","src":"https:\/\/i0.wp.com\/lasprimeras.com.do\/wp-content\/uploads\/2024\/02\/Leonel-Fernandez.jpg?resize=350%2C200&ssl=1","width":350,"height":200,"srcset":"https:\/\/i0.wp.com\/lasprimeras.com.do\/wp-content\/uploads\/2024\/02\/Leonel-Fernandez.jpg?resize=350%2C200&ssl=1 1x, https:\/\/i0.wp.com\/lasprimeras.com.do\/wp-content\/uploads\/2024\/02\/Leonel-Fernandez.jpg?resize=525%2C300&ssl=1 1.5x, https:\/\/i0.wp.com\/lasprimeras.com.do\/wp-content\/uploads\/2024\/02\/Leonel-Fernandez.jpg?resize=700%2C400&ssl=1 2x"},"classes":[]}],"jetpack_sharing_enabled":true,"_links":{"self":[{"href":"https:\/\/lasprimeras.com.do\/index.php\/wp-json\/wp\/v2\/posts\/76455","targetHints":{"allow":["GET"]}}],"collection":[{"href":"https:\/\/lasprimeras.com.do\/index.php\/wp-json\/wp\/v2\/posts"}],"about":[{"href":"https:\/\/lasprimeras.com.do\/index.php\/wp-json\/wp\/v2\/types\/post"}],"author":[{"embeddable":true,"href":"https:\/\/lasprimeras.com.do\/index.php\/wp-json\/wp\/v2\/users\/2"}],"replies":[{"embeddable":true,"href":"https:\/\/lasprimeras.com.do\/index.php\/wp-json\/wp\/v2\/comments?post=76455"}],"version-history":[{"count":1,"href":"https:\/\/lasprimeras.com.do\/index.php\/wp-json\/wp\/v2\/posts\/76455\/revisions"}],"predecessor-version":[{"id":76457,"href":"https:\/\/lasprimeras.com.do\/index.php\/wp-json\/wp\/v2\/posts\/76455\/revisions\/76457"}],"wp:featuredmedia":[{"embeddable":true,"href":"https:\/\/lasprimeras.com.do\/index.php\/wp-json\/wp\/v2\/media\/76456"}],"wp:attachment":[{"href":"https:\/\/lasprimeras.com.do\/index.php\/wp-json\/wp\/v2\/media?parent=76455"}],"wp:term":[{"taxonomy":"category","embeddable":true,"href":"https:\/\/lasprimeras.com.do\/index.php\/wp-json\/wp\/v2\/categories?post=76455"},{"taxonomy":"post_tag","embeddable":true,"href":"https:\/\/lasprimeras.com.do\/index.php\/wp-json\/wp\/v2\/tags?post=76455"}],"curies":[{"name":"wp","href":"https:\/\/api.w.org\/{rel}","templated":true}]}}