{"id":76489,"date":"2024-02-11T20:42:55","date_gmt":"2024-02-12T00:42:55","guid":{"rendered":"https:\/\/lasprimeras.com.do\/?p=76489"},"modified":"2024-02-11T20:42:57","modified_gmt":"2024-02-12T00:42:57","slug":"jaquez-liranzo-llama-a-poblacion-a-votar-temprano-este-18-de-febrero","status":"publish","type":"post","link":"https:\/\/lasprimeras.com.do\/index.php\/2024\/02\/11\/jaquez-liranzo-llama-a-poblacion-a-votar-temprano-este-18-de-febrero\/","title":{"rendered":"J\u00e1quez Liranzo llama a poblaci\u00f3n a votar temprano este 18 de febrero"},"content":{"rendered":"\n<p>La Junta Central Electoral (JCE) culmin\u00f3 con \u00e9xito el segundo operativo de motivaci\u00f3n al voto y educaci\u00f3n electoral desplegado en las distintas regiones del pa\u00eds, jornada a la que se integr\u00f3 el presidente del \u00f3rgano electoral, Rom\u00e1n Andr\u00e9s J\u00e1quez Liranzo, quien orient\u00f3 y motiv\u00f3 a residentes de distintos sectores y comunidades de la provincia de Bahoruco.<\/p>\n\n\n\n<p>J\u00e1quez Liranzo se reuni\u00f3 con los miembros de la Junta Electoral y el secretario en Tamayo, convers\u00f3 con el personal de las oficial\u00edas, recorri\u00f3 los distritos municipales de Uvilla y Mena, incluyendo varias de sus secciones como Mena Abajo y El Jobo, donde socializ\u00f3 en las calles con ciudadanos a quienes entreg\u00f3 material educativo y motiv\u00f3 a ejercer el voto en las elecciones municipales del domingo pr\u00f3ximo.<\/p>\n\n\n\n<p>Al conversar con la prensa, el presidente de la JCE expres\u00f3 que todo est\u00e1 montado para las elecciones del pr\u00f3ximo domingo, precisando que ya los materiales para los comicios est\u00e1n en las Juntas Electorales, momento que aprovech\u00f3 para exhortar a la poblaci\u00f3n a acudir temprano y en orden a las votaciones del domingo, por el partido y los candidatos de sus preferencias.<\/p>\n\n\n\n<p>Al igual que la jornada pasada, m\u00e1s de 500 promotores y cientos de empleados de la JCE se desplazaron por barrios y comunidades rurales intercambiando con los ciudadanos, a quienes motivaron sobre c\u00f3mo ejercer el voto el pr\u00f3ximo domingo.<\/p>\n\n\n\n<p>Los promotores del \u00f3rgano electoral distribuyeron miles de ejemplares de materiales educativos tales como el Abec\u00e9 Electoral, un instructivo electoral de c\u00f3mo votar, miles de boletas educativas y otros documentos.<\/p>\n\n\n\n<p>Durante el recorrido el personal de la JCE explic\u00f3 a las personas c\u00f3mo marcar en las dos boletas que les entregar\u00e1n en las elecciones municipales, c\u00f3mo ejercer el voto preferencial, la diferencia entre las votaciones de los municipios y de los distritos municipales, entre otros aspectos electorales propios de los comicios del 18 de febrero.<\/p>\n\n\n\n<p>Adem\u00e1s, se habl\u00f3 con la ciudadan\u00eda impactada por estos operativos, tanto en parajes, casas, calles y comunidades, sobre el voto accesible para garantizar el derecho al sufragio de las personas con alguna discapacidad, para lo que dispone de gestores electorales inclusivos, as\u00ed como del voto en casa asistido, plantillas especiales y sobre las mesas auxiliares en los Colegios Electorales.<\/p>\n\n\n\n<p><strong>Regiones visitadas en esta segunda jornada<\/strong><\/p>\n\n\n\n<p>El segundo operativo especial de sensibilizaci\u00f3n y motivaci\u00f3n a la ciudadan\u00eda sobre el voto recorri\u00f3 parte del sur en San Crist\u00f3bal, Ban\u00ed, Azua, Independencia y Bahoruco. En estas provincias de la regi\u00f3n Enriquillo visitaron Tamayo, Galv\u00e1n, Neyba, Jaragua, Clavellina, Los R\u00edos y Vicente Noble, de Bahoruco y, en Independencia, estuvieron en Crist\u00f3bal, Salinas, Mella, Duverg\u00e9, Jiman\u00ed, La Descubierta y Postrer R\u00edo.<\/p>\n\n\n\n<p>El operativo en el sur tambi\u00e9n cubri\u00f3 localidades de la provincia de San Crist\u00f3bal, en Haina y Hato Damas. En Ban\u00ed, visitaron Paya, Villa Sombrero, La Catalina, Las Bar\u00edas, El Carret\u00f3n, Sabana Buey y El Limonal.<\/p>\n\n\n\n<p>En Azua recorrieron Pueblo Viejo, Las Lomas, Puerto Viejo, Los Negros, Las Bar\u00edas y La Estancia y en Padre las Casas se desplegaron en Los Fr\u00edos, Las Clavellinas, Finca 6 o Do\u00f1a Emma Balaguer, Las Javillas y Barrio Arriba<\/p>\n\n\n\n<p>Para el Este del pa\u00eds se visitaron sectores de Ver\u00f3n Punta Cana, La Otra Banda en Hig\u00fcey, comunidades de El Seibo, de Hato Mayor, La Romana, San Pedro de Macor\u00eds y de Ram\u00f3n Santana.<\/p>\n\n\n\n<p>Hacia el Cibao la jornada incluy\u00f3 contactos con ciudadanos de barrios y comunidades de Bonao, La Vega y Santiago de los Caballeros, en esta \u00faltima provincia cubriendo lugares de Santiago Oeste, Hato del Yaque, Jaragua, La Canela, Pedro Garc\u00eda, Villa Gonz\u00e1lez, Palmar Arriba hasta llegar a J\u00e1nico compartiendo con ciudadanos de El Caimito y Juncalito y San Jos\u00e9 de las Matas en Las Placetas y La Cuesta.<\/p>\n\n\n\n<p>Este segundo operativo incluy\u00f3 el Distrito Nacional donde se hicieron contactos simult\u00e1neamente en las siguientes casas de altos estudios: la Universidad Cat\u00f3lica Santo Domingo (UCSD), Universidad Aut\u00f3noma de Santo Domingo (UASD), Universidad Iberoamericana (UNIBE), la Pontificia Universidad Cat\u00f3lica Madre y Maestra (PCMM) y el Instituto Tecnol\u00f3gico de Santo Domingo (INTEC).<\/p>\n\n\n\n<p>Tambi\u00e9n hubo desplazamientos en plazas comerciales, iglesias, paradas del metro, sectores de Cristo Rey y otros de la parte alta de la ciudad. Asimismo, estuvieron en Santo Domingo Oeste, en sectores como Los Alcarrizos, Pantoja, Palmarejo y Villa Linda; en Santo Domingo Norte, motivando a residentes de La Victoria, Hacienda Estrella, Villa Mella y Haras Nacionales; y en Santo Domingo Este, en sectores de San Luis, San Isidro, Boca Chica y otros.<\/p>\n\n\n\n<p>La iniciativa es coordinada por la Direcci\u00f3n de Comunicaciones, con el apoyo de la Direcci\u00f3n de Elecciones, as\u00ed como las Juntas Electorales de cada municipio.<\/p>\n","protected":false},"excerpt":{"rendered":"<p>La Junta Central Electoral (JCE) culmin\u00f3 con \u00e9xito el segundo operativo de motivaci\u00f3n al voto y educaci\u00f3n electoral desplegado en las distintas regiones del pa\u00eds, jornada a la que se&hellip;<\/p>\n","protected":false},"author":2,"featured_media":76490,"comment_status":"open","ping_status":"open","sticky":false,"template":"","format":"standard","meta":{"content-type":"","jetpack_post_was_ever_published":false,"_jetpack_newsletter_access":"","_jetpack_dont_email_post_to_subs":false,"_jetpack_newsletter_tier_id":0,"_jetpack_memberships_contains_paywalled_content":false,"_jetpack_memberships_contains_paid_content":false,"footnotes":""},"categories":[35],"tags":[11310,183,1417,11694,11693],"class_list":["post-76489","post","type-post","status-publish","format-standard","has-post-thumbnail","hentry","category-nacionales","tag-18-de-febrero","tag-jce","tag-poblacion","tag-roman-andres-jaquez-liranzo","tag-votar-temprano"],"jetpack_featured_media_url":"https:\/\/lasprimeras.com.do\/wp-content\/uploads\/2024\/02\/Roman-Andres-Jaquez-Liranzo-1.jpg","jetpack-related-posts":[{"id":112949,"url":"https:\/\/lasprimeras.com.do\/index.php\/2025\/10\/28\/jce-se-opone-radicalmente-a-uso-de-documento-diferente-a-la-cedula-para-ejercer-el-voto\/","url_meta":{"origin":76489,"position":0},"title":"JCE se opone radicalmente a uso de documento diferente a la c\u00e9dula para ejercer el voto","author":"Nelson Feliz","date":"28 de octubre de 2025","format":false,"excerpt":"Nueva York. El presidente de la Junta Central Electoral (JCE), Rom\u00e1n Andr\u00e9s J\u00e1quez Liranzo, afirm\u00f3 ayer que el Pleno de esa instituci\u00f3n \u201cse opone radicalmente\u201d al uso de otro documento que no sea la c\u00e9dula de identidad y electoral para ejercer el derecho al voto. J\u00e1quez Liranzo manifest\u00f3 que la\u2026","rel":"","context":"En \u00abNACIONALES\u00bb","block_context":{"text":"NACIONALES","link":"https:\/\/lasprimeras.com.do\/index.php\/category\/nacionales\/"},"img":{"alt_text":"Rom\u00e1n Andr\u00e9s J\u00e1quez Liranzo","src":"https:\/\/i0.wp.com\/lasprimeras.com.do\/wp-content\/uploads\/2025\/10\/Roman-Andres-Jaquez-Liranzo-2.jpg?resize=350%2C200&ssl=1","width":350,"height":200,"srcset":"https:\/\/i0.wp.com\/lasprimeras.com.do\/wp-content\/uploads\/2025\/10\/Roman-Andres-Jaquez-Liranzo-2.jpg?resize=350%2C200&ssl=1 1x, https:\/\/i0.wp.com\/lasprimeras.com.do\/wp-content\/uploads\/2025\/10\/Roman-Andres-Jaquez-Liranzo-2.jpg?resize=525%2C300&ssl=1 1.5x, https:\/\/i0.wp.com\/lasprimeras.com.do\/wp-content\/uploads\/2025\/10\/Roman-Andres-Jaquez-Liranzo-2.jpg?resize=700%2C400&ssl=1 2x"},"classes":[]},{"id":100567,"url":"https:\/\/lasprimeras.com.do\/index.php\/2025\/06\/08\/presidente-de-la-jce-roman-jaquez-visita-casa-nacional-del-pld\/","url_meta":{"origin":76489,"position":1},"title":"Presidente de la JCE Rom\u00e1n J\u00e1quez visita Casa Nacional del PLD","author":"Nelson Feliz","date":"8 de junio de 2025","format":false,"excerpt":"El presidente de la Junta Central Electoral (JCE), Rom\u00e1n J\u00e1quez Liranzo, visit\u00f3 la Casa Nacional Reinaldo Pared P\u00e9rez del Partido de la Liberaci\u00f3n Dominicana (PLD) compartiendo con los dirigentes de la organizaci\u00f3n pol\u00edtica quienes participan en el Diplomado Especializado en Administraci\u00f3n Electoral, organizado por la JCE, a trav\u00e9s del Instituto\u2026","rel":"","context":"En \u00abPOLITICA\u00bb","block_context":{"text":"POLITICA","link":"https:\/\/lasprimeras.com.do\/index.php\/category\/politica\/"},"img":{"alt_text":"","src":"https:\/\/i0.wp.com\/lasprimeras.com.do\/wp-content\/uploads\/2025\/06\/Roman-Jaquez.jpg?resize=350%2C200&ssl=1","width":350,"height":200,"srcset":"https:\/\/i0.wp.com\/lasprimeras.com.do\/wp-content\/uploads\/2025\/06\/Roman-Jaquez.jpg?resize=350%2C200&ssl=1 1x, https:\/\/i0.wp.com\/lasprimeras.com.do\/wp-content\/uploads\/2025\/06\/Roman-Jaquez.jpg?resize=525%2C300&ssl=1 1.5x, https:\/\/i0.wp.com\/lasprimeras.com.do\/wp-content\/uploads\/2025\/06\/Roman-Jaquez.jpg?resize=700%2C400&ssl=1 2x"},"classes":[]},{"id":116614,"url":"https:\/\/lasprimeras.com.do\/index.php\/2025\/12\/02\/jaquez-liranzo-uniore-aboga-elecciones-de-honduras-concluyan-exitosamente\/","url_meta":{"origin":76489,"position":2},"title":"J\u00e1quez Liranzo: UNIORE aboga elecciones de Honduras concluyan exitosamente","author":"Nelson Feliz","date":"2 de diciembre de 2025","format":false,"excerpt":"El jefe de la Misi\u00f3n de Observaci\u00f3n Electoral del organismo y presidente de la JCE entrega informe preliminar El presidente de la Junta Central Electoral, Rom\u00e1n Andr\u00e9s J\u00e1quez Liranzo, en su calidad de jefe de la Misi\u00f3n de Observaci\u00f3n Electoral de la Uni\u00f3n Interamericana de Organismos Electorales (UNIORE), entreg\u00f3 este\u2026","rel":"","context":"En \u00abNACIONALES\u00bb","block_context":{"text":"NACIONALES","link":"https:\/\/lasprimeras.com.do\/index.php\/category\/nacionales\/"},"img":{"alt_text":"","src":"https:\/\/i0.wp.com\/lasprimeras.com.do\/wp-content\/uploads\/2025\/12\/UNIORE.jpg?resize=350%2C200&ssl=1","width":350,"height":200,"srcset":"https:\/\/i0.wp.com\/lasprimeras.com.do\/wp-content\/uploads\/2025\/12\/UNIORE.jpg?resize=350%2C200&ssl=1 1x, https:\/\/i0.wp.com\/lasprimeras.com.do\/wp-content\/uploads\/2025\/12\/UNIORE.jpg?resize=525%2C300&ssl=1 1.5x, https:\/\/i0.wp.com\/lasprimeras.com.do\/wp-content\/uploads\/2025\/12\/UNIORE.jpg?resize=700%2C400&ssl=1 2x"},"classes":[]},{"id":112757,"url":"https:\/\/lasprimeras.com.do\/index.php\/2025\/10\/27\/jce-concluye-en-ny-ruta-recepcion-de-propuestas-para-conformar-oclle\/","url_meta":{"origin":76489,"position":3},"title":"JCE concluye en NY ruta recepci\u00f3n de propuestas para conformar OCLLE","author":"Nelson Feliz","date":"27 de octubre de 2025","format":false,"excerpt":"https:\/\/www.youtube.com\/watch?v=_qooak9QeMM Por Ram\u00f3n Mercedes NUEVA YORK.- Una comisi\u00f3n de la Junta Central Electoral (JCE), encabezada por su presidente, doctor Rom\u00e1n J\u00e1quez Liranzo, concluy\u00f3 la noche de este domingo la ruta de recepci\u00f3n de propuestas para la conformaci\u00f3n de las Oficinas de Coordinaci\u00f3n de Log\u00edstica Electoral del Exterior (OCLEE), en varias\u2026","rel":"","context":"En \u00abLA VOZ DE LA DIASPORA\u00bb","block_context":{"text":"LA VOZ DE LA DIASPORA","link":"https:\/\/lasprimeras.com.do\/index.php\/category\/la-voz-de-la-diaspora\/"},"img":{"alt_text":"JCE concluye en NY ruta recepci\u00f3n de propuestas para conformar OCLLE en circunscripci\u00f3n 1-USA","src":"https:\/\/i0.wp.com\/lasprimeras.com.do\/wp-content\/uploads\/2025\/10\/JCE.jpeg?resize=350%2C200&ssl=1","width":350,"height":200,"srcset":"https:\/\/i0.wp.com\/lasprimeras.com.do\/wp-content\/uploads\/2025\/10\/JCE.jpeg?resize=350%2C200&ssl=1 1x, https:\/\/i0.wp.com\/lasprimeras.com.do\/wp-content\/uploads\/2025\/10\/JCE.jpeg?resize=525%2C300&ssl=1 1.5x"},"classes":[]},{"id":77105,"url":"https:\/\/lasprimeras.com.do\/index.php\/2024\/02\/18\/jce-deja-abierto-proceso-de-votacion-para-las-elecciones-municipales\/","url_meta":{"origin":76489,"position":4},"title":"JCE deja abierto proceso de votaci\u00f3n para las elecciones municipales","author":"Nelson Feliz","date":"18 de febrero de 2024","format":false,"excerpt":"Rom\u00e1n J\u00e1quez invita a ciudadan\u00eda a ejercer temprano el sagrado derecho de elegir. La Junta Central Electoral (JCE) dej\u00f3 abierto de manera oficial el proceso de votaci\u00f3n para las elecciones municipales de hoy domingo 18 de febrero, jornada en la que los dominicanos y dominicanas elegir\u00e1n desde las 07:00 de\u2026","rel":"","context":"En \u00abNACIONALES\u00bb","block_context":{"text":"NACIONALES","link":"https:\/\/lasprimeras.com.do\/index.php\/category\/nacionales\/"},"img":{"alt_text":"Rom\u00e1n Andr\u00e9s J\u00e1quez Liranzo","src":"https:\/\/i0.wp.com\/lasprimeras.com.do\/wp-content\/uploads\/2024\/02\/Roman-Andres-Jaquez-Liranzo-1-1.jpg?resize=350%2C200&ssl=1","width":350,"height":200,"srcset":"https:\/\/i0.wp.com\/lasprimeras.com.do\/wp-content\/uploads\/2024\/02\/Roman-Andres-Jaquez-Liranzo-1-1.jpg?resize=350%2C200&ssl=1 1x, https:\/\/i0.wp.com\/lasprimeras.com.do\/wp-content\/uploads\/2024\/02\/Roman-Andres-Jaquez-Liranzo-1-1.jpg?resize=525%2C300&ssl=1 1.5x, https:\/\/i0.wp.com\/lasprimeras.com.do\/wp-content\/uploads\/2024\/02\/Roman-Andres-Jaquez-Liranzo-1-1.jpg?resize=700%2C400&ssl=1 2x"},"classes":[]},{"id":110823,"url":"https:\/\/lasprimeras.com.do\/index.php\/2025\/10\/01\/presidente-de-la-jce-la-observacion-electoral-debe-ser-cuidada-profundizada-y-profesionalizada\/","url_meta":{"origin":76489,"position":5},"title":"Presidente de la JCE: \u201cLa observaci\u00f3n electoral debe ser cuidada, profundizada y profesionalizada\u201d","author":"Nelson Feliz","date":"1 de octubre de 2025","format":false,"excerpt":"El presidente de la Junta Central Electoral, Rom\u00e1n Andr\u00e9s J\u00e1quez Liranzo, particip\u00f3 este mi\u00e9rcoles en el conversatorio \u201cProcesos electorales: la experiencia de los pa\u00edses de la Comunidad de Estados Independientes (CEI) y Am\u00e9rica Latina\u201d con su conferencia titulada \u201cAspectos importantes de la observaci\u00f3n electoral\u201d, espacio en donde llam\u00f3 a cuidar\u2026","rel":"","context":"En \u00abNACIONALES\u00bb","block_context":{"text":"NACIONALES","link":"https:\/\/lasprimeras.com.do\/index.php\/category\/nacionales\/"},"img":{"alt_text":"Rom\u00e1n Andr\u00e9s J\u00e1quez Liranzo","src":"https:\/\/i0.wp.com\/lasprimeras.com.do\/wp-content\/uploads\/2025\/08\/Roman-Andres-Jaquez-Liranzo.jpg?resize=350%2C200&ssl=1","width":350,"height":200,"srcset":"https:\/\/i0.wp.com\/lasprimeras.com.do\/wp-content\/uploads\/2025\/08\/Roman-Andres-Jaquez-Liranzo.jpg?resize=350%2C200&ssl=1 1x, https:\/\/i0.wp.com\/lasprimeras.com.do\/wp-content\/uploads\/2025\/08\/Roman-Andres-Jaquez-Liranzo.jpg?resize=525%2C300&ssl=1 1.5x, https:\/\/i0.wp.com\/lasprimeras.com.do\/wp-content\/uploads\/2025\/08\/Roman-Andres-Jaquez-Liranzo.jpg?resize=700%2C400&ssl=1 2x"},"classes":[]}],"jetpack_sharing_enabled":true,"_links":{"self":[{"href":"https:\/\/lasprimeras.com.do\/index.php\/wp-json\/wp\/v2\/posts\/76489","targetHints":{"allow":["GET"]}}],"collection":[{"href":"https:\/\/lasprimeras.com.do\/index.php\/wp-json\/wp\/v2\/posts"}],"about":[{"href":"https:\/\/lasprimeras.com.do\/index.php\/wp-json\/wp\/v2\/types\/post"}],"author":[{"embeddable":true,"href":"https:\/\/lasprimeras.com.do\/index.php\/wp-json\/wp\/v2\/users\/2"}],"replies":[{"embeddable":true,"href":"https:\/\/lasprimeras.com.do\/index.php\/wp-json\/wp\/v2\/comments?post=76489"}],"version-history":[{"count":1,"href":"https:\/\/lasprimeras.com.do\/index.php\/wp-json\/wp\/v2\/posts\/76489\/revisions"}],"predecessor-version":[{"id":76491,"href":"https:\/\/lasprimeras.com.do\/index.php\/wp-json\/wp\/v2\/posts\/76489\/revisions\/76491"}],"wp:featuredmedia":[{"embeddable":true,"href":"https:\/\/lasprimeras.com.do\/index.php\/wp-json\/wp\/v2\/media\/76490"}],"wp:attachment":[{"href":"https:\/\/lasprimeras.com.do\/index.php\/wp-json\/wp\/v2\/media?parent=76489"}],"wp:term":[{"taxonomy":"category","embeddable":true,"href":"https:\/\/lasprimeras.com.do\/index.php\/wp-json\/wp\/v2\/categories?post=76489"},{"taxonomy":"post_tag","embeddable":true,"href":"https:\/\/lasprimeras.com.do\/index.php\/wp-json\/wp\/v2\/tags?post=76489"}],"curies":[{"name":"wp","href":"https:\/\/api.w.org\/{rel}","templated":true}]}}