{"id":76492,"date":"2024-02-11T20:58:48","date_gmt":"2024-02-12T00:58:48","guid":{"rendered":"https:\/\/lasprimeras.com.do\/?p=76492"},"modified":"2024-02-11T20:58:49","modified_gmt":"2024-02-12T00:58:49","slug":"tras-la-muerte-de-dos-reclusos-y-una-mujer-intervienen-carceles-de-la-vega","status":"publish","type":"post","link":"https:\/\/lasprimeras.com.do\/index.php\/2024\/02\/11\/tras-la-muerte-de-dos-reclusos-y-una-mujer-intervienen-carceles-de-la-vega\/","title":{"rendered":"Tras la muerte de dos reclusos y una mujer intervienen c\u00e1rceles de La Vega"},"content":{"rendered":"\n<p>Luego de la muerte de dos reclusos en el Centro de Correcci\u00f3n y Rehabilitaci\u00f3n de El Pinito y el de una mujer que visitaba a uno de los fallecidos, antes de ser trasladado desde el centro no reformado de la Fortaleza La Concepci\u00f3n, la Direcci\u00f3n General de Servicios Penitenciarios y Correccionales (Dgspc) intervino ambas c\u00e1rceles este fin de semana para garantizar la seguridad.<\/p>\n\n\n\n<p>El anuncio lo hizo la misma Dgspc este domingo e inform\u00f3 que se cre\u00f3 una comisi\u00f3n de intervenci\u00f3n de dichos centros, que coordina Noel Toribio, director de Centros de Correcci\u00f3n y Rehabilitaci\u00f3n de la Dgspc, junto al Supervisor Regional Amado Cabrera, quien tutela los procesos de la direcci\u00f3n en el Centro de Privaci\u00f3n de Libertad No Reformado La Concepci\u00f3n, de La Vega, junto con su director Feliz Bartolo Pichardo.<\/p>\n\n\n\n<p>En menos de un mes fallecieron en El Pinito Alejandro Vidal (Alex y\/o Guandulito), quien era considerado como el &#8220;jefe del narcotr\u00e1fico en el ensanche Berm\u00fadez&#8221;, de Santiago, y Gregorio Matos Carrasco (Papito Forever), el recluso que en enero mat\u00f3 a su pareja sentimental mientras lo visitaba en la Fortaleza La Concepci\u00f3n, desde donde fue trasladado.<\/p>\n\n\n\n<p>Seg\u00fan la autopsia practicada a Alejandro Vidal (Alex) este fue envenenado el 25 de enero, y Papito Forever fue hallado ahorcado el d\u00eda 8 del presente febrero.<\/p>\n\n\n\n<p>Los familiares de Alex denunciaron a los medios que su pariente les hab\u00eda manifestado que era amenazado constantemente por sectores ligados al narcotr\u00e1fico, crimen por el cual fue condenado a 10 a\u00f1os de c\u00e1rcel.<\/p>\n\n\n\n<p>Papito Forever, quien enfrentaba cargos de homicidio, lleg\u00f3 a El Pinito trasladado despu\u00e9s que matara a su pareja sentimental cuando lo visitaba, Casandra Carmelina Castillo Santiago, de 25 a\u00f1os.<\/p>\n\n\n\n<p>La joven fue ahorcada y acuchillada con un arma de fabricaci\u00f3n carcelaria.<\/p>\n\n\n\n<p><strong>Plan para crear protocolo de seguridad<\/strong><\/p>\n\n\n\n<p>La Dgspc inform\u00f3 en una nota de prensa que se elabor\u00f3 un plan de acci\u00f3n para crear un protocolo de seguridad que responda a los retos que se presenten en esos recintos, en coordinaci\u00f3n con las autoridades gubernamentales y miembros del Ej\u00e9rcito con asiento en la provincia La Vega, para lograr acciones conjuntas en cuanto a estos recintos penitenciarios.<\/p>\n\n\n\n<p>&#8220;La comisi\u00f3n creada realiza en estos momentos un an\u00e1lisis profundo de las 4 \u00e1reas fundamentales de estos centros, como son: la seguridad, el tratamiento, la administraci\u00f3n y Departamento de Medio Libre, con la finalidad de detectar los protocolos, el seguimiento, las debilidades y los equipos que se necesitan para responder a las necesidades y detectar los grupos vinculados y que inciden, negativamente, en los privados de libertad, en los agentes penitenciarios y en el personal que labora en estos centros&#8221;, dice la nota de prensa.<\/p>\n\n\n\n<p><strong>Cambiar\u00e1n personal<\/strong><\/p>\n\n\n\n<p>Entre las estrategias de coordinaci\u00f3n puestas en ejecuci\u00f3n por la comisi\u00f3n de intervenci\u00f3n creada por la Dgspc para detectar irregularidades y fortalecer la seguridad en los Centros de Correcci\u00f3n y Rehabilitaci\u00f3n de El Pinito y el Centro de Privaci\u00f3n de Libertad No Reformado, La Concepci\u00f3n, en La Vega, se incluye tambi\u00e9n &#8220;el cambio de todo el personal de mando medio y el de jerarqu\u00eda \u00fanica, desde agentes hasta un director de centro&#8221;.<\/p>\n\n\n\n<p><strong>Incautan celulares y armas<\/strong><\/p>\n\n\n\n<p>De inmediato, la Dgspc dijo que realizaron operativos de requisas dirigidos por el encargado de Seguridad de la Dgspc, Manuel Polanco Hern\u00e1ndez, los cuales permitieron la ocupaci\u00f3n de art\u00edculos de uso prohibidos en los centros penitenciarios, entre los que se encontraban tel\u00e9fonos celulares, sustancias controladas y armas de fabricaci\u00f3n carcelarias, entre otros.<\/p>\n\n\n\n<p>En cuanto a los privados de libertad que forman parte de los programas de la Direcci\u00f3n de Medio Libre, que coordina Yeni Olga Hern\u00e1ndez, se evaluar\u00e1 ver cu\u00e1ntos son los internos que est\u00e1n en etapa de prueba, cu\u00e1les se podr\u00edan designar a las tareas ocupacionales de las brigadas internas, cu\u00e1ntos participan en terapia ocupacional y cada qu\u00e9 tiempo se hace el ciclo de cambio de los destinos de estas terapias.<\/p>\n\n\n\n<p>Otros refuerzos para la seguridad<\/p>\n\n\n\n<p>El proceso de intervenci\u00f3n de los centros penitenciarios ubicados en la provincia La Vega, en la regi\u00f3n norte, para garantizar la seguridad 24 horas de los mismos, dispuso una guardia con el personal necesario, c\u00e1maras de vigilancia de circuito cerrado adecuado y radios de comunicaciones en las periferias de estos centros.<\/p>\n\n\n\n<p>Adem\u00e1s, de manera inmediata, fueron designadas dos motocicletas, las cuales se destinaron al patrullaje externo para vigilar fuera del Centro de Correcci\u00f3n y Rehabilitaci\u00f3n El Pinito.<\/p>\n\n\n\n<p>Noel Toribio, director de Centros de Correcci\u00f3n y Rehabilitaci\u00f3n, y quien tiene a su cargo la intervenci\u00f3n de los citados centros penitenciarios, dijo que, por disposici\u00f3n de Roberto Hern\u00e1ndez Basilio, director general de Servicios Penitenciarios y Correccionales, est\u00e1 siendo equilibrada la guardia de seguridad en cuanto a su proporci\u00f3n, de forma tal que esta responda eficazmente a los servicios del El Pinito, por lo que se dispuso de un m\u00ednimo de 20 agentes por guardia, ocho encargados de \u00e1rea y ocho supervisores para garantizar estos servicios.<\/p>\n\n\n\n<p>En lo relativo a las conducencias o traslados de alto nivel que sean de la zona o al hospital, est\u00e1n siendo escoltadas por fuerzas especiales de la Polic\u00eda Nacional y de la Dgspc para garantizar mayor seguridad, evitar evasiones y preservar la vida del privado de libertad.<\/p>\n\n\n\n<p>Las medidas, que se ponen en ejecuci\u00f3n en los centros penitenciarios de El Pinito y La Concepci\u00f3n de La Vega, por instrucciones de Roberto Hern\u00e1ndez Basilio, director general de la Dgspc, concluir\u00e1n con un informe que tendr\u00e1 como prop\u00f3sito implementar medidas y cambios que garanticen el correcto funcionamiento de estos centros.<\/p>\n","protected":false},"excerpt":{"rendered":"<p>Luego de la muerte de dos reclusos en el Centro de Correcci\u00f3n y Rehabilitaci\u00f3n de El Pinito y el de una mujer que visitaba a uno de los fallecidos, antes&hellip;<\/p>\n","protected":false},"author":2,"featured_media":76493,"comment_status":"open","ping_status":"open","sticky":false,"template":"","format":"standard","meta":{"content-type":"","jetpack_post_was_ever_published":false,"_jetpack_newsletter_access":"","_jetpack_dont_email_post_to_subs":false,"_jetpack_newsletter_tier_id":0,"_jetpack_memberships_contains_paywalled_content":false,"_jetpack_memberships_contains_paid_content":false,"footnotes":""},"categories":[35],"tags":[5289,940,330,429,11695],"class_list":["post-76492","post","type-post","status-publish","format-standard","has-post-thumbnail","hentry","category-nacionales","tag-carceles","tag-la-vega","tag-muerte","tag-mujer","tag-reclusos"],"jetpack_featured_media_url":"https:\/\/lasprimeras.com.do\/wp-content\/uploads\/2024\/02\/OPERATIVO.jpg","jetpack-related-posts":[{"id":76222,"url":"https:\/\/lasprimeras.com.do\/index.php\/2024\/02\/08\/encuentran-muerto-a-hombre-que-mato-a-su-pareja-en-la-carcel-de-la-vega\/","url_meta":{"origin":76492,"position":0},"title":"Encuentran muerto a hombre que mat\u00f3 a su pareja en la c\u00e1rcel de La Vega","author":"Nelson Feliz","date":"8 de febrero de 2024","format":false,"excerpt":"Gregorio Matos Carrasco, el hombre ultim\u00f3 a su pareja sentimental mientras ella lo visitaba en la c\u00e1rcel en enero, se quit\u00f3 la vida la madrugada de este jueves. Fue encontrado muerto Gregorio Matos Carrasco, el hombre que ultim\u00f3 a su pareja sentimental mientras ella lo visitaba en el Centro de\u2026","rel":"","context":"En \u00abNACIONALES\u00bb","block_context":{"text":"NACIONALES","link":"https:\/\/lasprimeras.com.do\/index.php\/category\/nacionales\/"},"img":{"alt_text":"El recluso Gregorio Matos Carrasco, quien le quit\u00f3 la vida a su esposa en la c\u00e1rcel La Vega.FUENTE EXTERNA.","src":"https:\/\/i0.wp.com\/lasprimeras.com.do\/wp-content\/uploads\/2024\/02\/Gregorio-Matos-Carrasco.png?resize=350%2C200&ssl=1","width":350,"height":200,"srcset":"https:\/\/i0.wp.com\/lasprimeras.com.do\/wp-content\/uploads\/2024\/02\/Gregorio-Matos-Carrasco.png?resize=350%2C200&ssl=1 1x, https:\/\/i0.wp.com\/lasprimeras.com.do\/wp-content\/uploads\/2024\/02\/Gregorio-Matos-Carrasco.png?resize=525%2C300&ssl=1 1.5x"},"classes":[]},{"id":49577,"url":"https:\/\/lasprimeras.com.do\/index.php\/2023\/05\/12\/autoridades-ocupan-arma-de-fuego-y-municiones-a-recluso-de-najayo-hombres\/","url_meta":{"origin":76492,"position":1},"title":"Autoridades ocupan arma de fuego y municiones a recluso de Najayo Hombres","author":"prenxa100","date":"12 de mayo de 2023","format":false,"excerpt":"Por Wilson P\u00e9rez SANTO DOMINGO.-. La Direcci\u00f3n General de Servicios Penitenciarios y Correccionales (DGSPC) inform\u00f3 que incaut\u00f3 un arma de fuego y municiones que estaban en posesi\u00f3n de un privado de libertad del Centro de Correcci\u00f3n y Rehabilitaci\u00f3n (CCR) Najayo Hombres, en San Crist\u00f3bal. A trav\u00e9s de un comunicado de\u2026","rel":"","context":"En \u00abNACIONALES\u00bb","block_context":{"text":"NACIONALES","link":"https:\/\/lasprimeras.com.do\/index.php\/category\/nacionales\/"},"img":{"alt_text":"","src":"","width":0,"height":0},"classes":[]},{"id":78653,"url":"https:\/\/lasprimeras.com.do\/index.php\/2024\/03\/18\/abinader-dice-que-la-carcel-la-victoria-debio-estar-cerrada-hace-tres-decadas\/","url_meta":{"origin":76492,"position":2},"title":"Abinader dice que la c\u00e1rcel La Victoria debi\u00f3 estar cerrada hace tres d\u00e9cadas","author":"Nelson Feliz","date":"18 de marzo de 2024","format":false,"excerpt":"El fuego ha dejado tres muertos y al menos 11 hospitalizados. El presidente Luis Abinader dijo este lunes que da seguimiento al incendio que se registra en la c\u00e1rcel de La Victoria, la m\u00e1s poblada del pa\u00eds, y que hasta ahora ha causado la muerte de tres reclusos y heridas\u2026","rel":"","context":"En \u00abNACIONALES\u00bb","block_context":{"text":"NACIONALES","link":"https:\/\/lasprimeras.com.do\/index.php\/category\/nacionales\/"},"img":{"alt_text":"LUIS ABINADER","src":"https:\/\/i0.wp.com\/lasprimeras.com.do\/wp-content\/uploads\/2023\/11\/LUIS-ABINADER-1-2.jpg?resize=350%2C200&ssl=1","width":350,"height":200,"srcset":"https:\/\/i0.wp.com\/lasprimeras.com.do\/wp-content\/uploads\/2023\/11\/LUIS-ABINADER-1-2.jpg?resize=350%2C200&ssl=1 1x, https:\/\/i0.wp.com\/lasprimeras.com.do\/wp-content\/uploads\/2023\/11\/LUIS-ABINADER-1-2.jpg?resize=525%2C300&ssl=1 1.5x, https:\/\/i0.wp.com\/lasprimeras.com.do\/wp-content\/uploads\/2023\/11\/LUIS-ABINADER-1-2.jpg?resize=700%2C400&ssl=1 2x"},"classes":[]},{"id":76570,"url":"https:\/\/lasprimeras.com.do\/index.php\/2024\/02\/12\/cortocircuito-provoca-incendio-en-carcel-la-victoria-no-hay-lesionados\/","url_meta":{"origin":76492,"position":3},"title":"Cortocircuito provoca incendio en c\u00e1rcel La Victoria; no hay lesionados","author":"BIMARY DE JES\u00daS Matos","date":"12 de febrero de 2024","format":false,"excerpt":"SANTO DOMINGO.- La Direcci\u00f3n General de Servicios Penitenciarios y Correccionales (DGSPC) inform\u00f3 que todo est\u00e1 bajo control en c\u00e1rcel La Victoria, luego de un conato de incendio ocasionado por un corto circuito del tendido el\u00e9ctrico del \u00e1rea de los patios F. En un comunicado de prensa, la DGSPC inform\u00f3 que\u2026","rel":"","context":"En \u00abPORTADA\u00bb","block_context":{"text":"PORTADA","link":"https:\/\/lasprimeras.com.do\/index.php\/category\/portada\/"},"img":{"alt_text":"","src":"https:\/\/i0.wp.com\/lasprimeras.com.do\/wp-content\/uploads\/2024\/02\/4_Nacionales_26-1p01.jpg.webp?resize=350%2C200&ssl=1","width":350,"height":200,"srcset":"https:\/\/i0.wp.com\/lasprimeras.com.do\/wp-content\/uploads\/2024\/02\/4_Nacionales_26-1p01.jpg.webp?resize=350%2C200&ssl=1 1x, https:\/\/i0.wp.com\/lasprimeras.com.do\/wp-content\/uploads\/2024\/02\/4_Nacionales_26-1p01.jpg.webp?resize=525%2C300&ssl=1 1.5x, https:\/\/i0.wp.com\/lasprimeras.com.do\/wp-content\/uploads\/2024\/02\/4_Nacionales_26-1p01.jpg.webp?resize=700%2C400&ssl=1 2x, https:\/\/i0.wp.com\/lasprimeras.com.do\/wp-content\/uploads\/2024\/02\/4_Nacionales_26-1p01.jpg.webp?resize=1050%2C600&ssl=1 3x, https:\/\/i0.wp.com\/lasprimeras.com.do\/wp-content\/uploads\/2024\/02\/4_Nacionales_26-1p01.jpg.webp?resize=1400%2C800&ssl=1 4x"},"classes":[]},{"id":113246,"url":"https:\/\/lasprimeras.com.do\/index.php\/2025\/10\/30\/el-director-de-prisiones-dice-que-el-bloqueo-de-senal-en-las-carceles-va-mal\/","url_meta":{"origin":76492,"position":4},"title":"El director de Prisiones dice que el bloqueo de se\u00f1al en las c\u00e1rceles &#8220;va mal&#8221;","author":"Nelson Feliz","date":"30 de octubre de 2025","format":false,"excerpt":"Santana insiste que sin personal civil formado, los centros penitenciarios seguir\u00e1n siendo focos de corrupci\u00f3n. El titular de la Direcci\u00f3n General de Servicios Penitenciarios y Correccionales (Dgspc), Roberto Santana, afirm\u00f3 este jueves que el bloqueo de la se\u00f1al telef\u00f3nica dentro de las c\u00e1rceles del pa\u00eds \"va mal\". El funcionario explic\u00f3\u2026","rel":"","context":"En \u00abNACIONALES\u00bb","block_context":{"text":"NACIONALES","link":"https:\/\/lasprimeras.com.do\/index.php\/category\/nacionales\/"},"img":{"alt_text":"","src":"https:\/\/i0.wp.com\/lasprimeras.com.do\/wp-content\/uploads\/2025\/10\/Roberto-Santana.jpg?resize=350%2C200&ssl=1","width":350,"height":200,"srcset":"https:\/\/i0.wp.com\/lasprimeras.com.do\/wp-content\/uploads\/2025\/10\/Roberto-Santana.jpg?resize=350%2C200&ssl=1 1x, https:\/\/i0.wp.com\/lasprimeras.com.do\/wp-content\/uploads\/2025\/10\/Roberto-Santana.jpg?resize=525%2C300&ssl=1 1.5x, https:\/\/i0.wp.com\/lasprimeras.com.do\/wp-content\/uploads\/2025\/10\/Roberto-Santana.jpg?resize=700%2C400&ssl=1 2x"},"classes":[]},{"id":78676,"url":"https:\/\/lasprimeras.com.do\/index.php\/2024\/03\/19\/tres-reclusos-muertos-y-varios-fueron-internos-por-quemaduras-en-incendio\/","url_meta":{"origin":76492,"position":5},"title":"Tres reclusos muertos y varios fueron internos por quemaduras en incendio","author":"BIMARY DE JES\u00daS Matos","date":"19 de marzo de 2024","format":false,"excerpt":"Santo Domingo.-La desesperaci\u00f3n y preocupaci\u00f3n se apodera de los familiares de los internos de la C\u00e1rcel de la Victoria, al desconocer la situaci\u00f3n de sus parientes por el incendio que anoche hab\u00eda causado tres muertes y varios heridos por quemaduras, entre ellos tres bomberos. Esta situaci\u00f3n caus\u00f3 que madres, primos,\u2026","rel":"","context":"En \u00abNACIONALES\u00bb","block_context":{"text":"NACIONALES","link":"https:\/\/lasprimeras.com.do\/index.php\/category\/nacionales\/"},"img":{"alt_text":"","src":"https:\/\/i0.wp.com\/lasprimeras.com.do\/wp-content\/uploads\/2024\/03\/3_Nacionales_19_01p01.jpg?resize=350%2C200&ssl=1","width":350,"height":200,"srcset":"https:\/\/i0.wp.com\/lasprimeras.com.do\/wp-content\/uploads\/2024\/03\/3_Nacionales_19_01p01.jpg?resize=350%2C200&ssl=1 1x, https:\/\/i0.wp.com\/lasprimeras.com.do\/wp-content\/uploads\/2024\/03\/3_Nacionales_19_01p01.jpg?resize=525%2C300&ssl=1 1.5x, https:\/\/i0.wp.com\/lasprimeras.com.do\/wp-content\/uploads\/2024\/03\/3_Nacionales_19_01p01.jpg?resize=700%2C400&ssl=1 2x, https:\/\/i0.wp.com\/lasprimeras.com.do\/wp-content\/uploads\/2024\/03\/3_Nacionales_19_01p01.jpg?resize=1050%2C600&ssl=1 3x, https:\/\/i0.wp.com\/lasprimeras.com.do\/wp-content\/uploads\/2024\/03\/3_Nacionales_19_01p01.jpg?resize=1400%2C800&ssl=1 4x"},"classes":[]}],"jetpack_sharing_enabled":true,"_links":{"self":[{"href":"https:\/\/lasprimeras.com.do\/index.php\/wp-json\/wp\/v2\/posts\/76492","targetHints":{"allow":["GET"]}}],"collection":[{"href":"https:\/\/lasprimeras.com.do\/index.php\/wp-json\/wp\/v2\/posts"}],"about":[{"href":"https:\/\/lasprimeras.com.do\/index.php\/wp-json\/wp\/v2\/types\/post"}],"author":[{"embeddable":true,"href":"https:\/\/lasprimeras.com.do\/index.php\/wp-json\/wp\/v2\/users\/2"}],"replies":[{"embeddable":true,"href":"https:\/\/lasprimeras.com.do\/index.php\/wp-json\/wp\/v2\/comments?post=76492"}],"version-history":[{"count":1,"href":"https:\/\/lasprimeras.com.do\/index.php\/wp-json\/wp\/v2\/posts\/76492\/revisions"}],"predecessor-version":[{"id":76494,"href":"https:\/\/lasprimeras.com.do\/index.php\/wp-json\/wp\/v2\/posts\/76492\/revisions\/76494"}],"wp:featuredmedia":[{"embeddable":true,"href":"https:\/\/lasprimeras.com.do\/index.php\/wp-json\/wp\/v2\/media\/76493"}],"wp:attachment":[{"href":"https:\/\/lasprimeras.com.do\/index.php\/wp-json\/wp\/v2\/media?parent=76492"}],"wp:term":[{"taxonomy":"category","embeddable":true,"href":"https:\/\/lasprimeras.com.do\/index.php\/wp-json\/wp\/v2\/categories?post=76492"},{"taxonomy":"post_tag","embeddable":true,"href":"https:\/\/lasprimeras.com.do\/index.php\/wp-json\/wp\/v2\/tags?post=76492"}],"curies":[{"name":"wp","href":"https:\/\/api.w.org\/{rel}","templated":true}]}}