{"id":76512,"date":"2024-02-12T07:37:23","date_gmt":"2024-02-12T11:37:23","guid":{"rendered":"https:\/\/lasprimeras.com.do\/?p=76512"},"modified":"2024-02-12T07:37:24","modified_gmt":"2024-02-12T11:37:24","slug":"murio-en-un-accidente-automovilistico-el-prospecto-kelvin-kiptum","status":"publish","type":"post","link":"https:\/\/lasprimeras.com.do\/index.php\/2024\/02\/12\/murio-en-un-accidente-automovilistico-el-prospecto-kelvin-kiptum\/","title":{"rendered":"Muri\u00f3 en un accidente automovil\u00edstico el prospecto Kelvin Kiptum"},"content":{"rendered":"\n<p>Kiptum era poseedor del r\u00e9cord mundial de marat\u00f3n y que se convertir\u00eda en una superestrella.<\/p>\n\n\n\n<p>POR TOM ODULA, MUTWIRI MUTUOTA Y GERALD IMRAY<\/p>\n\n\n\n<figure class=\"wp-block-embed is-type-video is-provider-youtube wp-block-embed-youtube wp-embed-aspect-16-9 wp-has-aspect-ratio\"><div class=\"wp-block-embed__wrapper\">\n<iframe title=\"LIVE: Briefing after marathon world-record holder Kelvin Kiptum&#039;s death\" width=\"500\" height=\"281\" src=\"https:\/\/www.youtube.com\/embed\/B4A1hcDIP3Y?feature=oembed\" frameborder=\"0\" allow=\"accelerometer; autoplay; clipboard-write; encrypted-media; gyroscope; picture-in-picture; web-share\" referrerpolicy=\"strict-origin-when-cross-origin\" allowfullscreen><\/iframe>\n<\/div><\/figure>\n\n\n\n<p>NAIROBI, Kenia (AP) \u2014 Kelvin Kiptum, poseedor del r\u00e9cord mundial de marat\u00f3n y que se convertir\u00eda en una superestrella de las carreras de larga distancia y uno de los principales contendientes por el oro en los Juegos Ol\u00edmpicos de Par\u00eds este a\u00f1o, muri\u00f3 junto con su entrenador en un Accidente automovil\u00edstico en Kenia.<\/p>\n\n\n\n<p>Su veh\u00edculo fue el \u00fanico involucrado en el accidente el domingo por la noche y Kiptum conduc\u00eda cuando se sali\u00f3 de la carretera y cay\u00f3 a una zanja antes de chocar contra un \u00e1rbol, dijo la polic\u00eda.<\/p>\n\n\n\n<p>Kiptum, de Kenia, ten\u00eda 24 a\u00f1os y era uno de los prospectos m\u00e1s emocionantes que han surgido en las carreras en ruta en a\u00f1os, habiendo batido el r\u00e9cord mundial en apenas su tercera aparici\u00f3n en un marat\u00f3n de \u00e9lite.<\/p>\n\n\n\n<p>Su r\u00e9cord, establecido en el marat\u00f3n de Chicago del a\u00f1o pasado, fue ratificado por la federaci\u00f3n internacional de atletismo World Athletics apenas la semana pasada.<\/p>\n\n\n\n<p>Su muerte reson\u00f3 en Kenia, donde los corredores son las mayores estrellas del deporte. Los kenianos tambi\u00e9n se han acostumbrado a las historias tr\u00e1gicas que involucran a sus mejores atletas despu\u00e9s de que varios de ellos hayan muerto en accidentes de tr\u00e1fico, otros accidentes y casos de violencia dom\u00e9stica.<\/p>\n\n\n\n<p>&#8220;S\u00f3lo ten\u00eda 24 a\u00f1os&#8221;, dijo el presidente de Kenia, William Ruto, en un comunicado ofreciendo sus condolencias. &#8220;Kiptum era nuestro futuro&#8221;.<\/p>\n\n\n\n<p>Kiptum y su entrenador ruand\u00e9s, Gervais Hakizimana, murieron en el accidente alrededor de las 23:00 horas, dijo la polic\u00eda.<\/p>\n\n\n\n<p>Sucedi\u00f3 cerca de la ciudad de Kaptagat en el oeste de Kenia, en el coraz\u00f3n de la regi\u00f3n de gran altitud que es reconocida como base de entrenamiento para los mejores corredores de fondo de Kenia y de todo el mundo.<\/p>\n\n\n\n<p>Kiptum naci\u00f3 y creci\u00f3 en la zona.<\/p>\n\n\n\n<p>Una tercera persona, una mujer de 24 a\u00f1os, tambi\u00e9n estaba en el coche y fue trasladada a un hospital con heridas graves, dijo la polic\u00eda. Kiptum y Hakizimana murieron en el lugar.<\/p>\n\n\n\n<p>Atletas y familiares, incluido el padre de Kiptum, se reunieron en la morgue del hospital donde fueron trasladados los cuerpos de Kiptum y su entrenador. Una de las atletas, la ex campeona mundial de carreras de obst\u00e1culos femenina Milcah Chemos, tuvo dificultades para hablar mientras romp\u00eda a llorar.<\/p>\n\n\n\n<p>&#8220;No tengo palabras para explicar la p\u00e9rdida de Kelvin&#8221;, dijo.<\/p>\n\n\n\n<p>Kenneth Kimaiyo, un amigo de Kiptum, dijo que lleg\u00f3 al lugar del accidente poco despu\u00e9s de que ocurriera y que Kiptum hab\u00eda sido expulsado del auto. Las fotos mostraban el auto plateado con el techo muy destrozado y el parabrisas aplastado.<\/p>\n\n\n\n<p>Kiptum fue el primer hombre en correr el marat\u00f3n en menos de 2 horas y 1 minuto en una carrera oficial cuando estableci\u00f3 el r\u00e9cord mundial de 2:00.35 en Chicago en octubre, superando la marca de su compatriota keniano y gran maratonista Eliud Kipchoge, quien es el actual bicampe\u00f3n ol\u00edmpico.<\/p>\n","protected":false},"excerpt":{"rendered":"<p>Kiptum era poseedor del r\u00e9cord mundial de marat\u00f3n y que se convertir\u00eda en una superestrella. POR TOM ODULA, MUTWIRI MUTUOTA Y GERALD IMRAY NAIROBI, Kenia (AP) \u2014 Kelvin Kiptum, poseedor&hellip;<\/p>\n","protected":false},"author":2,"featured_media":76513,"comment_status":"open","ping_status":"open","sticky":false,"template":"","format":"standard","meta":{"content-type":"","jetpack_post_was_ever_published":false,"_jetpack_newsletter_access":"","_jetpack_dont_email_post_to_subs":false,"_jetpack_newsletter_tier_id":0,"_jetpack_memberships_contains_paywalled_content":false,"_jetpack_memberships_contains_paid_content":false,"footnotes":""},"categories":[1],"tags":[2211,11705,11706,4927,1608],"class_list":["post-76512","post","type-post","status-publish","format-standard","has-post-thumbnail","hentry","category-sin-categoria","tag-accidente","tag-automovilistico","tag-kelvin-kiptum","tag-murio","tag-prospecto"],"jetpack_featured_media_url":"https:\/\/lasprimeras.com.do\/wp-content\/uploads\/2024\/02\/Kelvin-Kiptum.jpg","jetpack-related-posts":[{"id":53345,"url":"https:\/\/lasprimeras.com.do\/index.php\/2023\/06\/25\/muere-joven-de-tabara-arriba-en-accidente-de-transito\/","url_meta":{"origin":76512,"position":0},"title":"Muere joven de T\u00e1bara Arriba en accidente de tr\u00e1nsito","author":"Nelson Feliz","date":"25 de junio de 2023","format":false,"excerpt":"Por: Antonio Luciano Un joven oriundo del municipio T\u00e1bara Arriba falleci\u00f3 la madrugada de este Domingo en un accidente de tr\u00e1nsito ocurrido en la curva de Las Guan\u00e1banas ubicada en la carretera S\u00e1nchez, pr\u00f3ximo al cruce del referido municipio en Azua Se trata de Jassiel Reyes Pimentel de 29 a\u00f1os\u2026","rel":"","context":"En \u00abNACIONALES\u00bb","block_context":{"text":"NACIONALES","link":"https:\/\/lasprimeras.com.do\/index.php\/category\/nacionales\/"},"img":{"alt_text":"","src":"https:\/\/i0.wp.com\/lasprimeras.com.do\/wp-content\/uploads\/2023\/06\/Accidente-azua.jpg?resize=350%2C200&ssl=1","width":350,"height":200},"classes":[]},{"id":69816,"url":"https:\/\/lasprimeras.com.do\/index.php\/2023\/12\/05\/leonel-la-coexistencia-de-palestina-e-israel-es-la-garantia-de-una-paz-duradera\/","url_meta":{"origin":76512,"position":1},"title":"Leonel: &#8220;La coexistencia de Palestina e Israel; es la garant\u00eda de una paz duradera&#8221;","author":"Nelson Feliz","date":"5 de diciembre de 2023","format":false,"excerpt":"El presidente y l\u00edder del partido Fuerza del Pueblo (FP), Leonel Fern\u00e1ndez, afirm\u00f3 que reconocer un Estado palestino junto al Estado de Israel, es garant\u00eda de una paz duradera. Fern\u00e1ndez dijo que si bien es cierto que la incursi\u00f3n de Ham\u00e1s en territorio israel\u00ed fue en extremo violenta, la respuesta\u2026","rel":"","context":"En \u00abPORTADA\u00bb","block_context":{"text":"PORTADA","link":"https:\/\/lasprimeras.com.do\/index.php\/category\/portada\/"},"img":{"alt_text":"Leonel Fern\u00e1ndez","src":"https:\/\/i0.wp.com\/lasprimeras.com.do\/wp-content\/uploads\/2023\/12\/Leonel-Fernandez-1.jpg?resize=350%2C200&ssl=1","width":350,"height":200,"srcset":"https:\/\/i0.wp.com\/lasprimeras.com.do\/wp-content\/uploads\/2023\/12\/Leonel-Fernandez-1.jpg?resize=350%2C200&ssl=1 1x, https:\/\/i0.wp.com\/lasprimeras.com.do\/wp-content\/uploads\/2023\/12\/Leonel-Fernandez-1.jpg?resize=525%2C300&ssl=1 1.5x"},"classes":[]},{"id":112936,"url":"https:\/\/lasprimeras.com.do\/index.php\/2025\/10\/28\/avion-se-estrella-mientras-transportaba-turistas-a-masai-mara-kenia-matando-a-11-personas\/","url_meta":{"origin":76512,"position":2},"title":"Avi\u00f3n se estrella mientras transportaba turistas a Mas\u00e1i Mara, Kenia, matando a 11 personas","author":"Nelson Feliz","date":"28 de octubre de 2025","format":false,"excerpt":"Por EVELYNE MUSAMBI NAIROBI, Kenia (AP) \u2014 Un accidente a\u00e9reo mat\u00f3 a 11 personas, en su mayor\u00eda turistas extranjeros, en la regi\u00f3n costera keniana de Kwale la madrugada del martes mientras se dirig\u00edan a la Reserva Nacional de Maasai Mara bajo una intensa lluvia La aerol\u00ednea, Mombasa Air Safari, dijo\u2026","rel":"","context":"En \u00abINTERNACIONALES\u00bb","block_context":{"text":"INTERNACIONALES","link":"https:\/\/lasprimeras.com.do\/index.php\/category\/sin-categoria\/internacionales\/"},"img":{"alt_text":"","src":"https:\/\/i0.wp.com\/lasprimeras.com.do\/wp-content\/uploads\/2025\/10\/avion-2.jpg?resize=350%2C200&ssl=1","width":350,"height":200,"srcset":"https:\/\/i0.wp.com\/lasprimeras.com.do\/wp-content\/uploads\/2025\/10\/avion-2.jpg?resize=350%2C200&ssl=1 1x, https:\/\/i0.wp.com\/lasprimeras.com.do\/wp-content\/uploads\/2025\/10\/avion-2.jpg?resize=525%2C300&ssl=1 1.5x, https:\/\/i0.wp.com\/lasprimeras.com.do\/wp-content\/uploads\/2025\/10\/avion-2.jpg?resize=700%2C400&ssl=1 2x"},"classes":[]},{"id":107865,"url":"https:\/\/lasprimeras.com.do\/index.php\/2025\/09\/01\/rudy-giuliani-resulto-herido-en-un-accidente-automovilistico-en-new-hampshire-dice-su-portavoz\/","url_meta":{"origin":76512,"position":3},"title":"Rudy Giuliani result\u00f3 herido en un accidente automovil\u00edstico en New Hampshire, dice su portavoz","author":"Nelson Feliz","date":"1 de septiembre de 2025","format":false,"excerpt":"Por JACK BROOK Rudy Giuliani se est\u00e1 recuperando de una fractura de v\u00e9rtebra y otras lesiones despu\u00e9s de un accidente automovil\u00edstico en New Hampshire en el que era pasajero, dijo el domingo un portavoz del ex alcalde de la ciudad de Nueva York. Giuliani estaba siendo conducido en un Ford\u2026","rel":"","context":"En \u00abSALUD\u00bb","block_context":{"text":"SALUD","link":"https:\/\/lasprimeras.com.do\/index.php\/category\/salud\/"},"img":{"alt_text":"","src":"https:\/\/i0.wp.com\/lasprimeras.com.do\/wp-content\/uploads\/2025\/09\/rudy.jpg?resize=350%2C200&ssl=1","width":350,"height":200,"srcset":"https:\/\/i0.wp.com\/lasprimeras.com.do\/wp-content\/uploads\/2025\/09\/rudy.jpg?resize=350%2C200&ssl=1 1x, https:\/\/i0.wp.com\/lasprimeras.com.do\/wp-content\/uploads\/2025\/09\/rudy.jpg?resize=525%2C300&ssl=1 1.5x, https:\/\/i0.wp.com\/lasprimeras.com.do\/wp-content\/uploads\/2025\/09\/rudy.jpg?resize=700%2C400&ssl=1 2x"},"classes":[]},{"id":107983,"url":"https:\/\/lasprimeras.com.do\/index.php\/2025\/09\/02\/accidente-de-vehiculo-blindado-en-haiti-deja-dos-muertos-y-ocho-heridos-en-kenia\/","url_meta":{"origin":76512,"position":4},"title":"Accidente de veh\u00edculo blindado en Hait\u00ed deja dos muertos y ocho heridos en Kenia","author":"Nelson Feliz","date":"2 de septiembre de 2025","format":false,"excerpt":"PUERTO PR\u00cdNCIPE, Hait\u00ed (AP) \u2014 Un accidente que involucr\u00f3 a dos veh\u00edculos blindados en la capital de Hait\u00ed dej\u00f3 al menos dos personas muertas y ocho polic\u00edas kenianos heridos, seg\u00fan las autoridades. Un muerto y todos los heridos formaban parte de\u00a0una misi\u00f3n respaldada por la ONU\u00a0que lucha contra las pandillas\u2026","rel":"","context":"En \u00abINTERNACIONALES\u00bb","block_context":{"text":"INTERNACIONALES","link":"https:\/\/lasprimeras.com.do\/index.php\/category\/sin-categoria\/internacionales\/"},"img":{"alt_text":"","src":"https:\/\/i0.wp.com\/lasprimeras.com.do\/wp-content\/uploads\/2025\/09\/vehiculo-blindado.jpg?resize=350%2C200&ssl=1","width":350,"height":200,"srcset":"https:\/\/i0.wp.com\/lasprimeras.com.do\/wp-content\/uploads\/2025\/09\/vehiculo-blindado.jpg?resize=350%2C200&ssl=1 1x, https:\/\/i0.wp.com\/lasprimeras.com.do\/wp-content\/uploads\/2025\/09\/vehiculo-blindado.jpg?resize=525%2C300&ssl=1 1.5x, https:\/\/i0.wp.com\/lasprimeras.com.do\/wp-content\/uploads\/2025\/09\/vehiculo-blindado.jpg?resize=700%2C400&ssl=1 2x"},"classes":[]},{"id":65500,"url":"https:\/\/lasprimeras.com.do\/index.php\/2023\/10\/29\/dos-jovenes-muertos-y-un-herido-al-estrellarse-el-vehiculo-contra-una-pared-en-dajabon\/","url_meta":{"origin":76512,"position":5},"title":"Dos j\u00f3venes muertos y un herido al estrellarse el veh\u00edculo contra una pared en Dajab\u00f3n","author":"Nelson Feliz","date":"29 de octubre de 2023","format":false,"excerpt":"Dos j\u00f3venes perdieron la vida y otro result\u00f3 herido de gravedad, en un accidente automovil\u00edstico ocurrido en la calle Pablo Reyes esquina Martin Juferman del municipio cabecera de Dajab\u00f3n. Los occisos fueron identificados como Jorge Miguel Alejo Rodr\u00edguez y Cristian Bienvenido Estrella Gonz\u00e1lez, mientras que el herido es el joven\u2026","rel":"","context":"En \u00abNACIONALES\u00bb","block_context":{"text":"NACIONALES","link":"https:\/\/lasprimeras.com.do\/index.php\/category\/nacionales\/"},"img":{"alt_text":"As\u00ed qued\u00f3 el veh\u00edculo que se estrell\u00f3 con una pared en Dajab\u00f3nGOIDY REYES","src":"https:\/\/i0.wp.com\/lasprimeras.com.do\/wp-content\/uploads\/2023\/10\/accidente.jpeg?resize=350%2C200&ssl=1","width":350,"height":200,"srcset":"https:\/\/i0.wp.com\/lasprimeras.com.do\/wp-content\/uploads\/2023\/10\/accidente.jpeg?resize=350%2C200&ssl=1 1x, https:\/\/i0.wp.com\/lasprimeras.com.do\/wp-content\/uploads\/2023\/10\/accidente.jpeg?resize=525%2C300&ssl=1 1.5x, https:\/\/i0.wp.com\/lasprimeras.com.do\/wp-content\/uploads\/2023\/10\/accidente.jpeg?resize=700%2C400&ssl=1 2x"},"classes":[]}],"jetpack_sharing_enabled":true,"_links":{"self":[{"href":"https:\/\/lasprimeras.com.do\/index.php\/wp-json\/wp\/v2\/posts\/76512","targetHints":{"allow":["GET"]}}],"collection":[{"href":"https:\/\/lasprimeras.com.do\/index.php\/wp-json\/wp\/v2\/posts"}],"about":[{"href":"https:\/\/lasprimeras.com.do\/index.php\/wp-json\/wp\/v2\/types\/post"}],"author":[{"embeddable":true,"href":"https:\/\/lasprimeras.com.do\/index.php\/wp-json\/wp\/v2\/users\/2"}],"replies":[{"embeddable":true,"href":"https:\/\/lasprimeras.com.do\/index.php\/wp-json\/wp\/v2\/comments?post=76512"}],"version-history":[{"count":1,"href":"https:\/\/lasprimeras.com.do\/index.php\/wp-json\/wp\/v2\/posts\/76512\/revisions"}],"predecessor-version":[{"id":76514,"href":"https:\/\/lasprimeras.com.do\/index.php\/wp-json\/wp\/v2\/posts\/76512\/revisions\/76514"}],"wp:featuredmedia":[{"embeddable":true,"href":"https:\/\/lasprimeras.com.do\/index.php\/wp-json\/wp\/v2\/media\/76513"}],"wp:attachment":[{"href":"https:\/\/lasprimeras.com.do\/index.php\/wp-json\/wp\/v2\/media?parent=76512"}],"wp:term":[{"taxonomy":"category","embeddable":true,"href":"https:\/\/lasprimeras.com.do\/index.php\/wp-json\/wp\/v2\/categories?post=76512"},{"taxonomy":"post_tag","embeddable":true,"href":"https:\/\/lasprimeras.com.do\/index.php\/wp-json\/wp\/v2\/tags?post=76512"}],"curies":[{"name":"wp","href":"https:\/\/api.w.org\/{rel}","templated":true}]}}