{"id":76530,"date":"2024-02-12T08:24:50","date_gmt":"2024-02-12T12:24:50","guid":{"rendered":"https:\/\/lasprimeras.com.do\/?p=76530"},"modified":"2024-02-12T08:24:52","modified_gmt":"2024-02-12T12:24:52","slug":"egipto-amenaza-con-anular-su-tratado-de-paz-de-decadas-de-antiguedad-con-israel-que-significa-eso","status":"publish","type":"post","link":"https:\/\/lasprimeras.com.do\/index.php\/2024\/02\/12\/egipto-amenaza-con-anular-su-tratado-de-paz-de-decadas-de-antiguedad-con-israel-que-significa-eso\/","title":{"rendered":"Egipto amenaza con anular su tratado de paz de d\u00e9cadas de antig\u00fcedad con Israel. \u00bfQu\u00e9 significa eso?"},"content":{"rendered":"\n<p>POR JULIA FRANKEL<\/p>\n\n\n\n<p>JERUSAL\u00c9N (AP) \u2014 Fue un c\u00e1lido apret\u00f3n de manos entre los estadistas m\u00e1s improbables, realizado bajo la mirada radiante del presidente Jimmy Carter. La luz del sol se filtraba entre los \u00e1rboles en Camp David, Maryland, mientras el presidente egipcio Anwar Sadat y el primer ministro israel\u00ed Menachem Begin solidificaban un acuerdo hist\u00f3rico que ha permitido m\u00e1s de 40 a\u00f1os de paz entre Israel y Egipto. Ha servido como una importante fuente de estabilidad en una regi\u00f3n vol\u00e1til.<\/p>\n\n\n\n<p>Esa paz se ha mantenido a trav\u00e9s de dos levantamientos palestinos y una serie de guerras entre Israel y Ham\u00e1s. Pero ahora, cuando el Primer Ministro Benjam\u00edn Netanyahu ha prometido enviar tropas israel\u00edes a Rafah , una ciudad de Gaza en la frontera con Egipto, el gobierno egipcio amenaza con anular el acuerdo.<\/p>\n\n\n\n<p>He aqu\u00ed un vistazo a la historia del tratado y lo que podr\u00eda pasar si se anula.<\/p>\n\n\n\n<p>\u00bfC\u00d3MO SE ORIGIN\u00d3 EL TRATADO?<\/p>\n\n\n\n<p>Era 1977 y Begin, el nuevo primer ministro de Israel, se opon\u00eda a ceder parte de la tierra que Israel hab\u00eda conquistado una d\u00e9cada antes, en la guerra de Medio Oriente de 1967. Esas tierras inclu\u00edan la pen\u00ednsula del Sina\u00ed en Egipto.<\/p>\n\n\n\n<p>Egipto e Israel hab\u00edan librado cuatro guerras importantes, la m\u00e1s reciente en 1973. As\u00ed que conmocion\u00f3 al mundo cuando Sadat de Egipto rompi\u00f3 con otros l\u00edderes \u00e1rabes y decidi\u00f3 comprometerse con los israel\u00edes.<\/p>\n\n\n\n<p>Las conversaciones culminaron con los Acuerdos de Camp David en septiembre de 1978 y un tratado de paz al a\u00f1o siguiente.<\/p>\n\n\n\n<p>Seg\u00fan el tratado de paz, Israel acord\u00f3 retirarse del Sina\u00ed, que Egipto dejar\u00eda desmilitarizado. A los barcos israel\u00edes se les concedi\u00f3 paso a trav\u00e9s del Canal de Suez, una ruta comercial clave. Los pa\u00edses establecieron relaciones diplom\u00e1ticas plenas en el primer acuerdo de paz de Israel con un pa\u00eds \u00e1rabe.<\/p>\n\n\n\n<p>\u201cLos Acuerdos de Camp David fueron liderados por tres hombres valientes que adoptaron una postura audaz porque conoc\u00edan los efectos duraderos para la paz y la seguridad, tanto entonces como para el futuro. Necesitamos el mismo tipo de liderazgo hoy, y actualmente falta\u201d, dijo Paige Alexander, directora ejecutiva del Centro Carter.<\/p>\n\n\n\n<p>\u00bfCU\u00c1L ES LA SITUACI\u00d3N ACTUAL DE EGIPTO?<\/p>\n\n\n\n<p>Dos funcionarios egipcios y un diplom\u00e1tico occidental dijeron a The Associated Press el domingo que Egipto podr\u00eda suspender el tratado de paz si las tropas israel\u00edes invaden Rafah.<\/p>\n\n\n\n<p>Netanyahu dice que Rafah es el \u00faltimo basti\u00f3n que queda de Hamas despu\u00e9s de m\u00e1s de cuatro meses de guerra y que enviar tropas terrestres es esencial para derrotar al grupo.<\/p>\n\n\n\n<p>Pero Egipto se opone a cualquier medida que pueda hacer que palestinos desesperados huyan a trav\u00e9s de la frontera hacia su territorio. Rafah tambi\u00e9n sirve como principal punto de entrada de ayuda humanitaria al territorio asediado, y un ataque israel\u00ed podr\u00eda sofocar las entregas de suministros clave.<\/p>\n\n\n\n<p>La poblaci\u00f3n de Rafah ha aumentado de 280.000 personas a aproximadamente 1,4 millones a medida que los palestinos huyen de los combates en otras partes de Gaza. Cientos de miles de esos evacuados viven en extensos campamentos de tiendas de campa\u00f1a.<\/p>\n\n\n\n<p>Netanyahu ha ordenado al ej\u00e9rcito que prepare un plan para evacuar a todos los civiles palestinos antes de que comience la ofensiva. Pero no est\u00e1 claro ad\u00f3nde ir\u00e1n.<\/p>\n\n\n\n<p>Netanyahu dijo el domingo que podr\u00edan regresar a espacios abiertos m\u00e1s al norte. Pero esas zonas han resultado gravemente da\u00f1adas por la ofensiva israel\u00ed.<\/p>\n","protected":false},"excerpt":{"rendered":"<p>POR JULIA FRANKEL JERUSAL\u00c9N (AP) \u2014 Fue un c\u00e1lido apret\u00f3n de manos entre los estadistas m\u00e1s improbables, realizado bajo la mirada radiante del presidente Jimmy Carter. La luz del sol&hellip;<\/p>\n","protected":false},"author":2,"featured_media":76531,"comment_status":"open","ping_status":"open","sticky":false,"template":"","format":"standard","meta":{"content-type":"","jetpack_post_was_ever_published":false,"_jetpack_newsletter_access":"","_jetpack_dont_email_post_to_subs":false,"_jetpack_newsletter_tier_id":0,"_jetpack_memberships_contains_paywalled_content":false,"_jetpack_memberships_contains_paid_content":false,"footnotes":""},"categories":[1],"tags":[11710,8703,3499,7858],"class_list":["post-76530","post","type-post","status-publish","format-standard","has-post-thumbnail","hentry","category-sin-categoria","tag-antiguedad","tag-egipto","tag-israel","tag-tratado-de-paz"],"jetpack_featured_media_url":"https:\/\/lasprimeras.com.do\/wp-content\/uploads\/2024\/02\/Egipto-amenaza-con-anular-su-tratado-de-paz.jpg","jetpack-related-posts":[{"id":68323,"url":"https:\/\/lasprimeras.com.do\/index.php\/2023\/11\/23\/pedro-sanchez-en-israel-la-respuesta-a-hamas-no-puede-implicar-la-muerte-de-miles-de-ninos-en-gaza\/","url_meta":{"origin":76530,"position":0},"title":"Pedro S\u00e1nchez en Israel: La respuesta a Ham\u00e1s &#8220;no puede implicar la muerte de miles de ni\u00f1os&#8221; en Gaza","author":"Nelson Feliz","date":"23 de noviembre de 2023","format":false,"excerpt":"El presidente espa\u00f1ol est\u00e1 en el inicio de un viaje internacional en el que tambi\u00e9n visitar\u00e1 Cisjordania y Egipto, con la propuesta de un Estado palestino sobre la mesa. El presidente del Gobierno de Espa\u00f1a, Pedro S\u00e1nchez, comenz\u00f3 este jueves su agenda internacional, tras haber sido reelegido, con un viaje\u2026","rel":"","context":"En \u00abSin categor\u00eda\u00bb","block_context":{"text":"Sin categor\u00eda","link":"https:\/\/lasprimeras.com.do\/index.php\/category\/sin-categoria\/"},"img":{"alt_text":"Pedro S\u00e1nchez","src":"https:\/\/i0.wp.com\/lasprimeras.com.do\/wp-content\/uploads\/2023\/11\/Pedro-Sanchez-2.jpg?resize=350%2C200&ssl=1","width":350,"height":200,"srcset":"https:\/\/i0.wp.com\/lasprimeras.com.do\/wp-content\/uploads\/2023\/11\/Pedro-Sanchez-2.jpg?resize=350%2C200&ssl=1 1x, https:\/\/i0.wp.com\/lasprimeras.com.do\/wp-content\/uploads\/2023\/11\/Pedro-Sanchez-2.jpg?resize=525%2C300&ssl=1 1.5x, https:\/\/i0.wp.com\/lasprimeras.com.do\/wp-content\/uploads\/2023\/11\/Pedro-Sanchez-2.jpg?resize=700%2C400&ssl=1 2x"},"classes":[]},{"id":111733,"url":"https:\/\/lasprimeras.com.do\/index.php\/2025\/10\/13\/lideres-mundiales-se-reunen-en-egipto-para-respaldar-el-acuerdo-de-alto-el-fuego-en-gaza\/","url_meta":{"origin":76530,"position":1},"title":"L\u00edderes mundiales se re\u00fanen en Egipto para respaldar el acuerdo de alto el fuego en Gaza","author":"Nelson Feliz","date":"13 de octubre de 2025","format":false,"excerpt":"POR FAY ABULGASIM and SARAH EL DEEB SHARM EL SHEIJ, Egipto (AP) \u2014 Los presidentes de Estados Unidos y Egipto copresid\u00edan el lunes una reuni\u00f3n de l\u00edderes mundiales denominada \u201cCumbre por la Paz\u201d para apoyar el fin de la guerra de m\u00e1s de dos a\u00f1os entre Israel y Ham\u00e1s en\u2026","rel":"","context":"En \u00abINTERNACIONALES\u00bb","block_context":{"text":"INTERNACIONALES","link":"https:\/\/lasprimeras.com.do\/index.php\/category\/sin-categoria\/internacionales\/"},"img":{"alt_text":"","src":"https:\/\/i0.wp.com\/lasprimeras.com.do\/wp-content\/uploads\/2025\/10\/lideres.jpg?resize=350%2C200&ssl=1","width":350,"height":200,"srcset":"https:\/\/i0.wp.com\/lasprimeras.com.do\/wp-content\/uploads\/2025\/10\/lideres.jpg?resize=350%2C200&ssl=1 1x, https:\/\/i0.wp.com\/lasprimeras.com.do\/wp-content\/uploads\/2025\/10\/lideres.jpg?resize=525%2C300&ssl=1 1.5x, https:\/\/i0.wp.com\/lasprimeras.com.do\/wp-content\/uploads\/2025\/10\/lideres.jpg?resize=700%2C400&ssl=1 2x"},"classes":[]},{"id":76216,"url":"https:\/\/lasprimeras.com.do\/index.php\/2024\/02\/08\/ataques-israelies-matan-a-13-personas-en-una-ciudad-del-sur-de-gaza\/","url_meta":{"origin":76530,"position":2},"title":"Ataques israel\u00edes matan a 13 personas en una ciudad del sur de Gaza","author":"Nelson Feliz","date":"8 de febrero de 2024","format":false,"excerpt":"POR NAJIB JOBAIN, WAFAA SHURAFA Y KAREEM CHEHAYEB RAFAH, Franja de Gaza (AP) \u2014 Los ataques a\u00e9reos israel\u00edes mataron a m\u00e1s de una docena de personas durante la noche y el jueves en Rafah, en la Franja de Gaza, horas despu\u00e9s de que el primer ministro Benjam\u00edn Netanyahu rechazara los\u2026","rel":"","context":"En \u00abSin categor\u00eda\u00bb","block_context":{"text":"Sin categor\u00eda","link":"https:\/\/lasprimeras.com.do\/index.php\/category\/sin-categoria\/"},"img":{"alt_text":"ATAQUES","src":"https:\/\/i0.wp.com\/lasprimeras.com.do\/wp-content\/uploads\/2024\/02\/ATAQUES.jpg?resize=350%2C200&ssl=1","width":350,"height":200,"srcset":"https:\/\/i0.wp.com\/lasprimeras.com.do\/wp-content\/uploads\/2024\/02\/ATAQUES.jpg?resize=350%2C200&ssl=1 1x, https:\/\/i0.wp.com\/lasprimeras.com.do\/wp-content\/uploads\/2024\/02\/ATAQUES.jpg?resize=525%2C300&ssl=1 1.5x, https:\/\/i0.wp.com\/lasprimeras.com.do\/wp-content\/uploads\/2024\/02\/ATAQUES.jpg?resize=700%2C400&ssl=1 2x"},"classes":[]},{"id":76646,"url":"https:\/\/lasprimeras.com.do\/index.php\/2024\/02\/13\/joe-biden-trabaja-acuerdo-de-paz-en-franja-de-gaza\/","url_meta":{"origin":76530,"position":3},"title":"Joe Biden trabaja acuerdo de paz en Franja de Gaza","author":"BIMARY DE JES\u00daS Matos","date":"13 de febrero de 2024","format":false,"excerpt":"Washington.-El presidente de Estados Unidos, Joe Biden, asegur\u00f3 ayer que est\u00e1 trabajando en un acuerdo en la Franja de Gaza para un intercambio de rehenes que conllevar\u00e1 un periodo de \u201cbien com\u00fan inmediato\u201d para los palestinos. \u201cEstados Unidos est\u00e1 trabajando en un acuerdo de rehenes entre Israel y Ham\u00e1s, que\u2026","rel":"","context":"En \u00abSin categor\u00eda\u00bb","block_context":{"text":"Sin categor\u00eda","link":"https:\/\/lasprimeras.com.do\/index.php\/category\/sin-categoria\/"},"img":{"alt_text":"","src":"https:\/\/i0.wp.com\/lasprimeras.com.do\/wp-content\/uploads\/2024\/02\/Conoceran-esta-tarde-solicitud-de-cese-de-medida-de-coercion-a-Jean-Alain-Rodriguez-6.jpg?resize=350%2C200&ssl=1","width":350,"height":200,"srcset":"https:\/\/i0.wp.com\/lasprimeras.com.do\/wp-content\/uploads\/2024\/02\/Conoceran-esta-tarde-solicitud-de-cese-de-medida-de-coercion-a-Jean-Alain-Rodriguez-6.jpg?resize=350%2C200&ssl=1 1x, https:\/\/i0.wp.com\/lasprimeras.com.do\/wp-content\/uploads\/2024\/02\/Conoceran-esta-tarde-solicitud-de-cese-de-medida-de-coercion-a-Jean-Alain-Rodriguez-6.jpg?resize=525%2C300&ssl=1 1.5x"},"classes":[]},{"id":64267,"url":"https:\/\/lasprimeras.com.do\/index.php\/2023\/10\/19\/biden-confirma-israel-permitira-ayuda-a-la-franja-desde-egipto\/","url_meta":{"origin":76530,"position":4},"title":"Biden confirma Israel permitir\u00e1 ayuda a la Franja desde Egipto","author":"BIMARY DE JES\u00daS Matos","date":"19 de octubre de 2023","format":false,"excerpt":"TEL AVIV.- El presidente de Estados Unidos, Joe Biden, ha confirmado este mi\u00e9rcoles desde Tel Aviv que Israel se ha comprometido a permitir la entrada de ayuda humanitaria a la Franja de Gaza desde Egipto, si bien ha advertido de que cualquier posible bloqueo al suministro tendr\u00e1 consecuencias. \u00abEstamos trabajando\u2026","rel":"","context":"En \u00abSin categor\u00eda\u00bb","block_context":{"text":"Sin categor\u00eda","link":"https:\/\/lasprimeras.com.do\/index.php\/category\/sin-categoria\/"},"img":{"alt_text":"","src":"https:\/\/i0.wp.com\/lasprimeras.com.do\/wp-content\/uploads\/2023\/10\/WhatsApp-Image-2023-05-20-at-11.41.19-AM-2-3.jpeg?resize=350%2C200&ssl=1","width":350,"height":200},"classes":[]},{"id":64847,"url":"https:\/\/lasprimeras.com.do\/index.php\/2023\/10\/24\/hamas-libera-2-rehenes-israelies-por-razones-humanitarias\/","url_meta":{"origin":76530,"position":5},"title":"Ham\u00e1s libera 2 rehenes israel\u00edes por \u00abrazones humanitarias\u00bb","author":"BIMARY DE JES\u00daS Matos","date":"24 de octubre de 2023","format":false,"excerpt":"JERUSALEN.- Las Brigadas al Qasam, brazo armado del grupo islamista Ham\u00e1s, ha liberado este lunes a dos mujeres rehenes israel\u00edes de 85 y 80 a\u00f1os cautivas durante dos semanas en Gaza tras la mediaci\u00f3n de Egipto y Catar. \u00abLiberamos a dos cautivas, Nurit Yitzhak y Yochved Lifshitz\u00bb, ha dicho en\u2026","rel":"","context":"En \u00abSin categor\u00eda\u00bb","block_context":{"text":"Sin categor\u00eda","link":"https:\/\/lasprimeras.com.do\/index.php\/category\/sin-categoria\/"},"img":{"alt_text":"","src":"","width":0,"height":0},"classes":[]}],"jetpack_sharing_enabled":true,"_links":{"self":[{"href":"https:\/\/lasprimeras.com.do\/index.php\/wp-json\/wp\/v2\/posts\/76530","targetHints":{"allow":["GET"]}}],"collection":[{"href":"https:\/\/lasprimeras.com.do\/index.php\/wp-json\/wp\/v2\/posts"}],"about":[{"href":"https:\/\/lasprimeras.com.do\/index.php\/wp-json\/wp\/v2\/types\/post"}],"author":[{"embeddable":true,"href":"https:\/\/lasprimeras.com.do\/index.php\/wp-json\/wp\/v2\/users\/2"}],"replies":[{"embeddable":true,"href":"https:\/\/lasprimeras.com.do\/index.php\/wp-json\/wp\/v2\/comments?post=76530"}],"version-history":[{"count":1,"href":"https:\/\/lasprimeras.com.do\/index.php\/wp-json\/wp\/v2\/posts\/76530\/revisions"}],"predecessor-version":[{"id":76532,"href":"https:\/\/lasprimeras.com.do\/index.php\/wp-json\/wp\/v2\/posts\/76530\/revisions\/76532"}],"wp:featuredmedia":[{"embeddable":true,"href":"https:\/\/lasprimeras.com.do\/index.php\/wp-json\/wp\/v2\/media\/76531"}],"wp:attachment":[{"href":"https:\/\/lasprimeras.com.do\/index.php\/wp-json\/wp\/v2\/media?parent=76530"}],"wp:term":[{"taxonomy":"category","embeddable":true,"href":"https:\/\/lasprimeras.com.do\/index.php\/wp-json\/wp\/v2\/categories?post=76530"},{"taxonomy":"post_tag","embeddable":true,"href":"https:\/\/lasprimeras.com.do\/index.php\/wp-json\/wp\/v2\/tags?post=76530"}],"curies":[{"name":"wp","href":"https:\/\/api.w.org\/{rel}","templated":true}]}}