{"id":76533,"date":"2024-02-12T08:40:51","date_gmt":"2024-02-12T12:40:51","guid":{"rendered":"https:\/\/lasprimeras.com.do\/?p=76533"},"modified":"2024-02-12T08:40:51","modified_gmt":"2024-02-12T12:40:51","slug":"un-ministro-de-defensa-y-dos-exgobernadores-compiten-por-la-presidencia-de-indonesia","status":"publish","type":"post","link":"https:\/\/lasprimeras.com.do\/index.php\/2024\/02\/12\/un-ministro-de-defensa-y-dos-exgobernadores-compiten-por-la-presidencia-de-indonesia\/","title":{"rendered":"Un ministro de Defensa y dos exgobernadores compiten por la presidencia de Indonesia"},"content":{"rendered":"\n<p>POR EDNA TARIGAN<\/p>\n\n\n\n<p>YAKARTA, Indonesia (AP) \u2014 Los indonesios elegir\u00e1n el mi\u00e9rcoles al sucesor del popular presidente Joko Widodo , quien cumple su segundo y \u00faltimo mandato.<\/p>\n\n\n\n<p>Es una carrera a tres bandas por la presidencia entre el actual ministro de Defensa, Prabowo Subianto, y dos ex gobernadores provinciales, Anies Baswedan y Ganjar Pranowo.<\/p>\n\n\n\n<p>Subianto, ampliamente considerado como el favorito, ha elegido al hijo mayor de Widodo, Gibran Rakabuming Raka, como compa\u00f1ero de f\u00f3rmula.<\/p>\n\n\n\n<p>Alrededor de 205 millones de personas tienen derecho a votar en la tercera democracia m\u00e1s grande del mundo y la naci\u00f3n de mayor\u00eda musulmana m\u00e1s poblada.<\/p>\n\n\n\n<p>Aqu\u00ed hay informaci\u00f3n sobre los candidatos y sus compa\u00f1eros de f\u00f3rmula.<\/p>\n\n\n\n<p>PRABOWO SUBIANTO<\/p>\n\n\n\n<p>El ministro de Defensa, Prabowo Subianto, es el \u00fanico candidato con v\u00ednculos con la dictadura de Suharto de 1967-98, cuando era teniente general.<\/p>\n\n\n\n<p>Comandante durante mucho tiempo de las fuerzas especiales de Kopassus, fue dado de baja deshonrosamente en 1998 despu\u00e9s de que soldados de Kopassus secuestraran y torturaran a opositores pol\u00edticos de Suharto, su entonces suegro. De los 22 activistas secuestrados ese a\u00f1o, 13 siguen desaparecidos. Subianto nunca fue juzgado, aunque varios de sus hombres fueron juzgados y condenados.<\/p>\n\n\n\n<p>Se autoexili\u00f3 en Jordania durante varios a\u00f1os antes de regresar y fundar el Partido Gerindra a principios de 2008. Se postul\u00f3 dos veces para la presidencia, perdiendo en ambas ocasiones ante el actual presidente Joko Widodo.<\/p>\n\n\n\n<p>Se neg\u00f3 a reconocer los resultados, pero acept\u00f3 la oferta de Widodo del puesto de ministro de Defensa en 2019, una apuesta por la unidad.<\/p>\n\n\n\n<p>Las encuestas muestran a Subianto, de 72 a\u00f1os, muy por delante de sus dos rivales, aunque quiz\u00e1s no con la mayor\u00eda necesaria para evitar una segunda vuelta.<\/p>\n\n\n\n<p>Si bien es el candidato de mayor edad, su compa\u00f1ero de f\u00f3rmula es el m\u00e1s joven: el alcalde de Surakarta, Gibran Rakabuming Raka, de 36 a\u00f1os , hijo de Widodo.<\/p>\n\n\n\n<p>Raka est\u00e1 por debajo de la edad m\u00ednima legal de 40 a\u00f1os, pero se le permiti\u00f3 postularse bajo una excepci\u00f3n creada por el Tribunal Constitucional, entonces encabezado por el cu\u00f1ado de Widodo, que permit\u00eda a los gobernadores regionales actuales y anteriores postularse a los 35 a\u00f1os.<\/p>\n\n\n\n<p>Subianto ha tenido estrechos v\u00ednculos con islamistas de l\u00ednea dura a quienes utiliz\u00f3 para socavar a sus oponentes.<\/p>\n\n\n\n<p>Ha prometido continuar con el plan de desarrollo econ\u00f3mico de Widodo , en lo que los expertos ven como un intento de aprovechar la popularidad de Widodo. Los activistas de derechos humanos se oponen firmemente a \u00e9l, que lo asocian con torturas y desapariciones durante los \u00faltimos a\u00f1os de la dictadura de Suharto.<\/p>\n\n\n\n<p>GANJAR PRANOWO<\/p>\n\n\n\n<p>Ganjar Pranowo es el candidato del partido gobernante, pero no cuenta con el apoyo de Widodo, quien se ha distanciado de la campa\u00f1a del partido y se considera que respalda impl\u00edcitamente a Subianto y Raka, su hijo.<\/p>\n\n\n\n<p>Pranowo fue legislador nacional del gobernante Partido Democr\u00e1tico de Lucha de Indonesia durante 10 a\u00f1os antes de ser elegido en 2013 para el primero de dos mandatos como gobernador de Java Central.<\/p>\n\n\n\n<p>Mientras era gobernador, se neg\u00f3 a permitir que Israel participara en la Copa Mundial de la FIFA Sub-20 que se celebrar\u00eda en su provincia. Posteriormente, la FIFA elimin\u00f3 a Indonesia como sede de los juegos, lo que provoc\u00f3 una reacci\u00f3n violenta contra Pranowo por parte de los fan\u00e1ticos del f\u00fatbol. Israel e Indonesia, de mayor\u00eda musulmana, no tienen v\u00ednculos diplom\u00e1ticos.<\/p>\n\n\n\n<p>Ha apoyado menos entusiastamente las pol\u00edticas de Widodo que Subianto.<\/p>\n\n\n\n<p>&#8220;Queremos desarrollar Indonesia m\u00e1s r\u00e1pido y continuar con las cosas buenas que ha hecho el gobierno actual, arreglar lo que no es lo suficientemente bueno y dejar lo malo&#8221;, dijo Pranowo.<\/p>\n\n\n\n<p>Su compa\u00f1ero de f\u00f3rmula es Mohammad Mahfud, quien renunci\u00f3 como ministro de Seguridad para concentrarse en la campa\u00f1a. Tambi\u00e9n fue ministro de Defensa, ministro de Justicia y presidente del Tribunal Constitucional.<\/p>\n","protected":false},"excerpt":{"rendered":"<p>POR EDNA TARIGAN YAKARTA, Indonesia (AP) \u2014 Los indonesios elegir\u00e1n el mi\u00e9rcoles al sucesor del popular presidente Joko Widodo , quien cumple su segundo y \u00faltimo mandato. Es una carrera&hellip;<\/p>\n","protected":false},"author":2,"featured_media":76534,"comment_status":"open","ping_status":"open","sticky":false,"template":"","format":"standard","meta":{"content-type":"","jetpack_post_was_ever_published":false,"_jetpack_newsletter_access":"","_jetpack_dont_email_post_to_subs":false,"_jetpack_newsletter_tier_id":0,"_jetpack_memberships_contains_paywalled_content":false,"_jetpack_memberships_contains_paid_content":false,"footnotes":""},"categories":[1],"tags":[11711,5221,1789,94],"class_list":["post-76533","post","type-post","status-publish","format-standard","has-post-thumbnail","hentry","category-sin-categoria","tag-exgobernadores","tag-indonesia","tag-ministro-de-defensa","tag-presidencia"],"jetpack_featured_media_url":"https:\/\/lasprimeras.com.do\/wp-content\/uploads\/2024\/02\/Candidatos-Indonesia.jpg","jetpack-related-posts":[{"id":107787,"url":"https:\/\/lasprimeras.com.do\/index.php\/2025\/08\/31\/lider-de-indonesia-promete-revocar-privilegios-de-legisladores-tras-protestas\/","url_meta":{"origin":76533,"position":0},"title":"L\u00edder de Indonesia promete revocar privilegios de legisladores tras protestas","author":"Nelson Feliz","date":"31 de agosto de 2025","format":false,"excerpt":"POR NINIEK KARMINI and EDNA TARIGAN YAKARTA (AP) \u2014 El presidente de Indonesia se comprometi\u00f3 a revocar los privilegios y beneficios de los legisladores, incluido un controvertido subsidio de vivienda de 3.000 d\u00f3lares, en un intento por calmar la furia p\u00fablica despu\u00e9s de que las protestas a nivel nacional dejaran\u2026","rel":"","context":"En \u00abINTERNACIONALES\u00bb","block_context":{"text":"INTERNACIONALES","link":"https:\/\/lasprimeras.com.do\/index.php\/category\/sin-categoria\/internacionales\/"},"img":{"alt_text":"","src":"https:\/\/i0.wp.com\/lasprimeras.com.do\/wp-content\/uploads\/2025\/08\/INDONESIA.jpg?resize=350%2C200&ssl=1","width":350,"height":200,"srcset":"https:\/\/i0.wp.com\/lasprimeras.com.do\/wp-content\/uploads\/2025\/08\/INDONESIA.jpg?resize=350%2C200&ssl=1 1x, https:\/\/i0.wp.com\/lasprimeras.com.do\/wp-content\/uploads\/2025\/08\/INDONESIA.jpg?resize=525%2C300&ssl=1 1.5x, https:\/\/i0.wp.com\/lasprimeras.com.do\/wp-content\/uploads\/2025\/08\/INDONESIA.jpg?resize=700%2C400&ssl=1 2x"},"classes":[]},{"id":111094,"url":"https:\/\/lasprimeras.com.do\/index.php\/2025\/10\/05\/tiktok-recupera-su-licencia-operativa-en-indonesia-tras-entregar-al-gobierno-datos-de-las-protestas\/","url_meta":{"origin":76533,"position":1},"title":"TikTok recupera su licencia operativa en Indonesia tras entregar al gobierno datos de las protestas","author":"Nelson Feliz","date":"5 de octubre de 2025","format":false,"excerpt":"Por NINIEK KARMINI YAKARTA, Indonesia (AP) \u2014 Indonesia revoc\u00f3 la suspensi\u00f3n de la licencia operativa local de TikTok despu\u00e9s de que la plataforma de redes sociales de propiedad china compartiera datos solicitados por el gobierno sobre su actividad de transmisi\u00f3n en vivo durante las recientes protestas mortales . El viernes,\u2026","rel":"","context":"En \u00abTECNOL\u00d3GIA\u00bb","block_context":{"text":"TECNOL\u00d3GIA","link":"https:\/\/lasprimeras.com.do\/index.php\/category\/tecnologia\/"},"img":{"alt_text":"","src":"https:\/\/i0.wp.com\/lasprimeras.com.do\/wp-content\/uploads\/2025\/10\/TikTok-recupera-su-licencia-operativa-en-Indonesia.jpg?resize=350%2C200&ssl=1","width":350,"height":200,"srcset":"https:\/\/i0.wp.com\/lasprimeras.com.do\/wp-content\/uploads\/2025\/10\/TikTok-recupera-su-licencia-operativa-en-Indonesia.jpg?resize=350%2C200&ssl=1 1x, https:\/\/i0.wp.com\/lasprimeras.com.do\/wp-content\/uploads\/2025\/10\/TikTok-recupera-su-licencia-operativa-en-Indonesia.jpg?resize=525%2C300&ssl=1 1.5x, https:\/\/i0.wp.com\/lasprimeras.com.do\/wp-content\/uploads\/2025\/10\/TikTok-recupera-su-licencia-operativa-en-Indonesia.jpg?resize=700%2C400&ssl=1 2x"},"classes":[]},{"id":128928,"url":"https:\/\/lasprimeras.com.do\/index.php\/2026\/04\/28\/un-vagon-solo-para-ellas-las-15-victimas-del-letal-choque-de-tren-indonesio-son-mujeres\/","url_meta":{"origin":76533,"position":2},"title":"Un vag\u00f3n solo para ellas: las 15 v\u00edctimas del letal choque de tren indonesio son mujeres","author":"Nelson Feliz","date":"28 de abril de 2026","format":false,"excerpt":"Las fallecidas ten\u00edan entre 19 y 50 a\u00f1os, seg\u00fan las autoridades locales YAKARTA., EFE-L, as quince v\u00edctimas mortales tras la colisi\u00f3n entre dos trenes ocurrida anoche en Indonesia son todas mujeres, pues viajaban en un vag\u00f3n reservado para ellas (el \u00faltimo y m\u00e1s afectado por el impacto), una medida contra\u2026","rel":"","context":"En \u00abINTERNACIONALES\u00bb","block_context":{"text":"INTERNACIONALES","link":"https:\/\/lasprimeras.com.do\/index.php\/category\/sin-categoria\/internacionales\/"},"img":{"alt_text":"","src":"https:\/\/i0.wp.com\/lasprimeras.com.do\/wp-content\/uploads\/2026\/04\/WhatsApp-Image-2026-04-28-at-8.08.29-AM.jpeg?resize=350%2C200&ssl=1","width":350,"height":200,"srcset":"https:\/\/i0.wp.com\/lasprimeras.com.do\/wp-content\/uploads\/2026\/04\/WhatsApp-Image-2026-04-28-at-8.08.29-AM.jpeg?resize=350%2C200&ssl=1 1x, https:\/\/i0.wp.com\/lasprimeras.com.do\/wp-content\/uploads\/2026\/04\/WhatsApp-Image-2026-04-28-at-8.08.29-AM.jpeg?resize=525%2C300&ssl=1 1.5x, https:\/\/i0.wp.com\/lasprimeras.com.do\/wp-content\/uploads\/2026\/04\/WhatsApp-Image-2026-04-28-at-8.08.29-AM.jpeg?resize=700%2C400&ssl=1 2x"},"classes":[]},{"id":116691,"url":"https:\/\/lasprimeras.com.do\/index.php\/2025\/12\/03\/suben-a-mas-de-1-400-los-muertos-por-inundaciones-en-indonesia-sri-lanka-tailandia-y-malasia\/","url_meta":{"origin":76533,"position":3},"title":"Suben a m\u00e1s de 1.400 los muertos por inundaciones en Indonesia, Sri Lanka, Tailandia y Malasia","author":"Nelson Feliz","date":"3 de diciembre de 2025","format":false,"excerpt":"POR BINSAR BAKKARA BATANG TORU, Indonesia (AP) \u2014 Partes de Asia estaban conmocionadas luego de que las lluvias torrenciales causaran inundaciones y deslaves catastr\u00f3ficos la semana pasada, matando a m\u00e1s de 1.400 personas en Indonesia, Sri Lanka, Tailandia y Malasia. El desastre tambi\u00e9n ha dejado al descubierto las marcadas disparidades\u2026","rel":"","context":"En \u00abCLIMA\u00bb","block_context":{"text":"CLIMA","link":"https:\/\/lasprimeras.com.do\/index.php\/category\/clima\/"},"img":{"alt_text":"","src":"https:\/\/i0.wp.com\/lasprimeras.com.do\/wp-content\/uploads\/2025\/12\/RESCATISTAS.jpg?resize=350%2C200&ssl=1","width":350,"height":200,"srcset":"https:\/\/i0.wp.com\/lasprimeras.com.do\/wp-content\/uploads\/2025\/12\/RESCATISTAS.jpg?resize=350%2C200&ssl=1 1x, https:\/\/i0.wp.com\/lasprimeras.com.do\/wp-content\/uploads\/2025\/12\/RESCATISTAS.jpg?resize=525%2C300&ssl=1 1.5x, https:\/\/i0.wp.com\/lasprimeras.com.do\/wp-content\/uploads\/2025\/12\/RESCATISTAS.jpg?resize=700%2C400&ssl=1 2x"},"classes":[]},{"id":107678,"url":"https:\/\/lasprimeras.com.do\/index.php\/2025\/08\/29\/crece-la-tension-en-indonesia-por-protestas-contra-la-policia-en-varias-ciudades\/","url_meta":{"origin":76533,"position":4},"title":"Crece la tensi\u00f3n en Indonesia por protestas contra la polic\u00eda en varias ciudades","author":"Nelson Feliz","date":"29 de agosto de 2025","format":false,"excerpt":"POR NINIEK KARMINI and ACHMAD IBRAHIM YAKARTA, Indonesia (AP) \u2014 Varias ciudades de Indonesia registraron protestas y la tensi\u00f3n se dispar\u00f3 en todo el pa\u00eds el viernes, un d\u00eda despu\u00e9s de que un repartidor fuera supuestamente atropellado por un veh\u00edculo policial blindado durante choques entre las fuerzas antimotines y los\u2026","rel":"","context":"En \u00abINTERNACIONALES\u00bb","block_context":{"text":"INTERNACIONALES","link":"https:\/\/lasprimeras.com.do\/index.php\/category\/sin-categoria\/internacionales\/"},"img":{"alt_text":"","src":"https:\/\/i0.wp.com\/lasprimeras.com.do\/wp-content\/uploads\/2025\/08\/estudiante.jpg?resize=350%2C200&ssl=1","width":350,"height":200,"srcset":"https:\/\/i0.wp.com\/lasprimeras.com.do\/wp-content\/uploads\/2025\/08\/estudiante.jpg?resize=350%2C200&ssl=1 1x, https:\/\/i0.wp.com\/lasprimeras.com.do\/wp-content\/uploads\/2025\/08\/estudiante.jpg?resize=525%2C300&ssl=1 1.5x, https:\/\/i0.wp.com\/lasprimeras.com.do\/wp-content\/uploads\/2025\/08\/estudiante.jpg?resize=700%2C400&ssl=1 2x"},"classes":[]},{"id":112559,"url":"https:\/\/lasprimeras.com.do\/index.php\/2025\/10\/23\/lula-anuncia-su-candidatura-a-la-reeleccion-para-un-cuarto-mandato-no-consecutivo\/","url_meta":{"origin":76533,"position":5},"title":"Lula anuncia su candidatura a la reelecci\u00f3n para un cuarto mandato no consecutivo","author":"Nelson Feliz","date":"23 de octubre de 2025","format":false,"excerpt":"Por GABRIELA S\u00c1 PESSOA SAO PAULO (AP) \u2014 El presidente brasile\u00f1o Luiz In\u00e1cio Lula da Silva dijo el jueves que se presentar\u00e1 a la reelecci\u00f3n el pr\u00f3ximo a\u00f1o, buscando un cuarto mandato no consecutivo. \"Estoy cumpliendo 80 a\u00f1os, pero pueden estar seguros de que tengo la misma energ\u00eda que ten\u00eda\u2026","rel":"","context":"En \u00abINTERNACIONALES\u00bb","block_context":{"text":"INTERNACIONALES","link":"https:\/\/lasprimeras.com.do\/index.php\/category\/sin-categoria\/internacionales\/"},"img":{"alt_text":"","src":"https:\/\/i0.wp.com\/lasprimeras.com.do\/wp-content\/uploads\/2025\/10\/Luiz-Inacio-Lula-da-Silva.jpg?resize=350%2C200&ssl=1","width":350,"height":200,"srcset":"https:\/\/i0.wp.com\/lasprimeras.com.do\/wp-content\/uploads\/2025\/10\/Luiz-Inacio-Lula-da-Silva.jpg?resize=350%2C200&ssl=1 1x, https:\/\/i0.wp.com\/lasprimeras.com.do\/wp-content\/uploads\/2025\/10\/Luiz-Inacio-Lula-da-Silva.jpg?resize=525%2C300&ssl=1 1.5x, https:\/\/i0.wp.com\/lasprimeras.com.do\/wp-content\/uploads\/2025\/10\/Luiz-Inacio-Lula-da-Silva.jpg?resize=700%2C400&ssl=1 2x"},"classes":[]}],"jetpack_sharing_enabled":true,"_links":{"self":[{"href":"https:\/\/lasprimeras.com.do\/index.php\/wp-json\/wp\/v2\/posts\/76533","targetHints":{"allow":["GET"]}}],"collection":[{"href":"https:\/\/lasprimeras.com.do\/index.php\/wp-json\/wp\/v2\/posts"}],"about":[{"href":"https:\/\/lasprimeras.com.do\/index.php\/wp-json\/wp\/v2\/types\/post"}],"author":[{"embeddable":true,"href":"https:\/\/lasprimeras.com.do\/index.php\/wp-json\/wp\/v2\/users\/2"}],"replies":[{"embeddable":true,"href":"https:\/\/lasprimeras.com.do\/index.php\/wp-json\/wp\/v2\/comments?post=76533"}],"version-history":[{"count":1,"href":"https:\/\/lasprimeras.com.do\/index.php\/wp-json\/wp\/v2\/posts\/76533\/revisions"}],"predecessor-version":[{"id":76535,"href":"https:\/\/lasprimeras.com.do\/index.php\/wp-json\/wp\/v2\/posts\/76533\/revisions\/76535"}],"wp:featuredmedia":[{"embeddable":true,"href":"https:\/\/lasprimeras.com.do\/index.php\/wp-json\/wp\/v2\/media\/76534"}],"wp:attachment":[{"href":"https:\/\/lasprimeras.com.do\/index.php\/wp-json\/wp\/v2\/media?parent=76533"}],"wp:term":[{"taxonomy":"category","embeddable":true,"href":"https:\/\/lasprimeras.com.do\/index.php\/wp-json\/wp\/v2\/categories?post=76533"},{"taxonomy":"post_tag","embeddable":true,"href":"https:\/\/lasprimeras.com.do\/index.php\/wp-json\/wp\/v2\/tags?post=76533"}],"curies":[{"name":"wp","href":"https:\/\/api.w.org\/{rel}","templated":true}]}}