{"id":76536,"date":"2024-02-12T08:52:07","date_gmt":"2024-02-12T12:52:07","guid":{"rendered":"https:\/\/lasprimeras.com.do\/?p=76536"},"modified":"2024-02-12T08:52:08","modified_gmt":"2024-02-12T12:52:08","slug":"fuerzas-israelies-rescatan-a-2-rehenes-en-una-dramatica-incursion-en-gaza","status":"publish","type":"post","link":"https:\/\/lasprimeras.com.do\/index.php\/2024\/02\/12\/fuerzas-israelies-rescatan-a-2-rehenes-en-una-dramatica-incursion-en-gaza\/","title":{"rendered":"Fuerzas israel\u00edes rescatan a 2 rehenes en una dram\u00e1tica incursi\u00f3n en Gaza"},"content":{"rendered":"\n<p>POR NAJIB JOBAIN,JOSEF FEDERMAN Y SAMY MAGDY<\/p>\n\n\n\n<p>RAFAH, Franja de Gaza (AP) \u2014 Las fuerzas israel\u00edes rescataron a dos rehenes la madrugada del lunes, irrumpieron en un apartamento fuertemente custodiado en la Franja de Gaza y sacaron a los cautivos bajo fuego en una dram\u00e1tica incursi\u00f3n que fue un \u00e9xito peque\u00f1o pero simb\u00f3licamente significativo para Israel.<\/p>\n\n\n\n<p>Los intensos ataques a\u00e9reos que proporcionaron cobertura a la operaci\u00f3n mataron al menos a 67 palestinos, seg\u00fan funcionarios de salud en el asediado territorio.<\/p>\n\n\n\n<p>La dif\u00edcil situaci\u00f3n de los rehenes ha sacudido profundamente a los israel\u00edes, y el rescate en la densamente poblada Rafah levant\u00f3 brevemente el \u00e1nimo de una naci\u00f3n que todav\u00eda se tambalea por la incursi\u00f3n transfronteriza de Hamas el a\u00f1o pasado que inici\u00f3 la guerra.<\/p>\n\n\n\n<p>Israel ha descrito a Rafah \u2013una ciudad en el extremo sur de la Franja de Gaza donde 1,4 millones de palestinos han huido de los combates en otros lugares\u2013 como el \u00faltimo basti\u00f3n de Ham\u00e1s que queda en el territorio y ha se\u00f1alado que su ofensiva terrestre pronto podr\u00eda apuntar a la ciudad.<\/p>\n\n\n\n<p>En Gaza, la operaci\u00f3n desat\u00f3 otra tragedia en una guerra que ha matado a 28.340 palestinos en el territorio, desplazado a m\u00e1s del 80% de la poblaci\u00f3n y desatado una crisis humanitaria masiva.<\/p>\n\n\n\n<p>M\u00e1s de 12.300 menores palestinos (ni\u00f1os y adolescentes) han muerto en el conflicto, dijo el lunes el Ministerio de Salud en la Gaza gobernada por Ham\u00e1s . Entre los asesinados tambi\u00e9n se encontraban unas 8.400 mujeres. Eso significa que los menores representan alrededor del 43% de los muertos y las mujeres y los menores juntos representan el 73% de los muertos.<\/p>\n\n\n\n<p>El ministerio, que no distingue entre combatientes y civiles, proporcion\u00f3 el desglose a petici\u00f3n de The Associated Press. Israel afirma haber matado a unos 10.000 combatientes de Ham\u00e1s.<\/p>\n\n\n\n<p>En la incursi\u00f3n transfronteriza de Hamas el 7 de octubre, se estima que murieron unas 1.200 personas, en su mayor\u00eda civiles, y los militantes tomaron cautivas a 250 personas, seg\u00fan las autoridades israel\u00edes.<\/p>\n\n\n\n<p>Israel dice que unos 100 rehenes siguen cautivos de Hamas despu\u00e9s de que decenas fueron liberados durante un alto el fuego en noviembre. Ham\u00e1s tambi\u00e9n conserva los restos de aproximadamente otras 30 personas que fueron asesinadas el 7 de octubre o murieron en cautiverio.<\/p>\n\n\n\n<p>El gobierno ha hecho de la liberaci\u00f3n de los m\u00e1s de 100 rehenes restantes un objetivo principal de su guerra, adem\u00e1s de destruir las capacidades militares y de gobierno de Ham\u00e1s.<\/p>\n\n\n\n<p>Pero a medida que se prolongan los combates, ahora en su quinto mes, su libertad sigue siendo dif\u00edcil de alcanzar y han surgido divisiones en Israel sobre la mejor manera de poner fin a su terrible experiencia.<\/p>\n","protected":false},"excerpt":{"rendered":"<p>POR NAJIB JOBAIN,JOSEF FEDERMAN Y SAMY MAGDY RAFAH, Franja de Gaza (AP) \u2014 Las fuerzas israel\u00edes rescataron a dos rehenes la madrugada del lunes, irrumpieron en un apartamento fuertemente custodiado&hellip;<\/p>\n","protected":false},"author":2,"featured_media":76537,"comment_status":"open","ping_status":"open","sticky":false,"template":"","format":"standard","meta":{"content-type":"","jetpack_post_was_ever_published":false,"_jetpack_newsletter_access":"","_jetpack_dont_email_post_to_subs":false,"_jetpack_newsletter_tier_id":0,"_jetpack_memberships_contains_paywalled_content":false,"_jetpack_memberships_contains_paid_content":false,"footnotes":""},"categories":[1],"tags":[11712,9061,8295,11713,8808,6212],"class_list":["post-76536","post","type-post","status-publish","format-standard","has-post-thumbnail","hentry","category-sin-categoria","tag-dramatica","tag-fuerzas-israelies","tag-gaza","tag-incursion","tag-rehenes","tag-rescatan"],"jetpack_featured_media_url":"https:\/\/lasprimeras.com.do\/wp-content\/uploads\/2024\/02\/Rehenes-Gaza.jpg","jetpack-related-posts":[{"id":65214,"url":"https:\/\/lasprimeras.com.do\/index.php\/2023\/10\/26\/israel-realiza-hoy-una-incursion-selectiva-por-tierra-en-gaza\/","url_meta":{"origin":76536,"position":0},"title":"Israel realiza hoy una \u00abincursi\u00f3n selectiva\u00bb por tierra en Gaza","author":"BIMARY DE JES\u00daS Matos","date":"26 de octubre de 2023","format":false,"excerpt":"Israel.-El Ej\u00e9rcito de Israel ha entrado en Gaza por tierra durante la madrugada de este jueves, en lo que ha calificado como una \u00abincursi\u00f3n selectiva\u00bb. En la penetraci\u00f3n han participado tanques y veh\u00edculos de zapadores. Las fuerzas israel\u00edes han abandonado la Franja poco despu\u00e9s, asegura el Ej\u00e9rcito israel\u00ed. La penetraci\u00f3n\u2026","rel":"","context":"En \u00abSin categor\u00eda\u00bb","block_context":{"text":"Sin categor\u00eda","link":"https:\/\/lasprimeras.com.do\/index.php\/category\/sin-categoria\/"},"img":{"alt_text":"","src":"https:\/\/i0.wp.com\/lasprimeras.com.do\/wp-content\/uploads\/2023\/10\/WhatsApp-Image-2023-10-26-at-11.41.06-AM-2.jpeg?resize=350%2C200&ssl=1","width":350,"height":200,"srcset":"https:\/\/i0.wp.com\/lasprimeras.com.do\/wp-content\/uploads\/2023\/10\/WhatsApp-Image-2023-10-26-at-11.41.06-AM-2.jpeg?resize=350%2C200&ssl=1 1x, https:\/\/i0.wp.com\/lasprimeras.com.do\/wp-content\/uploads\/2023\/10\/WhatsApp-Image-2023-10-26-at-11.41.06-AM-2.jpeg?resize=525%2C300&ssl=1 1.5x, https:\/\/i0.wp.com\/lasprimeras.com.do\/wp-content\/uploads\/2023\/10\/WhatsApp-Image-2023-10-26-at-11.41.06-AM-2.jpeg?resize=700%2C400&ssl=1 2x, https:\/\/i0.wp.com\/lasprimeras.com.do\/wp-content\/uploads\/2023\/10\/WhatsApp-Image-2023-10-26-at-11.41.06-AM-2.jpeg?resize=1050%2C600&ssl=1 3x, https:\/\/i0.wp.com\/lasprimeras.com.do\/wp-content\/uploads\/2023\/10\/WhatsApp-Image-2023-10-26-at-11.41.06-AM-2.jpeg?resize=1400%2C800&ssl=1 4x"},"classes":[]},{"id":83874,"url":"https:\/\/lasprimeras.com.do\/index.php\/2024\/05\/26\/medicos-palestinos-dicen-que-los-ataques-aereos-israelies-matan-a-35-personas-en-rafah-y-gaza\/","url_meta":{"origin":76536,"position":1},"title":"M\u00e9dicos palestinos dicen que los ataques a\u00e9reos israel\u00edes matan a 35 personas en Rafah y Gaza","author":"Nelson Feliz","date":"26 de mayo de 2024","format":false,"excerpt":"POR WAFAA SHURAFA,SAMY MAGDY Y TIA GOLDENBERG DEIR AL-BALAH, Franja de Gaza (AP) \u2014 Los trabajadores de salud palestinos dijeron que los ataques a\u00e9reos israel\u00edes mataron al menos a 35 personas el domingo y alcanzaron tiendas de campa\u00f1a para personas desplazadas en la ciudad de Rafah, en el sur de\u2026","rel":"","context":"En \u00abSin categor\u00eda\u00bb","block_context":{"text":"Sin categor\u00eda","link":"https:\/\/lasprimeras.com.do\/index.php\/category\/sin-categoria\/"},"img":{"alt_text":"","src":"https:\/\/i0.wp.com\/lasprimeras.com.do\/wp-content\/uploads\/2024\/05\/Ataques.jpg?resize=350%2C200&ssl=1","width":350,"height":200,"srcset":"https:\/\/i0.wp.com\/lasprimeras.com.do\/wp-content\/uploads\/2024\/05\/Ataques.jpg?resize=350%2C200&ssl=1 1x, https:\/\/i0.wp.com\/lasprimeras.com.do\/wp-content\/uploads\/2024\/05\/Ataques.jpg?resize=525%2C300&ssl=1 1.5x, https:\/\/i0.wp.com\/lasprimeras.com.do\/wp-content\/uploads\/2024\/05\/Ataques.jpg?resize=700%2C400&ssl=1 2x"},"classes":[]},{"id":96419,"url":"https:\/\/lasprimeras.com.do\/index.php\/2025\/03\/31\/el-ejercito-israeli-ordena-la-evacuacion-de-la-mayor-parte-de-rafah-en-el-sur-de-gaza\/","url_meta":{"origin":76536,"position":2},"title":"El Ej\u00e9rcito israel\u00ed ordena la evacuaci\u00f3n de la mayor parte de Rafah, en el sur de Gaza","author":"Nelson Feliz","date":"31 de marzo de 2025","format":false,"excerpt":"POR WAFAA SHURAFA DEIR AL BALAH, Franja de Gaza (AP) \u2014 El Ej\u00e9rcito israel\u00ed emiti\u00f3 el lunes amplias \u00f3rdenes de evacuaci\u00f3n que cubren la mayor parte de Rafah, un indicio de que pronto podr\u00eda lanzar otra importante operaci\u00f3n terrestre en la ciudad m\u00e1s al sur de la Franja de Gaza.\u2026","rel":"","context":"En \u00abINTERNACIONALES\u00bb","block_context":{"text":"INTERNACIONALES","link":"https:\/\/lasprimeras.com.do\/index.php\/category\/sin-categoria\/internacionales\/"},"img":{"alt_text":"","src":"https:\/\/i0.wp.com\/lasprimeras.com.do\/wp-content\/uploads\/2025\/03\/El-Ejercito-israeli.jpg?resize=350%2C200&ssl=1","width":350,"height":200,"srcset":"https:\/\/i0.wp.com\/lasprimeras.com.do\/wp-content\/uploads\/2025\/03\/El-Ejercito-israeli.jpg?resize=350%2C200&ssl=1 1x, https:\/\/i0.wp.com\/lasprimeras.com.do\/wp-content\/uploads\/2025\/03\/El-Ejercito-israeli.jpg?resize=525%2C300&ssl=1 1.5x, https:\/\/i0.wp.com\/lasprimeras.com.do\/wp-content\/uploads\/2025\/03\/El-Ejercito-israeli.jpg?resize=700%2C400&ssl=1 2x"},"classes":[]},{"id":65781,"url":"https:\/\/lasprimeras.com.do\/index.php\/2023\/10\/31\/conflicto-israel-y-hamas-provoca-huida-800000-personas-en-gaza\/","url_meta":{"origin":76536,"position":3},"title":"Conflicto Israel y Ham\u00e1s provoca huida 800,000 personas en Gaza","author":"BIMARY DE JES\u00daS Matos","date":"31 de octubre de 2023","format":false,"excerpt":"PALESTIINA.- Las fuerzas terrestres israel\u00edes atacaron el martes a insurgentes e infraestructura de Ham\u00e1s en el norte de Gaza, de donde, seg\u00fan el ej\u00e9rcito, unas 800,000 personas han huido desde el inicio de la guerra hace m\u00e1s de tres semanas, mientras los aviones de combate segu\u00edan bombardeando el sitiado enclave\u2026","rel":"","context":"En \u00abSin categor\u00eda\u00bb","block_context":{"text":"Sin categor\u00eda","link":"https:\/\/lasprimeras.com.do\/index.php\/category\/sin-categoria\/"},"img":{"alt_text":"","src":"https:\/\/i0.wp.com\/lasprimeras.com.do\/wp-content\/uploads\/2023\/10\/WhatsApp-Image-2023-10-30-at-2.58.48-PM-1.jpeg?resize=350%2C200&ssl=1","width":350,"height":200,"srcset":"https:\/\/i0.wp.com\/lasprimeras.com.do\/wp-content\/uploads\/2023\/10\/WhatsApp-Image-2023-10-30-at-2.58.48-PM-1.jpeg?resize=350%2C200&ssl=1 1x, https:\/\/i0.wp.com\/lasprimeras.com.do\/wp-content\/uploads\/2023\/10\/WhatsApp-Image-2023-10-30-at-2.58.48-PM-1.jpeg?resize=525%2C300&ssl=1 1.5x"},"classes":[]},{"id":64847,"url":"https:\/\/lasprimeras.com.do\/index.php\/2023\/10\/24\/hamas-libera-2-rehenes-israelies-por-razones-humanitarias\/","url_meta":{"origin":76536,"position":4},"title":"Ham\u00e1s libera 2 rehenes israel\u00edes por \u00abrazones humanitarias\u00bb","author":"BIMARY DE JES\u00daS Matos","date":"24 de octubre de 2023","format":false,"excerpt":"JERUSALEN.- Las Brigadas al Qasam, brazo armado del grupo islamista Ham\u00e1s, ha liberado este lunes a dos mujeres rehenes israel\u00edes de 85 y 80 a\u00f1os cautivas durante dos semanas en Gaza tras la mediaci\u00f3n de Egipto y Catar. \u00abLiberamos a dos cautivas, Nurit Yitzhak y Yochved Lifshitz\u00bb, ha dicho en\u2026","rel":"","context":"En \u00abSin categor\u00eda\u00bb","block_context":{"text":"Sin categor\u00eda","link":"https:\/\/lasprimeras.com.do\/index.php\/category\/sin-categoria\/"},"img":{"alt_text":"","src":"","width":0,"height":0},"classes":[]},{"id":64844,"url":"https:\/\/lasprimeras.com.do\/index.php\/2023\/10\/24\/hamas-reporta-que-hay-mas-de-5-000-muertos-por-bombardeos-de-israel-sobre-gaza\/","url_meta":{"origin":76536,"position":5},"title":"Ham\u00e1s reporta que hay m\u00e1s de 5.000 muertos por bombardeos de Israel sobre Gaza","author":"BIMARY DE JES\u00daS Matos","date":"24 de octubre de 2023","format":false,"excerpt":"Israel.-M\u00e1s de 5.000 personas murieron en la asediada Franja de Gaza desde que empezaron los bombardeos israel\u00edes el 7 de octubre, en represalia a la sangrienta ofensiva de Ham\u00e1s contra Israel, seg\u00fan el grupo islamista que gobierna el enclave, golpeado nuevamente este lunes por cientos de ataques a\u00e9reos. El ej\u00e9rcito\u2026","rel":"","context":"En \u00abSin categor\u00eda\u00bb","block_context":{"text":"Sin categor\u00eda","link":"https:\/\/lasprimeras.com.do\/index.php\/category\/sin-categoria\/"},"img":{"alt_text":"","src":"https:\/\/i0.wp.com\/lasprimeras.com.do\/wp-content\/uploads\/2023\/10\/WhatsApp-Image-2023-10-23-at-11.47.46-AM-8.jpeg?resize=350%2C200&ssl=1","width":350,"height":200,"srcset":"https:\/\/i0.wp.com\/lasprimeras.com.do\/wp-content\/uploads\/2023\/10\/WhatsApp-Image-2023-10-23-at-11.47.46-AM-8.jpeg?resize=350%2C200&ssl=1 1x, https:\/\/i0.wp.com\/lasprimeras.com.do\/wp-content\/uploads\/2023\/10\/WhatsApp-Image-2023-10-23-at-11.47.46-AM-8.jpeg?resize=525%2C300&ssl=1 1.5x, https:\/\/i0.wp.com\/lasprimeras.com.do\/wp-content\/uploads\/2023\/10\/WhatsApp-Image-2023-10-23-at-11.47.46-AM-8.jpeg?resize=700%2C400&ssl=1 2x, https:\/\/i0.wp.com\/lasprimeras.com.do\/wp-content\/uploads\/2023\/10\/WhatsApp-Image-2023-10-23-at-11.47.46-AM-8.jpeg?resize=1050%2C600&ssl=1 3x"},"classes":[]}],"jetpack_sharing_enabled":true,"_links":{"self":[{"href":"https:\/\/lasprimeras.com.do\/index.php\/wp-json\/wp\/v2\/posts\/76536","targetHints":{"allow":["GET"]}}],"collection":[{"href":"https:\/\/lasprimeras.com.do\/index.php\/wp-json\/wp\/v2\/posts"}],"about":[{"href":"https:\/\/lasprimeras.com.do\/index.php\/wp-json\/wp\/v2\/types\/post"}],"author":[{"embeddable":true,"href":"https:\/\/lasprimeras.com.do\/index.php\/wp-json\/wp\/v2\/users\/2"}],"replies":[{"embeddable":true,"href":"https:\/\/lasprimeras.com.do\/index.php\/wp-json\/wp\/v2\/comments?post=76536"}],"version-history":[{"count":1,"href":"https:\/\/lasprimeras.com.do\/index.php\/wp-json\/wp\/v2\/posts\/76536\/revisions"}],"predecessor-version":[{"id":76538,"href":"https:\/\/lasprimeras.com.do\/index.php\/wp-json\/wp\/v2\/posts\/76536\/revisions\/76538"}],"wp:featuredmedia":[{"embeddable":true,"href":"https:\/\/lasprimeras.com.do\/index.php\/wp-json\/wp\/v2\/media\/76537"}],"wp:attachment":[{"href":"https:\/\/lasprimeras.com.do\/index.php\/wp-json\/wp\/v2\/media?parent=76536"}],"wp:term":[{"taxonomy":"category","embeddable":true,"href":"https:\/\/lasprimeras.com.do\/index.php\/wp-json\/wp\/v2\/categories?post=76536"},{"taxonomy":"post_tag","embeddable":true,"href":"https:\/\/lasprimeras.com.do\/index.php\/wp-json\/wp\/v2\/tags?post=76536"}],"curies":[{"name":"wp","href":"https:\/\/api.w.org\/{rel}","templated":true}]}}